{"id":9819,"global_id":"www.actecir.cat\/es\/?id=9819","global_id_lineage":["www.actecir.cat\/es\/?id=9819"],"author":"1","status":"publish","date":"2023-06-26 11:51:30","date_utc":"2023-06-26 09:51:30","modified":"2023-06-26 11:52:31","modified_utc":"2023-06-26 09:52:31","url":"https:\/\/www.actecir.cat\/es\/event\/ashrae-sesion-tecnica-impacto-energetico-y-medioambiental-debido-a-la-mejora-de-instalaciones-hvac-en-un-edificio-universitario\/","rest_url":"https:\/\/www.actecir.cat\/es\/wp-json\/tribe\/events\/v1\/events\/9819","title":"Ashrae Sesi\u00f3n T\u00e9cnica: Impacto Energ\u00e9tico y Medioambiental debido a la mejora de Instalaciones HVAC en un Edificio Universitario","description":"<h3>Todas las fechas<\/h3>\n<div class=\"ic-dates-list\">\n<ul class=\"alldates\">\n<li class=\"alldates\">27\/01\/2022<\/li>\n<\/ul>\n<\/div>","excerpt":"","slug":"ashrae-sesion-tecnica-impacto-energetico-y-medioambiental-debido-a-la-mejora-de-instalaciones-hvac-en-un-edificio-universitario","image":{"url":"https:\/\/www.actecir.cat\/wp-content\/uploads\/2023\/05\/Cartel-Jornada-1.jpg","id":5421,"extension":"jpg","width":600,"height":400,"filesize":89199,"sizes":{"medium":{"width":300,"height":200,"mime-type":"image\/jpeg","filesize":21925,"url":"https:\/\/www.actecir.cat\/wp-content\/uploads\/2023\/05\/Cartel-Jornada-1-300x200.jpg"},"thumbnail":{"width":150,"height":150,"mime-type":"image\/jpeg","filesize":10178,"url":"https:\/\/www.actecir.cat\/wp-content\/uploads\/2023\/05\/Cartel-Jornada-1-150x150.jpg"}}},"all_day":false,"start_date":"2022-01-27 17:00:00","start_date_details":{"year":"2022","month":"01","day":"27","hour":"17","minutes":"00","seconds":"00"},"end_date":"2022-01-27 18:30:00","end_date_details":{"year":"2022","month":"01","day":"27","hour":"18","minutes":"30","seconds":"00"},"utc_start_date":"2022-01-27 16:00:00","utc_start_date_details":{"year":"2022","month":"01","day":"27","hour":"16","minutes":"00","seconds":"00"},"utc_end_date":"2022-01-27 17:30:00","utc_end_date_details":{"year":"2022","month":"01","day":"27","hour":"17","minutes":"30","seconds":"00"},"timezone":"Europe\/Madrid","timezone_abbr":"CET","cost":"","cost_details":{"currency_symbol":"","currency_code":"","currency_position":"prefix","values":[]},"website":"https:\/\/spain-ashrae.org\/proyecto-relevante-universidad-valladolid\/","show_map":false,"show_map_link":false,"hide_from_listings":false,"sticky":false,"featured":false,"categories":[{"name":"Jornadas","slug":"jornadas","term_group":0,"term_taxonomy_id":84,"taxonomy":"tribe_events_cat","description":"","parent":0,"count":68,"filter":"raw","tag_order":"0","id":84,"urls":{"self":"https:\/\/www.actecir.cat\/es\/wp-json\/tribe\/events\/v1\/categories\/84","collection":"https:\/\/www.actecir.cat\/es\/wp-json\/tribe\/events\/v1\/categories"}}],"tags":[],"venue":{"id":9191,"author":"1","status":"publish","date":"2023-06-15 17:48:54","date_utc":"2023-06-15 15:48:54","modified":"2023-06-15 17:48:54","modified_utc":"2023-06-15 15:48:54","url":"https:\/\/www.actecir.cat\/recinto\/online\/","venue":"ONLINE","slug":"online","json_ld":{"@type":"Place","name":"ONLINE","description":"","url":"https:\/\/www.actecir.cat\/recinto\/online\/","address":{"@type":"PostalAddress"},"telephone":"","sameAs":""},"show_map":false,"show_map_link":false,"global_id":"www.actecir.cat\/es\/?id=9191","global_id_lineage":["www.actecir.cat\/es\/?id=9191"]},"organizer":[{"id":9373,"author":"1","status":"publish","date":"2023-06-19 13:40:03","date_utc":"2023-06-19 11:40:03","modified":"2023-06-19 13:40:03","modified_utc":"2023-06-19 11:40:03","url":"https:\/\/www.actecir.cat\/organizador\/ashrae\/","organizer":"ASHRAE","slug":"ashrae","json_ld":{"@type":"Person","name":"ASHRAE","description":"","url":"","telephone":"","email":"","sameAs":""},"global_id":"www.actecir.cat\/es\/?id=9373","global_id_lineage":["www.actecir.cat\/es\/?id=9373"]}],"custom_fields":[],"json_ld":{"@context":"http:\/\/schema.org","@type":"Event","name":"Ashrae Sesi\u00f3n T\u00e9cnica: Impacto Energ\u00e9tico y Medioambiental debido a la mejora de Instalaciones HVAC en un Edificio Universitario","description":"&lt;p&gt;Todas las fechas 27\/01\/2022&lt;\/p&gt;\\n","image":"https:\/\/www.actecir.cat\/wp-content\/uploads\/2023\/05\/Cartel-Jornada-1.jpg","url":"https:\/\/www.actecir.cat\/es\/event\/ashrae-sesion-tecnica-impacto-energetico-y-medioambiental-debido-a-la-mejora-de-instalaciones-hvac-en-un-edificio-universitario\/","eventAttendanceMode":"https:\/\/schema.org\/OfflineEventAttendanceMode","eventStatus":"https:\/\/schema.org\/EventScheduled","startDate":"2022-01-27T17:00:00+01:00","endDate":"2022-01-27T18:30:00+01:00","location":{"@type":"Place","name":"ONLINE","description":"","url":"https:\/\/www.actecir.cat\/recinto\/online\/","address":{"@type":"PostalAddress"},"telephone":"","sameAs":""},"organizer":{"@type":"Person","name":"ASHRAE","description":"","url":"","telephone":"","email":"","sameAs":""},"performer":"Organization"},"is_virtual":false,"virtual_url":null,"virtual_video_source":""}