{"id":10472,"date":"2023-09-13T08:50:32","date_gmt":"2023-09-13T06:50:32","guid":{"rendered":"https:\/\/www.actecir.cat\/4o-curs-dinstal-lacions-frigorifiques-amb-amoniac-com-a-refrigerant\/"},"modified":"2023-10-05T12:46:01","modified_gmt":"2023-10-05T10:46:01","slug":"4o-curs-dinstal-lacions-frigorifiques-amb-amoniac-com-a-refrigerant","status":"publish","type":"post","link":"https:\/\/www.actecir.cat\/es\/4o-curs-dinstal-lacions-frigorifiques-amb-amoniac-com-a-refrigerant\/","title":{"rendered":"4\u00ba Curso de Instalaciones Frigor\u00edficas con Amon\u00edaco como refrigerante"},"content":{"rendered":"<p>Fechas: del 7 de octubre al 21 de noviembre<\/p>\n<p><strong>4\u00ba CURSO DE INSTAL. INSTALACIONES FRIGOR\u00cdFICAS CON AMON\u00cdACO COMO REFRIGERANTE.<\/strong><\/p>\n<ul>\n<li>Organizado por: ACTECIR \u00a1 AEFYT<\/li>\n<li>Modalidad: Mixta<\/li>\n<li>Fechas: del 10 de octubre al 21 de noviembre<\/li>\n<li>CURSO BONIFICABLE<\/li>\n<\/ul>\n<p><strong>CALENDARIO:<\/strong><\/p>\n<ul>\n<li><strong>M\u00f3dulo on-line: 12 horas<\/strong><\/li>\n<li><strong>M\u00f3dulo en aula virtual<\/strong>: consta de 24 horas, seg\u00fan el siguiente calendario y en horario de 16:00 a 20:00 horas.\n<ul>\n<li>Martes 10 de octubre de 2023<\/li>\n<li>Martes 17 de octubre de 2023<\/li>\n<li>Martes 24 de octubre de 2023<\/li>\n<li>Martes 31 de octubre de 2023<\/li>\n<li>Martes 07 de noviembre de 2023<\/li>\n<li>Martes 21 de noviembre de 2023<\/li>\n<\/ul>\n<\/li>\n<\/ul>\n<p><strong>DIRIGIDO A:<\/strong><\/p>\n<ul>\n<li>Ingenieros proyectistas de instalaciones frigor\u00edficas.<\/li>\n<li>Jefes de ingenier\u00edas.<\/li>\n<li>Instaladores frigoristas habilitados.<\/li>\n<li>\n<div><\/div>\n<\/li>\n<\/ul>\n<p>Responsables de mantenimiento y Responsables de seguridad de instalaciones frigor\u00edficas de Almacenes frigor\u00edficos polivalentes, f\u00e1bricas de hielo, centrales lecheras e industrias l\u00e1cteas, etc.\u2026<\/p>\n<div><strong>PROFESOR: <\/strong><\/div>\n<p>Ser\u00e1 impartido por reconocidos expertos en la materia, Sr. Ricardo Gim\u00e9nez L\u00f3pez, Ingeniero, con acreditada experiencia t\u00e9cnica y docente, avalada por su labor profesional en los departamentos de ingenier\u00eda de grandes empresas Instaladoras de Fr\u00edo y como Profesor de Fr\u00edo Industrial en la Escuela T\u00e9cnica Profesional del Clot.<br \/>\nIntegrante del Grupo de Trabajo redactor del RSIF y autor de diversas publicaciones relacionadas con la tecnolog\u00eda frigor\u00edfca.<\/p>\n<p>Sr. F\u00e9lix Sanz del Castillo, Ingeniero Industrial. Profesornumerario de tecnolog\u00eda en F.P. Director T\u00e9cnico de Refrigeraci\u00f3n y Aire Acondicionado<\/p>\n<p>DIRECTOR-COORDINADOR: D. Manuel Lam\u00faa Soldevilla, Gerente de AEFYT<\/p>\n<p><strong>PRECIO:<\/strong><\/p>\n<ul>\n<li>Precio por inscripci\u00f3n de personal de Empresa Asociada a ACTECIR-AEFYT: 600\u20ac<br \/>\n(como extensi\u00f3n de cuota por formaci\u00f3n).<\/li>\n<li>Precio por inscripci\u00f3n de personal de Empresa NO Asociada a ACTECIR-AEFYT: 950 \u20ac<\/li>\n<\/ul>\n<p><strong>INFORMACI\u00d3N:<\/strong><\/p>\n<p>Para m\u00e1s informaci\u00f3n llamar o enviar mail : Tel: 639 465 899 \/ 915 635 992<\/p>\n<p><span id=\"cloak931c7693d4096214784486a24385cb38\"><a href=\"mailto:actecir@actecir.cat\">actecir@actecir.cat<\/a><\/span><\/p>\n<p><a href=\"https:\/\/www.actecir.cat\/wp-content\/uploads\/2023\/08\/PROGRAMA-4o-CURSO-AMONIACO-modificadoop.pdf\" target=\"_blank\" rel=\"noopener\"><img fetchpriority=\"high\" decoding=\"async\" class=\"alignleft wp-image-10463\" src=\"https:\/\/www.actecir.cat\/wp-content\/uploads\/2023\/06\/descarga_diptico.png\" alt=\"\" width=\"795\" height=\"275\" srcset=\"https:\/\/www.actecir.cat\/wp-content\/uploads\/2023\/06\/descarga_diptico.png 2406w, https:\/\/www.actecir.cat\/wp-content\/uploads\/2023\/06\/descarga_diptico-300x104.png 300w, https:\/\/www.actecir.cat\/wp-content\/uploads\/2023\/06\/descarga_diptico-1024x354.png 1024w, https:\/\/www.actecir.cat\/wp-content\/uploads\/2023\/06\/descarga_diptico-768x266.png 768w, https:\/\/www.actecir.cat\/wp-content\/uploads\/2023\/06\/descarga_diptico-1536x531.png 1536w, https:\/\/www.actecir.cat\/wp-content\/uploads\/2023\/06\/descarga_diptico-2048x708.png 2048w\" sizes=\"(max-width: 795px) 100vw, 795px\" \/><\/a><\/p>\n<p>&nbsp;<\/p>\n<p>&nbsp;<\/p>\n<p>&nbsp;<\/p>\n<p>&nbsp;<\/p>\n<p>&nbsp;<\/p>\n<p>&nbsp;<\/p>\n<p>&nbsp;<\/p>\n<p>&nbsp;<\/p>\n<p><a href=\"https:\/\/docs.google.com\/forms\/d\/e\/1FAIpQLSd7Lt1laq95Ybr5aVvyCEjIpJeUXND6uwWpb5ilIUpKN0Idzw\/viewform\"><img decoding=\"async\" class=\"alignleft wp-image-172\" src=\"https:\/\/www.actecir.cat\/wp-content\/uploads\/2023\/04\/formulari_inscripcio.jpg\" alt=\"\" width=\"794\" height=\"72\" srcset=\"https:\/\/www.actecir.cat\/wp-content\/uploads\/2023\/04\/formulari_inscripcio.jpg 827w, https:\/\/www.actecir.cat\/wp-content\/uploads\/2023\/04\/formulari_inscripcio-300x27.jpg 300w, https:\/\/www.actecir.cat\/wp-content\/uploads\/2023\/04\/formulari_inscripcio-768x70.jpg 768w\" sizes=\"(max-width: 794px) 100vw, 794px\" \/><\/a><\/p>\n<p>&nbsp;<\/p>\n<p>&nbsp;<\/p>\n<p>&nbsp;<\/p>\n<p><strong>TEMARIO<\/strong><\/p>\n<ul>\n<li><strong>Refrigerantes \u2013 Ciclos Amon\u00edaco<\/strong>\n<ul>\n<li>Simple escal\u00f3n. Doble escal\u00f3n. Economizador<\/li>\n<li>Instalaci\u00f3n en cascada. Planta absorci\u00f3n<\/li>\n<\/ul>\n<\/li>\n<\/ul>\n<p><strong>Componentes:<\/strong><\/p>\n<ul>\n<li>Tipos de compresores, especial atenci\u00f3n: alternativos y tornillos<\/li>\n<li>\n<ul>\n<li>\n<ul>\n<li>Sistema engordado, separador y refrigerador de aceite<\/li>\n<li>Regulaci\u00f3n capacidad Vino variable<\/li>\n<\/ul>\n<\/li>\n<li>Condensadores, Recipientes, Separadores\n<ul>\n<li>Tipos, dise\u00f1o y ahorro energ\u00e9tico.<\/li>\n<\/ul>\n<\/li>\n<li>Evaporadores, tipos, dise\u00f1o, aparatos especiales.<\/li>\n<li>Componentes auxiliares. V\u00e1lvulas, controles, bombas<\/li>\n<\/ul>\n<\/li>\n<li><strong>Circuitos, Tuber\u00edas \u2013 Sistemas<\/strong>\n<ul>\n<li>Redes de tuber\u00edas: dise\u00f1o funcional y mec\u00e1nico<\/li>\n<li>Alimentaci\u00f3n Evaporadores<\/li>\n<li>Sistemas de desaglomamiento<\/li>\n<li>Hoja c\u00e1lculo separadores<\/li>\n<li>Bombas NH3<\/li>\n<li>Circuitos secundarios<\/li>\n<\/ul>\n<\/li>\n<\/ul>\n<ul>\n<li><strong>C\u00e1lculo Instalaci\u00f3n Frigor\u00edfica<\/strong>\n<ul>\n<li>Desarrollo completo proyecto<\/li>\n<li>Informaciones anexas.<\/li>\n<\/ul>\n<\/li>\n<li><strong>Mantenimiento \u2013 Montaje<\/strong>\n<ul>\n<li>Montaje<\/li>\n<li>Mantenimiento, purga aceite, agua e incondensables<\/li>\n<\/ul>\n<\/li>\n<li><strong>Seguridad en Instalaciones Amon\u00edaco<\/strong>\n<ul>\n<li>Seguridad de las personas.<\/li>\n<li>Descripci\u00f3n de los EPIs<\/li>\n<li>V\u00e1lvulas seguridad.<\/li>\n<li>V\u00eddeo sobre actuaci\u00f3n en caso de huidas.<\/li>\n<\/ul>\n<\/li>\n<li><strong>Reglamentaci\u00f3n aplicable<\/strong>\n<ul>\n<li>Reglamento de seguridad I.F. RD 552\/2019<\/li>\n<li>Reglamento aparatos a presi\u00f3n.<\/li>\n<li>Reglamento Atex<\/li>\n<li>Documentaci\u00f3n necesaria.<\/li>\n<\/ul>\n<\/li>\n<\/ul>\n","protected":false},"excerpt":{"rendered":"<p>Fechas: del 7 de octubre al 21 de noviembre<\/p>\n","protected":false},"author":1,"featured_media":12666,"comment_status":"closed","ping_status":"closed","sticky":false,"template":"","format":"standard","meta":{"footnotes":""},"categories":[23],"tags":[],"class_list":["post-10472","post","type-post","status-publish","format-standard","has-post-thumbnail","hentry","category-destacamos"],"yoast_head":"<!-- This site is optimized with the Yoast SEO plugin v27.2 - https:\/\/yoast.com\/product\/yoast-seo-wordpress\/ -->\n<title>4\u00ba Curso de Instalaciones Frigor\u00edficas con Amon\u00edaco como refrigerante - Actecir<\/title>\n<meta name=\"robots\" content=\"index, follow, max-snippet:-1, max-image-preview:large, max-video-preview:-1\" \/>\n<link rel=\"canonical\" href=\"https:\/\/www.actecir.cat\/es\/4o-curs-dinstal-lacions-frigorifiques-amb-amoniac-com-a-refrigerant\/\" \/>\n<meta property=\"og:locale\" content=\"es_ES\" \/>\n<meta property=\"og:type\" content=\"article\" \/>\n<meta property=\"og:title\" content=\"4\u00ba Curso de Instalaciones Frigor\u00edficas con Amon\u00edaco como refrigerante - Actecir\" \/>\n<meta property=\"og:description\" content=\"Fechas: del 7 de octubre al 21 de noviembre\" \/>\n<meta property=\"og:url\" content=\"https:\/\/www.actecir.cat\/es\/4o-curs-dinstal-lacions-frigorifiques-amb-amoniac-com-a-refrigerant\/\" \/>\n<meta property=\"og:site_name\" content=\"Actecir\" \/>\n<meta property=\"article:published_time\" content=\"2023-09-13T06:50:32+00:00\" \/>\n<meta property=\"article:modified_time\" content=\"2023-10-05T10:46:01+00:00\" \/>\n<meta property=\"og:image\" content=\"https:\/\/www.actecir.cat\/wp-content\/uploads\/2023\/06\/curso_amoniaco_2023_2_cast.jpg\" \/>\n\t<meta property=\"og:image:width\" content=\"1203\" \/>\n\t<meta property=\"og:image:height\" content=\"781\" \/>\n\t<meta property=\"og:image:type\" content=\"image\/jpeg\" \/>\n<meta name=\"author\" content=\"Soporte web\" \/>\n<meta name=\"twitter:card\" content=\"summary_large_image\" \/>\n<meta name=\"twitter:creator\" content=\"@actecir\" \/>\n<meta name=\"twitter:site\" content=\"@actecir\" \/>\n<meta name=\"twitter:label1\" content=\"Escrito por\" \/>\n\t<meta name=\"twitter:data1\" content=\"Soporte web\" \/>\n\t<meta name=\"twitter:label2\" content=\"Tiempo de lectura\" \/>\n\t<meta name=\"twitter:data2\" content=\"2 minutos\" \/>\n<script type=\"application\/ld+json\" class=\"yoast-schema-graph\">{\"@context\":\"https:\/\/schema.org\",\"@graph\":[{\"@type\":\"Article\",\"@id\":\"https:\/\/www.actecir.cat\/es\/4o-curs-dinstal-lacions-frigorifiques-amb-amoniac-com-a-refrigerant\/#article\",\"isPartOf\":{\"@id\":\"https:\/\/www.actecir.cat\/es\/4o-curs-dinstal-lacions-frigorifiques-amb-amoniac-com-a-refrigerant\/\"},\"author\":{\"name\":\"Soporte web\",\"@id\":\"https:\/\/www.actecir.cat\/#\/schema\/person\/42edd02f0b1d55e19444428c5d321413\"},\"headline\":\"4\u00ba Curso de Instalaciones Frigor\u00edficas con Amon\u00edaco como refrigerante\",\"datePublished\":\"2023-09-13T06:50:32+00:00\",\"dateModified\":\"2023-10-05T10:46:01+00:00\",\"mainEntityOfPage\":{\"@id\":\"https:\/\/www.actecir.cat\/es\/4o-curs-dinstal-lacions-frigorifiques-amb-amoniac-com-a-refrigerant\/\"},\"wordCount\":456,\"publisher\":{\"@id\":\"https:\/\/www.actecir.cat\/#organization\"},\"image\":{\"@id\":\"https:\/\/www.actecir.cat\/es\/4o-curs-dinstal-lacions-frigorifiques-amb-amoniac-com-a-refrigerant\/#primaryimage\"},\"thumbnailUrl\":\"https:\/\/www.actecir.cat\/wp-content\/uploads\/2023\/06\/curso_amoniaco_2023_2_cast.jpg\",\"articleSection\":[\"Destacamos\"],\"inLanguage\":\"es\"},{\"@type\":\"WebPage\",\"@id\":\"https:\/\/www.actecir.cat\/es\/4o-curs-dinstal-lacions-frigorifiques-amb-amoniac-com-a-refrigerant\/\",\"url\":\"https:\/\/www.actecir.cat\/es\/4o-curs-dinstal-lacions-frigorifiques-amb-amoniac-com-a-refrigerant\/\",\"name\":\"4\u00ba Curso de Instalaciones Frigor\u00edficas con Amon\u00edaco como refrigerante - Actecir\",\"isPartOf\":{\"@id\":\"https:\/\/www.actecir.cat\/#website\"},\"primaryImageOfPage\":{\"@id\":\"https:\/\/www.actecir.cat\/es\/4o-curs-dinstal-lacions-frigorifiques-amb-amoniac-com-a-refrigerant\/#primaryimage\"},\"image\":{\"@id\":\"https:\/\/www.actecir.cat\/es\/4o-curs-dinstal-lacions-frigorifiques-amb-amoniac-com-a-refrigerant\/#primaryimage\"},\"thumbnailUrl\":\"https:\/\/www.actecir.cat\/wp-content\/uploads\/2023\/06\/curso_amoniaco_2023_2_cast.jpg\",\"datePublished\":\"2023-09-13T06:50:32+00:00\",\"dateModified\":\"2023-10-05T10:46:01+00:00\",\"breadcrumb\":{\"@id\":\"https:\/\/www.actecir.cat\/es\/4o-curs-dinstal-lacions-frigorifiques-amb-amoniac-com-a-refrigerant\/#breadcrumb\"},\"inLanguage\":\"es\",\"potentialAction\":[{\"@type\":\"ReadAction\",\"target\":[\"https:\/\/www.actecir.cat\/es\/4o-curs-dinstal-lacions-frigorifiques-amb-amoniac-com-a-refrigerant\/\"]}]},{\"@type\":\"ImageObject\",\"inLanguage\":\"es\",\"@id\":\"https:\/\/www.actecir.cat\/es\/4o-curs-dinstal-lacions-frigorifiques-amb-amoniac-com-a-refrigerant\/#primaryimage\",\"url\":\"https:\/\/www.actecir.cat\/wp-content\/uploads\/2023\/06\/curso_amoniaco_2023_2_cast.jpg\",\"contentUrl\":\"https:\/\/www.actecir.cat\/wp-content\/uploads\/2023\/06\/curso_amoniaco_2023_2_cast.jpg\",\"width\":1203,\"height\":781},{\"@type\":\"BreadcrumbList\",\"@id\":\"https:\/\/www.actecir.cat\/es\/4o-curs-dinstal-lacions-frigorifiques-amb-amoniac-com-a-refrigerant\/#breadcrumb\",\"itemListElement\":[{\"@type\":\"ListItem\",\"position\":1,\"name\":\"Inici\",\"item\":\"https:\/\/www.actecir.cat\/es\/\"},{\"@type\":\"ListItem\",\"position\":2,\"name\":\"4\u00ba Curso de Instalaciones Frigor\u00edficas con Amon\u00edaco como refrigerante\"}]},{\"@type\":\"WebSite\",\"@id\":\"https:\/\/www.actecir.cat\/#website\",\"url\":\"https:\/\/www.actecir.cat\/\",\"name\":\"Actecir\",\"description\":\"Associaci\u00f3 Catalana de T\u00e8cnics en Energia, Climatitzaci\u00f3 i Refrigeraci\u00f3\",\"publisher\":{\"@id\":\"https:\/\/www.actecir.cat\/#organization\"},\"potentialAction\":[{\"@type\":\"SearchAction\",\"target\":{\"@type\":\"EntryPoint\",\"urlTemplate\":\"https:\/\/www.actecir.cat\/?s={search_term_string}\"},\"query-input\":{\"@type\":\"PropertyValueSpecification\",\"valueRequired\":true,\"valueName\":\"search_term_string\"}}],\"inLanguage\":\"es\"},{\"@type\":\"Organization\",\"@id\":\"https:\/\/www.actecir.cat\/#organization\",\"name\":\"Actecir\",\"url\":\"https:\/\/www.actecir.cat\/\",\"logo\":{\"@type\":\"ImageObject\",\"inLanguage\":\"es\",\"@id\":\"https:\/\/www.actecir.cat\/#\/schema\/logo\/image\/\",\"url\":\"https:\/\/www.actecir.cat\/wp-content\/uploads\/2023\/04\/cropped-logo_actecir_60_alto.png\",\"contentUrl\":\"https:\/\/www.actecir.cat\/wp-content\/uploads\/2023\/04\/cropped-logo_actecir_60_alto.png\",\"width\":283,\"height\":80,\"caption\":\"Actecir\"},\"image\":{\"@id\":\"https:\/\/www.actecir.cat\/#\/schema\/logo\/image\/\"},\"sameAs\":[\"https:\/\/x.com\/actecir\",\"https:\/\/www.linkedin.com\/company\/actecir\"]},{\"@type\":\"Person\",\"@id\":\"https:\/\/www.actecir.cat\/#\/schema\/person\/42edd02f0b1d55e19444428c5d321413\",\"name\":\"Soporte web\",\"sameAs\":[\"https:\/\/www.actecir.cat\"],\"url\":\"https:\/\/www.actecir.cat\/es\/author\/maensystems\/\"}]}<\/script>\n<!-- \/ Yoast SEO plugin. -->","yoast_head_json":{"title":"4\u00ba Curso de Instalaciones Frigor\u00edficas con Amon\u00edaco como refrigerante - Actecir","robots":{"index":"index","follow":"follow","max-snippet":"max-snippet:-1","max-image-preview":"max-image-preview:large","max-video-preview":"max-video-preview:-1"},"canonical":"https:\/\/www.actecir.cat\/es\/4o-curs-dinstal-lacions-frigorifiques-amb-amoniac-com-a-refrigerant\/","og_locale":"es_ES","og_type":"article","og_title":"4\u00ba Curso de Instalaciones Frigor\u00edficas con Amon\u00edaco como refrigerante - Actecir","og_description":"Fechas: del 7 de octubre al 21 de noviembre","og_url":"https:\/\/www.actecir.cat\/es\/4o-curs-dinstal-lacions-frigorifiques-amb-amoniac-com-a-refrigerant\/","og_site_name":"Actecir","article_published_time":"2023-09-13T06:50:32+00:00","article_modified_time":"2023-10-05T10:46:01+00:00","og_image":[{"width":1203,"height":781,"url":"https:\/\/www.actecir.cat\/wp-content\/uploads\/2023\/06\/curso_amoniaco_2023_2_cast.jpg","type":"image\/jpeg"}],"author":"Soporte web","twitter_card":"summary_large_image","twitter_creator":"@actecir","twitter_site":"@actecir","twitter_misc":{"Escrito por":"Soporte web","Tiempo de lectura":"2 minutos"},"schema":{"@context":"https:\/\/schema.org","@graph":[{"@type":"Article","@id":"https:\/\/www.actecir.cat\/es\/4o-curs-dinstal-lacions-frigorifiques-amb-amoniac-com-a-refrigerant\/#article","isPartOf":{"@id":"https:\/\/www.actecir.cat\/es\/4o-curs-dinstal-lacions-frigorifiques-amb-amoniac-com-a-refrigerant\/"},"author":{"name":"Soporte web","@id":"https:\/\/www.actecir.cat\/#\/schema\/person\/42edd02f0b1d55e19444428c5d321413"},"headline":"4\u00ba Curso de Instalaciones Frigor\u00edficas con Amon\u00edaco como refrigerante","datePublished":"2023-09-13T06:50:32+00:00","dateModified":"2023-10-05T10:46:01+00:00","mainEntityOfPage":{"@id":"https:\/\/www.actecir.cat\/es\/4o-curs-dinstal-lacions-frigorifiques-amb-amoniac-com-a-refrigerant\/"},"wordCount":456,"publisher":{"@id":"https:\/\/www.actecir.cat\/#organization"},"image":{"@id":"https:\/\/www.actecir.cat\/es\/4o-curs-dinstal-lacions-frigorifiques-amb-amoniac-com-a-refrigerant\/#primaryimage"},"thumbnailUrl":"https:\/\/www.actecir.cat\/wp-content\/uploads\/2023\/06\/curso_amoniaco_2023_2_cast.jpg","articleSection":["Destacamos"],"inLanguage":"es"},{"@type":"WebPage","@id":"https:\/\/www.actecir.cat\/es\/4o-curs-dinstal-lacions-frigorifiques-amb-amoniac-com-a-refrigerant\/","url":"https:\/\/www.actecir.cat\/es\/4o-curs-dinstal-lacions-frigorifiques-amb-amoniac-com-a-refrigerant\/","name":"4\u00ba Curso de Instalaciones Frigor\u00edficas con Amon\u00edaco como refrigerante - Actecir","isPartOf":{"@id":"https:\/\/www.actecir.cat\/#website"},"primaryImageOfPage":{"@id":"https:\/\/www.actecir.cat\/es\/4o-curs-dinstal-lacions-frigorifiques-amb-amoniac-com-a-refrigerant\/#primaryimage"},"image":{"@id":"https:\/\/www.actecir.cat\/es\/4o-curs-dinstal-lacions-frigorifiques-amb-amoniac-com-a-refrigerant\/#primaryimage"},"thumbnailUrl":"https:\/\/www.actecir.cat\/wp-content\/uploads\/2023\/06\/curso_amoniaco_2023_2_cast.jpg","datePublished":"2023-09-13T06:50:32+00:00","dateModified":"2023-10-05T10:46:01+00:00","breadcrumb":{"@id":"https:\/\/www.actecir.cat\/es\/4o-curs-dinstal-lacions-frigorifiques-amb-amoniac-com-a-refrigerant\/#breadcrumb"},"inLanguage":"es","potentialAction":[{"@type":"ReadAction","target":["https:\/\/www.actecir.cat\/es\/4o-curs-dinstal-lacions-frigorifiques-amb-amoniac-com-a-refrigerant\/"]}]},{"@type":"ImageObject","inLanguage":"es","@id":"https:\/\/www.actecir.cat\/es\/4o-curs-dinstal-lacions-frigorifiques-amb-amoniac-com-a-refrigerant\/#primaryimage","url":"https:\/\/www.actecir.cat\/wp-content\/uploads\/2023\/06\/curso_amoniaco_2023_2_cast.jpg","contentUrl":"https:\/\/www.actecir.cat\/wp-content\/uploads\/2023\/06\/curso_amoniaco_2023_2_cast.jpg","width":1203,"height":781},{"@type":"BreadcrumbList","@id":"https:\/\/www.actecir.cat\/es\/4o-curs-dinstal-lacions-frigorifiques-amb-amoniac-com-a-refrigerant\/#breadcrumb","itemListElement":[{"@type":"ListItem","position":1,"name":"Inici","item":"https:\/\/www.actecir.cat\/es\/"},{"@type":"ListItem","position":2,"name":"4\u00ba Curso de Instalaciones Frigor\u00edficas con Amon\u00edaco como refrigerante"}]},{"@type":"WebSite","@id":"https:\/\/www.actecir.cat\/#website","url":"https:\/\/www.actecir.cat\/","name":"Actecir","description":"Associaci\u00f3 Catalana de T\u00e8cnics en Energia, Climatitzaci\u00f3 i Refrigeraci\u00f3","publisher":{"@id":"https:\/\/www.actecir.cat\/#organization"},"potentialAction":[{"@type":"SearchAction","target":{"@type":"EntryPoint","urlTemplate":"https:\/\/www.actecir.cat\/?s={search_term_string}"},"query-input":{"@type":"PropertyValueSpecification","valueRequired":true,"valueName":"search_term_string"}}],"inLanguage":"es"},{"@type":"Organization","@id":"https:\/\/www.actecir.cat\/#organization","name":"Actecir","url":"https:\/\/www.actecir.cat\/","logo":{"@type":"ImageObject","inLanguage":"es","@id":"https:\/\/www.actecir.cat\/#\/schema\/logo\/image\/","url":"https:\/\/www.actecir.cat\/wp-content\/uploads\/2023\/04\/cropped-logo_actecir_60_alto.png","contentUrl":"https:\/\/www.actecir.cat\/wp-content\/uploads\/2023\/04\/cropped-logo_actecir_60_alto.png","width":283,"height":80,"caption":"Actecir"},"image":{"@id":"https:\/\/www.actecir.cat\/#\/schema\/logo\/image\/"},"sameAs":["https:\/\/x.com\/actecir","https:\/\/www.linkedin.com\/company\/actecir"]},{"@type":"Person","@id":"https:\/\/www.actecir.cat\/#\/schema\/person\/42edd02f0b1d55e19444428c5d321413","name":"Soporte web","sameAs":["https:\/\/www.actecir.cat"],"url":"https:\/\/www.actecir.cat\/es\/author\/maensystems\/"}]}},"_links":{"self":[{"href":"https:\/\/www.actecir.cat\/es\/wp-json\/wp\/v2\/posts\/10472","targetHints":{"allow":["GET"]}}],"collection":[{"href":"https:\/\/www.actecir.cat\/es\/wp-json\/wp\/v2\/posts"}],"about":[{"href":"https:\/\/www.actecir.cat\/es\/wp-json\/wp\/v2\/types\/post"}],"author":[{"embeddable":true,"href":"https:\/\/www.actecir.cat\/es\/wp-json\/wp\/v2\/users\/1"}],"replies":[{"embeddable":true,"href":"https:\/\/www.actecir.cat\/es\/wp-json\/wp\/v2\/comments?post=10472"}],"version-history":[{"count":11,"href":"https:\/\/www.actecir.cat\/es\/wp-json\/wp\/v2\/posts\/10472\/revisions"}],"predecessor-version":[{"id":12668,"href":"https:\/\/www.actecir.cat\/es\/wp-json\/wp\/v2\/posts\/10472\/revisions\/12668"}],"wp:featuredmedia":[{"embeddable":true,"href":"https:\/\/www.actecir.cat\/es\/wp-json\/wp\/v2\/media\/12666"}],"wp:attachment":[{"href":"https:\/\/www.actecir.cat\/es\/wp-json\/wp\/v2\/media?parent=10472"}],"wp:term":[{"taxonomy":"category","embeddable":true,"href":"https:\/\/www.actecir.cat\/es\/wp-json\/wp\/v2\/categories?post=10472"},{"taxonomy":"post_tag","embeddable":true,"href":"https:\/\/www.actecir.cat\/es\/wp-json\/wp\/v2\/tags?post=10472"}],"curies":[{"name":"wp","href":"https:\/\/api.w.org\/{rel}","templated":true}]}}