{"id":11944,"date":"2023-09-14T13:07:48","date_gmt":"2023-09-14T11:07:48","guid":{"rendered":"https:\/\/www.actecir.cat\/?p=11944"},"modified":"2023-10-05T12:47:19","modified_gmt":"2023-10-05T10:47:19","slug":"3er-curs-de-disseny-i-calcul-dinstal%c2%b7lacions-de-climatitzacio-i-ventilacio-duplicado-3132","status":"publish","type":"post","link":"https:\/\/www.actecir.cat\/es\/3er-curs-de-disseny-i-calcul-dinstal%c2%b7lacions-de-climatitzacio-i-ventilacio-duplicado-3132\/","title":{"rendered":"3er Curso de Dise\u00f1o y C\u00e1lculo de Instalaciones de Climatizaci\u00f3n y Ventilaci\u00f3n"},"content":{"rendered":"\r\n<p>Del 4 de octubre al 20 de diciembre<\/p>\r\n\r\n\r\n\r\n<p><strong>3er Curso ACTECIR de Dise\u00f1o y C\u00e1lculo de Instalaciones de Climatizaci\u00f3n y Ventilaci\u00f3n <\/strong><\/p>\r\n\r\n\r\n\r\n<p><strong>CALENDARIO: <\/strong><\/p>\r\n\r\n\r\n\r\n<ul class=\"wp-block-list\">\r\n<li><strong>Curso de 60 horas<\/strong> repartidas en dos metodolog\u00edas diferenciadas:\r\n<ul class=\"wp-block-list\">\r\n<li><strong>M\u00f3dulo online<\/strong> : 16 horas<br \/><br \/><\/li>\r\n\r\n\r\n\r\n<li><strong>M\u00f3dulo presencial o de forma s\u00edncrona en aula virtual: <\/strong><\/li>\r\n<li>4 horas (Sede de ACTECIR)<\/li>\r\n<li>4 de octubre de 2023 de 16h a 20h<br \/><br \/><\/li>\r\n\r\n\r\n\r\n<li><strong>M\u00f3dulo en aula virtual:<\/strong> Consta de 40h seg\u00fan el siguiente calendario y en horario de 16h a 20h:<br \/><br \/><\/li>\r\n\r\n\r\n\r\n<li>Mi\u00e9rcoles 11 de octubre<\/li>\r\n<li>Viernes 20 de octubre<\/li>\r\n<li>Mi\u00e9rcoles 25 de octubre<\/li>\r\n<li>Viernes 3 de noviembre<\/li>\r\n<li>Mi\u00e9rcoles 8 de noviembre<\/li>\r\n<li>Viernes 10 de noviembre<\/li>\r\n<li>Mi\u00e9rcoles 22 de noviembre<\/li>\r\n<li>Mi\u00e9rcoles 29 de noviembre<\/li>\r\n<li>Mi\u00e9rcoles 13 de diciembre<\/li>\r\n<li>Mi\u00e9rcoles 20 de diciembre<br \/>\r\n<p><span style=\"font-size: 10pt;\"><i>* Fecha l\u00edmite entrega prueba evaluaci\u00f3n: 19 de diciembre de 2023.<\/i><\/span><\/p>\r\n<\/li>\r\n<\/ul>\r\n<\/li>\r\n<\/ul>\r\n\r\n\r\n\r\n<p><strong>PONENTES:<\/strong><\/p>\r\n\r\n\r\n\r\n<ul class=\"wp-block-list\">\r\n<li>Sergi Asensio (Hitachi)<\/li>\r\n\r\n\r\n\r\n\r\n\r\n<li>Jes\u00fas Feliu (Daikin)<\/li>\r\n\r\n\r\n\r\n<li>Manel Mayoral (Stulz)<\/li>\r\n\r\n\r\n\r\n<li>Oscar Rib\u00e9 (UPC)<\/li>\r\n\r\n\r\n\r\n<li>Juan Carlos Romero (S&amp;P)<\/li>\r\n\r\n\r\n\r\n<li>Alicia Lopez (Salvador Escoda)<\/li>\r\n\r\n\r\n\r\n<li>Ricard Guitart (CYPE)<\/li>\r\n\r\n\r\n\r\n<li>Gaspar Mart\u00edn (Groupe Atlantic)<br \/><br \/><\/li>\r\n<\/ul>\r\n\r\n\r\n\r\n<p><strong>DIRECTOR \/ COORDINADOR:<\/strong><\/p>\r\n\r\n\r\n\r\n<ul class=\"wp-block-list\">\r\n<li>Gaspar Mart\u00edn (Responsable del \u00c1rea de formaci\u00f3n ACTECIR)<\/li>\r\n\r\n\r\n\r\n<li>Sergi Asensio (\u00c1rea de Climatizaci\u00f3n ACTECIR)<br \/><br \/><\/li>\r\n<\/ul>\r\n<p><strong>MATRICULA:<\/strong><\/p>\r\n<p>\r\n\r\n<\/p>\r\n<ul class=\"wp-block-list\">\r\n<li>Precio socio de ACTECIR: <span style=\"color: #3366ff;\">700\u20ac<\/span><\/li>\r\n\r\n\r\n\r\n<li>Precio NO socio: <span style=\"color: #3366ff;\">950 \u20ac<\/span><\/li>\r\n\r\n\r\n\r\n<li>Precio trabajadores empresas colaboradoras \/ Precio entidades con convenio colaborador: <span style=\"color: #3366ff;\">20% de dto. sobre el precio no socio.<\/span><\/li>\r\n\r\n\r\n<\/ul>\r\n<p>\r\n\r\n<\/p>\r\n<p><strong>INFORMACI\u00d3N:<\/strong><\/p>\r\n<p>Para m\u00e1s informaci\u00f3n puede dirigirse a la Secretar\u00eda de ACTECIR:<br \/>Tel\u00e9fono: 639 465 899 Mail: <a href=\"mailto:actecir@actecir.cat\">actecir@actecir.cat<\/a><\/p>\r\n<p>\r\n\r\n<\/p>\r\n<p>\r\n\r\n<\/p>\r\n<p style=\"text-align: left;\"><span style=\"color: #0000ff;\"><strong>\u00a0 \u00a0 \u00a0 \u00a0 \u00a0 \u00a0 \u00a0 \u00a0 \u00a0 \u00a0 \u00a0 \u00a0 \u00a0 DIPTICO INFORMACI\u00d3N\u00a0 \u00a0 \u00a0 \u00a0 \u00a0 \u00a0 \u00a0 \u00a0 \u00a0 \u00a0 \u00a0 \u00a0 \u00a0 \u00a0 \u00a0 \u00a0 \u00a0 \u00a0 \u00a0INSCRIPCI\u00d3N<\/strong><\/span><\/p>\r\n<p style=\"padding-left: 200px; text-align: left;\"><span style=\"font-size: 24pt; color: #0000ff;\"><strong>\u2193\u00a0 \u00a0 \u00a0 \u00a0 \u00a0 \u00a0 \u00a0 \u00a0 \u00a0 \u00a0 \u00a0 \u00a0 \u00a0 \u00a0 \u00a0 \u00a0 \u00a0 \u00a0 \u00a0 \u00a0 \u00a0 \u2193<\/strong><\/span><\/p>\r\n<p><a href=\"https:\/\/www.actecir.cat\/wp-content\/uploads\/2023\/07\/Climatitzacio_2023_44h_castella.pdf\"><img fetchpriority=\"high\" decoding=\"async\" class=\"alignleft wp-image-12052\" src=\"https:\/\/www.actecir.cat\/wp-content\/uploads\/2023\/07\/CURSO_clima_2023_WEB-2-300x200.jpg\" alt=\"\" width=\"435\" height=\"290\" srcset=\"https:\/\/www.actecir.cat\/wp-content\/uploads\/2023\/07\/CURSO_clima_2023_WEB-2-300x200.jpg 300w, https:\/\/www.actecir.cat\/wp-content\/uploads\/2023\/07\/CURSO_clima_2023_WEB-2.jpg 600w\" sizes=\"(max-width: 435px) 100vw, 435px\" \/><\/a><a href=\"https:\/\/forms.office.com\/e\/1ZQpim6Urg\" target=\"_blank\" rel=\"noopener\"><img decoding=\"async\" class=\"alignleft wp-image-11953\" src=\"https:\/\/www.actecir.cat\/wp-content\/uploads\/2023\/07\/Codigo-QR-para-CURS-CLIMA-ACTECIR-2023-1-300x300.png\" alt=\"\" width=\"291\" height=\"291\" srcset=\"https:\/\/www.actecir.cat\/wp-content\/uploads\/2023\/07\/Codigo-QR-para-CURS-CLIMA-ACTECIR-2023-1-300x300.png 300w, https:\/\/www.actecir.cat\/wp-content\/uploads\/2023\/07\/Codigo-QR-para-CURS-CLIMA-ACTECIR-2023-1-1024x1024.png 1024w, https:\/\/www.actecir.cat\/wp-content\/uploads\/2023\/07\/Codigo-QR-para-CURS-CLIMA-ACTECIR-2023-1-150x150.png 150w, https:\/\/www.actecir.cat\/wp-content\/uploads\/2023\/07\/Codigo-QR-para-CURS-CLIMA-ACTECIR-2023-1-768x768.png 768w, https:\/\/www.actecir.cat\/wp-content\/uploads\/2023\/07\/Codigo-QR-para-CURS-CLIMA-ACTECIR-2023-1-1536x1536.png 1536w, https:\/\/www.actecir.cat\/wp-content\/uploads\/2023\/07\/Codigo-QR-para-CURS-CLIMA-ACTECIR-2023-1.png 1890w\" sizes=\"(max-width: 291px) 100vw, 291px\" \/><\/a><\/p>\r\n<p style=\"text-align: center;\">\u00a0<\/p>\r\n<p>&nbsp;<\/p>\r\n<p>\r\n\r\n\r\n\r\n\r\n\r\n<\/p>\r\n<p>&nbsp;<\/p>\r\n<p><strong>TEMARIO:<\/strong><\/p>\r\n<p>\r\n\r\n<\/p>\r\n<p><strong>1.<\/strong> &#8211; <strong>Conocimientos b\u00e1sicos.<\/strong><\/p>\r\n<p>\r\n\r\n<\/p>\r\n<ul class=\"wp-block-list\">\r\n<li>Tabla psicom\u00e9trica.<\/li>\r\n\r\n\r\n\r\n<li>Ciclo frigor\u00edfico.<\/li>\r\n\r\n\r\n\r\n<li>Tipolog\u00eda de refrigerantes, clasificaci\u00f3n, \u00edndice GWP, refrigerantes del futuro.<\/li>\r\n<\/ul>\r\n<p>\r\n\r\n<\/p>\r\n<p><strong>2.-Confort y cargas t\u00e9rmicas con CYPE.<\/strong><\/p>\r\n<p>\r\n\r\n<\/p>\r\n<ul class=\"wp-block-list\">\r\n<li>C\u00e1lculo y estimaci\u00f3n de cargas t\u00e9rmicas con el software CYPE.<\/li>\r\n\r\n\r\n\r\n<li>Simulaci\u00f3n y casos pr\u00e1cticos.<\/li>\r\n<\/ul>\r\n<p>\r\n\r\n<\/p>\r\n<p><strong>3.-Reglamentaci\u00f3n y proyecto de ingenier\u00eda<\/strong><\/p>\r\n<p>\r\n\r\n<\/p>\r\n<ul class=\"wp-block-list\">\r\n<li>C\u00f3digo T\u00e9cnico de la Edificaci\u00f3n. RD 732\/2019 de 20 de diciembre.<\/li>\r\n\r\n\r\n\r\n<li>Reglamento de Instalaciones T\u00e9rmicas en Edificios. RD 178\/2021 de 23 de marzo.<\/li>\r\n\r\n\r\n\r\n<li>Estructura y contenidos de un proyecto de instalaciones para visar en el colegio profesional.<\/li>\r\n<\/ul>\r\n<p>\r\n\r\n<\/p>\r\n<p><strong>4.-Redes de transmisi\u00f3n de calor<\/strong><\/p>\r\n<p>\r\n\r\n<\/p>\r\n<ul class=\"wp-block-list\">\r\n<li>Redes de distribuci\u00f3n de aire por conductos y elementos terminales.<\/li>\r\n\r\n\r\n\r\n<li>Redes de agua y elementos auxiliares.<\/li>\r\n\r\n\r\n\r\n<li>L\u00edneas de refrigerante.<\/li>\r\n<\/ul>\r\n<p>\r\n\r\n<\/p>\r\n<p><strong>5.-Sistemas de climatizaci\u00f3n<\/strong><\/p>\r\n<p>\r\n\r\n<\/p>\r\n<ul class=\"wp-block-list\">\r\n<li>Conceptos b\u00e1sicos y clasificaci\u00f3n.<\/li>\r\n\r\n\r\n\r\n<li>Sistemas condensados \u200b\u200bpor agua.<\/li>\r\n\r\n\r\n\r\n<li>Sistemas condensados \u200b\u200bpor aire.\r\n<ol class=\"wp-block-list\">\r\n<li>Equipos 1&#215;1 y Multi<\/li>\r\n\r\n\r\n\r\n<li>Sistemas de aerotermia<\/li>\r\n\r\n\r\n\r\n<li>VRF condensado por aire + Software de selecci\u00f3n<\/li>\r\n\r\n\r\n\r\n<li>Chillers + Software de selecci\u00f3n<\/li>\r\n\r\n\r\n\r\n<li>Unidades terminales<\/li>\r\n\r\n\r\n\r\n<li>Climatizaci\u00f3n de precisi\u00f3n<\/li>\r\n<\/ol>\r\n<\/li>\r\n<\/ul>\r\n<p>\r\n\r\n<\/p>\r\n<p><strong>6.-Sistemas de ventilaci\u00f3n<\/strong><\/p>\r\n<p>\r\n\r\n<\/p>\r\n<ul class=\"wp-block-list\">\r\n<li>Conceptos b\u00e1sicos y clasificaci\u00f3n.<\/li>\r\n\r\n\r\n\r\n<li>Tipolog\u00eda y caracter\u00edsticas de filtraci\u00f3n. ISO-16890.<\/li>\r\n\r\n\r\n\r\n<li>Sistemas de ventilaci\u00f3n mec\u00e1nica controlada por residencial.<\/li>\r\n\r\n\r\n\r\n<li>Sistemas de ventilaci\u00f3n mec\u00e1nica controlada por establecimientos terciarios.<\/li>\r\n\r\n\r\n\r\n<li>Recuperadores de calor y unidades de ventilaci\u00f3n<\/li>\r\n\r\n\r\n\r\n<li>Regulaci\u00f3n y control por la ventilaci\u00f3n.<\/li>\r\n\r\n\r\n\r\n<li>Calidad del aire interior.<\/li>\r\n<\/ul>\r\n<p>\r\n\r\n<\/p>\r\n<p><strong>7.-Eficiencia energ\u00e9tica<\/strong><\/p>\r\n<p>\r\n\r\n<\/p>\r\n<ul class=\"wp-block-list\">\r\n<li>Mecanismos de ahorro energ\u00e9tico en climatizaci\u00f3n.<\/li>\r\n\r\n\r\n\r\n<li>Tecnolog\u00edas de optimizaci\u00f3n de equipos.<\/li>\r\n\r\n\r\n\r\n<li>Certificados de eficiencia energ\u00e9tica LEED, Breeam, Passivhaus, etc.<\/li>\r\n<\/ul>\r\n<p>\r\n\r\n<\/p>\r\n<p><strong>8.-Proyecto final de curso<\/strong><\/p>\r\n<p>\r\n\r\n<\/p>\r\n<figure class=\"wp-block-image size-full is-resized\"><\/figure>\r\n<p><\/p>","protected":false},"excerpt":{"rendered":"<p>Del 7 de octubre al 16 de diciembre<\/p>\n","protected":false},"author":299,"featured_media":12974,"comment_status":"open","ping_status":"open","sticky":false,"template":"","format":"standard","meta":{"footnotes":""},"categories":[23],"tags":[],"class_list":["post-11944","post","type-post","status-publish","format-standard","has-post-thumbnail","hentry","category-destacamos"],"yoast_head":"<!-- This site is optimized with the Yoast SEO plugin v27.2 - https:\/\/yoast.com\/product\/yoast-seo-wordpress\/ -->\n<title>3er Curso de Dise\u00f1o y C\u00e1lculo de Instalaciones de Climatizaci\u00f3n y Ventilaci\u00f3n - Actecir<\/title>\n<meta name=\"robots\" content=\"index, follow, max-snippet:-1, max-image-preview:large, max-video-preview:-1\" \/>\n<link rel=\"canonical\" href=\"https:\/\/www.actecir.cat\/es\/3er-curs-de-disseny-i-calcul-dinstal\u00b7lacions-de-climatitzacio-i-ventilacio-duplicado-3132\/\" \/>\n<meta property=\"og:locale\" content=\"es_ES\" \/>\n<meta property=\"og:type\" content=\"article\" \/>\n<meta property=\"og:title\" content=\"3er Curso de Dise\u00f1o y C\u00e1lculo de Instalaciones de Climatizaci\u00f3n y Ventilaci\u00f3n - Actecir\" \/>\n<meta property=\"og:description\" content=\"Del 7 de octubre al 16 de diciembre\" \/>\n<meta property=\"og:url\" content=\"https:\/\/www.actecir.cat\/es\/3er-curs-de-disseny-i-calcul-dinstal\u00b7lacions-de-climatitzacio-i-ventilacio-duplicado-3132\/\" \/>\n<meta property=\"og:site_name\" content=\"Actecir\" \/>\n<meta property=\"article:published_time\" content=\"2023-09-14T11:07:48+00:00\" \/>\n<meta property=\"article:modified_time\" content=\"2023-10-05T10:47:19+00:00\" \/>\n<meta property=\"og:image\" content=\"https:\/\/www.actecir.cat\/wp-content\/uploads\/2023\/09\/curs_clima_2023_presencial_cast-03.jpg\" \/>\n\t<meta property=\"og:image:width\" content=\"2501\" \/>\n\t<meta property=\"og:image:height\" content=\"1667\" \/>\n\t<meta property=\"og:image:type\" content=\"image\/jpeg\" \/>\n<meta name=\"author\" content=\"Maen Systems\" \/>\n<meta name=\"twitter:card\" content=\"summary_large_image\" \/>\n<meta name=\"twitter:creator\" content=\"@actecir\" \/>\n<meta name=\"twitter:site\" content=\"@actecir\" \/>\n<meta name=\"twitter:label1\" content=\"Escrito por\" \/>\n\t<meta name=\"twitter:data1\" content=\"Maen Systems\" \/>\n\t<meta name=\"twitter:label2\" content=\"Tiempo de lectura\" \/>\n\t<meta name=\"twitter:data2\" content=\"2 minutos\" \/>\n<script type=\"application\/ld+json\" class=\"yoast-schema-graph\">{\"@context\":\"https:\/\/schema.org\",\"@graph\":[{\"@type\":\"Article\",\"@id\":\"https:\/\/www.actecir.cat\/es\/3er-curs-de-disseny-i-calcul-dinstal%c2%b7lacions-de-climatitzacio-i-ventilacio-duplicado-3132\/#article\",\"isPartOf\":{\"@id\":\"https:\/\/www.actecir.cat\/es\/3er-curs-de-disseny-i-calcul-dinstal%c2%b7lacions-de-climatitzacio-i-ventilacio-duplicado-3132\/\"},\"author\":{\"name\":\"Maen Systems\",\"@id\":\"https:\/\/www.actecir.cat\/#\/schema\/person\/9a0dbad79e7bde2f4a6be55628a9b04b\"},\"headline\":\"3er Curso de Dise\u00f1o y C\u00e1lculo de Instalaciones de Climatizaci\u00f3n y Ventilaci\u00f3n\",\"datePublished\":\"2023-09-14T11:07:48+00:00\",\"dateModified\":\"2023-10-05T10:47:19+00:00\",\"mainEntityOfPage\":{\"@id\":\"https:\/\/www.actecir.cat\/es\/3er-curs-de-disseny-i-calcul-dinstal%c2%b7lacions-de-climatitzacio-i-ventilacio-duplicado-3132\/\"},\"wordCount\":503,\"commentCount\":0,\"publisher\":{\"@id\":\"https:\/\/www.actecir.cat\/#organization\"},\"image\":{\"@id\":\"https:\/\/www.actecir.cat\/es\/3er-curs-de-disseny-i-calcul-dinstal%c2%b7lacions-de-climatitzacio-i-ventilacio-duplicado-3132\/#primaryimage\"},\"thumbnailUrl\":\"https:\/\/www.actecir.cat\/wp-content\/uploads\/2023\/09\/curs_clima_2023_presencial_cast-03.jpg\",\"articleSection\":[\"Destacamos\"],\"inLanguage\":\"es\",\"potentialAction\":[{\"@type\":\"CommentAction\",\"name\":\"Comment\",\"target\":[\"https:\/\/www.actecir.cat\/es\/3er-curs-de-disseny-i-calcul-dinstal%c2%b7lacions-de-climatitzacio-i-ventilacio-duplicado-3132\/#respond\"]}]},{\"@type\":\"WebPage\",\"@id\":\"https:\/\/www.actecir.cat\/es\/3er-curs-de-disseny-i-calcul-dinstal%c2%b7lacions-de-climatitzacio-i-ventilacio-duplicado-3132\/\",\"url\":\"https:\/\/www.actecir.cat\/es\/3er-curs-de-disseny-i-calcul-dinstal%c2%b7lacions-de-climatitzacio-i-ventilacio-duplicado-3132\/\",\"name\":\"3er Curso de Dise\u00f1o y C\u00e1lculo de Instalaciones de Climatizaci\u00f3n y Ventilaci\u00f3n - Actecir\",\"isPartOf\":{\"@id\":\"https:\/\/www.actecir.cat\/#website\"},\"primaryImageOfPage\":{\"@id\":\"https:\/\/www.actecir.cat\/es\/3er-curs-de-disseny-i-calcul-dinstal%c2%b7lacions-de-climatitzacio-i-ventilacio-duplicado-3132\/#primaryimage\"},\"image\":{\"@id\":\"https:\/\/www.actecir.cat\/es\/3er-curs-de-disseny-i-calcul-dinstal%c2%b7lacions-de-climatitzacio-i-ventilacio-duplicado-3132\/#primaryimage\"},\"thumbnailUrl\":\"https:\/\/www.actecir.cat\/wp-content\/uploads\/2023\/09\/curs_clima_2023_presencial_cast-03.jpg\",\"datePublished\":\"2023-09-14T11:07:48+00:00\",\"dateModified\":\"2023-10-05T10:47:19+00:00\",\"breadcrumb\":{\"@id\":\"https:\/\/www.actecir.cat\/es\/3er-curs-de-disseny-i-calcul-dinstal%c2%b7lacions-de-climatitzacio-i-ventilacio-duplicado-3132\/#breadcrumb\"},\"inLanguage\":\"es\",\"potentialAction\":[{\"@type\":\"ReadAction\",\"target\":[\"https:\/\/www.actecir.cat\/es\/3er-curs-de-disseny-i-calcul-dinstal%c2%b7lacions-de-climatitzacio-i-ventilacio-duplicado-3132\/\"]}]},{\"@type\":\"ImageObject\",\"inLanguage\":\"es\",\"@id\":\"https:\/\/www.actecir.cat\/es\/3er-curs-de-disseny-i-calcul-dinstal%c2%b7lacions-de-climatitzacio-i-ventilacio-duplicado-3132\/#primaryimage\",\"url\":\"https:\/\/www.actecir.cat\/wp-content\/uploads\/2023\/09\/curs_clima_2023_presencial_cast-03.jpg\",\"contentUrl\":\"https:\/\/www.actecir.cat\/wp-content\/uploads\/2023\/09\/curs_clima_2023_presencial_cast-03.jpg\",\"width\":2501,\"height\":1667},{\"@type\":\"BreadcrumbList\",\"@id\":\"https:\/\/www.actecir.cat\/es\/3er-curs-de-disseny-i-calcul-dinstal%c2%b7lacions-de-climatitzacio-i-ventilacio-duplicado-3132\/#breadcrumb\",\"itemListElement\":[{\"@type\":\"ListItem\",\"position\":1,\"name\":\"Inici\",\"item\":\"https:\/\/www.actecir.cat\/es\/\"},{\"@type\":\"ListItem\",\"position\":2,\"name\":\"3er Curso de Dise\u00f1o y C\u00e1lculo de Instalaciones de Climatizaci\u00f3n y Ventilaci\u00f3n\"}]},{\"@type\":\"WebSite\",\"@id\":\"https:\/\/www.actecir.cat\/#website\",\"url\":\"https:\/\/www.actecir.cat\/\",\"name\":\"Actecir\",\"description\":\"Associaci\u00f3 Catalana de T\u00e8cnics en Energia, Climatitzaci\u00f3 i Refrigeraci\u00f3\",\"publisher\":{\"@id\":\"https:\/\/www.actecir.cat\/#organization\"},\"potentialAction\":[{\"@type\":\"SearchAction\",\"target\":{\"@type\":\"EntryPoint\",\"urlTemplate\":\"https:\/\/www.actecir.cat\/?s={search_term_string}\"},\"query-input\":{\"@type\":\"PropertyValueSpecification\",\"valueRequired\":true,\"valueName\":\"search_term_string\"}}],\"inLanguage\":\"es\"},{\"@type\":\"Organization\",\"@id\":\"https:\/\/www.actecir.cat\/#organization\",\"name\":\"Actecir\",\"url\":\"https:\/\/www.actecir.cat\/\",\"logo\":{\"@type\":\"ImageObject\",\"inLanguage\":\"es\",\"@id\":\"https:\/\/www.actecir.cat\/#\/schema\/logo\/image\/\",\"url\":\"https:\/\/www.actecir.cat\/wp-content\/uploads\/2023\/04\/cropped-logo_actecir_60_alto.png\",\"contentUrl\":\"https:\/\/www.actecir.cat\/wp-content\/uploads\/2023\/04\/cropped-logo_actecir_60_alto.png\",\"width\":283,\"height\":80,\"caption\":\"Actecir\"},\"image\":{\"@id\":\"https:\/\/www.actecir.cat\/#\/schema\/logo\/image\/\"},\"sameAs\":[\"https:\/\/x.com\/actecir\",\"https:\/\/www.linkedin.com\/company\/actecir\"]},{\"@type\":\"Person\",\"@id\":\"https:\/\/www.actecir.cat\/#\/schema\/person\/9a0dbad79e7bde2f4a6be55628a9b04b\",\"name\":\"Maen Systems\",\"url\":\"https:\/\/www.actecir.cat\/es\/author\/maen\/\"}]}<\/script>\n<!-- \/ Yoast SEO plugin. -->","yoast_head_json":{"title":"3er Curso de Dise\u00f1o y C\u00e1lculo de Instalaciones de Climatizaci\u00f3n y Ventilaci\u00f3n - Actecir","robots":{"index":"index","follow":"follow","max-snippet":"max-snippet:-1","max-image-preview":"max-image-preview:large","max-video-preview":"max-video-preview:-1"},"canonical":"https:\/\/www.actecir.cat\/es\/3er-curs-de-disseny-i-calcul-dinstal\u00b7lacions-de-climatitzacio-i-ventilacio-duplicado-3132\/","og_locale":"es_ES","og_type":"article","og_title":"3er Curso de Dise\u00f1o y C\u00e1lculo de Instalaciones de Climatizaci\u00f3n y Ventilaci\u00f3n - Actecir","og_description":"Del 7 de octubre al 16 de diciembre","og_url":"https:\/\/www.actecir.cat\/es\/3er-curs-de-disseny-i-calcul-dinstal\u00b7lacions-de-climatitzacio-i-ventilacio-duplicado-3132\/","og_site_name":"Actecir","article_published_time":"2023-09-14T11:07:48+00:00","article_modified_time":"2023-10-05T10:47:19+00:00","og_image":[{"width":2501,"height":1667,"url":"https:\/\/www.actecir.cat\/wp-content\/uploads\/2023\/09\/curs_clima_2023_presencial_cast-03.jpg","type":"image\/jpeg"}],"author":"Maen Systems","twitter_card":"summary_large_image","twitter_creator":"@actecir","twitter_site":"@actecir","twitter_misc":{"Escrito por":"Maen Systems","Tiempo de lectura":"2 minutos"},"schema":{"@context":"https:\/\/schema.org","@graph":[{"@type":"Article","@id":"https:\/\/www.actecir.cat\/es\/3er-curs-de-disseny-i-calcul-dinstal%c2%b7lacions-de-climatitzacio-i-ventilacio-duplicado-3132\/#article","isPartOf":{"@id":"https:\/\/www.actecir.cat\/es\/3er-curs-de-disseny-i-calcul-dinstal%c2%b7lacions-de-climatitzacio-i-ventilacio-duplicado-3132\/"},"author":{"name":"Maen Systems","@id":"https:\/\/www.actecir.cat\/#\/schema\/person\/9a0dbad79e7bde2f4a6be55628a9b04b"},"headline":"3er Curso de Dise\u00f1o y C\u00e1lculo de Instalaciones de Climatizaci\u00f3n y Ventilaci\u00f3n","datePublished":"2023-09-14T11:07:48+00:00","dateModified":"2023-10-05T10:47:19+00:00","mainEntityOfPage":{"@id":"https:\/\/www.actecir.cat\/es\/3er-curs-de-disseny-i-calcul-dinstal%c2%b7lacions-de-climatitzacio-i-ventilacio-duplicado-3132\/"},"wordCount":503,"commentCount":0,"publisher":{"@id":"https:\/\/www.actecir.cat\/#organization"},"image":{"@id":"https:\/\/www.actecir.cat\/es\/3er-curs-de-disseny-i-calcul-dinstal%c2%b7lacions-de-climatitzacio-i-ventilacio-duplicado-3132\/#primaryimage"},"thumbnailUrl":"https:\/\/www.actecir.cat\/wp-content\/uploads\/2023\/09\/curs_clima_2023_presencial_cast-03.jpg","articleSection":["Destacamos"],"inLanguage":"es","potentialAction":[{"@type":"CommentAction","name":"Comment","target":["https:\/\/www.actecir.cat\/es\/3er-curs-de-disseny-i-calcul-dinstal%c2%b7lacions-de-climatitzacio-i-ventilacio-duplicado-3132\/#respond"]}]},{"@type":"WebPage","@id":"https:\/\/www.actecir.cat\/es\/3er-curs-de-disseny-i-calcul-dinstal%c2%b7lacions-de-climatitzacio-i-ventilacio-duplicado-3132\/","url":"https:\/\/www.actecir.cat\/es\/3er-curs-de-disseny-i-calcul-dinstal%c2%b7lacions-de-climatitzacio-i-ventilacio-duplicado-3132\/","name":"3er Curso de Dise\u00f1o y C\u00e1lculo de Instalaciones de Climatizaci\u00f3n y Ventilaci\u00f3n - Actecir","isPartOf":{"@id":"https:\/\/www.actecir.cat\/#website"},"primaryImageOfPage":{"@id":"https:\/\/www.actecir.cat\/es\/3er-curs-de-disseny-i-calcul-dinstal%c2%b7lacions-de-climatitzacio-i-ventilacio-duplicado-3132\/#primaryimage"},"image":{"@id":"https:\/\/www.actecir.cat\/es\/3er-curs-de-disseny-i-calcul-dinstal%c2%b7lacions-de-climatitzacio-i-ventilacio-duplicado-3132\/#primaryimage"},"thumbnailUrl":"https:\/\/www.actecir.cat\/wp-content\/uploads\/2023\/09\/curs_clima_2023_presencial_cast-03.jpg","datePublished":"2023-09-14T11:07:48+00:00","dateModified":"2023-10-05T10:47:19+00:00","breadcrumb":{"@id":"https:\/\/www.actecir.cat\/es\/3er-curs-de-disseny-i-calcul-dinstal%c2%b7lacions-de-climatitzacio-i-ventilacio-duplicado-3132\/#breadcrumb"},"inLanguage":"es","potentialAction":[{"@type":"ReadAction","target":["https:\/\/www.actecir.cat\/es\/3er-curs-de-disseny-i-calcul-dinstal%c2%b7lacions-de-climatitzacio-i-ventilacio-duplicado-3132\/"]}]},{"@type":"ImageObject","inLanguage":"es","@id":"https:\/\/www.actecir.cat\/es\/3er-curs-de-disseny-i-calcul-dinstal%c2%b7lacions-de-climatitzacio-i-ventilacio-duplicado-3132\/#primaryimage","url":"https:\/\/www.actecir.cat\/wp-content\/uploads\/2023\/09\/curs_clima_2023_presencial_cast-03.jpg","contentUrl":"https:\/\/www.actecir.cat\/wp-content\/uploads\/2023\/09\/curs_clima_2023_presencial_cast-03.jpg","width":2501,"height":1667},{"@type":"BreadcrumbList","@id":"https:\/\/www.actecir.cat\/es\/3er-curs-de-disseny-i-calcul-dinstal%c2%b7lacions-de-climatitzacio-i-ventilacio-duplicado-3132\/#breadcrumb","itemListElement":[{"@type":"ListItem","position":1,"name":"Inici","item":"https:\/\/www.actecir.cat\/es\/"},{"@type":"ListItem","position":2,"name":"3er Curso de Dise\u00f1o y C\u00e1lculo de Instalaciones de Climatizaci\u00f3n y Ventilaci\u00f3n"}]},{"@type":"WebSite","@id":"https:\/\/www.actecir.cat\/#website","url":"https:\/\/www.actecir.cat\/","name":"Actecir","description":"Associaci\u00f3 Catalana de T\u00e8cnics en Energia, Climatitzaci\u00f3 i Refrigeraci\u00f3","publisher":{"@id":"https:\/\/www.actecir.cat\/#organization"},"potentialAction":[{"@type":"SearchAction","target":{"@type":"EntryPoint","urlTemplate":"https:\/\/www.actecir.cat\/?s={search_term_string}"},"query-input":{"@type":"PropertyValueSpecification","valueRequired":true,"valueName":"search_term_string"}}],"inLanguage":"es"},{"@type":"Organization","@id":"https:\/\/www.actecir.cat\/#organization","name":"Actecir","url":"https:\/\/www.actecir.cat\/","logo":{"@type":"ImageObject","inLanguage":"es","@id":"https:\/\/www.actecir.cat\/#\/schema\/logo\/image\/","url":"https:\/\/www.actecir.cat\/wp-content\/uploads\/2023\/04\/cropped-logo_actecir_60_alto.png","contentUrl":"https:\/\/www.actecir.cat\/wp-content\/uploads\/2023\/04\/cropped-logo_actecir_60_alto.png","width":283,"height":80,"caption":"Actecir"},"image":{"@id":"https:\/\/www.actecir.cat\/#\/schema\/logo\/image\/"},"sameAs":["https:\/\/x.com\/actecir","https:\/\/www.linkedin.com\/company\/actecir"]},{"@type":"Person","@id":"https:\/\/www.actecir.cat\/#\/schema\/person\/9a0dbad79e7bde2f4a6be55628a9b04b","name":"Maen Systems","url":"https:\/\/www.actecir.cat\/es\/author\/maen\/"}]}},"_links":{"self":[{"href":"https:\/\/www.actecir.cat\/es\/wp-json\/wp\/v2\/posts\/11944","targetHints":{"allow":["GET"]}}],"collection":[{"href":"https:\/\/www.actecir.cat\/es\/wp-json\/wp\/v2\/posts"}],"about":[{"href":"https:\/\/www.actecir.cat\/es\/wp-json\/wp\/v2\/types\/post"}],"author":[{"embeddable":true,"href":"https:\/\/www.actecir.cat\/es\/wp-json\/wp\/v2\/users\/299"}],"replies":[{"embeddable":true,"href":"https:\/\/www.actecir.cat\/es\/wp-json\/wp\/v2\/comments?post=11944"}],"version-history":[{"count":26,"href":"https:\/\/www.actecir.cat\/es\/wp-json\/wp\/v2\/posts\/11944\/revisions"}],"predecessor-version":[{"id":12516,"href":"https:\/\/www.actecir.cat\/es\/wp-json\/wp\/v2\/posts\/11944\/revisions\/12516"}],"wp:featuredmedia":[{"embeddable":true,"href":"https:\/\/www.actecir.cat\/es\/wp-json\/wp\/v2\/media\/12974"}],"wp:attachment":[{"href":"https:\/\/www.actecir.cat\/es\/wp-json\/wp\/v2\/media?parent=11944"}],"wp:term":[{"taxonomy":"category","embeddable":true,"href":"https:\/\/www.actecir.cat\/es\/wp-json\/wp\/v2\/categories?post=11944"},{"taxonomy":"post_tag","embeddable":true,"href":"https:\/\/www.actecir.cat\/es\/wp-json\/wp\/v2\/tags?post=11944"}],"curies":[{"name":"wp","href":"https:\/\/api.w.org\/{rel}","templated":true}]}}