{"id":12327,"date":"2023-07-20T11:28:58","date_gmt":"2023-07-20T09:28:58","guid":{"rendered":"https:\/\/www.actecir.cat\/?p=12327"},"modified":"2023-07-20T12:02:14","modified_gmt":"2023-07-20T10:02:14","slug":"novedad-keyter","status":"publish","type":"post","link":"https:\/\/www.actecir.cat\/es\/novedad-keyter\/","title":{"rendered":"Novedad KEYTER"},"content":{"rendered":"<p><strong>Eficiencia<\/strong> <strong>y Sostenibilidad: Descubre las bombas de calor reversibles ZIRAN Pro de KEYTER con refrigerante ecol\u00f3gico R290<\/strong><\/p>\n<p>\u00a1<strong>KEYTER<\/strong> revoluciona el mercado de climatizaci\u00f3n con el lanzamiento de su primera gama de equipos de bomba de calor aire-agua reversibles <strong>ZIRAN Pro, optimizado para R290 (propano)! <\/strong>Esta innovadora soluci\u00f3n, dise\u00f1ada y fabricada por KEYTER, demuestra su compromiso con la innovaci\u00f3n y la sostenibilidad.<\/p>\n<p>Los <strong>equipos ZIRAN Pro KWR<\/strong>, bombas de calor reversibles, con una potencia calor\u00edfica de entre los 40 kW y los 270 kW, han sido especialmente dise\u00f1ados para satisfacer las demandas de aplicaciones comerciales e industriales. Optimizados para el uso del refrigerante R290 y equipados con <strong>tecnolog\u00eda Full-Inverter, <\/strong>estas unidades forman parte de la nueva serie PRO desarrollada por KEYTER.<\/p>\n<p>Una de las caracter\u00edsticas destacadas de estos equipos es su carga reducida de refrigerante, con un <strong>ODP (Potencial de Destrucci\u00f3n del Ozono) de 0 y una clasificaci\u00f3n de seguridad A3<\/strong>. El refrigerante R290 (propano) se presenta como una opci\u00f3n ecol\u00f3gica, con bajo impacto medioambiental y alto rendimiento termodin\u00e1mico.<\/p>\n<p>Estas bombas de calor aire-agua reversibles est\u00e1n dise\u00f1adas para producir agua a alta temperatura, brindando una soluci\u00f3n eficiente para tus necesidades de climatizaci\u00f3n. Adem\u00e1s, su dise\u00f1o robusto y fiable incluye la detecci\u00f3n de fugas y ventiladores de extracci\u00f3n ATEX, garantizando la m\u00e1xima seguridad.<\/p>\n<p>La protecci\u00f3n adecuada del equipo y la reducci\u00f3n del nivel sonoro son aspectos clave que KEYTER ha considerado al desarrollar estos equipos. Gracias a un cuidado aislamiento, se logra un funcionamiento supersilencioso, brindando un ambiente tranquilo y confortable.<\/p>\n<p>Adem\u00e1s, estas unidades est\u00e1n equipadas con una regulaci\u00f3n inteligente que garantiza un proceso de desescarche \u00f3ptimo. Esto contribuye a su eficiencia energ\u00e9tica, convirti\u00e9ndolas en una opci\u00f3n rentable y sostenible para tus necesidades de climatizaci\u00f3n.<\/p>\n<p>Los equipos compactos Full-Inverter de KEYTER cuentan con <strong>compresores de pist\u00f3n semiherm\u00e9ticos Inverter y ventiladores EC de alta calidad, <\/strong>lo que asegura el mejor rendimiento estacional (SEER\/SCOP).<\/p>\n<p>La eficiencia energ\u00e9tica de estos equipos sobrepasa con creces los l\u00edmites exigidos para el cumplimiento <strong>ErP 2021.<\/strong><\/p>\n<p>Estas bombas de calor aire-agua reversible de KEYTER tienen un amplio rango de funcionamiento, con alta eficiencia y l\u00edmites de operaci\u00f3n ampliados, permitiendo un rendimiento \u00f3ptimo incluso a bajas temperaturas exteriores de hasta -15\u00baC a carga total.<\/p>\n<p>KEYTER ha logrado un avance significativo en la industria de climatizaci\u00f3n con el lanzamiento de su primera bomba de calor aire-agua reversible basada en gas natural R290 (propano) como refrigerante. Estos equipos no solo ofrecen un rendimiento excepcional, sino que tambi\u00e9n contribuyen a la protecci\u00f3n del medio ambiente y ahorro energ\u00e9tico.<\/p>\n<p>Si est\u00e1s buscando una soluci\u00f3n de climatizaci\u00f3n de alto rendimiento, eficiente y sostenible para tus aplicaciones comerciales o industriales, <strong>la nueva serie PRO de KEYTER <\/strong>es la elecci\u00f3n perfecta. \u00danete a KEYTER en su compromiso con la innovaci\u00f3n y la sostenibilidad y disfruta ya de un ambiente confortable y de m\u00e1xima eficiencia energ\u00e9tica.<\/p>\n<p><img fetchpriority=\"high\" decoding=\"async\" class=\"alignnone  wp-image-12376\" src=\"https:\/\/www.actecir.cat\/wp-content\/uploads\/2023\/07\/ES-ZIRAN-PRO-1-300x300.jpg\" alt=\"\" width=\"412\" height=\"412\" srcset=\"https:\/\/www.actecir.cat\/wp-content\/uploads\/2023\/07\/ES-ZIRAN-PRO-1-300x300.jpg 300w, https:\/\/www.actecir.cat\/wp-content\/uploads\/2023\/07\/ES-ZIRAN-PRO-1-150x150.jpg 150w, https:\/\/www.actecir.cat\/wp-content\/uploads\/2023\/07\/ES-ZIRAN-PRO-1.jpg 756w\" sizes=\"(max-width: 412px) 100vw, 412px\" \/><\/p>\n<p>LinkedIn: <a href=\"http:\/\/www.linkedin.com\/company\/keyter\">http:\/\/www.linkedin.com\/company\/keyter<\/a><\/p>\n<p>Facebook: <a href=\"https:\/\/www.facebook.com\/keyterHVACR\">https:\/\/www.facebook.com\/keyterHVACR<\/a><\/p>\n<p>Twitter: <a href=\"https:\/\/twitter.com\/KEYTERes\">https:\/\/twitter.com\/KEYTERes<\/a><\/p>\n<p>YouTube: <a href=\"https:\/\/www.youtube.com\/%40Keyter_HVAC\">https:\/\/www.youtube.com\/@Keyter_HVAC<\/a><\/p>\n<p>Instagram:\u00a0\u00a0 \u00a0<a href=\"https:\/\/www.instagram.com\/keyter_hvac\/\">https:\/\/www.instagram.com\/keyter_hvac\/<\/a><\/p>\n","protected":false},"excerpt":{"rendered":"<p>Eficiencia y Sostenibilidad: Descubre las bombas de calor reversibles ZIRAN Pro de KEYTER con refrigerante ecol\u00f3gico R290 \u00a1KEYTER revoluciona el mercado de climatizaci\u00f3n con el lanzamiento de su primera gama [&hellip;]<\/p>\n","protected":false},"author":299,"featured_media":12328,"comment_status":"closed","ping_status":"closed","sticky":false,"template":"","format":"standard","meta":{"footnotes":""},"categories":[25],"tags":[],"class_list":["post-12327","post","type-post","status-publish","format-standard","has-post-thumbnail","hentry","category-noticias"],"yoast_head":"<!-- This site is optimized with the Yoast SEO plugin v27.2 - https:\/\/yoast.com\/product\/yoast-seo-wordpress\/ -->\n<title>Novedad KEYTER - Actecir<\/title>\n<meta name=\"robots\" content=\"index, follow, max-snippet:-1, max-image-preview:large, max-video-preview:-1\" \/>\n<link rel=\"canonical\" href=\"https:\/\/www.actecir.cat\/es\/novedad-keyter\/\" \/>\n<meta property=\"og:locale\" content=\"es_ES\" \/>\n<meta property=\"og:type\" content=\"article\" \/>\n<meta property=\"og:title\" content=\"Novedad KEYTER - Actecir\" \/>\n<meta property=\"og:description\" content=\"Eficiencia y Sostenibilidad: Descubre las bombas de calor reversibles ZIRAN Pro de KEYTER con refrigerante ecol\u00f3gico R290 \u00a1KEYTER revoluciona el mercado de climatizaci\u00f3n con el lanzamiento de su primera gama [&hellip;]\" \/>\n<meta property=\"og:url\" content=\"https:\/\/www.actecir.cat\/es\/novedad-keyter\/\" \/>\n<meta property=\"og:site_name\" content=\"Actecir\" \/>\n<meta property=\"article:published_time\" content=\"2023-07-20T09:28:58+00:00\" \/>\n<meta property=\"article:modified_time\" content=\"2023-07-20T10:02:14+00:00\" \/>\n<meta property=\"og:image\" content=\"https:\/\/www.actecir.cat\/wp-content\/uploads\/2023\/07\/novedad_keyter.jpg\" \/>\n\t<meta property=\"og:image:width\" content=\"600\" \/>\n\t<meta property=\"og:image:height\" content=\"400\" \/>\n\t<meta property=\"og:image:type\" content=\"image\/jpeg\" \/>\n<meta name=\"author\" content=\"Maen Systems\" \/>\n<meta name=\"twitter:card\" content=\"summary_large_image\" \/>\n<meta name=\"twitter:creator\" content=\"@actecir\" \/>\n<meta name=\"twitter:site\" content=\"@actecir\" \/>\n<meta name=\"twitter:label1\" content=\"Escrito por\" \/>\n\t<meta name=\"twitter:data1\" content=\"Maen Systems\" \/>\n\t<meta name=\"twitter:label2\" content=\"Tiempo de lectura\" \/>\n\t<meta name=\"twitter:data2\" content=\"3 minutos\" \/>\n<script type=\"application\/ld+json\" class=\"yoast-schema-graph\">{\"@context\":\"https:\/\/schema.org\",\"@graph\":[{\"@type\":\"Article\",\"@id\":\"https:\/\/www.actecir.cat\/es\/novedad-keyter\/#article\",\"isPartOf\":{\"@id\":\"https:\/\/www.actecir.cat\/es\/novedad-keyter\/\"},\"author\":{\"name\":\"Maen Systems\",\"@id\":\"https:\/\/www.actecir.cat\/#\/schema\/person\/9a0dbad79e7bde2f4a6be55628a9b04b\"},\"headline\":\"Novedad KEYTER\",\"datePublished\":\"2023-07-20T09:28:58+00:00\",\"dateModified\":\"2023-07-20T10:02:14+00:00\",\"mainEntityOfPage\":{\"@id\":\"https:\/\/www.actecir.cat\/es\/novedad-keyter\/\"},\"wordCount\":549,\"publisher\":{\"@id\":\"https:\/\/www.actecir.cat\/#organization\"},\"image\":{\"@id\":\"https:\/\/www.actecir.cat\/es\/novedad-keyter\/#primaryimage\"},\"thumbnailUrl\":\"https:\/\/www.actecir.cat\/wp-content\/uploads\/2023\/07\/novedad_keyter.jpg\",\"articleSection\":[\"Noticias\"],\"inLanguage\":\"es\"},{\"@type\":\"WebPage\",\"@id\":\"https:\/\/www.actecir.cat\/es\/novedad-keyter\/\",\"url\":\"https:\/\/www.actecir.cat\/es\/novedad-keyter\/\",\"name\":\"Novedad KEYTER - Actecir\",\"isPartOf\":{\"@id\":\"https:\/\/www.actecir.cat\/#website\"},\"primaryImageOfPage\":{\"@id\":\"https:\/\/www.actecir.cat\/es\/novedad-keyter\/#primaryimage\"},\"image\":{\"@id\":\"https:\/\/www.actecir.cat\/es\/novedad-keyter\/#primaryimage\"},\"thumbnailUrl\":\"https:\/\/www.actecir.cat\/wp-content\/uploads\/2023\/07\/novedad_keyter.jpg\",\"datePublished\":\"2023-07-20T09:28:58+00:00\",\"dateModified\":\"2023-07-20T10:02:14+00:00\",\"breadcrumb\":{\"@id\":\"https:\/\/www.actecir.cat\/es\/novedad-keyter\/#breadcrumb\"},\"inLanguage\":\"es\",\"potentialAction\":[{\"@type\":\"ReadAction\",\"target\":[\"https:\/\/www.actecir.cat\/es\/novedad-keyter\/\"]}]},{\"@type\":\"ImageObject\",\"inLanguage\":\"es\",\"@id\":\"https:\/\/www.actecir.cat\/es\/novedad-keyter\/#primaryimage\",\"url\":\"https:\/\/www.actecir.cat\/wp-content\/uploads\/2023\/07\/novedad_keyter.jpg\",\"contentUrl\":\"https:\/\/www.actecir.cat\/wp-content\/uploads\/2023\/07\/novedad_keyter.jpg\",\"width\":600,\"height\":400},{\"@type\":\"BreadcrumbList\",\"@id\":\"https:\/\/www.actecir.cat\/es\/novedad-keyter\/#breadcrumb\",\"itemListElement\":[{\"@type\":\"ListItem\",\"position\":1,\"name\":\"Inici\",\"item\":\"https:\/\/www.actecir.cat\/es\/\"},{\"@type\":\"ListItem\",\"position\":2,\"name\":\"Novedad KEYTER\"}]},{\"@type\":\"WebSite\",\"@id\":\"https:\/\/www.actecir.cat\/#website\",\"url\":\"https:\/\/www.actecir.cat\/\",\"name\":\"Actecir\",\"description\":\"Associaci\u00f3 Catalana de T\u00e8cnics en Energia, Climatitzaci\u00f3 i Refrigeraci\u00f3\",\"publisher\":{\"@id\":\"https:\/\/www.actecir.cat\/#organization\"},\"potentialAction\":[{\"@type\":\"SearchAction\",\"target\":{\"@type\":\"EntryPoint\",\"urlTemplate\":\"https:\/\/www.actecir.cat\/?s={search_term_string}\"},\"query-input\":{\"@type\":\"PropertyValueSpecification\",\"valueRequired\":true,\"valueName\":\"search_term_string\"}}],\"inLanguage\":\"es\"},{\"@type\":\"Organization\",\"@id\":\"https:\/\/www.actecir.cat\/#organization\",\"name\":\"Actecir\",\"url\":\"https:\/\/www.actecir.cat\/\",\"logo\":{\"@type\":\"ImageObject\",\"inLanguage\":\"es\",\"@id\":\"https:\/\/www.actecir.cat\/#\/schema\/logo\/image\/\",\"url\":\"https:\/\/www.actecir.cat\/wp-content\/uploads\/2023\/04\/cropped-logo_actecir_60_alto.png\",\"contentUrl\":\"https:\/\/www.actecir.cat\/wp-content\/uploads\/2023\/04\/cropped-logo_actecir_60_alto.png\",\"width\":283,\"height\":80,\"caption\":\"Actecir\"},\"image\":{\"@id\":\"https:\/\/www.actecir.cat\/#\/schema\/logo\/image\/\"},\"sameAs\":[\"https:\/\/x.com\/actecir\",\"https:\/\/www.linkedin.com\/company\/actecir\"]},{\"@type\":\"Person\",\"@id\":\"https:\/\/www.actecir.cat\/#\/schema\/person\/9a0dbad79e7bde2f4a6be55628a9b04b\",\"name\":\"Maen Systems\",\"url\":\"https:\/\/www.actecir.cat\/es\/author\/maen\/\"}]}<\/script>\n<!-- \/ Yoast SEO plugin. -->","yoast_head_json":{"title":"Novedad KEYTER - Actecir","robots":{"index":"index","follow":"follow","max-snippet":"max-snippet:-1","max-image-preview":"max-image-preview:large","max-video-preview":"max-video-preview:-1"},"canonical":"https:\/\/www.actecir.cat\/es\/novedad-keyter\/","og_locale":"es_ES","og_type":"article","og_title":"Novedad KEYTER - Actecir","og_description":"Eficiencia y Sostenibilidad: Descubre las bombas de calor reversibles ZIRAN Pro de KEYTER con refrigerante ecol\u00f3gico R290 \u00a1KEYTER revoluciona el mercado de climatizaci\u00f3n con el lanzamiento de su primera gama [&hellip;]","og_url":"https:\/\/www.actecir.cat\/es\/novedad-keyter\/","og_site_name":"Actecir","article_published_time":"2023-07-20T09:28:58+00:00","article_modified_time":"2023-07-20T10:02:14+00:00","og_image":[{"width":600,"height":400,"url":"https:\/\/www.actecir.cat\/wp-content\/uploads\/2023\/07\/novedad_keyter.jpg","type":"image\/jpeg"}],"author":"Maen Systems","twitter_card":"summary_large_image","twitter_creator":"@actecir","twitter_site":"@actecir","twitter_misc":{"Escrito por":"Maen Systems","Tiempo de lectura":"3 minutos"},"schema":{"@context":"https:\/\/schema.org","@graph":[{"@type":"Article","@id":"https:\/\/www.actecir.cat\/es\/novedad-keyter\/#article","isPartOf":{"@id":"https:\/\/www.actecir.cat\/es\/novedad-keyter\/"},"author":{"name":"Maen Systems","@id":"https:\/\/www.actecir.cat\/#\/schema\/person\/9a0dbad79e7bde2f4a6be55628a9b04b"},"headline":"Novedad KEYTER","datePublished":"2023-07-20T09:28:58+00:00","dateModified":"2023-07-20T10:02:14+00:00","mainEntityOfPage":{"@id":"https:\/\/www.actecir.cat\/es\/novedad-keyter\/"},"wordCount":549,"publisher":{"@id":"https:\/\/www.actecir.cat\/#organization"},"image":{"@id":"https:\/\/www.actecir.cat\/es\/novedad-keyter\/#primaryimage"},"thumbnailUrl":"https:\/\/www.actecir.cat\/wp-content\/uploads\/2023\/07\/novedad_keyter.jpg","articleSection":["Noticias"],"inLanguage":"es"},{"@type":"WebPage","@id":"https:\/\/www.actecir.cat\/es\/novedad-keyter\/","url":"https:\/\/www.actecir.cat\/es\/novedad-keyter\/","name":"Novedad KEYTER - Actecir","isPartOf":{"@id":"https:\/\/www.actecir.cat\/#website"},"primaryImageOfPage":{"@id":"https:\/\/www.actecir.cat\/es\/novedad-keyter\/#primaryimage"},"image":{"@id":"https:\/\/www.actecir.cat\/es\/novedad-keyter\/#primaryimage"},"thumbnailUrl":"https:\/\/www.actecir.cat\/wp-content\/uploads\/2023\/07\/novedad_keyter.jpg","datePublished":"2023-07-20T09:28:58+00:00","dateModified":"2023-07-20T10:02:14+00:00","breadcrumb":{"@id":"https:\/\/www.actecir.cat\/es\/novedad-keyter\/#breadcrumb"},"inLanguage":"es","potentialAction":[{"@type":"ReadAction","target":["https:\/\/www.actecir.cat\/es\/novedad-keyter\/"]}]},{"@type":"ImageObject","inLanguage":"es","@id":"https:\/\/www.actecir.cat\/es\/novedad-keyter\/#primaryimage","url":"https:\/\/www.actecir.cat\/wp-content\/uploads\/2023\/07\/novedad_keyter.jpg","contentUrl":"https:\/\/www.actecir.cat\/wp-content\/uploads\/2023\/07\/novedad_keyter.jpg","width":600,"height":400},{"@type":"BreadcrumbList","@id":"https:\/\/www.actecir.cat\/es\/novedad-keyter\/#breadcrumb","itemListElement":[{"@type":"ListItem","position":1,"name":"Inici","item":"https:\/\/www.actecir.cat\/es\/"},{"@type":"ListItem","position":2,"name":"Novedad KEYTER"}]},{"@type":"WebSite","@id":"https:\/\/www.actecir.cat\/#website","url":"https:\/\/www.actecir.cat\/","name":"Actecir","description":"Associaci\u00f3 Catalana de T\u00e8cnics en Energia, Climatitzaci\u00f3 i Refrigeraci\u00f3","publisher":{"@id":"https:\/\/www.actecir.cat\/#organization"},"potentialAction":[{"@type":"SearchAction","target":{"@type":"EntryPoint","urlTemplate":"https:\/\/www.actecir.cat\/?s={search_term_string}"},"query-input":{"@type":"PropertyValueSpecification","valueRequired":true,"valueName":"search_term_string"}}],"inLanguage":"es"},{"@type":"Organization","@id":"https:\/\/www.actecir.cat\/#organization","name":"Actecir","url":"https:\/\/www.actecir.cat\/","logo":{"@type":"ImageObject","inLanguage":"es","@id":"https:\/\/www.actecir.cat\/#\/schema\/logo\/image\/","url":"https:\/\/www.actecir.cat\/wp-content\/uploads\/2023\/04\/cropped-logo_actecir_60_alto.png","contentUrl":"https:\/\/www.actecir.cat\/wp-content\/uploads\/2023\/04\/cropped-logo_actecir_60_alto.png","width":283,"height":80,"caption":"Actecir"},"image":{"@id":"https:\/\/www.actecir.cat\/#\/schema\/logo\/image\/"},"sameAs":["https:\/\/x.com\/actecir","https:\/\/www.linkedin.com\/company\/actecir"]},{"@type":"Person","@id":"https:\/\/www.actecir.cat\/#\/schema\/person\/9a0dbad79e7bde2f4a6be55628a9b04b","name":"Maen Systems","url":"https:\/\/www.actecir.cat\/es\/author\/maen\/"}]}},"_links":{"self":[{"href":"https:\/\/www.actecir.cat\/es\/wp-json\/wp\/v2\/posts\/12327","targetHints":{"allow":["GET"]}}],"collection":[{"href":"https:\/\/www.actecir.cat\/es\/wp-json\/wp\/v2\/posts"}],"about":[{"href":"https:\/\/www.actecir.cat\/es\/wp-json\/wp\/v2\/types\/post"}],"author":[{"embeddable":true,"href":"https:\/\/www.actecir.cat\/es\/wp-json\/wp\/v2\/users\/299"}],"replies":[{"embeddable":true,"href":"https:\/\/www.actecir.cat\/es\/wp-json\/wp\/v2\/comments?post=12327"}],"version-history":[{"count":4,"href":"https:\/\/www.actecir.cat\/es\/wp-json\/wp\/v2\/posts\/12327\/revisions"}],"predecessor-version":[{"id":12378,"href":"https:\/\/www.actecir.cat\/es\/wp-json\/wp\/v2\/posts\/12327\/revisions\/12378"}],"wp:featuredmedia":[{"embeddable":true,"href":"https:\/\/www.actecir.cat\/es\/wp-json\/wp\/v2\/media\/12328"}],"wp:attachment":[{"href":"https:\/\/www.actecir.cat\/es\/wp-json\/wp\/v2\/media?parent=12327"}],"wp:term":[{"taxonomy":"category","embeddable":true,"href":"https:\/\/www.actecir.cat\/es\/wp-json\/wp\/v2\/categories?post=12327"},{"taxonomy":"post_tag","embeddable":true,"href":"https:\/\/www.actecir.cat\/es\/wp-json\/wp\/v2\/tags?post=12327"}],"curies":[{"name":"wp","href":"https:\/\/api.w.org\/{rel}","templated":true}]}}