{"id":12723,"date":"2023-10-09T10:31:04","date_gmt":"2023-10-09T08:31:04","guid":{"rendered":"https:\/\/www.actecir.cat\/feria-efintec-2023\/"},"modified":"2023-10-26T13:32:04","modified_gmt":"2023-10-26T11:32:04","slug":"alquiler-equipos-2023","status":"publish","type":"post","link":"https:\/\/www.actecir.cat\/es\/alquiler-equipos-2023\/","title":{"rendered":"Alquiler Equipos ACTECIR 2023"},"content":{"rendered":"<h1 style=\"text-align: center;\"><span style=\"color: #3366ff;\">\u00bfNecesitas un equipo de medici\u00f3n ?<\/span><\/h1>\n<p><!--more--><\/p>\n<h3 style=\"text-align: center;\"><span style=\"font-size: 12pt;\"><span style=\"font-family: 'arial black', sans-serif;\">Consulta <strong><a href=\"https:\/\/www.actecir.cat\/qui-som\/lloguer-dequips-de-mesura\/\"> nuestro cat\u00e1logo <\/a><\/strong><\/span><span style=\"font-family: 'arial black', sans-serif;\">con <\/span><span style=\"font-family: 'arial black', sans-serif;\">una amplia gama de equipos, <\/span> <\/span><\/h3>\n<h3 style=\"text-align: center;\"><span style=\"font-size: 12pt;\"><span style=\"font-family: 'arial black', sans-serif;\">para <span style=\"color: #3366ff;\">climatizaci\u00f3n<\/span>, <span style=\"color: #3366ff;\">calefacci\u00f3n<\/span>, <span style=\"color: #3366ff;\">refrigeraci\u00f3n<\/span>, <\/span><\/span><span style=\"font-size: 12pt;\"><span style=\"font-family: 'arial black', sans-serif;\"><span style=\"color: #3366ff;\">temogr\u00e1ficas<\/span>,<\/span><\/span><\/h3>\n<h3 style=\"text-align: center;\"><span style=\"font-size: 12pt; color: #3366ff;\"><span style=\"font-family: 'arial black', sans-serif;\">infrarrojos, ph, el\u00e9ctricas, fugas de refrigerantes &#8230;.<\/span><\/span><\/h3>\n<h1 style=\"text-align: center;\"><span style=\"color: #3366ff;\"><strong>50%<\/strong>\u00a0 dto para nuestros socios !<\/span><\/h1>\n<p style=\"text-align: center;\"><a href=\"https:\/\/www.actecir.cat\/wp-content\/uploads\/2023\/04\/Actecir_Alquiler_TESTO_INFICON_Catalogo_Vertical_2022_reducido.pdf\" target=\"_blank\" rel=\"noopener\"><img fetchpriority=\"high\" decoding=\"async\" class=\"alignnone wp-image-13194 \" src=\"https:\/\/www.actecir.cat\/wp-content\/uploads\/2023\/10\/equipos_2023-300x200.jpg\" alt=\"\" width=\"522\" height=\"348\" srcset=\"https:\/\/www.actecir.cat\/wp-content\/uploads\/2023\/10\/equipos_2023-300x200.jpg 300w, https:\/\/www.actecir.cat\/wp-content\/uploads\/2023\/10\/equipos_2023.jpg 600w\" sizes=\"(max-width: 522px) 100vw, 522px\" \/><\/a><\/p>\n<style>\/*! elementor - v3.16.0 - 20-09-2023 *\/<br \/>.elementor-widget-image{text-align:center}.elementor-widget-image a{display:inline-block}.elementor-widget-image a img[src$=\".svg\"]{width:48px}.elementor-widget-image img{vertical-align:middle;display:inline-block}<\/style>\n<p>&nbsp;<\/p>\n<p>&nbsp;<\/p>\n","protected":false},"excerpt":{"rendered":"<p>\u00bfNecesitas un equipo de medici\u00f3n ?<\/p>\n","protected":false},"author":299,"featured_media":13197,"comment_status":"closed","ping_status":"closed","sticky":false,"template":"","format":"standard","meta":{"footnotes":""},"categories":[17],"tags":[],"class_list":["post-12723","post","type-post","status-publish","format-standard","has-post-thumbnail","hentry","category-noticies"],"yoast_head":"<!-- This site is optimized with the Yoast SEO plugin v27.2 - https:\/\/yoast.com\/product\/yoast-seo-wordpress\/ -->\n<title>Alquiler Equipos ACTECIR 2023 - Actecir<\/title>\n<meta name=\"robots\" content=\"index, follow, max-snippet:-1, max-image-preview:large, max-video-preview:-1\" \/>\n<link rel=\"canonical\" href=\"https:\/\/www.actecir.cat\/es\/alquiler-equipos-2023\/\" \/>\n<meta property=\"og:locale\" content=\"es_ES\" \/>\n<meta property=\"og:type\" content=\"article\" \/>\n<meta property=\"og:title\" content=\"Alquiler Equipos ACTECIR 2023 - Actecir\" \/>\n<meta property=\"og:description\" content=\"\u00bfNecesitas un equipo de medici\u00f3n ?\" \/>\n<meta property=\"og:url\" content=\"https:\/\/www.actecir.cat\/es\/alquiler-equipos-2023\/\" \/>\n<meta property=\"og:site_name\" content=\"Actecir\" \/>\n<meta property=\"article:published_time\" content=\"2023-10-09T08:31:04+00:00\" \/>\n<meta property=\"article:modified_time\" content=\"2023-10-26T11:32:04+00:00\" \/>\n<meta property=\"og:image\" content=\"https:\/\/www.actecir.cat\/wp-content\/uploads\/2023\/10\/equipos_promo.jpg\" \/>\n\t<meta property=\"og:image:width\" content=\"1200\" \/>\n\t<meta property=\"og:image:height\" content=\"800\" \/>\n\t<meta property=\"og:image:type\" content=\"image\/jpeg\" \/>\n<meta name=\"author\" content=\"Maen Systems\" \/>\n<meta name=\"twitter:card\" content=\"summary_large_image\" \/>\n<meta name=\"twitter:creator\" content=\"@actecir\" \/>\n<meta name=\"twitter:site\" content=\"@actecir\" \/>\n<meta name=\"twitter:label1\" content=\"Escrito por\" \/>\n\t<meta name=\"twitter:data1\" content=\"Maen Systems\" \/>\n<script type=\"application\/ld+json\" class=\"yoast-schema-graph\">{\"@context\":\"https:\/\/schema.org\",\"@graph\":[{\"@type\":\"Article\",\"@id\":\"https:\/\/www.actecir.cat\/es\/alquiler-equipos-2023\/#article\",\"isPartOf\":{\"@id\":\"https:\/\/www.actecir.cat\/es\/alquiler-equipos-2023\/\"},\"author\":{\"name\":\"Maen Systems\",\"@id\":\"https:\/\/www.actecir.cat\/#\/schema\/person\/9a0dbad79e7bde2f4a6be55628a9b04b\"},\"headline\":\"Alquiler Equipos ACTECIR 2023\",\"datePublished\":\"2023-10-09T08:31:04+00:00\",\"dateModified\":\"2023-10-26T11:32:04+00:00\",\"mainEntityOfPage\":{\"@id\":\"https:\/\/www.actecir.cat\/es\/alquiler-equipos-2023\/\"},\"wordCount\":41,\"publisher\":{\"@id\":\"https:\/\/www.actecir.cat\/#organization\"},\"image\":{\"@id\":\"https:\/\/www.actecir.cat\/es\/alquiler-equipos-2023\/#primaryimage\"},\"thumbnailUrl\":\"https:\/\/www.actecir.cat\/wp-content\/uploads\/2023\/10\/equipos_promo.jpg\",\"articleSection\":[\"Not\u00edcies\"],\"inLanguage\":\"es\"},{\"@type\":\"WebPage\",\"@id\":\"https:\/\/www.actecir.cat\/es\/alquiler-equipos-2023\/\",\"url\":\"https:\/\/www.actecir.cat\/es\/alquiler-equipos-2023\/\",\"name\":\"Alquiler Equipos ACTECIR 2023 - Actecir\",\"isPartOf\":{\"@id\":\"https:\/\/www.actecir.cat\/#website\"},\"primaryImageOfPage\":{\"@id\":\"https:\/\/www.actecir.cat\/es\/alquiler-equipos-2023\/#primaryimage\"},\"image\":{\"@id\":\"https:\/\/www.actecir.cat\/es\/alquiler-equipos-2023\/#primaryimage\"},\"thumbnailUrl\":\"https:\/\/www.actecir.cat\/wp-content\/uploads\/2023\/10\/equipos_promo.jpg\",\"datePublished\":\"2023-10-09T08:31:04+00:00\",\"dateModified\":\"2023-10-26T11:32:04+00:00\",\"breadcrumb\":{\"@id\":\"https:\/\/www.actecir.cat\/es\/alquiler-equipos-2023\/#breadcrumb\"},\"inLanguage\":\"es\",\"potentialAction\":[{\"@type\":\"ReadAction\",\"target\":[\"https:\/\/www.actecir.cat\/es\/alquiler-equipos-2023\/\"]}]},{\"@type\":\"ImageObject\",\"inLanguage\":\"es\",\"@id\":\"https:\/\/www.actecir.cat\/es\/alquiler-equipos-2023\/#primaryimage\",\"url\":\"https:\/\/www.actecir.cat\/wp-content\/uploads\/2023\/10\/equipos_promo.jpg\",\"contentUrl\":\"https:\/\/www.actecir.cat\/wp-content\/uploads\/2023\/10\/equipos_promo.jpg\",\"width\":1200,\"height\":800},{\"@type\":\"BreadcrumbList\",\"@id\":\"https:\/\/www.actecir.cat\/es\/alquiler-equipos-2023\/#breadcrumb\",\"itemListElement\":[{\"@type\":\"ListItem\",\"position\":1,\"name\":\"Inici\",\"item\":\"https:\/\/www.actecir.cat\/es\/\"},{\"@type\":\"ListItem\",\"position\":2,\"name\":\"Alquiler Equipos ACTECIR 2023\"}]},{\"@type\":\"WebSite\",\"@id\":\"https:\/\/www.actecir.cat\/#website\",\"url\":\"https:\/\/www.actecir.cat\/\",\"name\":\"Actecir\",\"description\":\"Associaci\u00f3 Catalana de T\u00e8cnics en Energia, Climatitzaci\u00f3 i Refrigeraci\u00f3\",\"publisher\":{\"@id\":\"https:\/\/www.actecir.cat\/#organization\"},\"potentialAction\":[{\"@type\":\"SearchAction\",\"target\":{\"@type\":\"EntryPoint\",\"urlTemplate\":\"https:\/\/www.actecir.cat\/?s={search_term_string}\"},\"query-input\":{\"@type\":\"PropertyValueSpecification\",\"valueRequired\":true,\"valueName\":\"search_term_string\"}}],\"inLanguage\":\"es\"},{\"@type\":\"Organization\",\"@id\":\"https:\/\/www.actecir.cat\/#organization\",\"name\":\"Actecir\",\"url\":\"https:\/\/www.actecir.cat\/\",\"logo\":{\"@type\":\"ImageObject\",\"inLanguage\":\"es\",\"@id\":\"https:\/\/www.actecir.cat\/#\/schema\/logo\/image\/\",\"url\":\"https:\/\/www.actecir.cat\/wp-content\/uploads\/2023\/04\/cropped-logo_actecir_60_alto.png\",\"contentUrl\":\"https:\/\/www.actecir.cat\/wp-content\/uploads\/2023\/04\/cropped-logo_actecir_60_alto.png\",\"width\":283,\"height\":80,\"caption\":\"Actecir\"},\"image\":{\"@id\":\"https:\/\/www.actecir.cat\/#\/schema\/logo\/image\/\"},\"sameAs\":[\"https:\/\/x.com\/actecir\",\"https:\/\/www.linkedin.com\/company\/actecir\"]},{\"@type\":\"Person\",\"@id\":\"https:\/\/www.actecir.cat\/#\/schema\/person\/9a0dbad79e7bde2f4a6be55628a9b04b\",\"name\":\"Maen Systems\",\"url\":\"https:\/\/www.actecir.cat\/es\/author\/maen\/\"}]}<\/script>\n<!-- \/ Yoast SEO plugin. -->","yoast_head_json":{"title":"Alquiler Equipos ACTECIR 2023 - Actecir","robots":{"index":"index","follow":"follow","max-snippet":"max-snippet:-1","max-image-preview":"max-image-preview:large","max-video-preview":"max-video-preview:-1"},"canonical":"https:\/\/www.actecir.cat\/es\/alquiler-equipos-2023\/","og_locale":"es_ES","og_type":"article","og_title":"Alquiler Equipos ACTECIR 2023 - Actecir","og_description":"\u00bfNecesitas un equipo de medici\u00f3n ?","og_url":"https:\/\/www.actecir.cat\/es\/alquiler-equipos-2023\/","og_site_name":"Actecir","article_published_time":"2023-10-09T08:31:04+00:00","article_modified_time":"2023-10-26T11:32:04+00:00","og_image":[{"width":1200,"height":800,"url":"https:\/\/www.actecir.cat\/wp-content\/uploads\/2023\/10\/equipos_promo.jpg","type":"image\/jpeg"}],"author":"Maen Systems","twitter_card":"summary_large_image","twitter_creator":"@actecir","twitter_site":"@actecir","twitter_misc":{"Escrito por":"Maen Systems"},"schema":{"@context":"https:\/\/schema.org","@graph":[{"@type":"Article","@id":"https:\/\/www.actecir.cat\/es\/alquiler-equipos-2023\/#article","isPartOf":{"@id":"https:\/\/www.actecir.cat\/es\/alquiler-equipos-2023\/"},"author":{"name":"Maen Systems","@id":"https:\/\/www.actecir.cat\/#\/schema\/person\/9a0dbad79e7bde2f4a6be55628a9b04b"},"headline":"Alquiler Equipos ACTECIR 2023","datePublished":"2023-10-09T08:31:04+00:00","dateModified":"2023-10-26T11:32:04+00:00","mainEntityOfPage":{"@id":"https:\/\/www.actecir.cat\/es\/alquiler-equipos-2023\/"},"wordCount":41,"publisher":{"@id":"https:\/\/www.actecir.cat\/#organization"},"image":{"@id":"https:\/\/www.actecir.cat\/es\/alquiler-equipos-2023\/#primaryimage"},"thumbnailUrl":"https:\/\/www.actecir.cat\/wp-content\/uploads\/2023\/10\/equipos_promo.jpg","articleSection":["Not\u00edcies"],"inLanguage":"es"},{"@type":"WebPage","@id":"https:\/\/www.actecir.cat\/es\/alquiler-equipos-2023\/","url":"https:\/\/www.actecir.cat\/es\/alquiler-equipos-2023\/","name":"Alquiler Equipos ACTECIR 2023 - Actecir","isPartOf":{"@id":"https:\/\/www.actecir.cat\/#website"},"primaryImageOfPage":{"@id":"https:\/\/www.actecir.cat\/es\/alquiler-equipos-2023\/#primaryimage"},"image":{"@id":"https:\/\/www.actecir.cat\/es\/alquiler-equipos-2023\/#primaryimage"},"thumbnailUrl":"https:\/\/www.actecir.cat\/wp-content\/uploads\/2023\/10\/equipos_promo.jpg","datePublished":"2023-10-09T08:31:04+00:00","dateModified":"2023-10-26T11:32:04+00:00","breadcrumb":{"@id":"https:\/\/www.actecir.cat\/es\/alquiler-equipos-2023\/#breadcrumb"},"inLanguage":"es","potentialAction":[{"@type":"ReadAction","target":["https:\/\/www.actecir.cat\/es\/alquiler-equipos-2023\/"]}]},{"@type":"ImageObject","inLanguage":"es","@id":"https:\/\/www.actecir.cat\/es\/alquiler-equipos-2023\/#primaryimage","url":"https:\/\/www.actecir.cat\/wp-content\/uploads\/2023\/10\/equipos_promo.jpg","contentUrl":"https:\/\/www.actecir.cat\/wp-content\/uploads\/2023\/10\/equipos_promo.jpg","width":1200,"height":800},{"@type":"BreadcrumbList","@id":"https:\/\/www.actecir.cat\/es\/alquiler-equipos-2023\/#breadcrumb","itemListElement":[{"@type":"ListItem","position":1,"name":"Inici","item":"https:\/\/www.actecir.cat\/es\/"},{"@type":"ListItem","position":2,"name":"Alquiler Equipos ACTECIR 2023"}]},{"@type":"WebSite","@id":"https:\/\/www.actecir.cat\/#website","url":"https:\/\/www.actecir.cat\/","name":"Actecir","description":"Associaci\u00f3 Catalana de T\u00e8cnics en Energia, Climatitzaci\u00f3 i Refrigeraci\u00f3","publisher":{"@id":"https:\/\/www.actecir.cat\/#organization"},"potentialAction":[{"@type":"SearchAction","target":{"@type":"EntryPoint","urlTemplate":"https:\/\/www.actecir.cat\/?s={search_term_string}"},"query-input":{"@type":"PropertyValueSpecification","valueRequired":true,"valueName":"search_term_string"}}],"inLanguage":"es"},{"@type":"Organization","@id":"https:\/\/www.actecir.cat\/#organization","name":"Actecir","url":"https:\/\/www.actecir.cat\/","logo":{"@type":"ImageObject","inLanguage":"es","@id":"https:\/\/www.actecir.cat\/#\/schema\/logo\/image\/","url":"https:\/\/www.actecir.cat\/wp-content\/uploads\/2023\/04\/cropped-logo_actecir_60_alto.png","contentUrl":"https:\/\/www.actecir.cat\/wp-content\/uploads\/2023\/04\/cropped-logo_actecir_60_alto.png","width":283,"height":80,"caption":"Actecir"},"image":{"@id":"https:\/\/www.actecir.cat\/#\/schema\/logo\/image\/"},"sameAs":["https:\/\/x.com\/actecir","https:\/\/www.linkedin.com\/company\/actecir"]},{"@type":"Person","@id":"https:\/\/www.actecir.cat\/#\/schema\/person\/9a0dbad79e7bde2f4a6be55628a9b04b","name":"Maen Systems","url":"https:\/\/www.actecir.cat\/es\/author\/maen\/"}]}},"_links":{"self":[{"href":"https:\/\/www.actecir.cat\/es\/wp-json\/wp\/v2\/posts\/12723","targetHints":{"allow":["GET"]}}],"collection":[{"href":"https:\/\/www.actecir.cat\/es\/wp-json\/wp\/v2\/posts"}],"about":[{"href":"https:\/\/www.actecir.cat\/es\/wp-json\/wp\/v2\/types\/post"}],"author":[{"embeddable":true,"href":"https:\/\/www.actecir.cat\/es\/wp-json\/wp\/v2\/users\/299"}],"replies":[{"embeddable":true,"href":"https:\/\/www.actecir.cat\/es\/wp-json\/wp\/v2\/comments?post=12723"}],"version-history":[{"count":8,"href":"https:\/\/www.actecir.cat\/es\/wp-json\/wp\/v2\/posts\/12723\/revisions"}],"predecessor-version":[{"id":13200,"href":"https:\/\/www.actecir.cat\/es\/wp-json\/wp\/v2\/posts\/12723\/revisions\/13200"}],"wp:featuredmedia":[{"embeddable":true,"href":"https:\/\/www.actecir.cat\/es\/wp-json\/wp\/v2\/media\/13197"}],"wp:attachment":[{"href":"https:\/\/www.actecir.cat\/es\/wp-json\/wp\/v2\/media?parent=12723"}],"wp:term":[{"taxonomy":"category","embeddable":true,"href":"https:\/\/www.actecir.cat\/es\/wp-json\/wp\/v2\/categories?post=12723"},{"taxonomy":"post_tag","embeddable":true,"href":"https:\/\/www.actecir.cat\/es\/wp-json\/wp\/v2\/tags?post=12723"}],"curies":[{"name":"wp","href":"https:\/\/api.w.org\/{rel}","templated":true}]}}