{"id":12769,"date":"2023-09-13T10:42:23","date_gmt":"2023-09-13T08:42:23","guid":{"rendered":"https:\/\/www.actecir.cat\/?p=12769"},"modified":"2023-09-13T10:42:23","modified_gmt":"2023-09-13T08:42:23","slug":"informe-sobre-la-evolucion-de-la-industria-solar-termica-2023","status":"publish","type":"post","link":"https:\/\/www.actecir.cat\/es\/informe-sobre-la-evolucion-de-la-industria-solar-termica-2023\/","title":{"rendered":"Informe sobre la evoluci\u00f3n de la industria Solar Termica 2023"},"content":{"rendered":"<p>Informe sobre la evoluci\u00f3n de la industria Solar T\u00e9rmica a nivel mundial 2023<\/p>\n<p>Realizado por <a href=\"https:\/\/www.linkedin.com\/company\/iea-shc\/?lipi=urn%3Ali%3Apage%3Ad_flagship3_detail_base%3BpbhB1JKRS4KXETEfzfLSiA%3D%3D\" data-attribute-index=\"1\" data-entity-type=\"MINI_COMPANY\" data-ntt-old-href=\"https:\/\/www.linkedin.com\/company\/iea-shc\/\" data-artdeco-is-focused=\"true\">SHC TCP &#8211; IEA Technology Cooperation Programme on Solar Heating and Cooling<\/a><\/p>\n<ul>\n<li>La capacidad termosolar acumulada en funcionamiento en al cierre de 2022 fue de 542 GWth, 774 millones de metros cuadrados de superficie<\/li>\n<li>Representa un aumento neto de 19 GWth o 27,1 millones Metros cuadrados de \u00e1rea de captaci\u00f3n en 2022.<\/li>\n<li>A pesar de la evoluci\u00f3n generalmente positiva, especialmente, la energ\u00eda solar t\u00e9rmica global se contrajo \ud83d\udcc9 un 9,3% en 2022 en comparaci\u00f3n con<br \/>\n2021.<\/li>\n<li>Esto se debi\u00f3 principalmente al mercado masivo ca\u00eddas en China (-12,4%) e India (-21%).<\/li>\n<li>El rendimiento anual de energ\u00eda solar t\u00e9rmica ascendi\u00f3 a 442 TWh, lo que se correlaciona con un ahorro de 47,48 millones toneladas de petr\u00f3leo y 153,3 millones de toneladas de CO2.<\/li>\n<\/ul>\n<p>&nbsp;<\/p>\n<p><a href=\"https:\/\/www.actecir.cat\/wp-content\/uploads\/2023\/09\/solar_termica_op2c.pdf\"><img fetchpriority=\"high\" decoding=\"async\" class=\"wp-image-12770  aligncenter\" src=\"https:\/\/www.actecir.cat\/wp-content\/uploads\/2023\/09\/solar_termica-1-300x200.jpg\" alt=\"\" width=\"410\" height=\"269\" \/><\/a><\/p>\n<p>&nbsp;<\/p>\n","protected":false},"excerpt":{"rendered":"<p>Informe sobre la evoluci\u00f3n de la industria Solar T\u00e9rmica a nivel mundial 2023 Realizado por SHC TCP &#8211; IEA Technology Cooperation Programme on Solar Heating and Cooling La capacidad termosolar [&hellip;]<\/p>\n","protected":false},"author":299,"featured_media":12770,"comment_status":"closed","ping_status":"closed","sticky":false,"template":"","format":"standard","meta":{"footnotes":""},"categories":[25],"tags":[],"class_list":["post-12769","post","type-post","status-publish","format-standard","has-post-thumbnail","hentry","category-noticias"],"yoast_head":"<!-- This site is optimized with the Yoast SEO plugin v27.2 - https:\/\/yoast.com\/product\/yoast-seo-wordpress\/ -->\n<title>Informe sobre la evoluci\u00f3n de la industria Solar Termica 2023 - Actecir<\/title>\n<meta name=\"robots\" content=\"index, follow, max-snippet:-1, max-image-preview:large, max-video-preview:-1\" \/>\n<link rel=\"canonical\" href=\"https:\/\/www.actecir.cat\/es\/informe-sobre-la-evolucion-de-la-industria-solar-termica-2023\/\" \/>\n<meta property=\"og:locale\" content=\"es_ES\" \/>\n<meta property=\"og:type\" content=\"article\" \/>\n<meta property=\"og:title\" content=\"Informe sobre la evoluci\u00f3n de la industria Solar Termica 2023 - Actecir\" \/>\n<meta property=\"og:description\" content=\"Informe sobre la evoluci\u00f3n de la industria Solar T\u00e9rmica a nivel mundial 2023 Realizado por SHC TCP &#8211; IEA Technology Cooperation Programme on Solar Heating and Cooling La capacidad termosolar [&hellip;]\" \/>\n<meta property=\"og:url\" content=\"https:\/\/www.actecir.cat\/es\/informe-sobre-la-evolucion-de-la-industria-solar-termica-2023\/\" \/>\n<meta property=\"og:site_name\" content=\"Actecir\" \/>\n<meta property=\"article:published_time\" content=\"2023-09-13T08:42:23+00:00\" \/>\n<meta property=\"og:image\" content=\"https:\/\/www.actecir.cat\/wp-content\/uploads\/2023\/09\/solar_termica-1.jpg\" \/>\n\t<meta property=\"og:image:width\" content=\"1200\" \/>\n\t<meta property=\"og:image:height\" content=\"800\" \/>\n\t<meta property=\"og:image:type\" content=\"image\/jpeg\" \/>\n<meta name=\"author\" content=\"Maen Systems\" \/>\n<meta name=\"twitter:card\" content=\"summary_large_image\" \/>\n<meta name=\"twitter:creator\" content=\"@actecir\" \/>\n<meta name=\"twitter:site\" content=\"@actecir\" \/>\n<meta name=\"twitter:label1\" content=\"Escrito por\" \/>\n\t<meta name=\"twitter:data1\" content=\"Maen Systems\" \/>\n\t<meta name=\"twitter:label2\" content=\"Tiempo de lectura\" \/>\n\t<meta name=\"twitter:data2\" content=\"1 minuto\" \/>\n<script type=\"application\/ld+json\" class=\"yoast-schema-graph\">{\"@context\":\"https:\/\/schema.org\",\"@graph\":[{\"@type\":\"Article\",\"@id\":\"https:\/\/www.actecir.cat\/es\/informe-sobre-la-evolucion-de-la-industria-solar-termica-2023\/#article\",\"isPartOf\":{\"@id\":\"https:\/\/www.actecir.cat\/es\/informe-sobre-la-evolucion-de-la-industria-solar-termica-2023\/\"},\"author\":{\"name\":\"Maen Systems\",\"@id\":\"https:\/\/www.actecir.cat\/#\/schema\/person\/9a0dbad79e7bde2f4a6be55628a9b04b\"},\"headline\":\"Informe sobre la evoluci\u00f3n de la industria Solar Termica 2023\",\"datePublished\":\"2023-09-13T08:42:23+00:00\",\"mainEntityOfPage\":{\"@id\":\"https:\/\/www.actecir.cat\/es\/informe-sobre-la-evolucion-de-la-industria-solar-termica-2023\/\"},\"wordCount\":145,\"publisher\":{\"@id\":\"https:\/\/www.actecir.cat\/#organization\"},\"image\":{\"@id\":\"https:\/\/www.actecir.cat\/es\/informe-sobre-la-evolucion-de-la-industria-solar-termica-2023\/#primaryimage\"},\"thumbnailUrl\":\"https:\/\/www.actecir.cat\/wp-content\/uploads\/2023\/09\/solar_termica-1.jpg\",\"articleSection\":[\"Noticias\"],\"inLanguage\":\"es\"},{\"@type\":\"WebPage\",\"@id\":\"https:\/\/www.actecir.cat\/es\/informe-sobre-la-evolucion-de-la-industria-solar-termica-2023\/\",\"url\":\"https:\/\/www.actecir.cat\/es\/informe-sobre-la-evolucion-de-la-industria-solar-termica-2023\/\",\"name\":\"Informe sobre la evoluci\u00f3n de la industria Solar Termica 2023 - Actecir\",\"isPartOf\":{\"@id\":\"https:\/\/www.actecir.cat\/#website\"},\"primaryImageOfPage\":{\"@id\":\"https:\/\/www.actecir.cat\/es\/informe-sobre-la-evolucion-de-la-industria-solar-termica-2023\/#primaryimage\"},\"image\":{\"@id\":\"https:\/\/www.actecir.cat\/es\/informe-sobre-la-evolucion-de-la-industria-solar-termica-2023\/#primaryimage\"},\"thumbnailUrl\":\"https:\/\/www.actecir.cat\/wp-content\/uploads\/2023\/09\/solar_termica-1.jpg\",\"datePublished\":\"2023-09-13T08:42:23+00:00\",\"breadcrumb\":{\"@id\":\"https:\/\/www.actecir.cat\/es\/informe-sobre-la-evolucion-de-la-industria-solar-termica-2023\/#breadcrumb\"},\"inLanguage\":\"es\",\"potentialAction\":[{\"@type\":\"ReadAction\",\"target\":[\"https:\/\/www.actecir.cat\/es\/informe-sobre-la-evolucion-de-la-industria-solar-termica-2023\/\"]}]},{\"@type\":\"ImageObject\",\"inLanguage\":\"es\",\"@id\":\"https:\/\/www.actecir.cat\/es\/informe-sobre-la-evolucion-de-la-industria-solar-termica-2023\/#primaryimage\",\"url\":\"https:\/\/www.actecir.cat\/wp-content\/uploads\/2023\/09\/solar_termica-1.jpg\",\"contentUrl\":\"https:\/\/www.actecir.cat\/wp-content\/uploads\/2023\/09\/solar_termica-1.jpg\",\"width\":1200,\"height\":800},{\"@type\":\"BreadcrumbList\",\"@id\":\"https:\/\/www.actecir.cat\/es\/informe-sobre-la-evolucion-de-la-industria-solar-termica-2023\/#breadcrumb\",\"itemListElement\":[{\"@type\":\"ListItem\",\"position\":1,\"name\":\"Inici\",\"item\":\"https:\/\/www.actecir.cat\/es\/\"},{\"@type\":\"ListItem\",\"position\":2,\"name\":\"Informe sobre la evoluci\u00f3n de la industria Solar Termica 2023\"}]},{\"@type\":\"WebSite\",\"@id\":\"https:\/\/www.actecir.cat\/#website\",\"url\":\"https:\/\/www.actecir.cat\/\",\"name\":\"Actecir\",\"description\":\"Associaci\u00f3 Catalana de T\u00e8cnics en Energia, Climatitzaci\u00f3 i Refrigeraci\u00f3\",\"publisher\":{\"@id\":\"https:\/\/www.actecir.cat\/#organization\"},\"potentialAction\":[{\"@type\":\"SearchAction\",\"target\":{\"@type\":\"EntryPoint\",\"urlTemplate\":\"https:\/\/www.actecir.cat\/?s={search_term_string}\"},\"query-input\":{\"@type\":\"PropertyValueSpecification\",\"valueRequired\":true,\"valueName\":\"search_term_string\"}}],\"inLanguage\":\"es\"},{\"@type\":\"Organization\",\"@id\":\"https:\/\/www.actecir.cat\/#organization\",\"name\":\"Actecir\",\"url\":\"https:\/\/www.actecir.cat\/\",\"logo\":{\"@type\":\"ImageObject\",\"inLanguage\":\"es\",\"@id\":\"https:\/\/www.actecir.cat\/#\/schema\/logo\/image\/\",\"url\":\"https:\/\/www.actecir.cat\/wp-content\/uploads\/2023\/04\/cropped-logo_actecir_60_alto.png\",\"contentUrl\":\"https:\/\/www.actecir.cat\/wp-content\/uploads\/2023\/04\/cropped-logo_actecir_60_alto.png\",\"width\":283,\"height\":80,\"caption\":\"Actecir\"},\"image\":{\"@id\":\"https:\/\/www.actecir.cat\/#\/schema\/logo\/image\/\"},\"sameAs\":[\"https:\/\/x.com\/actecir\",\"https:\/\/www.linkedin.com\/company\/actecir\"]},{\"@type\":\"Person\",\"@id\":\"https:\/\/www.actecir.cat\/#\/schema\/person\/9a0dbad79e7bde2f4a6be55628a9b04b\",\"name\":\"Maen Systems\",\"url\":\"https:\/\/www.actecir.cat\/es\/author\/maen\/\"}]}<\/script>\n<!-- \/ Yoast SEO plugin. -->","yoast_head_json":{"title":"Informe sobre la evoluci\u00f3n de la industria Solar Termica 2023 - Actecir","robots":{"index":"index","follow":"follow","max-snippet":"max-snippet:-1","max-image-preview":"max-image-preview:large","max-video-preview":"max-video-preview:-1"},"canonical":"https:\/\/www.actecir.cat\/es\/informe-sobre-la-evolucion-de-la-industria-solar-termica-2023\/","og_locale":"es_ES","og_type":"article","og_title":"Informe sobre la evoluci\u00f3n de la industria Solar Termica 2023 - Actecir","og_description":"Informe sobre la evoluci\u00f3n de la industria Solar T\u00e9rmica a nivel mundial 2023 Realizado por SHC TCP &#8211; IEA Technology Cooperation Programme on Solar Heating and Cooling La capacidad termosolar [&hellip;]","og_url":"https:\/\/www.actecir.cat\/es\/informe-sobre-la-evolucion-de-la-industria-solar-termica-2023\/","og_site_name":"Actecir","article_published_time":"2023-09-13T08:42:23+00:00","og_image":[{"width":1200,"height":800,"url":"https:\/\/www.actecir.cat\/wp-content\/uploads\/2023\/09\/solar_termica-1.jpg","type":"image\/jpeg"}],"author":"Maen Systems","twitter_card":"summary_large_image","twitter_creator":"@actecir","twitter_site":"@actecir","twitter_misc":{"Escrito por":"Maen Systems","Tiempo de lectura":"1 minuto"},"schema":{"@context":"https:\/\/schema.org","@graph":[{"@type":"Article","@id":"https:\/\/www.actecir.cat\/es\/informe-sobre-la-evolucion-de-la-industria-solar-termica-2023\/#article","isPartOf":{"@id":"https:\/\/www.actecir.cat\/es\/informe-sobre-la-evolucion-de-la-industria-solar-termica-2023\/"},"author":{"name":"Maen Systems","@id":"https:\/\/www.actecir.cat\/#\/schema\/person\/9a0dbad79e7bde2f4a6be55628a9b04b"},"headline":"Informe sobre la evoluci\u00f3n de la industria Solar Termica 2023","datePublished":"2023-09-13T08:42:23+00:00","mainEntityOfPage":{"@id":"https:\/\/www.actecir.cat\/es\/informe-sobre-la-evolucion-de-la-industria-solar-termica-2023\/"},"wordCount":145,"publisher":{"@id":"https:\/\/www.actecir.cat\/#organization"},"image":{"@id":"https:\/\/www.actecir.cat\/es\/informe-sobre-la-evolucion-de-la-industria-solar-termica-2023\/#primaryimage"},"thumbnailUrl":"https:\/\/www.actecir.cat\/wp-content\/uploads\/2023\/09\/solar_termica-1.jpg","articleSection":["Noticias"],"inLanguage":"es"},{"@type":"WebPage","@id":"https:\/\/www.actecir.cat\/es\/informe-sobre-la-evolucion-de-la-industria-solar-termica-2023\/","url":"https:\/\/www.actecir.cat\/es\/informe-sobre-la-evolucion-de-la-industria-solar-termica-2023\/","name":"Informe sobre la evoluci\u00f3n de la industria Solar Termica 2023 - Actecir","isPartOf":{"@id":"https:\/\/www.actecir.cat\/#website"},"primaryImageOfPage":{"@id":"https:\/\/www.actecir.cat\/es\/informe-sobre-la-evolucion-de-la-industria-solar-termica-2023\/#primaryimage"},"image":{"@id":"https:\/\/www.actecir.cat\/es\/informe-sobre-la-evolucion-de-la-industria-solar-termica-2023\/#primaryimage"},"thumbnailUrl":"https:\/\/www.actecir.cat\/wp-content\/uploads\/2023\/09\/solar_termica-1.jpg","datePublished":"2023-09-13T08:42:23+00:00","breadcrumb":{"@id":"https:\/\/www.actecir.cat\/es\/informe-sobre-la-evolucion-de-la-industria-solar-termica-2023\/#breadcrumb"},"inLanguage":"es","potentialAction":[{"@type":"ReadAction","target":["https:\/\/www.actecir.cat\/es\/informe-sobre-la-evolucion-de-la-industria-solar-termica-2023\/"]}]},{"@type":"ImageObject","inLanguage":"es","@id":"https:\/\/www.actecir.cat\/es\/informe-sobre-la-evolucion-de-la-industria-solar-termica-2023\/#primaryimage","url":"https:\/\/www.actecir.cat\/wp-content\/uploads\/2023\/09\/solar_termica-1.jpg","contentUrl":"https:\/\/www.actecir.cat\/wp-content\/uploads\/2023\/09\/solar_termica-1.jpg","width":1200,"height":800},{"@type":"BreadcrumbList","@id":"https:\/\/www.actecir.cat\/es\/informe-sobre-la-evolucion-de-la-industria-solar-termica-2023\/#breadcrumb","itemListElement":[{"@type":"ListItem","position":1,"name":"Inici","item":"https:\/\/www.actecir.cat\/es\/"},{"@type":"ListItem","position":2,"name":"Informe sobre la evoluci\u00f3n de la industria Solar Termica 2023"}]},{"@type":"WebSite","@id":"https:\/\/www.actecir.cat\/#website","url":"https:\/\/www.actecir.cat\/","name":"Actecir","description":"Associaci\u00f3 Catalana de T\u00e8cnics en Energia, Climatitzaci\u00f3 i Refrigeraci\u00f3","publisher":{"@id":"https:\/\/www.actecir.cat\/#organization"},"potentialAction":[{"@type":"SearchAction","target":{"@type":"EntryPoint","urlTemplate":"https:\/\/www.actecir.cat\/?s={search_term_string}"},"query-input":{"@type":"PropertyValueSpecification","valueRequired":true,"valueName":"search_term_string"}}],"inLanguage":"es"},{"@type":"Organization","@id":"https:\/\/www.actecir.cat\/#organization","name":"Actecir","url":"https:\/\/www.actecir.cat\/","logo":{"@type":"ImageObject","inLanguage":"es","@id":"https:\/\/www.actecir.cat\/#\/schema\/logo\/image\/","url":"https:\/\/www.actecir.cat\/wp-content\/uploads\/2023\/04\/cropped-logo_actecir_60_alto.png","contentUrl":"https:\/\/www.actecir.cat\/wp-content\/uploads\/2023\/04\/cropped-logo_actecir_60_alto.png","width":283,"height":80,"caption":"Actecir"},"image":{"@id":"https:\/\/www.actecir.cat\/#\/schema\/logo\/image\/"},"sameAs":["https:\/\/x.com\/actecir","https:\/\/www.linkedin.com\/company\/actecir"]},{"@type":"Person","@id":"https:\/\/www.actecir.cat\/#\/schema\/person\/9a0dbad79e7bde2f4a6be55628a9b04b","name":"Maen Systems","url":"https:\/\/www.actecir.cat\/es\/author\/maen\/"}]}},"_links":{"self":[{"href":"https:\/\/www.actecir.cat\/es\/wp-json\/wp\/v2\/posts\/12769","targetHints":{"allow":["GET"]}}],"collection":[{"href":"https:\/\/www.actecir.cat\/es\/wp-json\/wp\/v2\/posts"}],"about":[{"href":"https:\/\/www.actecir.cat\/es\/wp-json\/wp\/v2\/types\/post"}],"author":[{"embeddable":true,"href":"https:\/\/www.actecir.cat\/es\/wp-json\/wp\/v2\/users\/299"}],"replies":[{"embeddable":true,"href":"https:\/\/www.actecir.cat\/es\/wp-json\/wp\/v2\/comments?post=12769"}],"version-history":[{"count":2,"href":"https:\/\/www.actecir.cat\/es\/wp-json\/wp\/v2\/posts\/12769\/revisions"}],"predecessor-version":[{"id":12775,"href":"https:\/\/www.actecir.cat\/es\/wp-json\/wp\/v2\/posts\/12769\/revisions\/12775"}],"wp:featuredmedia":[{"embeddable":true,"href":"https:\/\/www.actecir.cat\/es\/wp-json\/wp\/v2\/media\/12770"}],"wp:attachment":[{"href":"https:\/\/www.actecir.cat\/es\/wp-json\/wp\/v2\/media?parent=12769"}],"wp:term":[{"taxonomy":"category","embeddable":true,"href":"https:\/\/www.actecir.cat\/es\/wp-json\/wp\/v2\/categories?post=12769"},{"taxonomy":"post_tag","embeddable":true,"href":"https:\/\/www.actecir.cat\/es\/wp-json\/wp\/v2\/tags?post=12769"}],"curies":[{"name":"wp","href":"https:\/\/api.w.org\/{rel}","templated":true}]}}