{"id":12826,"date":"2023-09-26T13:12:14","date_gmt":"2023-09-26T11:12:14","guid":{"rendered":"https:\/\/www.actecir.cat\/?p=12826"},"modified":"2023-09-26T13:14:54","modified_gmt":"2023-09-26T11:14:54","slug":"tecnico-a-especialista-climatizacion-oficina-tecnica-eurod","status":"publish","type":"post","link":"https:\/\/www.actecir.cat\/es\/tecnico-a-especialista-climatizacion-oficina-tecnica-eurod\/","title":{"rendered":"EUROFRED: T\u00e9cnico\/a especialista Climatizaci\u00f3n"},"content":{"rendered":"<p><strong>T\u00e9cnico\/a especialista Climatizaci\u00f3n \u2013 Oficina T\u00e9cnica<\/strong><\/p>\n<p><strong>EUROFRED S.A.<\/strong><\/p>\n<p>Formando parte del equipo t\u00e9cnico (Preventa) de la compa\u00f1\u00eda,\u00a0el\u00a0T\u00e9cnico\/a de Oficina T\u00e9cnica se responsabilizar\u00e1 de asesorar t\u00e9cnicamente a red comercial y clientes as\u00ed como de la elaboraci\u00f3n de estudios y proyectos.<\/p>\n<p><strong>Funciones y responsabilidades: <\/strong><\/p>\n<ul>\n<li>Asesoramiento t\u00e9cnico al equipo de ingenieros de venta, red comercial y al cliente externo (instaladores e ingenier\u00edas).<\/li>\n<li>Desarrollo de esquemas, proyectos, justificaciones y c\u00e1lculo de cargas t\u00e9rmicas.<\/li>\n<li>Desarrollo de estudios, ofertas y comparativas desde el punto de vista t\u00e9cnico.<\/li>\n<li>Redacci\u00f3n y presentaci\u00f3n de informes t\u00e9cnicos a ingenier\u00edas.<\/li>\n<li>Coordinaci\u00f3n y seguimiento de procesos, incidencias, mejoras, novedades, etc. con el equipo de Sales Management.<\/li>\n<li>Visita de obra en acompa\u00f1amiento a red comercial.<\/li>\n<li>Elaboraci\u00f3n y revisi\u00f3n de tablas t\u00e9cnicas de cat\u00e1logos y folletos t\u00e9cnicos.<\/li>\n<li>Proporcionar precio de determinadas gamas de producto especial.<\/li>\n<li>Formaciones de producto y softwares de c\u00e1lculo al equipo comercial\/clientes.<\/li>\n<li>Contacto con proveedores para consultas de producto y formaciones.<\/li>\n<\/ul>\n<p><strong>Requisitos: <\/strong><\/p>\n<ul>\n<li>Pensamos en una persona con\u00a0formaci\u00f3n t\u00e9cnica a nivel de Ciclo Formativo Grado superior en:\n<ul>\n<li>Mantenimiento y montaje de instalaciones de edificios \/ Mantenimiento de instalaciones t\u00e9rmicas y de fluidos \/ Desarrollo de Proyectos de instalaciones t\u00e9rmicas y de fluidos o similar.<\/li>\n<li>Se valorar\u00e1 especialmente formaci\u00f3n a nivel de Grado en Ingenier\u00eda.<\/li>\n<\/ul>\n<\/li>\n<li>Nivel medio de ingl\u00e9s.<\/li>\n<li>Deber\u00e1 aportar experiencia previa m\u00ednima de un a\u00f1o realizando funciones similares en al \u00e1mbito de la climatizaci\u00f3n.<\/li>\n<\/ul>\n<p><strong>Ofrecemos: <\/strong><\/p>\n<ul>\n<li>Jornada completa de lunes a viernes.<\/li>\n<li>Estabilidad laboral.<\/li>\n<li>Medidas de flexibilidad y conciliaci\u00f3n<\/li>\n<li>Retribuci\u00f3n competitiva acorde a formaci\u00f3n y experiencia.<\/li>\n<li>Centro de trabajo: Barcelona<\/li>\n<\/ul>\n<p><strong>Personas interesadas enviar CV a la siguiente direcci\u00f3n: <\/strong><\/p>\n<ul>\n<li><a href=\"mailto:personas@eurofred.com\">personas@eurofred.com<\/a><\/li>\n<li>Referencia: Presalesactecir<\/li>\n<\/ul>\n","protected":false},"excerpt":{"rendered":"<p>T\u00e9cnico\/a especialista Climatizaci\u00f3n \u2013 Oficina T\u00e9cnica EUROFRED S.A. Formando parte del equipo t\u00e9cnico (Preventa) de la compa\u00f1\u00eda,\u00a0el\u00a0T\u00e9cnico\/a de Oficina T\u00e9cnica se responsabilizar\u00e1 de asesorar t\u00e9cnicamente a red comercial y clientes [&hellip;]<\/p>\n","protected":false},"author":299,"featured_media":0,"comment_status":"closed","ping_status":"closed","sticky":false,"template":"","format":"standard","meta":{"footnotes":""},"categories":[66,90],"tags":[],"class_list":["post-12826","post","type-post","status-publish","format-standard","hentry","category-bolsa-de-trabajo","category-ofertas"],"yoast_head":"<!-- This site is optimized with the Yoast SEO plugin v27.2 - https:\/\/yoast.com\/product\/yoast-seo-wordpress\/ -->\n<title>EUROFRED: T\u00e9cnico\/a especialista Climatizaci\u00f3n - Actecir<\/title>\n<meta name=\"robots\" content=\"index, follow, max-snippet:-1, max-image-preview:large, max-video-preview:-1\" \/>\n<link rel=\"canonical\" href=\"https:\/\/www.actecir.cat\/es\/tecnico-a-especialista-climatizacion-oficina-tecnica-eurod\/\" \/>\n<meta property=\"og:locale\" content=\"es_ES\" \/>\n<meta property=\"og:type\" content=\"article\" \/>\n<meta property=\"og:title\" content=\"EUROFRED: T\u00e9cnico\/a especialista Climatizaci\u00f3n - Actecir\" \/>\n<meta property=\"og:description\" content=\"T\u00e9cnico\/a especialista Climatizaci\u00f3n \u2013 Oficina T\u00e9cnica EUROFRED S.A. Formando parte del equipo t\u00e9cnico (Preventa) de la compa\u00f1\u00eda,\u00a0el\u00a0T\u00e9cnico\/a de Oficina T\u00e9cnica se responsabilizar\u00e1 de asesorar t\u00e9cnicamente a red comercial y clientes [&hellip;]\" \/>\n<meta property=\"og:url\" content=\"https:\/\/www.actecir.cat\/es\/tecnico-a-especialista-climatizacion-oficina-tecnica-eurod\/\" \/>\n<meta property=\"og:site_name\" content=\"Actecir\" \/>\n<meta property=\"article:published_time\" content=\"2023-09-26T11:12:14+00:00\" \/>\n<meta property=\"article:modified_time\" content=\"2023-09-26T11:14:54+00:00\" \/>\n<meta name=\"author\" content=\"Maen Systems\" \/>\n<meta name=\"twitter:card\" content=\"summary_large_image\" \/>\n<meta name=\"twitter:creator\" content=\"@actecir\" \/>\n<meta name=\"twitter:site\" content=\"@actecir\" \/>\n<meta name=\"twitter:label1\" content=\"Escrito por\" \/>\n\t<meta name=\"twitter:data1\" content=\"Maen Systems\" \/>\n\t<meta name=\"twitter:label2\" content=\"Tiempo de lectura\" \/>\n\t<meta name=\"twitter:data2\" content=\"2 minutos\" \/>\n<script type=\"application\/ld+json\" class=\"yoast-schema-graph\">{\"@context\":\"https:\/\/schema.org\",\"@graph\":[{\"@type\":\"Article\",\"@id\":\"https:\/\/www.actecir.cat\/es\/tecnico-a-especialista-climatizacion-oficina-tecnica-eurod\/#article\",\"isPartOf\":{\"@id\":\"https:\/\/www.actecir.cat\/es\/tecnico-a-especialista-climatizacion-oficina-tecnica-eurod\/\"},\"author\":{\"name\":\"Maen Systems\",\"@id\":\"https:\/\/www.actecir.cat\/#\/schema\/person\/9a0dbad79e7bde2f4a6be55628a9b04b\"},\"headline\":\"EUROFRED: T\u00e9cnico\/a especialista Climatizaci\u00f3n\",\"datePublished\":\"2023-09-26T11:12:14+00:00\",\"dateModified\":\"2023-09-26T11:14:54+00:00\",\"mainEntityOfPage\":{\"@id\":\"https:\/\/www.actecir.cat\/es\/tecnico-a-especialista-climatizacion-oficina-tecnica-eurod\/\"},\"wordCount\":312,\"publisher\":{\"@id\":\"https:\/\/www.actecir.cat\/#organization\"},\"articleSection\":[\"Bolsa de trabajo\",\"Ofertas\"],\"inLanguage\":\"es\"},{\"@type\":\"WebPage\",\"@id\":\"https:\/\/www.actecir.cat\/es\/tecnico-a-especialista-climatizacion-oficina-tecnica-eurod\/\",\"url\":\"https:\/\/www.actecir.cat\/es\/tecnico-a-especialista-climatizacion-oficina-tecnica-eurod\/\",\"name\":\"EUROFRED: T\u00e9cnico\/a especialista Climatizaci\u00f3n - Actecir\",\"isPartOf\":{\"@id\":\"https:\/\/www.actecir.cat\/#website\"},\"datePublished\":\"2023-09-26T11:12:14+00:00\",\"dateModified\":\"2023-09-26T11:14:54+00:00\",\"breadcrumb\":{\"@id\":\"https:\/\/www.actecir.cat\/es\/tecnico-a-especialista-climatizacion-oficina-tecnica-eurod\/#breadcrumb\"},\"inLanguage\":\"es\",\"potentialAction\":[{\"@type\":\"ReadAction\",\"target\":[\"https:\/\/www.actecir.cat\/es\/tecnico-a-especialista-climatizacion-oficina-tecnica-eurod\/\"]}]},{\"@type\":\"BreadcrumbList\",\"@id\":\"https:\/\/www.actecir.cat\/es\/tecnico-a-especialista-climatizacion-oficina-tecnica-eurod\/#breadcrumb\",\"itemListElement\":[{\"@type\":\"ListItem\",\"position\":1,\"name\":\"Inici\",\"item\":\"https:\/\/www.actecir.cat\/es\/\"},{\"@type\":\"ListItem\",\"position\":2,\"name\":\"EUROFRED: T\u00e9cnico\/a especialista Climatizaci\u00f3n\"}]},{\"@type\":\"WebSite\",\"@id\":\"https:\/\/www.actecir.cat\/#website\",\"url\":\"https:\/\/www.actecir.cat\/\",\"name\":\"Actecir\",\"description\":\"Associaci\u00f3 Catalana de T\u00e8cnics en Energia, Climatitzaci\u00f3 i Refrigeraci\u00f3\",\"publisher\":{\"@id\":\"https:\/\/www.actecir.cat\/#organization\"},\"potentialAction\":[{\"@type\":\"SearchAction\",\"target\":{\"@type\":\"EntryPoint\",\"urlTemplate\":\"https:\/\/www.actecir.cat\/?s={search_term_string}\"},\"query-input\":{\"@type\":\"PropertyValueSpecification\",\"valueRequired\":true,\"valueName\":\"search_term_string\"}}],\"inLanguage\":\"es\"},{\"@type\":\"Organization\",\"@id\":\"https:\/\/www.actecir.cat\/#organization\",\"name\":\"Actecir\",\"url\":\"https:\/\/www.actecir.cat\/\",\"logo\":{\"@type\":\"ImageObject\",\"inLanguage\":\"es\",\"@id\":\"https:\/\/www.actecir.cat\/#\/schema\/logo\/image\/\",\"url\":\"https:\/\/www.actecir.cat\/wp-content\/uploads\/2023\/04\/cropped-logo_actecir_60_alto.png\",\"contentUrl\":\"https:\/\/www.actecir.cat\/wp-content\/uploads\/2023\/04\/cropped-logo_actecir_60_alto.png\",\"width\":283,\"height\":80,\"caption\":\"Actecir\"},\"image\":{\"@id\":\"https:\/\/www.actecir.cat\/#\/schema\/logo\/image\/\"},\"sameAs\":[\"https:\/\/x.com\/actecir\",\"https:\/\/www.linkedin.com\/company\/actecir\"]},{\"@type\":\"Person\",\"@id\":\"https:\/\/www.actecir.cat\/#\/schema\/person\/9a0dbad79e7bde2f4a6be55628a9b04b\",\"name\":\"Maen Systems\",\"url\":\"https:\/\/www.actecir.cat\/es\/author\/maen\/\"}]}<\/script>\n<!-- \/ Yoast SEO plugin. -->","yoast_head_json":{"title":"EUROFRED: T\u00e9cnico\/a especialista Climatizaci\u00f3n - Actecir","robots":{"index":"index","follow":"follow","max-snippet":"max-snippet:-1","max-image-preview":"max-image-preview:large","max-video-preview":"max-video-preview:-1"},"canonical":"https:\/\/www.actecir.cat\/es\/tecnico-a-especialista-climatizacion-oficina-tecnica-eurod\/","og_locale":"es_ES","og_type":"article","og_title":"EUROFRED: T\u00e9cnico\/a especialista Climatizaci\u00f3n - Actecir","og_description":"T\u00e9cnico\/a especialista Climatizaci\u00f3n \u2013 Oficina T\u00e9cnica EUROFRED S.A. Formando parte del equipo t\u00e9cnico (Preventa) de la compa\u00f1\u00eda,\u00a0el\u00a0T\u00e9cnico\/a de Oficina T\u00e9cnica se responsabilizar\u00e1 de asesorar t\u00e9cnicamente a red comercial y clientes [&hellip;]","og_url":"https:\/\/www.actecir.cat\/es\/tecnico-a-especialista-climatizacion-oficina-tecnica-eurod\/","og_site_name":"Actecir","article_published_time":"2023-09-26T11:12:14+00:00","article_modified_time":"2023-09-26T11:14:54+00:00","author":"Maen Systems","twitter_card":"summary_large_image","twitter_creator":"@actecir","twitter_site":"@actecir","twitter_misc":{"Escrito por":"Maen Systems","Tiempo de lectura":"2 minutos"},"schema":{"@context":"https:\/\/schema.org","@graph":[{"@type":"Article","@id":"https:\/\/www.actecir.cat\/es\/tecnico-a-especialista-climatizacion-oficina-tecnica-eurod\/#article","isPartOf":{"@id":"https:\/\/www.actecir.cat\/es\/tecnico-a-especialista-climatizacion-oficina-tecnica-eurod\/"},"author":{"name":"Maen Systems","@id":"https:\/\/www.actecir.cat\/#\/schema\/person\/9a0dbad79e7bde2f4a6be55628a9b04b"},"headline":"EUROFRED: T\u00e9cnico\/a especialista Climatizaci\u00f3n","datePublished":"2023-09-26T11:12:14+00:00","dateModified":"2023-09-26T11:14:54+00:00","mainEntityOfPage":{"@id":"https:\/\/www.actecir.cat\/es\/tecnico-a-especialista-climatizacion-oficina-tecnica-eurod\/"},"wordCount":312,"publisher":{"@id":"https:\/\/www.actecir.cat\/#organization"},"articleSection":["Bolsa de trabajo","Ofertas"],"inLanguage":"es"},{"@type":"WebPage","@id":"https:\/\/www.actecir.cat\/es\/tecnico-a-especialista-climatizacion-oficina-tecnica-eurod\/","url":"https:\/\/www.actecir.cat\/es\/tecnico-a-especialista-climatizacion-oficina-tecnica-eurod\/","name":"EUROFRED: T\u00e9cnico\/a especialista Climatizaci\u00f3n - Actecir","isPartOf":{"@id":"https:\/\/www.actecir.cat\/#website"},"datePublished":"2023-09-26T11:12:14+00:00","dateModified":"2023-09-26T11:14:54+00:00","breadcrumb":{"@id":"https:\/\/www.actecir.cat\/es\/tecnico-a-especialista-climatizacion-oficina-tecnica-eurod\/#breadcrumb"},"inLanguage":"es","potentialAction":[{"@type":"ReadAction","target":["https:\/\/www.actecir.cat\/es\/tecnico-a-especialista-climatizacion-oficina-tecnica-eurod\/"]}]},{"@type":"BreadcrumbList","@id":"https:\/\/www.actecir.cat\/es\/tecnico-a-especialista-climatizacion-oficina-tecnica-eurod\/#breadcrumb","itemListElement":[{"@type":"ListItem","position":1,"name":"Inici","item":"https:\/\/www.actecir.cat\/es\/"},{"@type":"ListItem","position":2,"name":"EUROFRED: T\u00e9cnico\/a especialista Climatizaci\u00f3n"}]},{"@type":"WebSite","@id":"https:\/\/www.actecir.cat\/#website","url":"https:\/\/www.actecir.cat\/","name":"Actecir","description":"Associaci\u00f3 Catalana de T\u00e8cnics en Energia, Climatitzaci\u00f3 i Refrigeraci\u00f3","publisher":{"@id":"https:\/\/www.actecir.cat\/#organization"},"potentialAction":[{"@type":"SearchAction","target":{"@type":"EntryPoint","urlTemplate":"https:\/\/www.actecir.cat\/?s={search_term_string}"},"query-input":{"@type":"PropertyValueSpecification","valueRequired":true,"valueName":"search_term_string"}}],"inLanguage":"es"},{"@type":"Organization","@id":"https:\/\/www.actecir.cat\/#organization","name":"Actecir","url":"https:\/\/www.actecir.cat\/","logo":{"@type":"ImageObject","inLanguage":"es","@id":"https:\/\/www.actecir.cat\/#\/schema\/logo\/image\/","url":"https:\/\/www.actecir.cat\/wp-content\/uploads\/2023\/04\/cropped-logo_actecir_60_alto.png","contentUrl":"https:\/\/www.actecir.cat\/wp-content\/uploads\/2023\/04\/cropped-logo_actecir_60_alto.png","width":283,"height":80,"caption":"Actecir"},"image":{"@id":"https:\/\/www.actecir.cat\/#\/schema\/logo\/image\/"},"sameAs":["https:\/\/x.com\/actecir","https:\/\/www.linkedin.com\/company\/actecir"]},{"@type":"Person","@id":"https:\/\/www.actecir.cat\/#\/schema\/person\/9a0dbad79e7bde2f4a6be55628a9b04b","name":"Maen Systems","url":"https:\/\/www.actecir.cat\/es\/author\/maen\/"}]}},"_links":{"self":[{"href":"https:\/\/www.actecir.cat\/es\/wp-json\/wp\/v2\/posts\/12826","targetHints":{"allow":["GET"]}}],"collection":[{"href":"https:\/\/www.actecir.cat\/es\/wp-json\/wp\/v2\/posts"}],"about":[{"href":"https:\/\/www.actecir.cat\/es\/wp-json\/wp\/v2\/types\/post"}],"author":[{"embeddable":true,"href":"https:\/\/www.actecir.cat\/es\/wp-json\/wp\/v2\/users\/299"}],"replies":[{"embeddable":true,"href":"https:\/\/www.actecir.cat\/es\/wp-json\/wp\/v2\/comments?post=12826"}],"version-history":[{"count":3,"href":"https:\/\/www.actecir.cat\/es\/wp-json\/wp\/v2\/posts\/12826\/revisions"}],"predecessor-version":[{"id":12829,"href":"https:\/\/www.actecir.cat\/es\/wp-json\/wp\/v2\/posts\/12826\/revisions\/12829"}],"wp:attachment":[{"href":"https:\/\/www.actecir.cat\/es\/wp-json\/wp\/v2\/media?parent=12826"}],"wp:term":[{"taxonomy":"category","embeddable":true,"href":"https:\/\/www.actecir.cat\/es\/wp-json\/wp\/v2\/categories?post=12826"},{"taxonomy":"post_tag","embeddable":true,"href":"https:\/\/www.actecir.cat\/es\/wp-json\/wp\/v2\/tags?post=12826"}],"curies":[{"name":"wp","href":"https:\/\/api.w.org\/{rel}","templated":true}]}}