{"id":13280,"date":"2023-10-31T13:03:17","date_gmt":"2023-10-31T12:03:17","guid":{"rendered":"https:\/\/www.actecir.cat\/ponencias-feria-efintec-actecir\/"},"modified":"2023-10-31T13:11:48","modified_gmt":"2023-10-31T12:11:48","slug":"ponencies-fira-efintec-actecir-2","status":"publish","type":"post","link":"https:\/\/www.actecir.cat\/es\/ponencies-fira-efintec-actecir-2\/","title":{"rendered":"Ponencias Feria EFINTEC -ACTECIR"},"content":{"rendered":"<h2 style=\"text-align: center;\"><span style=\"color: #0000ff;\"><strong>Ya disponibles en nuestro canal de YouTube<\/strong><\/span><\/h2>\n<p><a href=\"https:\/\/www.youtube.com\/channel\/UCkMdgTwdyT0N2DjwyLEM-IA\" target=\"_blank\" rel=\"noopener\"><img fetchpriority=\"high\" decoding=\"async\" class=\"aligncenter wp-image-13274 size-large\" src=\"https:\/\/www.actecir.cat\/wp-content\/uploads\/2023\/10\/youtubeACTECIR2-04-3-1024x198.jpg\" alt=\"\" width=\"800\" height=\"155\" srcset=\"https:\/\/www.actecir.cat\/wp-content\/uploads\/2023\/10\/youtubeACTECIR2-04-3-1024x198.jpg 1024w, https:\/\/www.actecir.cat\/wp-content\/uploads\/2023\/10\/youtubeACTECIR2-04-3-300x58.jpg 300w, https:\/\/www.actecir.cat\/wp-content\/uploads\/2023\/10\/youtubeACTECIR2-04-3-768x149.jpg 768w, https:\/\/www.actecir.cat\/wp-content\/uploads\/2023\/10\/youtubeACTECIR2-04-3-1536x297.jpg 1536w, https:\/\/www.actecir.cat\/wp-content\/uploads\/2023\/10\/youtubeACTECIR2-04-3-2048x396.jpg 2048w\" sizes=\"(max-width: 800px) 100vw, 800px\" \/><\/a><\/p>\n","protected":false},"excerpt":{"rendered":"<p>Ya disponibles en nuestro canal de YouTube<\/p>\n","protected":false},"author":299,"featured_media":13252,"comment_status":"closed","ping_status":"closed","sticky":false,"template":"","format":"standard","meta":{"footnotes":""},"categories":[25],"tags":[],"class_list":["post-13280","post","type-post","status-publish","format-standard","has-post-thumbnail","hentry","category-noticias"],"yoast_head":"<!-- This site is optimized with the Yoast SEO plugin v27.2 - https:\/\/yoast.com\/product\/yoast-seo-wordpress\/ -->\n<title>Ponencias Feria EFINTEC -ACTECIR - Actecir<\/title>\n<meta name=\"robots\" content=\"index, follow, max-snippet:-1, max-image-preview:large, max-video-preview:-1\" \/>\n<link rel=\"canonical\" href=\"https:\/\/www.actecir.cat\/es\/ponencies-fira-efintec-actecir-2\/\" \/>\n<meta property=\"og:locale\" content=\"es_ES\" \/>\n<meta property=\"og:type\" content=\"article\" \/>\n<meta property=\"og:title\" content=\"Ponencias Feria EFINTEC -ACTECIR - Actecir\" \/>\n<meta property=\"og:description\" content=\"Ya disponibles en nuestro canal de YouTube\" \/>\n<meta property=\"og:url\" content=\"https:\/\/www.actecir.cat\/es\/ponencies-fira-efintec-actecir-2\/\" \/>\n<meta property=\"og:site_name\" content=\"Actecir\" \/>\n<meta property=\"article:published_time\" content=\"2023-10-31T12:03:17+00:00\" \/>\n<meta property=\"article:modified_time\" content=\"2023-10-31T12:11:48+00:00\" \/>\n<meta property=\"og:image\" content=\"https:\/\/www.actecir.cat\/wp-content\/uploads\/2023\/10\/Banner_600x400-px_cAST.jpg\" \/>\n\t<meta property=\"og:image:width\" content=\"600\" \/>\n\t<meta property=\"og:image:height\" content=\"410\" \/>\n\t<meta property=\"og:image:type\" content=\"image\/jpeg\" \/>\n<meta name=\"author\" content=\"Maen Systems\" \/>\n<meta name=\"twitter:card\" content=\"summary_large_image\" \/>\n<meta name=\"twitter:creator\" content=\"@actecir\" \/>\n<meta name=\"twitter:site\" content=\"@actecir\" \/>\n<meta name=\"twitter:label1\" content=\"Escrito por\" \/>\n\t<meta name=\"twitter:data1\" content=\"Maen Systems\" \/>\n<script type=\"application\/ld+json\" class=\"yoast-schema-graph\">{\"@context\":\"https:\/\/schema.org\",\"@graph\":[{\"@type\":\"Article\",\"@id\":\"https:\/\/www.actecir.cat\/es\/ponencies-fira-efintec-actecir-2\/#article\",\"isPartOf\":{\"@id\":\"https:\/\/www.actecir.cat\/es\/ponencies-fira-efintec-actecir-2\/\"},\"author\":{\"name\":\"Maen Systems\",\"@id\":\"https:\/\/www.actecir.cat\/#\/schema\/person\/9a0dbad79e7bde2f4a6be55628a9b04b\"},\"headline\":\"Ponencias Feria EFINTEC -ACTECIR\",\"datePublished\":\"2023-10-31T12:03:17+00:00\",\"dateModified\":\"2023-10-31T12:11:48+00:00\",\"mainEntityOfPage\":{\"@id\":\"https:\/\/www.actecir.cat\/es\/ponencies-fira-efintec-actecir-2\/\"},\"wordCount\":11,\"publisher\":{\"@id\":\"https:\/\/www.actecir.cat\/#organization\"},\"image\":{\"@id\":\"https:\/\/www.actecir.cat\/es\/ponencies-fira-efintec-actecir-2\/#primaryimage\"},\"thumbnailUrl\":\"https:\/\/www.actecir.cat\/wp-content\/uploads\/2023\/10\/Banner_600x400-px_cAST.jpg\",\"articleSection\":[\"Noticias\"],\"inLanguage\":\"es\"},{\"@type\":\"WebPage\",\"@id\":\"https:\/\/www.actecir.cat\/es\/ponencies-fira-efintec-actecir-2\/\",\"url\":\"https:\/\/www.actecir.cat\/es\/ponencies-fira-efintec-actecir-2\/\",\"name\":\"Ponencias Feria EFINTEC -ACTECIR - Actecir\",\"isPartOf\":{\"@id\":\"https:\/\/www.actecir.cat\/#website\"},\"primaryImageOfPage\":{\"@id\":\"https:\/\/www.actecir.cat\/es\/ponencies-fira-efintec-actecir-2\/#primaryimage\"},\"image\":{\"@id\":\"https:\/\/www.actecir.cat\/es\/ponencies-fira-efintec-actecir-2\/#primaryimage\"},\"thumbnailUrl\":\"https:\/\/www.actecir.cat\/wp-content\/uploads\/2023\/10\/Banner_600x400-px_cAST.jpg\",\"datePublished\":\"2023-10-31T12:03:17+00:00\",\"dateModified\":\"2023-10-31T12:11:48+00:00\",\"breadcrumb\":{\"@id\":\"https:\/\/www.actecir.cat\/es\/ponencies-fira-efintec-actecir-2\/#breadcrumb\"},\"inLanguage\":\"es\",\"potentialAction\":[{\"@type\":\"ReadAction\",\"target\":[\"https:\/\/www.actecir.cat\/es\/ponencies-fira-efintec-actecir-2\/\"]}]},{\"@type\":\"ImageObject\",\"inLanguage\":\"es\",\"@id\":\"https:\/\/www.actecir.cat\/es\/ponencies-fira-efintec-actecir-2\/#primaryimage\",\"url\":\"https:\/\/www.actecir.cat\/wp-content\/uploads\/2023\/10\/Banner_600x400-px_cAST.jpg\",\"contentUrl\":\"https:\/\/www.actecir.cat\/wp-content\/uploads\/2023\/10\/Banner_600x400-px_cAST.jpg\",\"width\":600,\"height\":410},{\"@type\":\"BreadcrumbList\",\"@id\":\"https:\/\/www.actecir.cat\/es\/ponencies-fira-efintec-actecir-2\/#breadcrumb\",\"itemListElement\":[{\"@type\":\"ListItem\",\"position\":1,\"name\":\"Inici\",\"item\":\"https:\/\/www.actecir.cat\/es\/\"},{\"@type\":\"ListItem\",\"position\":2,\"name\":\"Ponencias Feria EFINTEC -ACTECIR\"}]},{\"@type\":\"WebSite\",\"@id\":\"https:\/\/www.actecir.cat\/#website\",\"url\":\"https:\/\/www.actecir.cat\/\",\"name\":\"Actecir\",\"description\":\"Associaci\u00f3 Catalana de T\u00e8cnics en Energia, Climatitzaci\u00f3 i Refrigeraci\u00f3\",\"publisher\":{\"@id\":\"https:\/\/www.actecir.cat\/#organization\"},\"potentialAction\":[{\"@type\":\"SearchAction\",\"target\":{\"@type\":\"EntryPoint\",\"urlTemplate\":\"https:\/\/www.actecir.cat\/?s={search_term_string}\"},\"query-input\":{\"@type\":\"PropertyValueSpecification\",\"valueRequired\":true,\"valueName\":\"search_term_string\"}}],\"inLanguage\":\"es\"},{\"@type\":\"Organization\",\"@id\":\"https:\/\/www.actecir.cat\/#organization\",\"name\":\"Actecir\",\"url\":\"https:\/\/www.actecir.cat\/\",\"logo\":{\"@type\":\"ImageObject\",\"inLanguage\":\"es\",\"@id\":\"https:\/\/www.actecir.cat\/#\/schema\/logo\/image\/\",\"url\":\"https:\/\/www.actecir.cat\/wp-content\/uploads\/2023\/04\/cropped-logo_actecir_60_alto.png\",\"contentUrl\":\"https:\/\/www.actecir.cat\/wp-content\/uploads\/2023\/04\/cropped-logo_actecir_60_alto.png\",\"width\":283,\"height\":80,\"caption\":\"Actecir\"},\"image\":{\"@id\":\"https:\/\/www.actecir.cat\/#\/schema\/logo\/image\/\"},\"sameAs\":[\"https:\/\/x.com\/actecir\",\"https:\/\/www.linkedin.com\/company\/actecir\"]},{\"@type\":\"Person\",\"@id\":\"https:\/\/www.actecir.cat\/#\/schema\/person\/9a0dbad79e7bde2f4a6be55628a9b04b\",\"name\":\"Maen Systems\",\"url\":\"https:\/\/www.actecir.cat\/es\/author\/maen\/\"}]}<\/script>\n<!-- \/ Yoast SEO plugin. -->","yoast_head_json":{"title":"Ponencias Feria EFINTEC -ACTECIR - Actecir","robots":{"index":"index","follow":"follow","max-snippet":"max-snippet:-1","max-image-preview":"max-image-preview:large","max-video-preview":"max-video-preview:-1"},"canonical":"https:\/\/www.actecir.cat\/es\/ponencies-fira-efintec-actecir-2\/","og_locale":"es_ES","og_type":"article","og_title":"Ponencias Feria EFINTEC -ACTECIR - Actecir","og_description":"Ya disponibles en nuestro canal de YouTube","og_url":"https:\/\/www.actecir.cat\/es\/ponencies-fira-efintec-actecir-2\/","og_site_name":"Actecir","article_published_time":"2023-10-31T12:03:17+00:00","article_modified_time":"2023-10-31T12:11:48+00:00","og_image":[{"width":600,"height":410,"url":"https:\/\/www.actecir.cat\/wp-content\/uploads\/2023\/10\/Banner_600x400-px_cAST.jpg","type":"image\/jpeg"}],"author":"Maen Systems","twitter_card":"summary_large_image","twitter_creator":"@actecir","twitter_site":"@actecir","twitter_misc":{"Escrito por":"Maen Systems"},"schema":{"@context":"https:\/\/schema.org","@graph":[{"@type":"Article","@id":"https:\/\/www.actecir.cat\/es\/ponencies-fira-efintec-actecir-2\/#article","isPartOf":{"@id":"https:\/\/www.actecir.cat\/es\/ponencies-fira-efintec-actecir-2\/"},"author":{"name":"Maen Systems","@id":"https:\/\/www.actecir.cat\/#\/schema\/person\/9a0dbad79e7bde2f4a6be55628a9b04b"},"headline":"Ponencias Feria EFINTEC -ACTECIR","datePublished":"2023-10-31T12:03:17+00:00","dateModified":"2023-10-31T12:11:48+00:00","mainEntityOfPage":{"@id":"https:\/\/www.actecir.cat\/es\/ponencies-fira-efintec-actecir-2\/"},"wordCount":11,"publisher":{"@id":"https:\/\/www.actecir.cat\/#organization"},"image":{"@id":"https:\/\/www.actecir.cat\/es\/ponencies-fira-efintec-actecir-2\/#primaryimage"},"thumbnailUrl":"https:\/\/www.actecir.cat\/wp-content\/uploads\/2023\/10\/Banner_600x400-px_cAST.jpg","articleSection":["Noticias"],"inLanguage":"es"},{"@type":"WebPage","@id":"https:\/\/www.actecir.cat\/es\/ponencies-fira-efintec-actecir-2\/","url":"https:\/\/www.actecir.cat\/es\/ponencies-fira-efintec-actecir-2\/","name":"Ponencias Feria EFINTEC -ACTECIR - Actecir","isPartOf":{"@id":"https:\/\/www.actecir.cat\/#website"},"primaryImageOfPage":{"@id":"https:\/\/www.actecir.cat\/es\/ponencies-fira-efintec-actecir-2\/#primaryimage"},"image":{"@id":"https:\/\/www.actecir.cat\/es\/ponencies-fira-efintec-actecir-2\/#primaryimage"},"thumbnailUrl":"https:\/\/www.actecir.cat\/wp-content\/uploads\/2023\/10\/Banner_600x400-px_cAST.jpg","datePublished":"2023-10-31T12:03:17+00:00","dateModified":"2023-10-31T12:11:48+00:00","breadcrumb":{"@id":"https:\/\/www.actecir.cat\/es\/ponencies-fira-efintec-actecir-2\/#breadcrumb"},"inLanguage":"es","potentialAction":[{"@type":"ReadAction","target":["https:\/\/www.actecir.cat\/es\/ponencies-fira-efintec-actecir-2\/"]}]},{"@type":"ImageObject","inLanguage":"es","@id":"https:\/\/www.actecir.cat\/es\/ponencies-fira-efintec-actecir-2\/#primaryimage","url":"https:\/\/www.actecir.cat\/wp-content\/uploads\/2023\/10\/Banner_600x400-px_cAST.jpg","contentUrl":"https:\/\/www.actecir.cat\/wp-content\/uploads\/2023\/10\/Banner_600x400-px_cAST.jpg","width":600,"height":410},{"@type":"BreadcrumbList","@id":"https:\/\/www.actecir.cat\/es\/ponencies-fira-efintec-actecir-2\/#breadcrumb","itemListElement":[{"@type":"ListItem","position":1,"name":"Inici","item":"https:\/\/www.actecir.cat\/es\/"},{"@type":"ListItem","position":2,"name":"Ponencias Feria EFINTEC -ACTECIR"}]},{"@type":"WebSite","@id":"https:\/\/www.actecir.cat\/#website","url":"https:\/\/www.actecir.cat\/","name":"Actecir","description":"Associaci\u00f3 Catalana de T\u00e8cnics en Energia, Climatitzaci\u00f3 i Refrigeraci\u00f3","publisher":{"@id":"https:\/\/www.actecir.cat\/#organization"},"potentialAction":[{"@type":"SearchAction","target":{"@type":"EntryPoint","urlTemplate":"https:\/\/www.actecir.cat\/?s={search_term_string}"},"query-input":{"@type":"PropertyValueSpecification","valueRequired":true,"valueName":"search_term_string"}}],"inLanguage":"es"},{"@type":"Organization","@id":"https:\/\/www.actecir.cat\/#organization","name":"Actecir","url":"https:\/\/www.actecir.cat\/","logo":{"@type":"ImageObject","inLanguage":"es","@id":"https:\/\/www.actecir.cat\/#\/schema\/logo\/image\/","url":"https:\/\/www.actecir.cat\/wp-content\/uploads\/2023\/04\/cropped-logo_actecir_60_alto.png","contentUrl":"https:\/\/www.actecir.cat\/wp-content\/uploads\/2023\/04\/cropped-logo_actecir_60_alto.png","width":283,"height":80,"caption":"Actecir"},"image":{"@id":"https:\/\/www.actecir.cat\/#\/schema\/logo\/image\/"},"sameAs":["https:\/\/x.com\/actecir","https:\/\/www.linkedin.com\/company\/actecir"]},{"@type":"Person","@id":"https:\/\/www.actecir.cat\/#\/schema\/person\/9a0dbad79e7bde2f4a6be55628a9b04b","name":"Maen Systems","url":"https:\/\/www.actecir.cat\/es\/author\/maen\/"}]}},"_links":{"self":[{"href":"https:\/\/www.actecir.cat\/es\/wp-json\/wp\/v2\/posts\/13280","targetHints":{"allow":["GET"]}}],"collection":[{"href":"https:\/\/www.actecir.cat\/es\/wp-json\/wp\/v2\/posts"}],"about":[{"href":"https:\/\/www.actecir.cat\/es\/wp-json\/wp\/v2\/types\/post"}],"author":[{"embeddable":true,"href":"https:\/\/www.actecir.cat\/es\/wp-json\/wp\/v2\/users\/299"}],"replies":[{"embeddable":true,"href":"https:\/\/www.actecir.cat\/es\/wp-json\/wp\/v2\/comments?post=13280"}],"version-history":[{"count":3,"href":"https:\/\/www.actecir.cat\/es\/wp-json\/wp\/v2\/posts\/13280\/revisions"}],"predecessor-version":[{"id":13285,"href":"https:\/\/www.actecir.cat\/es\/wp-json\/wp\/v2\/posts\/13280\/revisions\/13285"}],"wp:featuredmedia":[{"embeddable":true,"href":"https:\/\/www.actecir.cat\/es\/wp-json\/wp\/v2\/media\/13252"}],"wp:attachment":[{"href":"https:\/\/www.actecir.cat\/es\/wp-json\/wp\/v2\/media?parent=13280"}],"wp:term":[{"taxonomy":"category","embeddable":true,"href":"https:\/\/www.actecir.cat\/es\/wp-json\/wp\/v2\/categories?post=13280"},{"taxonomy":"post_tag","embeddable":true,"href":"https:\/\/www.actecir.cat\/es\/wp-json\/wp\/v2\/tags?post=13280"}],"curies":[{"name":"wp","href":"https:\/\/api.w.org\/{rel}","templated":true}]}}