{"id":13302,"date":"2023-11-06T13:19:37","date_gmt":"2023-11-06T12:19:37","guid":{"rendered":"https:\/\/www.actecir.cat\/icaen-curso-in-seminarios-de-gestion-energetica-en-la-industria\/"},"modified":"2023-11-06T13:22:35","modified_gmt":"2023-11-06T12:22:35","slug":"icaen-curso-in-seminarios-de-gestion-energetica-en-la-industria","status":"publish","type":"post","link":"https:\/\/www.actecir.cat\/es\/icaen-curso-in-seminarios-de-gestion-energetica-en-la-industria\/","title":{"rendered":"ICAEN Curso IN: Seminarios de gesti\u00f3n energ\u00e9tica en la industria"},"content":{"rendered":"<p>El Instituto Catal\u00e1n de Energ\u00eda organiza anualmente el <em>Curso IN: Seminarios de gesti\u00f3n energ\u00e9tica en la industria<\/em> , destinado a los responsables de energ\u00eda de las plantas industriales, as\u00ed como a gestores energ\u00e9ticos, consultores, proveedores y auditores, entre otros.<\/p>\n<p>La edici\u00f3n de este a\u00f1o (2023) consta de una sesi\u00f3n presencial donde se hablar\u00e1 del Pacto industrial verde europeo, y dos telem\u00e1ticas. Una en la que se ver\u00e1n algunos ejemplos de transformaciones que han sido sujetos de ayuda y otra dirigiendo la electrificaci\u00f3n como uno de los retos industrial en el horizonte.<\/p>\n<p><a href=\"https:\/\/icaen.gencat.cat\/ca\/energia\/usos_energia\/industria\/curs-in-seminaris-de-gestio-energetica-a-la-industria-2023\/\" target=\"_blank\" rel=\"noopener\"><img fetchpriority=\"high\" decoding=\"async\" class=\"aligncenter wp-image-13297 size-full\" src=\"https:\/\/www.actecir.cat\/wp-content\/uploads\/2023\/11\/Cartell-oficial-CURS-IN-2023.png\" alt=\"\" width=\"555\" height=\"431\" srcset=\"https:\/\/www.actecir.cat\/wp-content\/uploads\/2023\/11\/Cartell-oficial-CURS-IN-2023.png 555w, https:\/\/www.actecir.cat\/wp-content\/uploads\/2023\/11\/Cartell-oficial-CURS-IN-2023-300x233.png 300w\" sizes=\"(max-width: 555px) 100vw, 555px\" \/><\/a><\/p>\n","protected":false},"excerpt":{"rendered":"<p>El Instituto Catal\u00e1n de Energ\u00eda organiza anualmente el Curso IN: Seminarios de gesti\u00f3n energ\u00e9tica en la industria , destinado a los responsables de energ\u00eda de las plantas industriales, as\u00ed como [&hellip;]<\/p>\n","protected":false},"author":299,"featured_media":13298,"comment_status":"closed","ping_status":"closed","sticky":false,"template":"","format":"standard","meta":{"footnotes":""},"categories":[25],"tags":[],"class_list":["post-13302","post","type-post","status-publish","format-standard","has-post-thumbnail","hentry","category-noticias"],"yoast_head":"<!-- This site is optimized with the Yoast SEO plugin v27.2 - https:\/\/yoast.com\/product\/yoast-seo-wordpress\/ -->\n<title>ICAEN Curso IN: Seminarios de gesti\u00f3n energ\u00e9tica en la industria - Actecir<\/title>\n<meta name=\"robots\" content=\"index, follow, max-snippet:-1, max-image-preview:large, max-video-preview:-1\" \/>\n<link rel=\"canonical\" href=\"https:\/\/www.actecir.cat\/es\/icaen-curso-in-seminarios-de-gestion-energetica-en-la-industria\/\" \/>\n<meta property=\"og:locale\" content=\"es_ES\" \/>\n<meta property=\"og:type\" content=\"article\" \/>\n<meta property=\"og:title\" content=\"ICAEN Curso IN: Seminarios de gesti\u00f3n energ\u00e9tica en la industria - Actecir\" \/>\n<meta property=\"og:description\" content=\"El Instituto Catal\u00e1n de Energ\u00eda organiza anualmente el Curso IN: Seminarios de gesti\u00f3n energ\u00e9tica en la industria , destinado a los responsables de energ\u00eda de las plantas industriales, as\u00ed como [&hellip;]\" \/>\n<meta property=\"og:url\" content=\"https:\/\/www.actecir.cat\/es\/icaen-curso-in-seminarios-de-gestion-energetica-en-la-industria\/\" \/>\n<meta property=\"og:site_name\" content=\"Actecir\" \/>\n<meta property=\"article:published_time\" content=\"2023-11-06T12:19:37+00:00\" \/>\n<meta property=\"article:modified_time\" content=\"2023-11-06T12:22:35+00:00\" \/>\n<meta property=\"og:image\" content=\"https:\/\/www.actecir.cat\/wp-content\/uploads\/2023\/11\/Cartell-oficial-CURS-IN-2023.png\" \/>\n\t<meta property=\"og:image:width\" content=\"555\" \/>\n\t<meta property=\"og:image:height\" content=\"431\" \/>\n\t<meta property=\"og:image:type\" content=\"image\/png\" \/>\n<meta name=\"author\" content=\"Maen Systems\" \/>\n<meta name=\"twitter:card\" content=\"summary_large_image\" \/>\n<meta name=\"twitter:creator\" content=\"@actecir\" \/>\n<meta name=\"twitter:site\" content=\"@actecir\" \/>\n<meta name=\"twitter:label1\" content=\"Escrito por\" \/>\n\t<meta name=\"twitter:data1\" content=\"Maen Systems\" \/>\n\t<meta name=\"twitter:label2\" content=\"Tiempo de lectura\" \/>\n\t<meta name=\"twitter:data2\" content=\"1 minuto\" \/>\n<script type=\"application\/ld+json\" class=\"yoast-schema-graph\">{\"@context\":\"https:\/\/schema.org\",\"@graph\":[{\"@type\":\"Article\",\"@id\":\"https:\/\/www.actecir.cat\/es\/icaen-curso-in-seminarios-de-gestion-energetica-en-la-industria\/#article\",\"isPartOf\":{\"@id\":\"https:\/\/www.actecir.cat\/es\/icaen-curso-in-seminarios-de-gestion-energetica-en-la-industria\/\"},\"author\":{\"name\":\"Maen Systems\",\"@id\":\"https:\/\/www.actecir.cat\/#\/schema\/person\/9a0dbad79e7bde2f4a6be55628a9b04b\"},\"headline\":\"ICAEN Curso IN: Seminarios de gesti\u00f3n energ\u00e9tica en la industria\",\"datePublished\":\"2023-11-06T12:19:37+00:00\",\"dateModified\":\"2023-11-06T12:22:35+00:00\",\"mainEntityOfPage\":{\"@id\":\"https:\/\/www.actecir.cat\/es\/icaen-curso-in-seminarios-de-gestion-energetica-en-la-industria\/\"},\"wordCount\":113,\"publisher\":{\"@id\":\"https:\/\/www.actecir.cat\/#organization\"},\"image\":{\"@id\":\"https:\/\/www.actecir.cat\/es\/icaen-curso-in-seminarios-de-gestion-energetica-en-la-industria\/#primaryimage\"},\"thumbnailUrl\":\"https:\/\/www.actecir.cat\/wp-content\/uploads\/2023\/11\/Cartell-oficial-CURS-IN-2023.png\",\"articleSection\":[\"Noticias\"],\"inLanguage\":\"es\"},{\"@type\":\"WebPage\",\"@id\":\"https:\/\/www.actecir.cat\/es\/icaen-curso-in-seminarios-de-gestion-energetica-en-la-industria\/\",\"url\":\"https:\/\/www.actecir.cat\/es\/icaen-curso-in-seminarios-de-gestion-energetica-en-la-industria\/\",\"name\":\"ICAEN Curso IN: Seminarios de gesti\u00f3n energ\u00e9tica en la industria - Actecir\",\"isPartOf\":{\"@id\":\"https:\/\/www.actecir.cat\/#website\"},\"primaryImageOfPage\":{\"@id\":\"https:\/\/www.actecir.cat\/es\/icaen-curso-in-seminarios-de-gestion-energetica-en-la-industria\/#primaryimage\"},\"image\":{\"@id\":\"https:\/\/www.actecir.cat\/es\/icaen-curso-in-seminarios-de-gestion-energetica-en-la-industria\/#primaryimage\"},\"thumbnailUrl\":\"https:\/\/www.actecir.cat\/wp-content\/uploads\/2023\/11\/Cartell-oficial-CURS-IN-2023.png\",\"datePublished\":\"2023-11-06T12:19:37+00:00\",\"dateModified\":\"2023-11-06T12:22:35+00:00\",\"breadcrumb\":{\"@id\":\"https:\/\/www.actecir.cat\/es\/icaen-curso-in-seminarios-de-gestion-energetica-en-la-industria\/#breadcrumb\"},\"inLanguage\":\"es\",\"potentialAction\":[{\"@type\":\"ReadAction\",\"target\":[\"https:\/\/www.actecir.cat\/es\/icaen-curso-in-seminarios-de-gestion-energetica-en-la-industria\/\"]}]},{\"@type\":\"ImageObject\",\"inLanguage\":\"es\",\"@id\":\"https:\/\/www.actecir.cat\/es\/icaen-curso-in-seminarios-de-gestion-energetica-en-la-industria\/#primaryimage\",\"url\":\"https:\/\/www.actecir.cat\/wp-content\/uploads\/2023\/11\/Cartell-oficial-CURS-IN-2023.png\",\"contentUrl\":\"https:\/\/www.actecir.cat\/wp-content\/uploads\/2023\/11\/Cartell-oficial-CURS-IN-2023.png\",\"width\":555,\"height\":431},{\"@type\":\"BreadcrumbList\",\"@id\":\"https:\/\/www.actecir.cat\/es\/icaen-curso-in-seminarios-de-gestion-energetica-en-la-industria\/#breadcrumb\",\"itemListElement\":[{\"@type\":\"ListItem\",\"position\":1,\"name\":\"Inici\",\"item\":\"https:\/\/www.actecir.cat\/es\/\"},{\"@type\":\"ListItem\",\"position\":2,\"name\":\"ICAEN Curso IN: Seminarios de gesti\u00f3n energ\u00e9tica en la industria\"}]},{\"@type\":\"WebSite\",\"@id\":\"https:\/\/www.actecir.cat\/#website\",\"url\":\"https:\/\/www.actecir.cat\/\",\"name\":\"Actecir\",\"description\":\"Associaci\u00f3 Catalana de T\u00e8cnics en Energia, Climatitzaci\u00f3 i Refrigeraci\u00f3\",\"publisher\":{\"@id\":\"https:\/\/www.actecir.cat\/#organization\"},\"potentialAction\":[{\"@type\":\"SearchAction\",\"target\":{\"@type\":\"EntryPoint\",\"urlTemplate\":\"https:\/\/www.actecir.cat\/?s={search_term_string}\"},\"query-input\":{\"@type\":\"PropertyValueSpecification\",\"valueRequired\":true,\"valueName\":\"search_term_string\"}}],\"inLanguage\":\"es\"},{\"@type\":\"Organization\",\"@id\":\"https:\/\/www.actecir.cat\/#organization\",\"name\":\"Actecir\",\"url\":\"https:\/\/www.actecir.cat\/\",\"logo\":{\"@type\":\"ImageObject\",\"inLanguage\":\"es\",\"@id\":\"https:\/\/www.actecir.cat\/#\/schema\/logo\/image\/\",\"url\":\"https:\/\/www.actecir.cat\/wp-content\/uploads\/2023\/04\/cropped-logo_actecir_60_alto.png\",\"contentUrl\":\"https:\/\/www.actecir.cat\/wp-content\/uploads\/2023\/04\/cropped-logo_actecir_60_alto.png\",\"width\":283,\"height\":80,\"caption\":\"Actecir\"},\"image\":{\"@id\":\"https:\/\/www.actecir.cat\/#\/schema\/logo\/image\/\"},\"sameAs\":[\"https:\/\/x.com\/actecir\",\"https:\/\/www.linkedin.com\/company\/actecir\"]},{\"@type\":\"Person\",\"@id\":\"https:\/\/www.actecir.cat\/#\/schema\/person\/9a0dbad79e7bde2f4a6be55628a9b04b\",\"name\":\"Maen Systems\",\"url\":\"https:\/\/www.actecir.cat\/es\/author\/maen\/\"}]}<\/script>\n<!-- \/ Yoast SEO plugin. -->","yoast_head_json":{"title":"ICAEN Curso IN: Seminarios de gesti\u00f3n energ\u00e9tica en la industria - Actecir","robots":{"index":"index","follow":"follow","max-snippet":"max-snippet:-1","max-image-preview":"max-image-preview:large","max-video-preview":"max-video-preview:-1"},"canonical":"https:\/\/www.actecir.cat\/es\/icaen-curso-in-seminarios-de-gestion-energetica-en-la-industria\/","og_locale":"es_ES","og_type":"article","og_title":"ICAEN Curso IN: Seminarios de gesti\u00f3n energ\u00e9tica en la industria - Actecir","og_description":"El Instituto Catal\u00e1n de Energ\u00eda organiza anualmente el Curso IN: Seminarios de gesti\u00f3n energ\u00e9tica en la industria , destinado a los responsables de energ\u00eda de las plantas industriales, as\u00ed como [&hellip;]","og_url":"https:\/\/www.actecir.cat\/es\/icaen-curso-in-seminarios-de-gestion-energetica-en-la-industria\/","og_site_name":"Actecir","article_published_time":"2023-11-06T12:19:37+00:00","article_modified_time":"2023-11-06T12:22:35+00:00","og_image":[{"width":555,"height":431,"url":"https:\/\/www.actecir.cat\/wp-content\/uploads\/2023\/11\/Cartell-oficial-CURS-IN-2023.png","type":"image\/png"}],"author":"Maen Systems","twitter_card":"summary_large_image","twitter_creator":"@actecir","twitter_site":"@actecir","twitter_misc":{"Escrito por":"Maen Systems","Tiempo de lectura":"1 minuto"},"schema":{"@context":"https:\/\/schema.org","@graph":[{"@type":"Article","@id":"https:\/\/www.actecir.cat\/es\/icaen-curso-in-seminarios-de-gestion-energetica-en-la-industria\/#article","isPartOf":{"@id":"https:\/\/www.actecir.cat\/es\/icaen-curso-in-seminarios-de-gestion-energetica-en-la-industria\/"},"author":{"name":"Maen Systems","@id":"https:\/\/www.actecir.cat\/#\/schema\/person\/9a0dbad79e7bde2f4a6be55628a9b04b"},"headline":"ICAEN Curso IN: Seminarios de gesti\u00f3n energ\u00e9tica en la industria","datePublished":"2023-11-06T12:19:37+00:00","dateModified":"2023-11-06T12:22:35+00:00","mainEntityOfPage":{"@id":"https:\/\/www.actecir.cat\/es\/icaen-curso-in-seminarios-de-gestion-energetica-en-la-industria\/"},"wordCount":113,"publisher":{"@id":"https:\/\/www.actecir.cat\/#organization"},"image":{"@id":"https:\/\/www.actecir.cat\/es\/icaen-curso-in-seminarios-de-gestion-energetica-en-la-industria\/#primaryimage"},"thumbnailUrl":"https:\/\/www.actecir.cat\/wp-content\/uploads\/2023\/11\/Cartell-oficial-CURS-IN-2023.png","articleSection":["Noticias"],"inLanguage":"es"},{"@type":"WebPage","@id":"https:\/\/www.actecir.cat\/es\/icaen-curso-in-seminarios-de-gestion-energetica-en-la-industria\/","url":"https:\/\/www.actecir.cat\/es\/icaen-curso-in-seminarios-de-gestion-energetica-en-la-industria\/","name":"ICAEN Curso IN: Seminarios de gesti\u00f3n energ\u00e9tica en la industria - Actecir","isPartOf":{"@id":"https:\/\/www.actecir.cat\/#website"},"primaryImageOfPage":{"@id":"https:\/\/www.actecir.cat\/es\/icaen-curso-in-seminarios-de-gestion-energetica-en-la-industria\/#primaryimage"},"image":{"@id":"https:\/\/www.actecir.cat\/es\/icaen-curso-in-seminarios-de-gestion-energetica-en-la-industria\/#primaryimage"},"thumbnailUrl":"https:\/\/www.actecir.cat\/wp-content\/uploads\/2023\/11\/Cartell-oficial-CURS-IN-2023.png","datePublished":"2023-11-06T12:19:37+00:00","dateModified":"2023-11-06T12:22:35+00:00","breadcrumb":{"@id":"https:\/\/www.actecir.cat\/es\/icaen-curso-in-seminarios-de-gestion-energetica-en-la-industria\/#breadcrumb"},"inLanguage":"es","potentialAction":[{"@type":"ReadAction","target":["https:\/\/www.actecir.cat\/es\/icaen-curso-in-seminarios-de-gestion-energetica-en-la-industria\/"]}]},{"@type":"ImageObject","inLanguage":"es","@id":"https:\/\/www.actecir.cat\/es\/icaen-curso-in-seminarios-de-gestion-energetica-en-la-industria\/#primaryimage","url":"https:\/\/www.actecir.cat\/wp-content\/uploads\/2023\/11\/Cartell-oficial-CURS-IN-2023.png","contentUrl":"https:\/\/www.actecir.cat\/wp-content\/uploads\/2023\/11\/Cartell-oficial-CURS-IN-2023.png","width":555,"height":431},{"@type":"BreadcrumbList","@id":"https:\/\/www.actecir.cat\/es\/icaen-curso-in-seminarios-de-gestion-energetica-en-la-industria\/#breadcrumb","itemListElement":[{"@type":"ListItem","position":1,"name":"Inici","item":"https:\/\/www.actecir.cat\/es\/"},{"@type":"ListItem","position":2,"name":"ICAEN Curso IN: Seminarios de gesti\u00f3n energ\u00e9tica en la industria"}]},{"@type":"WebSite","@id":"https:\/\/www.actecir.cat\/#website","url":"https:\/\/www.actecir.cat\/","name":"Actecir","description":"Associaci\u00f3 Catalana de T\u00e8cnics en Energia, Climatitzaci\u00f3 i Refrigeraci\u00f3","publisher":{"@id":"https:\/\/www.actecir.cat\/#organization"},"potentialAction":[{"@type":"SearchAction","target":{"@type":"EntryPoint","urlTemplate":"https:\/\/www.actecir.cat\/?s={search_term_string}"},"query-input":{"@type":"PropertyValueSpecification","valueRequired":true,"valueName":"search_term_string"}}],"inLanguage":"es"},{"@type":"Organization","@id":"https:\/\/www.actecir.cat\/#organization","name":"Actecir","url":"https:\/\/www.actecir.cat\/","logo":{"@type":"ImageObject","inLanguage":"es","@id":"https:\/\/www.actecir.cat\/#\/schema\/logo\/image\/","url":"https:\/\/www.actecir.cat\/wp-content\/uploads\/2023\/04\/cropped-logo_actecir_60_alto.png","contentUrl":"https:\/\/www.actecir.cat\/wp-content\/uploads\/2023\/04\/cropped-logo_actecir_60_alto.png","width":283,"height":80,"caption":"Actecir"},"image":{"@id":"https:\/\/www.actecir.cat\/#\/schema\/logo\/image\/"},"sameAs":["https:\/\/x.com\/actecir","https:\/\/www.linkedin.com\/company\/actecir"]},{"@type":"Person","@id":"https:\/\/www.actecir.cat\/#\/schema\/person\/9a0dbad79e7bde2f4a6be55628a9b04b","name":"Maen Systems","url":"https:\/\/www.actecir.cat\/es\/author\/maen\/"}]}},"_links":{"self":[{"href":"https:\/\/www.actecir.cat\/es\/wp-json\/wp\/v2\/posts\/13302","targetHints":{"allow":["GET"]}}],"collection":[{"href":"https:\/\/www.actecir.cat\/es\/wp-json\/wp\/v2\/posts"}],"about":[{"href":"https:\/\/www.actecir.cat\/es\/wp-json\/wp\/v2\/types\/post"}],"author":[{"embeddable":true,"href":"https:\/\/www.actecir.cat\/es\/wp-json\/wp\/v2\/users\/299"}],"replies":[{"embeddable":true,"href":"https:\/\/www.actecir.cat\/es\/wp-json\/wp\/v2\/comments?post=13302"}],"version-history":[{"count":1,"href":"https:\/\/www.actecir.cat\/es\/wp-json\/wp\/v2\/posts\/13302\/revisions"}],"predecessor-version":[{"id":13303,"href":"https:\/\/www.actecir.cat\/es\/wp-json\/wp\/v2\/posts\/13302\/revisions\/13303"}],"wp:featuredmedia":[{"embeddable":true,"href":"https:\/\/www.actecir.cat\/es\/wp-json\/wp\/v2\/media\/13298"}],"wp:attachment":[{"href":"https:\/\/www.actecir.cat\/es\/wp-json\/wp\/v2\/media?parent=13302"}],"wp:term":[{"taxonomy":"category","embeddable":true,"href":"https:\/\/www.actecir.cat\/es\/wp-json\/wp\/v2\/categories?post=13302"},{"taxonomy":"post_tag","embeddable":true,"href":"https:\/\/www.actecir.cat\/es\/wp-json\/wp\/v2\/tags?post=13302"}],"curies":[{"name":"wp","href":"https:\/\/api.w.org\/{rel}","templated":true}]}}