{"id":13380,"date":"2023-11-09T18:32:21","date_gmt":"2023-11-09T17:32:21","guid":{"rendered":"https:\/\/www.actecir.cat\/jornada-nuevas-oportunidades-de-negocio-energia-solar-termica\/"},"modified":"2023-11-09T19:21:45","modified_gmt":"2023-11-09T18:21:45","slug":"jornada-nuevas-oportunidades-de-negocio-energia-solar-termica","status":"publish","type":"post","link":"https:\/\/www.actecir.cat\/es\/jornada-nuevas-oportunidades-de-negocio-energia-solar-termica\/","title":{"rendered":"Jornada: Nuevas Oportunidades de Negocio: Energ\u00eda Solar T\u00e9rmica"},"content":{"rendered":"<p><strong>Nuevas oportunidades de negocio: La energ\u00eda solar t\u00e9rmica en el nuevo sistema de certificados de ahorro energ\u00e9tico CAE.<\/strong><\/p>\n<ul>\n<li><strong>Ubicaci\u00f3n<\/strong> : PALAU ROBERT, SALA COCHERES , Paseo de Gracia, 107, 08008 Barcelona<\/li>\n<li><strong>Fecha:<\/strong> 28 noviembre 2023, 17 horas<\/li>\n<li>Iniciativa de: ASIT y ACTECIR.<\/li>\n<li>Con la colaboraci\u00f3n de: ACI, FEGICAT y el Ministerio de Transici\u00f3n Ecol\u00f3gica y Reto Demogr\u00e1fico<\/li>\n<li>Con el apoyo de: ICAEN Institut Catal\u00e1 d&#8217;Energia<\/li>\n<\/ul>\n<p><strong><span style=\"font-size: 14pt;\"><a href=\"https:\/\/forms.gle\/6xhQKZuZfc3XMa867\" target=\"_blank\" rel=\"noopener\">INSCRIPCIONES: APUNTADO AQU\u00cd <\/a><\/span><\/strong><\/p>\n<p><strong>Programa: <a href=\"https:\/\/www.asit-solar.com\/wp-content\/uploads\/2023\/11\/CAE-Jornada-Barcelona-28-nov-2023-3.pdf\">CAE Jornada Barcelona, \u200b\u200b28 nov 2023<\/a><\/strong><\/p>\n<p><img fetchpriority=\"high\" decoding=\"async\" class=\"aligncenter size-full wp-image-13375\" src=\"https:\/\/www.actecir.cat\/wp-content\/uploads\/2023\/11\/CAE-Jornada-Barcelona-28-nov-2023_Pagina_1_web.jpg\" alt=\"\" width=\"661\" height=\"935\" srcset=\"https:\/\/www.actecir.cat\/wp-content\/uploads\/2023\/11\/CAE-Jornada-Barcelona-28-nov-2023_Pagina_1_web.jpg 661w, https:\/\/www.actecir.cat\/wp-content\/uploads\/2023\/11\/CAE-Jornada-Barcelona-28-nov-2023_Pagina_1_web-212x300.jpg 212w\" sizes=\"(max-width: 661px) 100vw, 661px\" \/><\/p>\n","protected":false},"excerpt":{"rendered":"<p>Fecha Jornada: 28 noviembre<\/p>\n","protected":false},"author":299,"featured_media":13370,"comment_status":"closed","ping_status":"closed","sticky":false,"template":"","format":"standard","meta":{"footnotes":""},"categories":[23],"tags":[],"class_list":["post-13380","post","type-post","status-publish","format-standard","has-post-thumbnail","hentry","category-destacamos"],"yoast_head":"<!-- This site is optimized with the Yoast SEO plugin v27.2 - https:\/\/yoast.com\/product\/yoast-seo-wordpress\/ -->\n<title>Jornada: Nuevas Oportunidades de Negocio: Energ\u00eda Solar T\u00e9rmica - Actecir<\/title>\n<meta name=\"robots\" content=\"index, follow, max-snippet:-1, max-image-preview:large, max-video-preview:-1\" \/>\n<link rel=\"canonical\" href=\"https:\/\/www.actecir.cat\/es\/jornada-nuevas-oportunidades-de-negocio-energia-solar-termica\/\" \/>\n<meta property=\"og:locale\" content=\"es_ES\" \/>\n<meta property=\"og:type\" content=\"article\" \/>\n<meta property=\"og:title\" content=\"Jornada: Nuevas Oportunidades de Negocio: Energ\u00eda Solar T\u00e9rmica - Actecir\" \/>\n<meta property=\"og:description\" content=\"Fecha Jornada: 28 noviembre\" \/>\n<meta property=\"og:url\" content=\"https:\/\/www.actecir.cat\/es\/jornada-nuevas-oportunidades-de-negocio-energia-solar-termica\/\" \/>\n<meta property=\"og:site_name\" content=\"Actecir\" \/>\n<meta property=\"article:published_time\" content=\"2023-11-09T17:32:21+00:00\" \/>\n<meta property=\"article:modified_time\" content=\"2023-11-09T18:21:45+00:00\" \/>\n<meta property=\"og:image\" content=\"https:\/\/www.actecir.cat\/wp-content\/uploads\/2023\/11\/CAE-Jornada-Barcelona-28-nov-2023-1.jpg\" \/>\n\t<meta property=\"og:image:width\" content=\"1200\" \/>\n\t<meta property=\"og:image:height\" content=\"800\" \/>\n\t<meta property=\"og:image:type\" content=\"image\/jpeg\" \/>\n<meta name=\"author\" content=\"Maen Systems\" \/>\n<meta name=\"twitter:card\" content=\"summary_large_image\" \/>\n<meta name=\"twitter:creator\" content=\"@actecir\" \/>\n<meta name=\"twitter:site\" content=\"@actecir\" \/>\n<meta name=\"twitter:label1\" content=\"Escrito por\" \/>\n\t<meta name=\"twitter:data1\" content=\"Maen Systems\" \/>\n<script type=\"application\/ld+json\" class=\"yoast-schema-graph\">{\"@context\":\"https:\/\/schema.org\",\"@graph\":[{\"@type\":\"Article\",\"@id\":\"https:\/\/www.actecir.cat\/es\/jornada-nuevas-oportunidades-de-negocio-energia-solar-termica\/#article\",\"isPartOf\":{\"@id\":\"https:\/\/www.actecir.cat\/es\/jornada-nuevas-oportunidades-de-negocio-energia-solar-termica\/\"},\"author\":{\"name\":\"Maen Systems\",\"@id\":\"https:\/\/www.actecir.cat\/#\/schema\/person\/9a0dbad79e7bde2f4a6be55628a9b04b\"},\"headline\":\"Jornada: Nuevas Oportunidades de Negocio: Energ\u00eda Solar T\u00e9rmica\",\"datePublished\":\"2023-11-09T17:32:21+00:00\",\"dateModified\":\"2023-11-09T18:21:45+00:00\",\"mainEntityOfPage\":{\"@id\":\"https:\/\/www.actecir.cat\/es\/jornada-nuevas-oportunidades-de-negocio-energia-solar-termica\/\"},\"wordCount\":85,\"publisher\":{\"@id\":\"https:\/\/www.actecir.cat\/#organization\"},\"image\":{\"@id\":\"https:\/\/www.actecir.cat\/es\/jornada-nuevas-oportunidades-de-negocio-energia-solar-termica\/#primaryimage\"},\"thumbnailUrl\":\"https:\/\/www.actecir.cat\/wp-content\/uploads\/2023\/11\/CAE-Jornada-Barcelona-28-nov-2023-1.jpg\",\"articleSection\":[\"Destacamos\"],\"inLanguage\":\"es\"},{\"@type\":\"WebPage\",\"@id\":\"https:\/\/www.actecir.cat\/es\/jornada-nuevas-oportunidades-de-negocio-energia-solar-termica\/\",\"url\":\"https:\/\/www.actecir.cat\/es\/jornada-nuevas-oportunidades-de-negocio-energia-solar-termica\/\",\"name\":\"Jornada: Nuevas Oportunidades de Negocio: Energ\u00eda Solar T\u00e9rmica - Actecir\",\"isPartOf\":{\"@id\":\"https:\/\/www.actecir.cat\/#website\"},\"primaryImageOfPage\":{\"@id\":\"https:\/\/www.actecir.cat\/es\/jornada-nuevas-oportunidades-de-negocio-energia-solar-termica\/#primaryimage\"},\"image\":{\"@id\":\"https:\/\/www.actecir.cat\/es\/jornada-nuevas-oportunidades-de-negocio-energia-solar-termica\/#primaryimage\"},\"thumbnailUrl\":\"https:\/\/www.actecir.cat\/wp-content\/uploads\/2023\/11\/CAE-Jornada-Barcelona-28-nov-2023-1.jpg\",\"datePublished\":\"2023-11-09T17:32:21+00:00\",\"dateModified\":\"2023-11-09T18:21:45+00:00\",\"breadcrumb\":{\"@id\":\"https:\/\/www.actecir.cat\/es\/jornada-nuevas-oportunidades-de-negocio-energia-solar-termica\/#breadcrumb\"},\"inLanguage\":\"es\",\"potentialAction\":[{\"@type\":\"ReadAction\",\"target\":[\"https:\/\/www.actecir.cat\/es\/jornada-nuevas-oportunidades-de-negocio-energia-solar-termica\/\"]}]},{\"@type\":\"ImageObject\",\"inLanguage\":\"es\",\"@id\":\"https:\/\/www.actecir.cat\/es\/jornada-nuevas-oportunidades-de-negocio-energia-solar-termica\/#primaryimage\",\"url\":\"https:\/\/www.actecir.cat\/wp-content\/uploads\/2023\/11\/CAE-Jornada-Barcelona-28-nov-2023-1.jpg\",\"contentUrl\":\"https:\/\/www.actecir.cat\/wp-content\/uploads\/2023\/11\/CAE-Jornada-Barcelona-28-nov-2023-1.jpg\",\"width\":1200,\"height\":800},{\"@type\":\"BreadcrumbList\",\"@id\":\"https:\/\/www.actecir.cat\/es\/jornada-nuevas-oportunidades-de-negocio-energia-solar-termica\/#breadcrumb\",\"itemListElement\":[{\"@type\":\"ListItem\",\"position\":1,\"name\":\"Inici\",\"item\":\"https:\/\/www.actecir.cat\/es\/\"},{\"@type\":\"ListItem\",\"position\":2,\"name\":\"Jornada: Nuevas Oportunidades de Negocio: Energ\u00eda Solar T\u00e9rmica\"}]},{\"@type\":\"WebSite\",\"@id\":\"https:\/\/www.actecir.cat\/#website\",\"url\":\"https:\/\/www.actecir.cat\/\",\"name\":\"Actecir\",\"description\":\"Associaci\u00f3 Catalana de T\u00e8cnics en Energia, Climatitzaci\u00f3 i Refrigeraci\u00f3\",\"publisher\":{\"@id\":\"https:\/\/www.actecir.cat\/#organization\"},\"potentialAction\":[{\"@type\":\"SearchAction\",\"target\":{\"@type\":\"EntryPoint\",\"urlTemplate\":\"https:\/\/www.actecir.cat\/?s={search_term_string}\"},\"query-input\":{\"@type\":\"PropertyValueSpecification\",\"valueRequired\":true,\"valueName\":\"search_term_string\"}}],\"inLanguage\":\"es\"},{\"@type\":\"Organization\",\"@id\":\"https:\/\/www.actecir.cat\/#organization\",\"name\":\"Actecir\",\"url\":\"https:\/\/www.actecir.cat\/\",\"logo\":{\"@type\":\"ImageObject\",\"inLanguage\":\"es\",\"@id\":\"https:\/\/www.actecir.cat\/#\/schema\/logo\/image\/\",\"url\":\"https:\/\/www.actecir.cat\/wp-content\/uploads\/2023\/04\/cropped-logo_actecir_60_alto.png\",\"contentUrl\":\"https:\/\/www.actecir.cat\/wp-content\/uploads\/2023\/04\/cropped-logo_actecir_60_alto.png\",\"width\":283,\"height\":80,\"caption\":\"Actecir\"},\"image\":{\"@id\":\"https:\/\/www.actecir.cat\/#\/schema\/logo\/image\/\"},\"sameAs\":[\"https:\/\/x.com\/actecir\",\"https:\/\/www.linkedin.com\/company\/actecir\"]},{\"@type\":\"Person\",\"@id\":\"https:\/\/www.actecir.cat\/#\/schema\/person\/9a0dbad79e7bde2f4a6be55628a9b04b\",\"name\":\"Maen Systems\",\"url\":\"https:\/\/www.actecir.cat\/es\/author\/maen\/\"}]}<\/script>\n<!-- \/ Yoast SEO plugin. -->","yoast_head_json":{"title":"Jornada: Nuevas Oportunidades de Negocio: Energ\u00eda Solar T\u00e9rmica - Actecir","robots":{"index":"index","follow":"follow","max-snippet":"max-snippet:-1","max-image-preview":"max-image-preview:large","max-video-preview":"max-video-preview:-1"},"canonical":"https:\/\/www.actecir.cat\/es\/jornada-nuevas-oportunidades-de-negocio-energia-solar-termica\/","og_locale":"es_ES","og_type":"article","og_title":"Jornada: Nuevas Oportunidades de Negocio: Energ\u00eda Solar T\u00e9rmica - Actecir","og_description":"Fecha Jornada: 28 noviembre","og_url":"https:\/\/www.actecir.cat\/es\/jornada-nuevas-oportunidades-de-negocio-energia-solar-termica\/","og_site_name":"Actecir","article_published_time":"2023-11-09T17:32:21+00:00","article_modified_time":"2023-11-09T18:21:45+00:00","og_image":[{"width":1200,"height":800,"url":"https:\/\/www.actecir.cat\/wp-content\/uploads\/2023\/11\/CAE-Jornada-Barcelona-28-nov-2023-1.jpg","type":"image\/jpeg"}],"author":"Maen Systems","twitter_card":"summary_large_image","twitter_creator":"@actecir","twitter_site":"@actecir","twitter_misc":{"Escrito por":"Maen Systems"},"schema":{"@context":"https:\/\/schema.org","@graph":[{"@type":"Article","@id":"https:\/\/www.actecir.cat\/es\/jornada-nuevas-oportunidades-de-negocio-energia-solar-termica\/#article","isPartOf":{"@id":"https:\/\/www.actecir.cat\/es\/jornada-nuevas-oportunidades-de-negocio-energia-solar-termica\/"},"author":{"name":"Maen Systems","@id":"https:\/\/www.actecir.cat\/#\/schema\/person\/9a0dbad79e7bde2f4a6be55628a9b04b"},"headline":"Jornada: Nuevas Oportunidades de Negocio: Energ\u00eda Solar T\u00e9rmica","datePublished":"2023-11-09T17:32:21+00:00","dateModified":"2023-11-09T18:21:45+00:00","mainEntityOfPage":{"@id":"https:\/\/www.actecir.cat\/es\/jornada-nuevas-oportunidades-de-negocio-energia-solar-termica\/"},"wordCount":85,"publisher":{"@id":"https:\/\/www.actecir.cat\/#organization"},"image":{"@id":"https:\/\/www.actecir.cat\/es\/jornada-nuevas-oportunidades-de-negocio-energia-solar-termica\/#primaryimage"},"thumbnailUrl":"https:\/\/www.actecir.cat\/wp-content\/uploads\/2023\/11\/CAE-Jornada-Barcelona-28-nov-2023-1.jpg","articleSection":["Destacamos"],"inLanguage":"es"},{"@type":"WebPage","@id":"https:\/\/www.actecir.cat\/es\/jornada-nuevas-oportunidades-de-negocio-energia-solar-termica\/","url":"https:\/\/www.actecir.cat\/es\/jornada-nuevas-oportunidades-de-negocio-energia-solar-termica\/","name":"Jornada: Nuevas Oportunidades de Negocio: Energ\u00eda Solar T\u00e9rmica - Actecir","isPartOf":{"@id":"https:\/\/www.actecir.cat\/#website"},"primaryImageOfPage":{"@id":"https:\/\/www.actecir.cat\/es\/jornada-nuevas-oportunidades-de-negocio-energia-solar-termica\/#primaryimage"},"image":{"@id":"https:\/\/www.actecir.cat\/es\/jornada-nuevas-oportunidades-de-negocio-energia-solar-termica\/#primaryimage"},"thumbnailUrl":"https:\/\/www.actecir.cat\/wp-content\/uploads\/2023\/11\/CAE-Jornada-Barcelona-28-nov-2023-1.jpg","datePublished":"2023-11-09T17:32:21+00:00","dateModified":"2023-11-09T18:21:45+00:00","breadcrumb":{"@id":"https:\/\/www.actecir.cat\/es\/jornada-nuevas-oportunidades-de-negocio-energia-solar-termica\/#breadcrumb"},"inLanguage":"es","potentialAction":[{"@type":"ReadAction","target":["https:\/\/www.actecir.cat\/es\/jornada-nuevas-oportunidades-de-negocio-energia-solar-termica\/"]}]},{"@type":"ImageObject","inLanguage":"es","@id":"https:\/\/www.actecir.cat\/es\/jornada-nuevas-oportunidades-de-negocio-energia-solar-termica\/#primaryimage","url":"https:\/\/www.actecir.cat\/wp-content\/uploads\/2023\/11\/CAE-Jornada-Barcelona-28-nov-2023-1.jpg","contentUrl":"https:\/\/www.actecir.cat\/wp-content\/uploads\/2023\/11\/CAE-Jornada-Barcelona-28-nov-2023-1.jpg","width":1200,"height":800},{"@type":"BreadcrumbList","@id":"https:\/\/www.actecir.cat\/es\/jornada-nuevas-oportunidades-de-negocio-energia-solar-termica\/#breadcrumb","itemListElement":[{"@type":"ListItem","position":1,"name":"Inici","item":"https:\/\/www.actecir.cat\/es\/"},{"@type":"ListItem","position":2,"name":"Jornada: Nuevas Oportunidades de Negocio: Energ\u00eda Solar T\u00e9rmica"}]},{"@type":"WebSite","@id":"https:\/\/www.actecir.cat\/#website","url":"https:\/\/www.actecir.cat\/","name":"Actecir","description":"Associaci\u00f3 Catalana de T\u00e8cnics en Energia, Climatitzaci\u00f3 i Refrigeraci\u00f3","publisher":{"@id":"https:\/\/www.actecir.cat\/#organization"},"potentialAction":[{"@type":"SearchAction","target":{"@type":"EntryPoint","urlTemplate":"https:\/\/www.actecir.cat\/?s={search_term_string}"},"query-input":{"@type":"PropertyValueSpecification","valueRequired":true,"valueName":"search_term_string"}}],"inLanguage":"es"},{"@type":"Organization","@id":"https:\/\/www.actecir.cat\/#organization","name":"Actecir","url":"https:\/\/www.actecir.cat\/","logo":{"@type":"ImageObject","inLanguage":"es","@id":"https:\/\/www.actecir.cat\/#\/schema\/logo\/image\/","url":"https:\/\/www.actecir.cat\/wp-content\/uploads\/2023\/04\/cropped-logo_actecir_60_alto.png","contentUrl":"https:\/\/www.actecir.cat\/wp-content\/uploads\/2023\/04\/cropped-logo_actecir_60_alto.png","width":283,"height":80,"caption":"Actecir"},"image":{"@id":"https:\/\/www.actecir.cat\/#\/schema\/logo\/image\/"},"sameAs":["https:\/\/x.com\/actecir","https:\/\/www.linkedin.com\/company\/actecir"]},{"@type":"Person","@id":"https:\/\/www.actecir.cat\/#\/schema\/person\/9a0dbad79e7bde2f4a6be55628a9b04b","name":"Maen Systems","url":"https:\/\/www.actecir.cat\/es\/author\/maen\/"}]}},"_links":{"self":[{"href":"https:\/\/www.actecir.cat\/es\/wp-json\/wp\/v2\/posts\/13380","targetHints":{"allow":["GET"]}}],"collection":[{"href":"https:\/\/www.actecir.cat\/es\/wp-json\/wp\/v2\/posts"}],"about":[{"href":"https:\/\/www.actecir.cat\/es\/wp-json\/wp\/v2\/types\/post"}],"author":[{"embeddable":true,"href":"https:\/\/www.actecir.cat\/es\/wp-json\/wp\/v2\/users\/299"}],"replies":[{"embeddable":true,"href":"https:\/\/www.actecir.cat\/es\/wp-json\/wp\/v2\/comments?post=13380"}],"version-history":[{"count":1,"href":"https:\/\/www.actecir.cat\/es\/wp-json\/wp\/v2\/posts\/13380\/revisions"}],"predecessor-version":[{"id":13381,"href":"https:\/\/www.actecir.cat\/es\/wp-json\/wp\/v2\/posts\/13380\/revisions\/13381"}],"wp:featuredmedia":[{"embeddable":true,"href":"https:\/\/www.actecir.cat\/es\/wp-json\/wp\/v2\/media\/13370"}],"wp:attachment":[{"href":"https:\/\/www.actecir.cat\/es\/wp-json\/wp\/v2\/media?parent=13380"}],"wp:term":[{"taxonomy":"category","embeddable":true,"href":"https:\/\/www.actecir.cat\/es\/wp-json\/wp\/v2\/categories?post=13380"},{"taxonomy":"post_tag","embeddable":true,"href":"https:\/\/www.actecir.cat\/es\/wp-json\/wp\/v2\/tags?post=13380"}],"curies":[{"name":"wp","href":"https:\/\/api.w.org\/{rel}","templated":true}]}}