{"id":13563,"date":"2023-11-24T12:02:05","date_gmt":"2023-11-24T11:02:05","guid":{"rendered":"https:\/\/www.actecir.cat\/?p=13563"},"modified":"2023-11-24T12:04:55","modified_gmt":"2023-11-24T11:04:55","slug":"webinar-testo-termografia-en-el-sector-hvac-r","status":"publish","type":"post","link":"https:\/\/www.actecir.cat\/es\/webinar-testo-termografia-en-el-sector-hvac-r\/","title":{"rendered":"Webinar TESTO: Termograf\u00eda en el sector HVAC\/R"},"content":{"rendered":"<p>TESTO te invita a participar en su webinar de termograf\u00eda. Descubre aspectos determinantes para aprovechar la termograf\u00eda en las mediciones habituales del sector HVAC\/R, incluyendo las placas fotovoltaicas. Cuales son las mediciones, c\u00f3mo identificar fallos en la termograf\u00eda y detalles importantes a tener en cuenta cuando se mide.<\/p>\n<p style=\"padding-left: 40px;\">\u2022 Principios b\u00e1sicos de la termograf\u00eda.<br \/>\n\u2022 Aplicaciones relevantes para el sector HVAC\/R.<br \/>\n\u2022 \u00bfC\u00f3mo realizar una correcta detecci\u00f3n de anomal\u00edas a trav\u00e9s de termograf\u00eda?<br \/>\n\u2022 Mediciones b\u00e1sicas para el correcto mantenimiento de placas fotovoltaicas.<\/p>\n<p style=\"text-align: center;\"><span style=\"font-size: 18pt;\"><a href=\"https:\/\/www.testo.com\/es-ES\/empresa\/formulario-registro-webinar-termografia-especial?utm_source=ELOQUA&amp;utm_medium=email&amp;utm_campaign=ES-es-i-gi-ev-webterm2-2023\">\u00a1Reg\u00edstrate gratis!<\/a><\/span><\/p>\n<p><a href=\"https:\/\/www.testo.com\/es-ES\/empresa\/formulario-registro-webinar-termografia-especial?utm_source=ELOQUA&amp;utm_medium=email&amp;utm_campaign=ES-es-i-gi-ev-webterm2-2023\" target=\"_blank\" rel=\"noopener\"><img fetchpriority=\"high\" decoding=\"async\" class=\"aligncenter wp-image-13564\" src=\"https:\/\/www.actecir.cat\/wp-content\/uploads\/2023\/11\/webinar-testo_noviembre.jpg\" alt=\"\" width=\"463\" height=\"282\" \/><\/a><\/p>\n","protected":false},"excerpt":{"rendered":"<p>TESTO te invita a participar en su webinar de termograf\u00eda. Descubre aspectos determinantes para aprovechar la termograf\u00eda en las mediciones habituales del sector HVAC\/R, incluyendo las placas fotovoltaicas. Cuales son [&hellip;]<\/p>\n","protected":false},"author":299,"featured_media":13564,"comment_status":"closed","ping_status":"closed","sticky":false,"template":"","format":"standard","meta":{"footnotes":""},"categories":[25],"tags":[],"class_list":["post-13563","post","type-post","status-publish","format-standard","has-post-thumbnail","hentry","category-noticias"],"yoast_head":"<!-- This site is optimized with the Yoast SEO plugin v27.2 - https:\/\/yoast.com\/product\/yoast-seo-wordpress\/ -->\n<title>Webinar TESTO: Termograf\u00eda en el sector HVAC\/R - Actecir<\/title>\n<meta name=\"robots\" content=\"index, follow, max-snippet:-1, max-image-preview:large, max-video-preview:-1\" \/>\n<link rel=\"canonical\" href=\"https:\/\/www.actecir.cat\/es\/webinar-testo-termografia-en-el-sector-hvac-r\/\" \/>\n<meta property=\"og:locale\" content=\"es_ES\" \/>\n<meta property=\"og:type\" content=\"article\" \/>\n<meta property=\"og:title\" content=\"Webinar TESTO: Termograf\u00eda en el sector HVAC\/R - Actecir\" \/>\n<meta property=\"og:description\" content=\"TESTO te invita a participar en su webinar de termograf\u00eda. Descubre aspectos determinantes para aprovechar la termograf\u00eda en las mediciones habituales del sector HVAC\/R, incluyendo las placas fotovoltaicas. Cuales son [&hellip;]\" \/>\n<meta property=\"og:url\" content=\"https:\/\/www.actecir.cat\/es\/webinar-testo-termografia-en-el-sector-hvac-r\/\" \/>\n<meta property=\"og:site_name\" content=\"Actecir\" \/>\n<meta property=\"article:published_time\" content=\"2023-11-24T11:02:05+00:00\" \/>\n<meta property=\"article:modified_time\" content=\"2023-11-24T11:04:55+00:00\" \/>\n<meta property=\"og:image\" content=\"https:\/\/www.actecir.cat\/wp-content\/uploads\/2023\/11\/webinar-testo_noviembre.jpg\" \/>\n\t<meta property=\"og:image:width\" content=\"605\" \/>\n\t<meta property=\"og:image:height\" content=\"399\" \/>\n\t<meta property=\"og:image:type\" content=\"image\/jpeg\" \/>\n<meta name=\"author\" content=\"Maen Systems\" \/>\n<meta name=\"twitter:card\" content=\"summary_large_image\" \/>\n<meta name=\"twitter:creator\" content=\"@actecir\" \/>\n<meta name=\"twitter:site\" content=\"@actecir\" \/>\n<meta name=\"twitter:label1\" content=\"Escrito por\" \/>\n\t<meta name=\"twitter:data1\" content=\"Maen Systems\" \/>\n<script type=\"application\/ld+json\" class=\"yoast-schema-graph\">{\"@context\":\"https:\/\/schema.org\",\"@graph\":[{\"@type\":\"Article\",\"@id\":\"https:\/\/www.actecir.cat\/es\/webinar-testo-termografia-en-el-sector-hvac-r\/#article\",\"isPartOf\":{\"@id\":\"https:\/\/www.actecir.cat\/es\/webinar-testo-termografia-en-el-sector-hvac-r\/\"},\"author\":{\"name\":\"Maen Systems\",\"@id\":\"https:\/\/www.actecir.cat\/#\/schema\/person\/9a0dbad79e7bde2f4a6be55628a9b04b\"},\"headline\":\"Webinar TESTO: Termograf\u00eda en el sector HVAC\/R\",\"datePublished\":\"2023-11-24T11:02:05+00:00\",\"dateModified\":\"2023-11-24T11:04:55+00:00\",\"mainEntityOfPage\":{\"@id\":\"https:\/\/www.actecir.cat\/es\/webinar-testo-termografia-en-el-sector-hvac-r\/\"},\"wordCount\":105,\"publisher\":{\"@id\":\"https:\/\/www.actecir.cat\/#organization\"},\"image\":{\"@id\":\"https:\/\/www.actecir.cat\/es\/webinar-testo-termografia-en-el-sector-hvac-r\/#primaryimage\"},\"thumbnailUrl\":\"https:\/\/www.actecir.cat\/wp-content\/uploads\/2023\/11\/webinar-testo_noviembre.jpg\",\"articleSection\":[\"Noticias\"],\"inLanguage\":\"es\"},{\"@type\":\"WebPage\",\"@id\":\"https:\/\/www.actecir.cat\/es\/webinar-testo-termografia-en-el-sector-hvac-r\/\",\"url\":\"https:\/\/www.actecir.cat\/es\/webinar-testo-termografia-en-el-sector-hvac-r\/\",\"name\":\"Webinar TESTO: Termograf\u00eda en el sector HVAC\/R - Actecir\",\"isPartOf\":{\"@id\":\"https:\/\/www.actecir.cat\/#website\"},\"primaryImageOfPage\":{\"@id\":\"https:\/\/www.actecir.cat\/es\/webinar-testo-termografia-en-el-sector-hvac-r\/#primaryimage\"},\"image\":{\"@id\":\"https:\/\/www.actecir.cat\/es\/webinar-testo-termografia-en-el-sector-hvac-r\/#primaryimage\"},\"thumbnailUrl\":\"https:\/\/www.actecir.cat\/wp-content\/uploads\/2023\/11\/webinar-testo_noviembre.jpg\",\"datePublished\":\"2023-11-24T11:02:05+00:00\",\"dateModified\":\"2023-11-24T11:04:55+00:00\",\"breadcrumb\":{\"@id\":\"https:\/\/www.actecir.cat\/es\/webinar-testo-termografia-en-el-sector-hvac-r\/#breadcrumb\"},\"inLanguage\":\"es\",\"potentialAction\":[{\"@type\":\"ReadAction\",\"target\":[\"https:\/\/www.actecir.cat\/es\/webinar-testo-termografia-en-el-sector-hvac-r\/\"]}]},{\"@type\":\"ImageObject\",\"inLanguage\":\"es\",\"@id\":\"https:\/\/www.actecir.cat\/es\/webinar-testo-termografia-en-el-sector-hvac-r\/#primaryimage\",\"url\":\"https:\/\/www.actecir.cat\/wp-content\/uploads\/2023\/11\/webinar-testo_noviembre.jpg\",\"contentUrl\":\"https:\/\/www.actecir.cat\/wp-content\/uploads\/2023\/11\/webinar-testo_noviembre.jpg\",\"width\":605,\"height\":399},{\"@type\":\"BreadcrumbList\",\"@id\":\"https:\/\/www.actecir.cat\/es\/webinar-testo-termografia-en-el-sector-hvac-r\/#breadcrumb\",\"itemListElement\":[{\"@type\":\"ListItem\",\"position\":1,\"name\":\"Inici\",\"item\":\"https:\/\/www.actecir.cat\/es\/\"},{\"@type\":\"ListItem\",\"position\":2,\"name\":\"Webinar TESTO: Termograf\u00eda en el sector HVAC\/R\"}]},{\"@type\":\"WebSite\",\"@id\":\"https:\/\/www.actecir.cat\/#website\",\"url\":\"https:\/\/www.actecir.cat\/\",\"name\":\"Actecir\",\"description\":\"Associaci\u00f3 Catalana de T\u00e8cnics en Energia, Climatitzaci\u00f3 i Refrigeraci\u00f3\",\"publisher\":{\"@id\":\"https:\/\/www.actecir.cat\/#organization\"},\"potentialAction\":[{\"@type\":\"SearchAction\",\"target\":{\"@type\":\"EntryPoint\",\"urlTemplate\":\"https:\/\/www.actecir.cat\/?s={search_term_string}\"},\"query-input\":{\"@type\":\"PropertyValueSpecification\",\"valueRequired\":true,\"valueName\":\"search_term_string\"}}],\"inLanguage\":\"es\"},{\"@type\":\"Organization\",\"@id\":\"https:\/\/www.actecir.cat\/#organization\",\"name\":\"Actecir\",\"url\":\"https:\/\/www.actecir.cat\/\",\"logo\":{\"@type\":\"ImageObject\",\"inLanguage\":\"es\",\"@id\":\"https:\/\/www.actecir.cat\/#\/schema\/logo\/image\/\",\"url\":\"https:\/\/www.actecir.cat\/wp-content\/uploads\/2023\/04\/cropped-logo_actecir_60_alto.png\",\"contentUrl\":\"https:\/\/www.actecir.cat\/wp-content\/uploads\/2023\/04\/cropped-logo_actecir_60_alto.png\",\"width\":283,\"height\":80,\"caption\":\"Actecir\"},\"image\":{\"@id\":\"https:\/\/www.actecir.cat\/#\/schema\/logo\/image\/\"},\"sameAs\":[\"https:\/\/x.com\/actecir\",\"https:\/\/www.linkedin.com\/company\/actecir\"]},{\"@type\":\"Person\",\"@id\":\"https:\/\/www.actecir.cat\/#\/schema\/person\/9a0dbad79e7bde2f4a6be55628a9b04b\",\"name\":\"Maen Systems\",\"url\":\"https:\/\/www.actecir.cat\/es\/author\/maen\/\"}]}<\/script>\n<!-- \/ Yoast SEO plugin. -->","yoast_head_json":{"title":"Webinar TESTO: Termograf\u00eda en el sector HVAC\/R - Actecir","robots":{"index":"index","follow":"follow","max-snippet":"max-snippet:-1","max-image-preview":"max-image-preview:large","max-video-preview":"max-video-preview:-1"},"canonical":"https:\/\/www.actecir.cat\/es\/webinar-testo-termografia-en-el-sector-hvac-r\/","og_locale":"es_ES","og_type":"article","og_title":"Webinar TESTO: Termograf\u00eda en el sector HVAC\/R - Actecir","og_description":"TESTO te invita a participar en su webinar de termograf\u00eda. Descubre aspectos determinantes para aprovechar la termograf\u00eda en las mediciones habituales del sector HVAC\/R, incluyendo las placas fotovoltaicas. Cuales son [&hellip;]","og_url":"https:\/\/www.actecir.cat\/es\/webinar-testo-termografia-en-el-sector-hvac-r\/","og_site_name":"Actecir","article_published_time":"2023-11-24T11:02:05+00:00","article_modified_time":"2023-11-24T11:04:55+00:00","og_image":[{"width":605,"height":399,"url":"https:\/\/www.actecir.cat\/wp-content\/uploads\/2023\/11\/webinar-testo_noviembre.jpg","type":"image\/jpeg"}],"author":"Maen Systems","twitter_card":"summary_large_image","twitter_creator":"@actecir","twitter_site":"@actecir","twitter_misc":{"Escrito por":"Maen Systems"},"schema":{"@context":"https:\/\/schema.org","@graph":[{"@type":"Article","@id":"https:\/\/www.actecir.cat\/es\/webinar-testo-termografia-en-el-sector-hvac-r\/#article","isPartOf":{"@id":"https:\/\/www.actecir.cat\/es\/webinar-testo-termografia-en-el-sector-hvac-r\/"},"author":{"name":"Maen Systems","@id":"https:\/\/www.actecir.cat\/#\/schema\/person\/9a0dbad79e7bde2f4a6be55628a9b04b"},"headline":"Webinar TESTO: Termograf\u00eda en el sector HVAC\/R","datePublished":"2023-11-24T11:02:05+00:00","dateModified":"2023-11-24T11:04:55+00:00","mainEntityOfPage":{"@id":"https:\/\/www.actecir.cat\/es\/webinar-testo-termografia-en-el-sector-hvac-r\/"},"wordCount":105,"publisher":{"@id":"https:\/\/www.actecir.cat\/#organization"},"image":{"@id":"https:\/\/www.actecir.cat\/es\/webinar-testo-termografia-en-el-sector-hvac-r\/#primaryimage"},"thumbnailUrl":"https:\/\/www.actecir.cat\/wp-content\/uploads\/2023\/11\/webinar-testo_noviembre.jpg","articleSection":["Noticias"],"inLanguage":"es"},{"@type":"WebPage","@id":"https:\/\/www.actecir.cat\/es\/webinar-testo-termografia-en-el-sector-hvac-r\/","url":"https:\/\/www.actecir.cat\/es\/webinar-testo-termografia-en-el-sector-hvac-r\/","name":"Webinar TESTO: Termograf\u00eda en el sector HVAC\/R - Actecir","isPartOf":{"@id":"https:\/\/www.actecir.cat\/#website"},"primaryImageOfPage":{"@id":"https:\/\/www.actecir.cat\/es\/webinar-testo-termografia-en-el-sector-hvac-r\/#primaryimage"},"image":{"@id":"https:\/\/www.actecir.cat\/es\/webinar-testo-termografia-en-el-sector-hvac-r\/#primaryimage"},"thumbnailUrl":"https:\/\/www.actecir.cat\/wp-content\/uploads\/2023\/11\/webinar-testo_noviembre.jpg","datePublished":"2023-11-24T11:02:05+00:00","dateModified":"2023-11-24T11:04:55+00:00","breadcrumb":{"@id":"https:\/\/www.actecir.cat\/es\/webinar-testo-termografia-en-el-sector-hvac-r\/#breadcrumb"},"inLanguage":"es","potentialAction":[{"@type":"ReadAction","target":["https:\/\/www.actecir.cat\/es\/webinar-testo-termografia-en-el-sector-hvac-r\/"]}]},{"@type":"ImageObject","inLanguage":"es","@id":"https:\/\/www.actecir.cat\/es\/webinar-testo-termografia-en-el-sector-hvac-r\/#primaryimage","url":"https:\/\/www.actecir.cat\/wp-content\/uploads\/2023\/11\/webinar-testo_noviembre.jpg","contentUrl":"https:\/\/www.actecir.cat\/wp-content\/uploads\/2023\/11\/webinar-testo_noviembre.jpg","width":605,"height":399},{"@type":"BreadcrumbList","@id":"https:\/\/www.actecir.cat\/es\/webinar-testo-termografia-en-el-sector-hvac-r\/#breadcrumb","itemListElement":[{"@type":"ListItem","position":1,"name":"Inici","item":"https:\/\/www.actecir.cat\/es\/"},{"@type":"ListItem","position":2,"name":"Webinar TESTO: Termograf\u00eda en el sector HVAC\/R"}]},{"@type":"WebSite","@id":"https:\/\/www.actecir.cat\/#website","url":"https:\/\/www.actecir.cat\/","name":"Actecir","description":"Associaci\u00f3 Catalana de T\u00e8cnics en Energia, Climatitzaci\u00f3 i Refrigeraci\u00f3","publisher":{"@id":"https:\/\/www.actecir.cat\/#organization"},"potentialAction":[{"@type":"SearchAction","target":{"@type":"EntryPoint","urlTemplate":"https:\/\/www.actecir.cat\/?s={search_term_string}"},"query-input":{"@type":"PropertyValueSpecification","valueRequired":true,"valueName":"search_term_string"}}],"inLanguage":"es"},{"@type":"Organization","@id":"https:\/\/www.actecir.cat\/#organization","name":"Actecir","url":"https:\/\/www.actecir.cat\/","logo":{"@type":"ImageObject","inLanguage":"es","@id":"https:\/\/www.actecir.cat\/#\/schema\/logo\/image\/","url":"https:\/\/www.actecir.cat\/wp-content\/uploads\/2023\/04\/cropped-logo_actecir_60_alto.png","contentUrl":"https:\/\/www.actecir.cat\/wp-content\/uploads\/2023\/04\/cropped-logo_actecir_60_alto.png","width":283,"height":80,"caption":"Actecir"},"image":{"@id":"https:\/\/www.actecir.cat\/#\/schema\/logo\/image\/"},"sameAs":["https:\/\/x.com\/actecir","https:\/\/www.linkedin.com\/company\/actecir"]},{"@type":"Person","@id":"https:\/\/www.actecir.cat\/#\/schema\/person\/9a0dbad79e7bde2f4a6be55628a9b04b","name":"Maen Systems","url":"https:\/\/www.actecir.cat\/es\/author\/maen\/"}]}},"_links":{"self":[{"href":"https:\/\/www.actecir.cat\/es\/wp-json\/wp\/v2\/posts\/13563","targetHints":{"allow":["GET"]}}],"collection":[{"href":"https:\/\/www.actecir.cat\/es\/wp-json\/wp\/v2\/posts"}],"about":[{"href":"https:\/\/www.actecir.cat\/es\/wp-json\/wp\/v2\/types\/post"}],"author":[{"embeddable":true,"href":"https:\/\/www.actecir.cat\/es\/wp-json\/wp\/v2\/users\/299"}],"replies":[{"embeddable":true,"href":"https:\/\/www.actecir.cat\/es\/wp-json\/wp\/v2\/comments?post=13563"}],"version-history":[{"count":5,"href":"https:\/\/www.actecir.cat\/es\/wp-json\/wp\/v2\/posts\/13563\/revisions"}],"predecessor-version":[{"id":13571,"href":"https:\/\/www.actecir.cat\/es\/wp-json\/wp\/v2\/posts\/13563\/revisions\/13571"}],"wp:featuredmedia":[{"embeddable":true,"href":"https:\/\/www.actecir.cat\/es\/wp-json\/wp\/v2\/media\/13564"}],"wp:attachment":[{"href":"https:\/\/www.actecir.cat\/es\/wp-json\/wp\/v2\/media?parent=13563"}],"wp:term":[{"taxonomy":"category","embeddable":true,"href":"https:\/\/www.actecir.cat\/es\/wp-json\/wp\/v2\/categories?post=13563"},{"taxonomy":"post_tag","embeddable":true,"href":"https:\/\/www.actecir.cat\/es\/wp-json\/wp\/v2\/tags?post=13563"}],"curies":[{"name":"wp","href":"https:\/\/api.w.org\/{rel}","templated":true}]}}