{"id":14247,"date":"2024-05-15T13:41:00","date_gmt":"2024-05-15T11:41:00","guid":{"rendered":"https:\/\/www.actecir.cat\/?p=14247"},"modified":"2024-05-28T09:45:32","modified_gmt":"2024-05-28T07:45:32","slug":"40-aniversari-actecir","status":"publish","type":"post","link":"https:\/\/www.actecir.cat\/es\/40-aniversari-actecir\/","title":{"rendered":"40 Aniversario ACTECIR"},"content":{"rendered":"<p><strong>ACTECIR celebra su 40 aniversario con un evento memorable en Barcelona<\/strong><\/p>\n<p><strong>Barcelona, 27 de mayo de 2024<\/strong> \u2014 La Asociaci\u00f3n Catalana de T\u00e9cnicos en Energ\u00eda, Climatizaci\u00f3n y Refrigeraci\u00f3n (ACTECIR) celebr\u00f3 su 40 aniversario con un \u00e9xito rotundo el pasado jueves 23 de mayo. El evento reuni\u00f3 a m\u00e1s de 200 profesionales del sector, incluyendo instaladores, fabricantes, prescriptores y t\u00e9cnicos especializados en climatizaci\u00f3n, refrigeraci\u00f3n, energ\u00edas renovables y ventilaci\u00f3n, con la colaboraci\u00f3n inestimable de nuestras empresas patrocinadoras.<\/p>\n<p>La celebraci\u00f3n tuvo lugar en el incomparable marco del MACBA, \u201cMuseo de Arte Contempor\u00e1neo de Barcelona\u201d, en la Sala \u201cEl Convent dels \u00c0ngels\u201d. Fue una jornada memorable y emotiva que reuni\u00f3 a toda la familia de ACTECIR y a todos los actores que han contribuido a crear y mantener la asociaci\u00f3n en constante crecimiento.<\/p>\n<p>El presidente de ACTECIR, Pedro Garcia, pronunci\u00f3 un discurso en el que habl\u00f3 sobre el pasado, presente y futuro de la asociaci\u00f3n, y agradeciento la presencia de todos los asistentes, empresas patrocinadores y al ICAEN, Institut Catal\u00e0 d\u2019Energia. Adem\u00e1s, se proyectaron v\u00eddeos hist\u00f3ricos que repasaron la trayectoria de ACTECIR a trav\u00e9s de sus ex presidentes desde su fundaci\u00f3n hasta la situaci\u00f3n actual, lo cual brind\u00f3 al evento de emoci\u00f3n y sentido a sus 40 a\u00f1os de hist\u00f3ria.<\/p>\n<p>Uno de los momentos m\u00e1s destacados y emotivos de la noche fue la segunda entrega de los Premios ACTECIR, que reconocieron a profesionales en cuatro categor\u00edas: Emprendimiento, Excelencia, Comunicaci\u00f3n y Honor\u00edfico. Los premios fueron entregados por los patrocinadores Oro del evento.<\/p>\n<p><strong>Premio Emprendimiento<\/strong>:<\/p>\n<ul>\n<li><strong>Blanca Iglesias<\/strong>, Directora de <strong>GEINSTAL<\/strong>, recibi\u00f3 el premio de mano de <strong>Miguel Angel Garrido<\/strong>, CEO del <strong>Grupo Italsan.<\/strong><\/li>\n<li><strong>Joan Sampedro Ju\u00e1rez<\/strong>, CEO de <strong>Baetulenn<\/strong>, recibi\u00f3 su premio por <strong>Javier Mestre<\/strong>, Director General de <strong>TESTO.\n<p><\/strong><\/li>\n<\/ul>\n<p><strong>Premio Excelencia<\/strong>:<\/p>\n<ul>\n<li><strong>Marta San Rom\u00e1n<\/strong>, Directora General de <strong>AFEC<\/strong>, recibi\u00f3 el premio por <strong>Gon\u00e7alo Barral<\/strong>, Director General de <strong>Groupe Atlantic Espa\u00f1a y Portugal.<\/strong><\/li>\n<li><strong>Joan Josep Escobar<\/strong>, Jefe de la Divisi\u00f3n de Gesti\u00f3n Energ\u00e9tica del <strong>ICAEN (Institut Catal\u00e0 d&#8217;Energia)<\/strong>, recibi\u00f3 su premio por <strong>Pere Sust<\/strong>, Director Regional de <strong>Mitsubishi.<\/strong><\/li>\n<\/ul>\n<p>&nbsp;<\/p>\n<p><strong>Premio Honor\u00edfico<\/strong>:<\/p>\n<ul>\n<li><strong>Llu\u00eds Ferrero y Josep Maria Corretger<\/strong>, e<strong>x presidentes de ACTECIR<\/strong>, recibieron un emotivo reconocimiento por su contribuci\u00f3n a la asociaci\u00f3n. Los premios fueron entregados por <strong>Juan Jos\u00e9 Torres<\/strong>, Director General de <strong>TST<\/strong>, y <strong>Marta Morera<\/strong>, Directora del <strong>ICAEN.\n<p><\/strong><\/li>\n<\/ul>\n<p><strong>Premio Comunicaci\u00f3n<\/strong>:<\/p>\n<ul>\n<li><strong>Patrice Moreno<\/strong>, de la revista <strong>ProInstalaciones<\/strong>, \u00a0fue galardonado en esta categor\u00eda por su destacada labor en el \u00e1mbito de la comunicaci\u00f3n, especialmente por estar siempre apoyando a ACTECIR, el premio fue entregado por <strong>Pedro Garcia<\/strong>, Presidente de <strong>ACTECIR.\n<p><\/strong><\/li>\n<\/ul>\n<p>Durante toda la presentaci\u00f3n del evento, la artista, Karla Frechilla, creaba en directo una bonita pieza art\u00edstica que representaba, en palabras de la autora a \u201cun mont\u00f3n de personas que vienen de hace 40 a\u00f1os, con un gran coraz\u00f3n que es la asociaci\u00f3n y con mucha fuerza para avanzar en el futuro\u201d, dicha pieza fue entregada a modo de r\u00e9plica en miniatura a todos los asistentes al finalizar el evento.<\/p>\n<p>La velada culmin\u00f3 con una actividad interactiva moderada y presentada por Jordi Nexus, que hizo disfrutar a todos los asistentes con su alegr\u00eda y su magia, seguida de un magn\u00edfico c\u00f3ctel que permiti\u00f3 a los asistentes disfrutar de un momento de networking y celebraci\u00f3n.<\/p>\n<p>Desde ACTECIR queremos expresar nuestro m\u00e1s sincero agradecimiento a todos los participantes, asistentes y patrocinadores que hicieron posible este evento. Su apoyo y colaboraci\u00f3n han sido fundamentales para el \u00e9xito de nuestra celebraci\u00f3n del 40 aniversario.<\/p>\n<p><img fetchpriority=\"high\" decoding=\"async\" class=\"wp-image-15068 size-large aligncenter\" src=\"https:\/\/www.actecir.cat\/wp-content\/uploads\/2024\/05\/40a_ACTECIR_grupACTECIR-1024x683.jpg\" alt=\"\" width=\"800\" height=\"534\" srcset=\"https:\/\/www.actecir.cat\/wp-content\/uploads\/2024\/05\/40a_ACTECIR_grupACTECIR-1024x683.jpg 1024w, https:\/\/www.actecir.cat\/wp-content\/uploads\/2024\/05\/40a_ACTECIR_grupACTECIR-300x200.jpg 300w, https:\/\/www.actecir.cat\/wp-content\/uploads\/2024\/05\/40a_ACTECIR_grupACTECIR-768x512.jpg 768w, https:\/\/www.actecir.cat\/wp-content\/uploads\/2024\/05\/40a_ACTECIR_grupACTECIR-1536x1025.jpg 1536w, https:\/\/www.actecir.cat\/wp-content\/uploads\/2024\/05\/40a_ACTECIR_grupACTECIR.jpg 1874w\" sizes=\"(max-width: 800px) 100vw, 800px\" \/><img decoding=\"async\" class=\"aligncenter wp-image-15072 size-large\" src=\"https:\/\/www.actecir.cat\/wp-content\/uploads\/2024\/05\/40a_ACTECIR_premiats-1024x683.jpg\" alt=\"\" width=\"800\" height=\"534\" srcset=\"https:\/\/www.actecir.cat\/wp-content\/uploads\/2024\/05\/40a_ACTECIR_premiats-1024x683.jpg 1024w, https:\/\/www.actecir.cat\/wp-content\/uploads\/2024\/05\/40a_ACTECIR_premiats-300x200.jpg 300w, https:\/\/www.actecir.cat\/wp-content\/uploads\/2024\/05\/40a_ACTECIR_premiats-768x512.jpg 768w, https:\/\/www.actecir.cat\/wp-content\/uploads\/2024\/05\/40a_ACTECIR_premiats-1536x1025.jpg 1536w, https:\/\/www.actecir.cat\/wp-content\/uploads\/2024\/05\/40a_ACTECIR_premiats.jpg 1874w\" sizes=\"(max-width: 800px) 100vw, 800px\" \/><img decoding=\"async\" class=\"aligncenter wp-image-15064 size-large\" src=\"https:\/\/www.actecir.cat\/wp-content\/uploads\/2024\/05\/40a_ACTECIR_copa_cava_recepcio-1024x581.jpg\" alt=\"\" width=\"800\" height=\"454\" srcset=\"https:\/\/www.actecir.cat\/wp-content\/uploads\/2024\/05\/40a_ACTECIR_copa_cava_recepcio-1024x581.jpg 1024w, https:\/\/www.actecir.cat\/wp-content\/uploads\/2024\/05\/40a_ACTECIR_copa_cava_recepcio-300x170.jpg 300w, https:\/\/www.actecir.cat\/wp-content\/uploads\/2024\/05\/40a_ACTECIR_copa_cava_recepcio-768x436.jpg 768w, https:\/\/www.actecir.cat\/wp-content\/uploads\/2024\/05\/40a_ACTECIR_copa_cava_recepcio-1536x871.jpg 1536w, https:\/\/www.actecir.cat\/wp-content\/uploads\/2024\/05\/40a_ACTECIR_copa_cava_recepcio-2048x1162.jpg 2048w\" sizes=\"(max-width: 800px) 100vw, 800px\" \/><img loading=\"lazy\" decoding=\"async\" class=\"aligncenter wp-image-15062 size-large\" src=\"https:\/\/www.actecir.cat\/wp-content\/uploads\/2024\/05\/40a_ACTECIR_art_2-1024x683.jpg\" alt=\"\" width=\"800\" height=\"534\" srcset=\"https:\/\/www.actecir.cat\/wp-content\/uploads\/2024\/05\/40a_ACTECIR_art_2-1024x683.jpg 1024w, https:\/\/www.actecir.cat\/wp-content\/uploads\/2024\/05\/40a_ACTECIR_art_2-300x200.jpg 300w, https:\/\/www.actecir.cat\/wp-content\/uploads\/2024\/05\/40a_ACTECIR_art_2-768x512.jpg 768w, https:\/\/www.actecir.cat\/wp-content\/uploads\/2024\/05\/40a_ACTECIR_art_2-1536x1025.jpg 1536w, https:\/\/www.actecir.cat\/wp-content\/uploads\/2024\/05\/40a_ACTECIR_art_2.jpg 1874w\" sizes=\"(max-width: 800px) 100vw, 800px\" \/> <img loading=\"lazy\" decoding=\"async\" class=\"aligncenter wp-image-15066 size-large\" src=\"https:\/\/www.actecir.cat\/wp-content\/uploads\/2024\/05\/40a_ACTECIR_entrada-gent-1024x683.jpg\" alt=\"\" width=\"800\" height=\"534\" srcset=\"https:\/\/www.actecir.cat\/wp-content\/uploads\/2024\/05\/40a_ACTECIR_entrada-gent-1024x683.jpg 1024w, https:\/\/www.actecir.cat\/wp-content\/uploads\/2024\/05\/40a_ACTECIR_entrada-gent-300x200.jpg 300w, https:\/\/www.actecir.cat\/wp-content\/uploads\/2024\/05\/40a_ACTECIR_entrada-gent-768x512.jpg 768w, https:\/\/www.actecir.cat\/wp-content\/uploads\/2024\/05\/40a_ACTECIR_entrada-gent-1536x1025.jpg 1536w, https:\/\/www.actecir.cat\/wp-content\/uploads\/2024\/05\/40a_ACTECIR_entrada-gent.jpg 1874w\" sizes=\"(max-width: 800px) 100vw, 800px\" \/> <img loading=\"lazy\" decoding=\"async\" class=\"aligncenter wp-image-15070 size-large\" src=\"https:\/\/www.actecir.cat\/wp-content\/uploads\/2024\/05\/40a_ACTECIR_joc-1024x683.jpg\" alt=\"\" width=\"800\" height=\"534\" srcset=\"https:\/\/www.actecir.cat\/wp-content\/uploads\/2024\/05\/40a_ACTECIR_joc-1024x683.jpg 1024w, https:\/\/www.actecir.cat\/wp-content\/uploads\/2024\/05\/40a_ACTECIR_joc-300x200.jpg 300w, https:\/\/www.actecir.cat\/wp-content\/uploads\/2024\/05\/40a_ACTECIR_joc-768x512.jpg 768w, https:\/\/www.actecir.cat\/wp-content\/uploads\/2024\/05\/40a_ACTECIR_joc-1536x1025.jpg 1536w, https:\/\/www.actecir.cat\/wp-content\/uploads\/2024\/05\/40a_ACTECIR_joc.jpg 1874w\" sizes=\"(max-width: 800px) 100vw, 800px\" \/> <img loading=\"lazy\" decoding=\"async\" class=\"aligncenter wp-image-15074 size-large\" src=\"https:\/\/www.actecir.cat\/wp-content\/uploads\/2024\/05\/40a_ACTECIR_tirant_papers_3-1024x683.jpg\" alt=\"\" width=\"800\" height=\"534\" srcset=\"https:\/\/www.actecir.cat\/wp-content\/uploads\/2024\/05\/40a_ACTECIR_tirant_papers_3-1024x683.jpg 1024w, https:\/\/www.actecir.cat\/wp-content\/uploads\/2024\/05\/40a_ACTECIR_tirant_papers_3-300x200.jpg 300w, https:\/\/www.actecir.cat\/wp-content\/uploads\/2024\/05\/40a_ACTECIR_tirant_papers_3-768x512.jpg 768w, https:\/\/www.actecir.cat\/wp-content\/uploads\/2024\/05\/40a_ACTECIR_tirant_papers_3-1536x1025.jpg 1536w, https:\/\/www.actecir.cat\/wp-content\/uploads\/2024\/05\/40a_ACTECIR_tirant_papers_3.jpg 1874w\" sizes=\"(max-width: 800px) 100vw, 800px\" \/> <img loading=\"lazy\" decoding=\"async\" class=\"aligncenter wp-image-15076 size-large\" src=\"https:\/\/www.actecir.cat\/wp-content\/uploads\/2024\/05\/40a_ACTECIR_tirant_papers_4-1024x683.jpg\" alt=\"\" width=\"800\" height=\"534\" srcset=\"https:\/\/www.actecir.cat\/wp-content\/uploads\/2024\/05\/40a_ACTECIR_tirant_papers_4-1024x683.jpg 1024w, https:\/\/www.actecir.cat\/wp-content\/uploads\/2024\/05\/40a_ACTECIR_tirant_papers_4-300x200.jpg 300w, https:\/\/www.actecir.cat\/wp-content\/uploads\/2024\/05\/40a_ACTECIR_tirant_papers_4-768x512.jpg 768w, https:\/\/www.actecir.cat\/wp-content\/uploads\/2024\/05\/40a_ACTECIR_tirant_papers_4-1536x1025.jpg 1536w, https:\/\/www.actecir.cat\/wp-content\/uploads\/2024\/05\/40a_ACTECIR_tirant_papers_4.jpg 1874w\" sizes=\"(max-width: 800px) 100vw, 800px\" \/> <img loading=\"lazy\" decoding=\"async\" class=\"aligncenter wp-image-15078 size-large\" src=\"https:\/\/www.actecir.cat\/wp-content\/uploads\/2024\/05\/premi-1024x683.jpg\" alt=\"\" width=\"800\" height=\"534\" srcset=\"https:\/\/www.actecir.cat\/wp-content\/uploads\/2024\/05\/premi-1024x683.jpg 1024w, https:\/\/www.actecir.cat\/wp-content\/uploads\/2024\/05\/premi-300x200.jpg 300w, https:\/\/www.actecir.cat\/wp-content\/uploads\/2024\/05\/premi-768x512.jpg 768w, https:\/\/www.actecir.cat\/wp-content\/uploads\/2024\/05\/premi-1536x1025.jpg 1536w, https:\/\/www.actecir.cat\/wp-content\/uploads\/2024\/05\/premi.jpg 1874w\" sizes=\"(max-width: 800px) 100vw, 800px\" \/><\/p>\n<p>&nbsp;<\/p>\n<p>&nbsp;<\/p>\n<p>&nbsp;<\/p>\n","protected":false},"excerpt":{"rendered":"<p>ACTECIR celebra su 40 aniversario con un evento memorable en Barcelona Barcelona, 27 de mayo de 2024 \u2014 La Asociaci\u00f3n Catalana de T\u00e9cnicos en Energ\u00eda, Climatizaci\u00f3n y Refrigeraci\u00f3n (ACTECIR) celebr\u00f3 [&hellip;]<\/p>\n","protected":false},"author":299,"featured_media":14213,"comment_status":"closed","ping_status":"closed","sticky":false,"template":"","format":"standard","meta":{"footnotes":""},"categories":[23],"tags":[],"class_list":["post-14247","post","type-post","status-publish","format-standard","has-post-thumbnail","hentry","category-destacamos"],"yoast_head":"<!-- This site is optimized with the Yoast SEO plugin v27.2 - https:\/\/yoast.com\/product\/yoast-seo-wordpress\/ -->\n<title>40 Aniversario ACTECIR - Actecir<\/title>\n<meta name=\"robots\" content=\"index, follow, max-snippet:-1, max-image-preview:large, max-video-preview:-1\" \/>\n<link rel=\"canonical\" href=\"https:\/\/www.actecir.cat\/es\/40-aniversari-actecir\/\" \/>\n<meta property=\"og:locale\" content=\"es_ES\" \/>\n<meta property=\"og:type\" content=\"article\" \/>\n<meta property=\"og:title\" content=\"40 Aniversario ACTECIR - Actecir\" \/>\n<meta property=\"og:description\" content=\"ACTECIR celebra su 40 aniversario con un evento memorable en Barcelona Barcelona, 27 de mayo de 2024 \u2014 La Asociaci\u00f3n Catalana de T\u00e9cnicos en Energ\u00eda, Climatizaci\u00f3n y Refrigeraci\u00f3n (ACTECIR) celebr\u00f3 [&hellip;]\" \/>\n<meta property=\"og:url\" content=\"https:\/\/www.actecir.cat\/es\/40-aniversari-actecir\/\" \/>\n<meta property=\"og:site_name\" content=\"Actecir\" \/>\n<meta property=\"article:published_time\" content=\"2024-05-15T11:41:00+00:00\" \/>\n<meta property=\"article:modified_time\" content=\"2024-05-28T07:45:32+00:00\" \/>\n<meta property=\"og:image\" content=\"https:\/\/www.actecir.cat\/wp-content\/uploads\/2024\/02\/40A_catala_600x400-04.jpg\" \/>\n\t<meta property=\"og:image:width\" content=\"1250\" \/>\n\t<meta property=\"og:image:height\" content=\"833\" \/>\n\t<meta property=\"og:image:type\" content=\"image\/jpeg\" \/>\n<meta name=\"author\" content=\"Maen Systems\" \/>\n<meta name=\"twitter:card\" content=\"summary_large_image\" \/>\n<meta name=\"twitter:creator\" content=\"@actecir\" \/>\n<meta name=\"twitter:site\" content=\"@actecir\" \/>\n<meta name=\"twitter:label1\" content=\"Escrito por\" \/>\n\t<meta name=\"twitter:data1\" content=\"Maen Systems\" \/>\n\t<meta name=\"twitter:label2\" content=\"Tiempo de lectura\" \/>\n\t<meta name=\"twitter:data2\" content=\"3 minutos\" \/>\n<script type=\"application\/ld+json\" class=\"yoast-schema-graph\">{\"@context\":\"https:\/\/schema.org\",\"@graph\":[{\"@type\":\"Article\",\"@id\":\"https:\/\/www.actecir.cat\/es\/40-aniversari-actecir\/#article\",\"isPartOf\":{\"@id\":\"https:\/\/www.actecir.cat\/es\/40-aniversari-actecir\/\"},\"author\":{\"name\":\"Maen Systems\",\"@id\":\"https:\/\/www.actecir.cat\/#\/schema\/person\/9a0dbad79e7bde2f4a6be55628a9b04b\"},\"headline\":\"40 Aniversario ACTECIR\",\"datePublished\":\"2024-05-15T11:41:00+00:00\",\"dateModified\":\"2024-05-28T07:45:32+00:00\",\"mainEntityOfPage\":{\"@id\":\"https:\/\/www.actecir.cat\/es\/40-aniversari-actecir\/\"},\"wordCount\":616,\"publisher\":{\"@id\":\"https:\/\/www.actecir.cat\/#organization\"},\"image\":{\"@id\":\"https:\/\/www.actecir.cat\/es\/40-aniversari-actecir\/#primaryimage\"},\"thumbnailUrl\":\"https:\/\/www.actecir.cat\/wp-content\/uploads\/2024\/02\/40A_catala_600x400-04.jpg\",\"articleSection\":[\"Destacamos\"],\"inLanguage\":\"es\"},{\"@type\":\"WebPage\",\"@id\":\"https:\/\/www.actecir.cat\/es\/40-aniversari-actecir\/\",\"url\":\"https:\/\/www.actecir.cat\/es\/40-aniversari-actecir\/\",\"name\":\"40 Aniversario ACTECIR - Actecir\",\"isPartOf\":{\"@id\":\"https:\/\/www.actecir.cat\/#website\"},\"primaryImageOfPage\":{\"@id\":\"https:\/\/www.actecir.cat\/es\/40-aniversari-actecir\/#primaryimage\"},\"image\":{\"@id\":\"https:\/\/www.actecir.cat\/es\/40-aniversari-actecir\/#primaryimage\"},\"thumbnailUrl\":\"https:\/\/www.actecir.cat\/wp-content\/uploads\/2024\/02\/40A_catala_600x400-04.jpg\",\"datePublished\":\"2024-05-15T11:41:00+00:00\",\"dateModified\":\"2024-05-28T07:45:32+00:00\",\"breadcrumb\":{\"@id\":\"https:\/\/www.actecir.cat\/es\/40-aniversari-actecir\/#breadcrumb\"},\"inLanguage\":\"es\",\"potentialAction\":[{\"@type\":\"ReadAction\",\"target\":[\"https:\/\/www.actecir.cat\/es\/40-aniversari-actecir\/\"]}]},{\"@type\":\"ImageObject\",\"inLanguage\":\"es\",\"@id\":\"https:\/\/www.actecir.cat\/es\/40-aniversari-actecir\/#primaryimage\",\"url\":\"https:\/\/www.actecir.cat\/wp-content\/uploads\/2024\/02\/40A_catala_600x400-04.jpg\",\"contentUrl\":\"https:\/\/www.actecir.cat\/wp-content\/uploads\/2024\/02\/40A_catala_600x400-04.jpg\",\"width\":1250,\"height\":833},{\"@type\":\"BreadcrumbList\",\"@id\":\"https:\/\/www.actecir.cat\/es\/40-aniversari-actecir\/#breadcrumb\",\"itemListElement\":[{\"@type\":\"ListItem\",\"position\":1,\"name\":\"Inici\",\"item\":\"https:\/\/www.actecir.cat\/es\/\"},{\"@type\":\"ListItem\",\"position\":2,\"name\":\"40 Aniversario ACTECIR\"}]},{\"@type\":\"WebSite\",\"@id\":\"https:\/\/www.actecir.cat\/#website\",\"url\":\"https:\/\/www.actecir.cat\/\",\"name\":\"Actecir\",\"description\":\"Associaci\u00f3 Catalana de T\u00e8cnics en Energia, Climatitzaci\u00f3 i Refrigeraci\u00f3\",\"publisher\":{\"@id\":\"https:\/\/www.actecir.cat\/#organization\"},\"potentialAction\":[{\"@type\":\"SearchAction\",\"target\":{\"@type\":\"EntryPoint\",\"urlTemplate\":\"https:\/\/www.actecir.cat\/?s={search_term_string}\"},\"query-input\":{\"@type\":\"PropertyValueSpecification\",\"valueRequired\":true,\"valueName\":\"search_term_string\"}}],\"inLanguage\":\"es\"},{\"@type\":\"Organization\",\"@id\":\"https:\/\/www.actecir.cat\/#organization\",\"name\":\"Actecir\",\"url\":\"https:\/\/www.actecir.cat\/\",\"logo\":{\"@type\":\"ImageObject\",\"inLanguage\":\"es\",\"@id\":\"https:\/\/www.actecir.cat\/#\/schema\/logo\/image\/\",\"url\":\"https:\/\/www.actecir.cat\/wp-content\/uploads\/2023\/04\/cropped-logo_actecir_60_alto.png\",\"contentUrl\":\"https:\/\/www.actecir.cat\/wp-content\/uploads\/2023\/04\/cropped-logo_actecir_60_alto.png\",\"width\":283,\"height\":80,\"caption\":\"Actecir\"},\"image\":{\"@id\":\"https:\/\/www.actecir.cat\/#\/schema\/logo\/image\/\"},\"sameAs\":[\"https:\/\/x.com\/actecir\",\"https:\/\/www.linkedin.com\/company\/actecir\"]},{\"@type\":\"Person\",\"@id\":\"https:\/\/www.actecir.cat\/#\/schema\/person\/9a0dbad79e7bde2f4a6be55628a9b04b\",\"name\":\"Maen Systems\",\"url\":\"https:\/\/www.actecir.cat\/es\/author\/maen\/\"}]}<\/script>\n<!-- \/ Yoast SEO plugin. -->","yoast_head_json":{"title":"40 Aniversario ACTECIR - Actecir","robots":{"index":"index","follow":"follow","max-snippet":"max-snippet:-1","max-image-preview":"max-image-preview:large","max-video-preview":"max-video-preview:-1"},"canonical":"https:\/\/www.actecir.cat\/es\/40-aniversari-actecir\/","og_locale":"es_ES","og_type":"article","og_title":"40 Aniversario ACTECIR - Actecir","og_description":"ACTECIR celebra su 40 aniversario con un evento memorable en Barcelona Barcelona, 27 de mayo de 2024 \u2014 La Asociaci\u00f3n Catalana de T\u00e9cnicos en Energ\u00eda, Climatizaci\u00f3n y Refrigeraci\u00f3n (ACTECIR) celebr\u00f3 [&hellip;]","og_url":"https:\/\/www.actecir.cat\/es\/40-aniversari-actecir\/","og_site_name":"Actecir","article_published_time":"2024-05-15T11:41:00+00:00","article_modified_time":"2024-05-28T07:45:32+00:00","og_image":[{"width":1250,"height":833,"url":"https:\/\/www.actecir.cat\/wp-content\/uploads\/2024\/02\/40A_catala_600x400-04.jpg","type":"image\/jpeg"}],"author":"Maen Systems","twitter_card":"summary_large_image","twitter_creator":"@actecir","twitter_site":"@actecir","twitter_misc":{"Escrito por":"Maen Systems","Tiempo de lectura":"3 minutos"},"schema":{"@context":"https:\/\/schema.org","@graph":[{"@type":"Article","@id":"https:\/\/www.actecir.cat\/es\/40-aniversari-actecir\/#article","isPartOf":{"@id":"https:\/\/www.actecir.cat\/es\/40-aniversari-actecir\/"},"author":{"name":"Maen Systems","@id":"https:\/\/www.actecir.cat\/#\/schema\/person\/9a0dbad79e7bde2f4a6be55628a9b04b"},"headline":"40 Aniversario ACTECIR","datePublished":"2024-05-15T11:41:00+00:00","dateModified":"2024-05-28T07:45:32+00:00","mainEntityOfPage":{"@id":"https:\/\/www.actecir.cat\/es\/40-aniversari-actecir\/"},"wordCount":616,"publisher":{"@id":"https:\/\/www.actecir.cat\/#organization"},"image":{"@id":"https:\/\/www.actecir.cat\/es\/40-aniversari-actecir\/#primaryimage"},"thumbnailUrl":"https:\/\/www.actecir.cat\/wp-content\/uploads\/2024\/02\/40A_catala_600x400-04.jpg","articleSection":["Destacamos"],"inLanguage":"es"},{"@type":"WebPage","@id":"https:\/\/www.actecir.cat\/es\/40-aniversari-actecir\/","url":"https:\/\/www.actecir.cat\/es\/40-aniversari-actecir\/","name":"40 Aniversario ACTECIR - Actecir","isPartOf":{"@id":"https:\/\/www.actecir.cat\/#website"},"primaryImageOfPage":{"@id":"https:\/\/www.actecir.cat\/es\/40-aniversari-actecir\/#primaryimage"},"image":{"@id":"https:\/\/www.actecir.cat\/es\/40-aniversari-actecir\/#primaryimage"},"thumbnailUrl":"https:\/\/www.actecir.cat\/wp-content\/uploads\/2024\/02\/40A_catala_600x400-04.jpg","datePublished":"2024-05-15T11:41:00+00:00","dateModified":"2024-05-28T07:45:32+00:00","breadcrumb":{"@id":"https:\/\/www.actecir.cat\/es\/40-aniversari-actecir\/#breadcrumb"},"inLanguage":"es","potentialAction":[{"@type":"ReadAction","target":["https:\/\/www.actecir.cat\/es\/40-aniversari-actecir\/"]}]},{"@type":"ImageObject","inLanguage":"es","@id":"https:\/\/www.actecir.cat\/es\/40-aniversari-actecir\/#primaryimage","url":"https:\/\/www.actecir.cat\/wp-content\/uploads\/2024\/02\/40A_catala_600x400-04.jpg","contentUrl":"https:\/\/www.actecir.cat\/wp-content\/uploads\/2024\/02\/40A_catala_600x400-04.jpg","width":1250,"height":833},{"@type":"BreadcrumbList","@id":"https:\/\/www.actecir.cat\/es\/40-aniversari-actecir\/#breadcrumb","itemListElement":[{"@type":"ListItem","position":1,"name":"Inici","item":"https:\/\/www.actecir.cat\/es\/"},{"@type":"ListItem","position":2,"name":"40 Aniversario ACTECIR"}]},{"@type":"WebSite","@id":"https:\/\/www.actecir.cat\/#website","url":"https:\/\/www.actecir.cat\/","name":"Actecir","description":"Associaci\u00f3 Catalana de T\u00e8cnics en Energia, Climatitzaci\u00f3 i Refrigeraci\u00f3","publisher":{"@id":"https:\/\/www.actecir.cat\/#organization"},"potentialAction":[{"@type":"SearchAction","target":{"@type":"EntryPoint","urlTemplate":"https:\/\/www.actecir.cat\/?s={search_term_string}"},"query-input":{"@type":"PropertyValueSpecification","valueRequired":true,"valueName":"search_term_string"}}],"inLanguage":"es"},{"@type":"Organization","@id":"https:\/\/www.actecir.cat\/#organization","name":"Actecir","url":"https:\/\/www.actecir.cat\/","logo":{"@type":"ImageObject","inLanguage":"es","@id":"https:\/\/www.actecir.cat\/#\/schema\/logo\/image\/","url":"https:\/\/www.actecir.cat\/wp-content\/uploads\/2023\/04\/cropped-logo_actecir_60_alto.png","contentUrl":"https:\/\/www.actecir.cat\/wp-content\/uploads\/2023\/04\/cropped-logo_actecir_60_alto.png","width":283,"height":80,"caption":"Actecir"},"image":{"@id":"https:\/\/www.actecir.cat\/#\/schema\/logo\/image\/"},"sameAs":["https:\/\/x.com\/actecir","https:\/\/www.linkedin.com\/company\/actecir"]},{"@type":"Person","@id":"https:\/\/www.actecir.cat\/#\/schema\/person\/9a0dbad79e7bde2f4a6be55628a9b04b","name":"Maen Systems","url":"https:\/\/www.actecir.cat\/es\/author\/maen\/"}]}},"_links":{"self":[{"href":"https:\/\/www.actecir.cat\/es\/wp-json\/wp\/v2\/posts\/14247","targetHints":{"allow":["GET"]}}],"collection":[{"href":"https:\/\/www.actecir.cat\/es\/wp-json\/wp\/v2\/posts"}],"about":[{"href":"https:\/\/www.actecir.cat\/es\/wp-json\/wp\/v2\/types\/post"}],"author":[{"embeddable":true,"href":"https:\/\/www.actecir.cat\/es\/wp-json\/wp\/v2\/users\/299"}],"replies":[{"embeddable":true,"href":"https:\/\/www.actecir.cat\/es\/wp-json\/wp\/v2\/comments?post=14247"}],"version-history":[{"count":34,"href":"https:\/\/www.actecir.cat\/es\/wp-json\/wp\/v2\/posts\/14247\/revisions"}],"predecessor-version":[{"id":15092,"href":"https:\/\/www.actecir.cat\/es\/wp-json\/wp\/v2\/posts\/14247\/revisions\/15092"}],"wp:featuredmedia":[{"embeddable":true,"href":"https:\/\/www.actecir.cat\/es\/wp-json\/wp\/v2\/media\/14213"}],"wp:attachment":[{"href":"https:\/\/www.actecir.cat\/es\/wp-json\/wp\/v2\/media?parent=14247"}],"wp:term":[{"taxonomy":"category","embeddable":true,"href":"https:\/\/www.actecir.cat\/es\/wp-json\/wp\/v2\/categories?post=14247"},{"taxonomy":"post_tag","embeddable":true,"href":"https:\/\/www.actecir.cat\/es\/wp-json\/wp\/v2\/tags?post=14247"}],"curies":[{"name":"wp","href":"https:\/\/api.w.org\/{rel}","templated":true}]}}