{"id":14486,"date":"2024-03-06T11:31:31","date_gmt":"2024-03-06T10:31:31","guid":{"rendered":"https:\/\/www.actecir.cat\/?p=14486"},"modified":"2024-03-20T10:15:43","modified_gmt":"2024-03-20T09:15:43","slug":"jornada-tecnica-ceilhit-instalacion-del-suelo-radiante-electrico","status":"publish","type":"post","link":"https:\/\/www.actecir.cat\/es\/jornada-tecnica-ceilhit-instalacion-del-suelo-radiante-electrico\/","title":{"rendered":"Jornada T\u00e9cnica CEILHIT: Instalaci\u00f3n del suelo radiante el\u00e9ctrico."},"content":{"rendered":"<p><strong>\u00bfQuieres formarte para la instalaci\u00f3n del suelo radiante el\u00e9ctrico?<\/strong><\/p>\n<p><strong>ACTECIR<\/strong> te invita a asistir a la Jornada T\u00e9cnica que organiza nuestro colaborador <strong>CEILHIT<\/strong>, una completa formaci\u00f3n sobre la calefacci\u00f3n radiante, tipos, usos y c\u00e1lculos.<\/p>\n<p><img fetchpriority=\"high\" decoding=\"async\" class=\"wp-image-14547 size-full aligncenter\" src=\"https:\/\/www.actecir.cat\/wp-content\/uploads\/2024\/03\/JORNADA_CEILHIT_web_cast_corregido.jpg\" alt=\"\" width=\"600\" height=\"400\" srcset=\"https:\/\/www.actecir.cat\/wp-content\/uploads\/2024\/03\/JORNADA_CEILHIT_web_cast_corregido.jpg 600w, https:\/\/www.actecir.cat\/wp-content\/uploads\/2024\/03\/JORNADA_CEILHIT_web_cast_corregido-300x200.jpg 300w\" sizes=\"(max-width: 600px) 100vw, 600px\" \/><\/p>\n<ul>\n<li><strong>Fecha<\/strong>: Mi\u00e9rcoles 17 de Abril<\/li>\n<li><strong>Hora inicio<\/strong>: 16:00h.<\/li>\n<li><strong>Coff\u00e9 Break<\/strong>: 18:30h.<\/li>\n<li><strong>Hora finalizaci\u00f3n<\/strong>: 19:30h<\/li>\n<li><strong>Ubicaci\u00f3n<\/strong>: ACTECIR Sala Formaci\u00f3. Plaza Espa\u00f1a, s\/n, 1\u00ba piso . Fira de Barcelona<\/li>\n<\/ul>\n<p style=\"text-align: center;\"><strong><em>\u00a0<\/em><\/strong><\/p>\n<p style=\"text-align: center;\"><strong>Haz click para apuntarte <em>( plazas limitadas )<\/em><\/strong><\/p>\n<p><a href=\"https:\/\/forms.gle\/qPAKLzwozi22RKcV8 \" target=\"_blank\" rel=\"noopener\"><img decoding=\"async\" class=\"aligncenter wp-image-14489 \" src=\"https:\/\/www.actecir.cat\/wp-content\/uploads\/2024\/03\/formulario.jpg\" alt=\"\" width=\"730\" height=\"29\" \/><\/a><\/p>\n<p><strong><u>Programa Jornada:<\/u><\/strong><\/p>\n<p><strong>Parte 1 \u2013 Presentaci\u00f3n empresa, sistema y productos:<\/strong><\/p>\n<ul>\n<li>Calefacci\u00f3n radiante, qu\u00e9 es, tipo y usos.<\/li>\n<li>Suelo radiante, paneles y deshielo.<\/li>\n<li>Regulaci\u00f3n.<\/li>\n<li>Sistemas integrados en el suelo.<\/li>\n<li>Tipo de cable a instalar y por qu\u00e9 y elementos auxiliares para la instalaci\u00f3n: aislante, fijaci\u00f3n y regulaci\u00f3n<\/li>\n<\/ul>\n<p><strong>Parte 2 \u2013 Proceso instalaci\u00f3n manta \/cable:<\/strong><\/p>\n<ol>\n<li>Dimensionamiento y c\u00e1lculo del suelo radiante.<\/li>\n<li>Instalaci\u00f3n tipos y procesos constructivos.\n<ul>\n<li>Aislante y banda perimetral, manta calefactora, cable calefactor, recubrimiento y suelo acabado.<\/li>\n<li>Regulaci\u00f3n.<\/li>\n<li>Pruebas de calidad y garant\u00eda.<\/li>\n<\/ul>\n<\/li>\n<li>Entrega de obra. Documentaci\u00f3n de material y garant\u00eda.<\/li>\n<li>Postventa.\n<ul>\n<li>Apoyo t\u00e9cnico, puestas en marcha.<\/li>\n<li>Evaluaci\u00f3n de problemas, aplicaci\u00f3n garant\u00eda, sustituci\u00f3n material.<\/li>\n<\/ul>\n<\/li>\n<\/ol>\n<p><strong>Parte 3 \u2013 Folio y manta Al (suelos parquet-laminados):<\/strong><\/p>\n<ol>\n<li>Dimensionamiento y c\u00e1lculo del suelo radiante.\n<ul>\n<li>Particularidades e instalaci\u00f3n.<\/li>\n<\/ul>\n<\/li>\n<li>Tipos de instalaci\u00f3n, procesos constructivos y elementos necesarios para la instalaci\u00f3n.\n<ul>\n<li>Aislante, folio y Manta Al, suelo final y regulaci\u00f3n.<\/li>\n<li>Pruebas de calidad y garant\u00eda.<\/li>\n<li>Entrega de obra, documentaci\u00f3n de material y garant\u00eda<\/li>\n<\/ul>\n<\/li>\n<li>Postventa.\n<ul>\n<li>Apoyo t\u00e9cnico, puestas en marcha.<\/li>\n<li>Evaluaci\u00f3n de problemas, aplicaci\u00f3n garant\u00eda y sustituci\u00f3n material.<\/li>\n<\/ul>\n<\/li>\n<\/ol>\n","protected":false},"excerpt":{"rendered":"<p>\u00bfQuieres formarte para la instalaci\u00f3n del suelo radiante el\u00e9ctrico? ACTECIR te invita a asistir a la Jornada T\u00e9cnica que organiza nuestro colaborador CEILHIT, una completa formaci\u00f3n sobre la calefacci\u00f3n radiante, [&hellip;]<\/p>\n","protected":false},"author":299,"featured_media":14547,"comment_status":"closed","ping_status":"closed","sticky":false,"template":"","format":"standard","meta":{"footnotes":""},"categories":[25],"tags":[],"class_list":["post-14486","post","type-post","status-publish","format-standard","has-post-thumbnail","hentry","category-noticias"],"yoast_head":"<!-- This site is optimized with the Yoast SEO plugin v27.2 - https:\/\/yoast.com\/product\/yoast-seo-wordpress\/ -->\n<title>Jornada T\u00e9cnica CEILHIT: Instalaci\u00f3n del suelo radiante el\u00e9ctrico. - Actecir<\/title>\n<meta name=\"robots\" content=\"index, follow, max-snippet:-1, max-image-preview:large, max-video-preview:-1\" \/>\n<link rel=\"canonical\" href=\"https:\/\/www.actecir.cat\/es\/jornada-tecnica-ceilhit-instalacion-del-suelo-radiante-electrico\/\" \/>\n<meta property=\"og:locale\" content=\"es_ES\" \/>\n<meta property=\"og:type\" content=\"article\" \/>\n<meta property=\"og:title\" content=\"Jornada T\u00e9cnica CEILHIT: Instalaci\u00f3n del suelo radiante el\u00e9ctrico. - Actecir\" \/>\n<meta property=\"og:description\" content=\"\u00bfQuieres formarte para la instalaci\u00f3n del suelo radiante el\u00e9ctrico? ACTECIR te invita a asistir a la Jornada T\u00e9cnica que organiza nuestro colaborador CEILHIT, una completa formaci\u00f3n sobre la calefacci\u00f3n radiante, [&hellip;]\" \/>\n<meta property=\"og:url\" content=\"https:\/\/www.actecir.cat\/es\/jornada-tecnica-ceilhit-instalacion-del-suelo-radiante-electrico\/\" \/>\n<meta property=\"og:site_name\" content=\"Actecir\" \/>\n<meta property=\"article:published_time\" content=\"2024-03-06T10:31:31+00:00\" \/>\n<meta property=\"article:modified_time\" content=\"2024-03-20T09:15:43+00:00\" \/>\n<meta property=\"og:image\" content=\"https:\/\/www.actecir.cat\/wp-content\/uploads\/2024\/03\/JORNADA_CEILHIT_web_cast_corregido.jpg\" \/>\n\t<meta property=\"og:image:width\" content=\"600\" \/>\n\t<meta property=\"og:image:height\" content=\"400\" \/>\n\t<meta property=\"og:image:type\" content=\"image\/jpeg\" \/>\n<meta name=\"author\" content=\"Maen Systems\" \/>\n<meta name=\"twitter:card\" content=\"summary_large_image\" \/>\n<meta name=\"twitter:creator\" content=\"@actecir\" \/>\n<meta name=\"twitter:site\" content=\"@actecir\" \/>\n<meta name=\"twitter:label1\" content=\"Escrito por\" \/>\n\t<meta name=\"twitter:data1\" content=\"Maen Systems\" \/>\n\t<meta name=\"twitter:label2\" content=\"Tiempo de lectura\" \/>\n\t<meta name=\"twitter:data2\" content=\"1 minuto\" \/>\n<script type=\"application\/ld+json\" class=\"yoast-schema-graph\">{\"@context\":\"https:\/\/schema.org\",\"@graph\":[{\"@type\":\"Article\",\"@id\":\"https:\/\/www.actecir.cat\/es\/jornada-tecnica-ceilhit-instalacion-del-suelo-radiante-electrico\/#article\",\"isPartOf\":{\"@id\":\"https:\/\/www.actecir.cat\/es\/jornada-tecnica-ceilhit-instalacion-del-suelo-radiante-electrico\/\"},\"author\":{\"name\":\"Maen Systems\",\"@id\":\"https:\/\/www.actecir.cat\/#\/schema\/person\/9a0dbad79e7bde2f4a6be55628a9b04b\"},\"headline\":\"Jornada T\u00e9cnica CEILHIT: Instalaci\u00f3n del suelo radiante el\u00e9ctrico.\",\"datePublished\":\"2024-03-06T10:31:31+00:00\",\"dateModified\":\"2024-03-20T09:15:43+00:00\",\"mainEntityOfPage\":{\"@id\":\"https:\/\/www.actecir.cat\/es\/jornada-tecnica-ceilhit-instalacion-del-suelo-radiante-electrico\/\"},\"wordCount\":279,\"publisher\":{\"@id\":\"https:\/\/www.actecir.cat\/#organization\"},\"image\":{\"@id\":\"https:\/\/www.actecir.cat\/es\/jornada-tecnica-ceilhit-instalacion-del-suelo-radiante-electrico\/#primaryimage\"},\"thumbnailUrl\":\"https:\/\/www.actecir.cat\/wp-content\/uploads\/2024\/03\/JORNADA_CEILHIT_web_cast_corregido.jpg\",\"articleSection\":[\"Noticias\"],\"inLanguage\":\"es\"},{\"@type\":\"WebPage\",\"@id\":\"https:\/\/www.actecir.cat\/es\/jornada-tecnica-ceilhit-instalacion-del-suelo-radiante-electrico\/\",\"url\":\"https:\/\/www.actecir.cat\/es\/jornada-tecnica-ceilhit-instalacion-del-suelo-radiante-electrico\/\",\"name\":\"Jornada T\u00e9cnica CEILHIT: Instalaci\u00f3n del suelo radiante el\u00e9ctrico. - Actecir\",\"isPartOf\":{\"@id\":\"https:\/\/www.actecir.cat\/#website\"},\"primaryImageOfPage\":{\"@id\":\"https:\/\/www.actecir.cat\/es\/jornada-tecnica-ceilhit-instalacion-del-suelo-radiante-electrico\/#primaryimage\"},\"image\":{\"@id\":\"https:\/\/www.actecir.cat\/es\/jornada-tecnica-ceilhit-instalacion-del-suelo-radiante-electrico\/#primaryimage\"},\"thumbnailUrl\":\"https:\/\/www.actecir.cat\/wp-content\/uploads\/2024\/03\/JORNADA_CEILHIT_web_cast_corregido.jpg\",\"datePublished\":\"2024-03-06T10:31:31+00:00\",\"dateModified\":\"2024-03-20T09:15:43+00:00\",\"breadcrumb\":{\"@id\":\"https:\/\/www.actecir.cat\/es\/jornada-tecnica-ceilhit-instalacion-del-suelo-radiante-electrico\/#breadcrumb\"},\"inLanguage\":\"es\",\"potentialAction\":[{\"@type\":\"ReadAction\",\"target\":[\"https:\/\/www.actecir.cat\/es\/jornada-tecnica-ceilhit-instalacion-del-suelo-radiante-electrico\/\"]}]},{\"@type\":\"ImageObject\",\"inLanguage\":\"es\",\"@id\":\"https:\/\/www.actecir.cat\/es\/jornada-tecnica-ceilhit-instalacion-del-suelo-radiante-electrico\/#primaryimage\",\"url\":\"https:\/\/www.actecir.cat\/wp-content\/uploads\/2024\/03\/JORNADA_CEILHIT_web_cast_corregido.jpg\",\"contentUrl\":\"https:\/\/www.actecir.cat\/wp-content\/uploads\/2024\/03\/JORNADA_CEILHIT_web_cast_corregido.jpg\",\"width\":600,\"height\":400},{\"@type\":\"BreadcrumbList\",\"@id\":\"https:\/\/www.actecir.cat\/es\/jornada-tecnica-ceilhit-instalacion-del-suelo-radiante-electrico\/#breadcrumb\",\"itemListElement\":[{\"@type\":\"ListItem\",\"position\":1,\"name\":\"Inici\",\"item\":\"https:\/\/www.actecir.cat\/es\/\"},{\"@type\":\"ListItem\",\"position\":2,\"name\":\"Jornada T\u00e9cnica CEILHIT: Instalaci\u00f3n del suelo radiante el\u00e9ctrico.\"}]},{\"@type\":\"WebSite\",\"@id\":\"https:\/\/www.actecir.cat\/#website\",\"url\":\"https:\/\/www.actecir.cat\/\",\"name\":\"Actecir\",\"description\":\"Associaci\u00f3 Catalana de T\u00e8cnics en Energia, Climatitzaci\u00f3 i Refrigeraci\u00f3\",\"publisher\":{\"@id\":\"https:\/\/www.actecir.cat\/#organization\"},\"potentialAction\":[{\"@type\":\"SearchAction\",\"target\":{\"@type\":\"EntryPoint\",\"urlTemplate\":\"https:\/\/www.actecir.cat\/?s={search_term_string}\"},\"query-input\":{\"@type\":\"PropertyValueSpecification\",\"valueRequired\":true,\"valueName\":\"search_term_string\"}}],\"inLanguage\":\"es\"},{\"@type\":\"Organization\",\"@id\":\"https:\/\/www.actecir.cat\/#organization\",\"name\":\"Actecir\",\"url\":\"https:\/\/www.actecir.cat\/\",\"logo\":{\"@type\":\"ImageObject\",\"inLanguage\":\"es\",\"@id\":\"https:\/\/www.actecir.cat\/#\/schema\/logo\/image\/\",\"url\":\"https:\/\/www.actecir.cat\/wp-content\/uploads\/2023\/04\/cropped-logo_actecir_60_alto.png\",\"contentUrl\":\"https:\/\/www.actecir.cat\/wp-content\/uploads\/2023\/04\/cropped-logo_actecir_60_alto.png\",\"width\":283,\"height\":80,\"caption\":\"Actecir\"},\"image\":{\"@id\":\"https:\/\/www.actecir.cat\/#\/schema\/logo\/image\/\"},\"sameAs\":[\"https:\/\/x.com\/actecir\",\"https:\/\/www.linkedin.com\/company\/actecir\"]},{\"@type\":\"Person\",\"@id\":\"https:\/\/www.actecir.cat\/#\/schema\/person\/9a0dbad79e7bde2f4a6be55628a9b04b\",\"name\":\"Maen Systems\",\"url\":\"https:\/\/www.actecir.cat\/es\/author\/maen\/\"}]}<\/script>\n<!-- \/ Yoast SEO plugin. -->","yoast_head_json":{"title":"Jornada T\u00e9cnica CEILHIT: Instalaci\u00f3n del suelo radiante el\u00e9ctrico. - Actecir","robots":{"index":"index","follow":"follow","max-snippet":"max-snippet:-1","max-image-preview":"max-image-preview:large","max-video-preview":"max-video-preview:-1"},"canonical":"https:\/\/www.actecir.cat\/es\/jornada-tecnica-ceilhit-instalacion-del-suelo-radiante-electrico\/","og_locale":"es_ES","og_type":"article","og_title":"Jornada T\u00e9cnica CEILHIT: Instalaci\u00f3n del suelo radiante el\u00e9ctrico. - Actecir","og_description":"\u00bfQuieres formarte para la instalaci\u00f3n del suelo radiante el\u00e9ctrico? ACTECIR te invita a asistir a la Jornada T\u00e9cnica que organiza nuestro colaborador CEILHIT, una completa formaci\u00f3n sobre la calefacci\u00f3n radiante, [&hellip;]","og_url":"https:\/\/www.actecir.cat\/es\/jornada-tecnica-ceilhit-instalacion-del-suelo-radiante-electrico\/","og_site_name":"Actecir","article_published_time":"2024-03-06T10:31:31+00:00","article_modified_time":"2024-03-20T09:15:43+00:00","og_image":[{"width":600,"height":400,"url":"https:\/\/www.actecir.cat\/wp-content\/uploads\/2024\/03\/JORNADA_CEILHIT_web_cast_corregido.jpg","type":"image\/jpeg"}],"author":"Maen Systems","twitter_card":"summary_large_image","twitter_creator":"@actecir","twitter_site":"@actecir","twitter_misc":{"Escrito por":"Maen Systems","Tiempo de lectura":"1 minuto"},"schema":{"@context":"https:\/\/schema.org","@graph":[{"@type":"Article","@id":"https:\/\/www.actecir.cat\/es\/jornada-tecnica-ceilhit-instalacion-del-suelo-radiante-electrico\/#article","isPartOf":{"@id":"https:\/\/www.actecir.cat\/es\/jornada-tecnica-ceilhit-instalacion-del-suelo-radiante-electrico\/"},"author":{"name":"Maen Systems","@id":"https:\/\/www.actecir.cat\/#\/schema\/person\/9a0dbad79e7bde2f4a6be55628a9b04b"},"headline":"Jornada T\u00e9cnica CEILHIT: Instalaci\u00f3n del suelo radiante el\u00e9ctrico.","datePublished":"2024-03-06T10:31:31+00:00","dateModified":"2024-03-20T09:15:43+00:00","mainEntityOfPage":{"@id":"https:\/\/www.actecir.cat\/es\/jornada-tecnica-ceilhit-instalacion-del-suelo-radiante-electrico\/"},"wordCount":279,"publisher":{"@id":"https:\/\/www.actecir.cat\/#organization"},"image":{"@id":"https:\/\/www.actecir.cat\/es\/jornada-tecnica-ceilhit-instalacion-del-suelo-radiante-electrico\/#primaryimage"},"thumbnailUrl":"https:\/\/www.actecir.cat\/wp-content\/uploads\/2024\/03\/JORNADA_CEILHIT_web_cast_corregido.jpg","articleSection":["Noticias"],"inLanguage":"es"},{"@type":"WebPage","@id":"https:\/\/www.actecir.cat\/es\/jornada-tecnica-ceilhit-instalacion-del-suelo-radiante-electrico\/","url":"https:\/\/www.actecir.cat\/es\/jornada-tecnica-ceilhit-instalacion-del-suelo-radiante-electrico\/","name":"Jornada T\u00e9cnica CEILHIT: Instalaci\u00f3n del suelo radiante el\u00e9ctrico. - Actecir","isPartOf":{"@id":"https:\/\/www.actecir.cat\/#website"},"primaryImageOfPage":{"@id":"https:\/\/www.actecir.cat\/es\/jornada-tecnica-ceilhit-instalacion-del-suelo-radiante-electrico\/#primaryimage"},"image":{"@id":"https:\/\/www.actecir.cat\/es\/jornada-tecnica-ceilhit-instalacion-del-suelo-radiante-electrico\/#primaryimage"},"thumbnailUrl":"https:\/\/www.actecir.cat\/wp-content\/uploads\/2024\/03\/JORNADA_CEILHIT_web_cast_corregido.jpg","datePublished":"2024-03-06T10:31:31+00:00","dateModified":"2024-03-20T09:15:43+00:00","breadcrumb":{"@id":"https:\/\/www.actecir.cat\/es\/jornada-tecnica-ceilhit-instalacion-del-suelo-radiante-electrico\/#breadcrumb"},"inLanguage":"es","potentialAction":[{"@type":"ReadAction","target":["https:\/\/www.actecir.cat\/es\/jornada-tecnica-ceilhit-instalacion-del-suelo-radiante-electrico\/"]}]},{"@type":"ImageObject","inLanguage":"es","@id":"https:\/\/www.actecir.cat\/es\/jornada-tecnica-ceilhit-instalacion-del-suelo-radiante-electrico\/#primaryimage","url":"https:\/\/www.actecir.cat\/wp-content\/uploads\/2024\/03\/JORNADA_CEILHIT_web_cast_corregido.jpg","contentUrl":"https:\/\/www.actecir.cat\/wp-content\/uploads\/2024\/03\/JORNADA_CEILHIT_web_cast_corregido.jpg","width":600,"height":400},{"@type":"BreadcrumbList","@id":"https:\/\/www.actecir.cat\/es\/jornada-tecnica-ceilhit-instalacion-del-suelo-radiante-electrico\/#breadcrumb","itemListElement":[{"@type":"ListItem","position":1,"name":"Inici","item":"https:\/\/www.actecir.cat\/es\/"},{"@type":"ListItem","position":2,"name":"Jornada T\u00e9cnica CEILHIT: Instalaci\u00f3n del suelo radiante el\u00e9ctrico."}]},{"@type":"WebSite","@id":"https:\/\/www.actecir.cat\/#website","url":"https:\/\/www.actecir.cat\/","name":"Actecir","description":"Associaci\u00f3 Catalana de T\u00e8cnics en Energia, Climatitzaci\u00f3 i Refrigeraci\u00f3","publisher":{"@id":"https:\/\/www.actecir.cat\/#organization"},"potentialAction":[{"@type":"SearchAction","target":{"@type":"EntryPoint","urlTemplate":"https:\/\/www.actecir.cat\/?s={search_term_string}"},"query-input":{"@type":"PropertyValueSpecification","valueRequired":true,"valueName":"search_term_string"}}],"inLanguage":"es"},{"@type":"Organization","@id":"https:\/\/www.actecir.cat\/#organization","name":"Actecir","url":"https:\/\/www.actecir.cat\/","logo":{"@type":"ImageObject","inLanguage":"es","@id":"https:\/\/www.actecir.cat\/#\/schema\/logo\/image\/","url":"https:\/\/www.actecir.cat\/wp-content\/uploads\/2023\/04\/cropped-logo_actecir_60_alto.png","contentUrl":"https:\/\/www.actecir.cat\/wp-content\/uploads\/2023\/04\/cropped-logo_actecir_60_alto.png","width":283,"height":80,"caption":"Actecir"},"image":{"@id":"https:\/\/www.actecir.cat\/#\/schema\/logo\/image\/"},"sameAs":["https:\/\/x.com\/actecir","https:\/\/www.linkedin.com\/company\/actecir"]},{"@type":"Person","@id":"https:\/\/www.actecir.cat\/#\/schema\/person\/9a0dbad79e7bde2f4a6be55628a9b04b","name":"Maen Systems","url":"https:\/\/www.actecir.cat\/es\/author\/maen\/"}]}},"_links":{"self":[{"href":"https:\/\/www.actecir.cat\/es\/wp-json\/wp\/v2\/posts\/14486","targetHints":{"allow":["GET"]}}],"collection":[{"href":"https:\/\/www.actecir.cat\/es\/wp-json\/wp\/v2\/posts"}],"about":[{"href":"https:\/\/www.actecir.cat\/es\/wp-json\/wp\/v2\/types\/post"}],"author":[{"embeddable":true,"href":"https:\/\/www.actecir.cat\/es\/wp-json\/wp\/v2\/users\/299"}],"replies":[{"embeddable":true,"href":"https:\/\/www.actecir.cat\/es\/wp-json\/wp\/v2\/comments?post=14486"}],"version-history":[{"count":5,"href":"https:\/\/www.actecir.cat\/es\/wp-json\/wp\/v2\/posts\/14486\/revisions"}],"predecessor-version":[{"id":14549,"href":"https:\/\/www.actecir.cat\/es\/wp-json\/wp\/v2\/posts\/14486\/revisions\/14549"}],"wp:featuredmedia":[{"embeddable":true,"href":"https:\/\/www.actecir.cat\/es\/wp-json\/wp\/v2\/media\/14547"}],"wp:attachment":[{"href":"https:\/\/www.actecir.cat\/es\/wp-json\/wp\/v2\/media?parent=14486"}],"wp:term":[{"taxonomy":"category","embeddable":true,"href":"https:\/\/www.actecir.cat\/es\/wp-json\/wp\/v2\/categories?post=14486"},{"taxonomy":"post_tag","embeddable":true,"href":"https:\/\/www.actecir.cat\/es\/wp-json\/wp\/v2\/tags?post=14486"}],"curies":[{"name":"wp","href":"https:\/\/api.w.org\/{rel}","templated":true}]}}