{"id":14696,"date":"2024-03-12T11:11:51","date_gmt":"2024-03-12T10:11:51","guid":{"rendered":"https:\/\/www.actecir.cat\/entrevista-tv3-gaspar-martin-presidente-electo-de-actecir\/"},"modified":"2024-03-12T11:11:51","modified_gmt":"2024-03-12T10:11:51","slug":"entrevista-tv3-gaspar-martin-presidente-electo-de-actecir","status":"publish","type":"post","link":"https:\/\/www.actecir.cat\/es\/entrevista-tv3-gaspar-martin-presidente-electo-de-actecir\/","title":{"rendered":"Entrevista TV3: Gaspar Martin ,presidente electo de ACTECIR"},"content":{"rendered":"<p style=\"text-align: center;\">Ayer , lunes 11 de marzo, sali\u00f3 el <strong>presidente electo de ACTECIR<\/strong> , <strong>Gaspar Martin<\/strong> en las &#8220;Matins de TV3&#8221;<\/p>\n<p style=\"text-align: center;\">Puede ver el contenido de la entrevista haciendo clic en el enlace:<\/p>\n<p style=\"text-align: center;\"><a href=\"https:\/\/www.ccma.cat\/3cat\/les-calderes-de-gas-tenen-els-dies-comptats-quines-alternatives-tenim\/video\/6270735\/\" target=\"_blank\" rel=\"noopener\"><img fetchpriority=\"high\" decoding=\"async\" class=\"alignnone wp-image-14656 size-full\" src=\"https:\/\/www.actecir.cat\/wp-content\/uploads\/2024\/03\/WEB_video.jpg\" alt=\"\" width=\"600\" height=\"400\" srcset=\"https:\/\/www.actecir.cat\/wp-content\/uploads\/2024\/03\/WEB_video.jpg 600w, https:\/\/www.actecir.cat\/wp-content\/uploads\/2024\/03\/WEB_video-300x200.jpg 300w\" sizes=\"(max-width: 600px) 100vw, 600px\" \/><\/a><\/p>\n<p>&nbsp;<\/p>\n","protected":false},"excerpt":{"rendered":"<p>Ayer , lunes 11 de marzo, sali\u00f3 el presidente electo de ACTECIR , Gaspar Martin en las &#8220;Matins de TV3&#8221; Puede ver el contenido de la entrevista haciendo clic en [&hellip;]<\/p>\n","protected":false},"author":299,"featured_media":14653,"comment_status":"closed","ping_status":"closed","sticky":false,"template":"","format":"standard","meta":{"footnotes":""},"categories":[25],"tags":[],"class_list":["post-14696","post","type-post","status-publish","format-standard","has-post-thumbnail","hentry","category-noticias"],"yoast_head":"<!-- This site is optimized with the Yoast SEO plugin v27.2 - https:\/\/yoast.com\/product\/yoast-seo-wordpress\/ -->\n<title>Entrevista TV3: Gaspar Martin ,presidente electo de ACTECIR - Actecir<\/title>\n<meta name=\"robots\" content=\"index, follow, max-snippet:-1, max-image-preview:large, max-video-preview:-1\" \/>\n<link rel=\"canonical\" href=\"https:\/\/www.actecir.cat\/es\/entrevista-tv3-gaspar-martin-presidente-electo-de-actecir\/\" \/>\n<meta property=\"og:locale\" content=\"es_ES\" \/>\n<meta property=\"og:type\" content=\"article\" \/>\n<meta property=\"og:title\" content=\"Entrevista TV3: Gaspar Martin ,presidente electo de ACTECIR - Actecir\" \/>\n<meta property=\"og:description\" content=\"Ayer , lunes 11 de marzo, sali\u00f3 el presidente electo de ACTECIR , Gaspar Martin en las &#8220;Matins de TV3&#8221; Puede ver el contenido de la entrevista haciendo clic en [&hellip;]\" \/>\n<meta property=\"og:url\" content=\"https:\/\/www.actecir.cat\/es\/entrevista-tv3-gaspar-martin-presidente-electo-de-actecir\/\" \/>\n<meta property=\"og:site_name\" content=\"Actecir\" \/>\n<meta property=\"article:published_time\" content=\"2024-03-12T10:11:51+00:00\" \/>\n<meta property=\"og:image\" content=\"https:\/\/www.actecir.cat\/wp-content\/uploads\/2024\/03\/FOTO-01_web.jpg\" \/>\n\t<meta property=\"og:image:width\" content=\"600\" \/>\n\t<meta property=\"og:image:height\" content=\"406\" \/>\n\t<meta property=\"og:image:type\" content=\"image\/jpeg\" \/>\n<meta name=\"author\" content=\"Maen Systems\" \/>\n<meta name=\"twitter:card\" content=\"summary_large_image\" \/>\n<meta name=\"twitter:creator\" content=\"@actecir\" \/>\n<meta name=\"twitter:site\" content=\"@actecir\" \/>\n<meta name=\"twitter:label1\" content=\"Escrito por\" \/>\n\t<meta name=\"twitter:data1\" content=\"Maen Systems\" \/>\n<script type=\"application\/ld+json\" class=\"yoast-schema-graph\">{\"@context\":\"https:\/\/schema.org\",\"@graph\":[{\"@type\":\"Article\",\"@id\":\"https:\/\/www.actecir.cat\/es\/entrevista-tv3-gaspar-martin-presidente-electo-de-actecir\/#article\",\"isPartOf\":{\"@id\":\"https:\/\/www.actecir.cat\/es\/entrevista-tv3-gaspar-martin-presidente-electo-de-actecir\/\"},\"author\":{\"name\":\"Maen Systems\",\"@id\":\"https:\/\/www.actecir.cat\/#\/schema\/person\/9a0dbad79e7bde2f4a6be55628a9b04b\"},\"headline\":\"Entrevista TV3: Gaspar Martin ,presidente electo de ACTECIR\",\"datePublished\":\"2024-03-12T10:11:51+00:00\",\"mainEntityOfPage\":{\"@id\":\"https:\/\/www.actecir.cat\/es\/entrevista-tv3-gaspar-martin-presidente-electo-de-actecir\/\"},\"wordCount\":38,\"publisher\":{\"@id\":\"https:\/\/www.actecir.cat\/#organization\"},\"image\":{\"@id\":\"https:\/\/www.actecir.cat\/es\/entrevista-tv3-gaspar-martin-presidente-electo-de-actecir\/#primaryimage\"},\"thumbnailUrl\":\"https:\/\/www.actecir.cat\/wp-content\/uploads\/2024\/03\/FOTO-01_web.jpg\",\"articleSection\":[\"Noticias\"],\"inLanguage\":\"es\"},{\"@type\":\"WebPage\",\"@id\":\"https:\/\/www.actecir.cat\/es\/entrevista-tv3-gaspar-martin-presidente-electo-de-actecir\/\",\"url\":\"https:\/\/www.actecir.cat\/es\/entrevista-tv3-gaspar-martin-presidente-electo-de-actecir\/\",\"name\":\"Entrevista TV3: Gaspar Martin ,presidente electo de ACTECIR - Actecir\",\"isPartOf\":{\"@id\":\"https:\/\/www.actecir.cat\/#website\"},\"primaryImageOfPage\":{\"@id\":\"https:\/\/www.actecir.cat\/es\/entrevista-tv3-gaspar-martin-presidente-electo-de-actecir\/#primaryimage\"},\"image\":{\"@id\":\"https:\/\/www.actecir.cat\/es\/entrevista-tv3-gaspar-martin-presidente-electo-de-actecir\/#primaryimage\"},\"thumbnailUrl\":\"https:\/\/www.actecir.cat\/wp-content\/uploads\/2024\/03\/FOTO-01_web.jpg\",\"datePublished\":\"2024-03-12T10:11:51+00:00\",\"breadcrumb\":{\"@id\":\"https:\/\/www.actecir.cat\/es\/entrevista-tv3-gaspar-martin-presidente-electo-de-actecir\/#breadcrumb\"},\"inLanguage\":\"es\",\"potentialAction\":[{\"@type\":\"ReadAction\",\"target\":[\"https:\/\/www.actecir.cat\/es\/entrevista-tv3-gaspar-martin-presidente-electo-de-actecir\/\"]}]},{\"@type\":\"ImageObject\",\"inLanguage\":\"es\",\"@id\":\"https:\/\/www.actecir.cat\/es\/entrevista-tv3-gaspar-martin-presidente-electo-de-actecir\/#primaryimage\",\"url\":\"https:\/\/www.actecir.cat\/wp-content\/uploads\/2024\/03\/FOTO-01_web.jpg\",\"contentUrl\":\"https:\/\/www.actecir.cat\/wp-content\/uploads\/2024\/03\/FOTO-01_web.jpg\",\"width\":600,\"height\":406},{\"@type\":\"BreadcrumbList\",\"@id\":\"https:\/\/www.actecir.cat\/es\/entrevista-tv3-gaspar-martin-presidente-electo-de-actecir\/#breadcrumb\",\"itemListElement\":[{\"@type\":\"ListItem\",\"position\":1,\"name\":\"Inici\",\"item\":\"https:\/\/www.actecir.cat\/es\/\"},{\"@type\":\"ListItem\",\"position\":2,\"name\":\"Entrevista TV3: Gaspar Martin ,presidente electo de ACTECIR\"}]},{\"@type\":\"WebSite\",\"@id\":\"https:\/\/www.actecir.cat\/#website\",\"url\":\"https:\/\/www.actecir.cat\/\",\"name\":\"Actecir\",\"description\":\"Associaci\u00f3 Catalana de T\u00e8cnics en Energia, Climatitzaci\u00f3 i Refrigeraci\u00f3\",\"publisher\":{\"@id\":\"https:\/\/www.actecir.cat\/#organization\"},\"potentialAction\":[{\"@type\":\"SearchAction\",\"target\":{\"@type\":\"EntryPoint\",\"urlTemplate\":\"https:\/\/www.actecir.cat\/?s={search_term_string}\"},\"query-input\":{\"@type\":\"PropertyValueSpecification\",\"valueRequired\":true,\"valueName\":\"search_term_string\"}}],\"inLanguage\":\"es\"},{\"@type\":\"Organization\",\"@id\":\"https:\/\/www.actecir.cat\/#organization\",\"name\":\"Actecir\",\"url\":\"https:\/\/www.actecir.cat\/\",\"logo\":{\"@type\":\"ImageObject\",\"inLanguage\":\"es\",\"@id\":\"https:\/\/www.actecir.cat\/#\/schema\/logo\/image\/\",\"url\":\"https:\/\/www.actecir.cat\/wp-content\/uploads\/2023\/04\/cropped-logo_actecir_60_alto.png\",\"contentUrl\":\"https:\/\/www.actecir.cat\/wp-content\/uploads\/2023\/04\/cropped-logo_actecir_60_alto.png\",\"width\":283,\"height\":80,\"caption\":\"Actecir\"},\"image\":{\"@id\":\"https:\/\/www.actecir.cat\/#\/schema\/logo\/image\/\"},\"sameAs\":[\"https:\/\/x.com\/actecir\",\"https:\/\/www.linkedin.com\/company\/actecir\"]},{\"@type\":\"Person\",\"@id\":\"https:\/\/www.actecir.cat\/#\/schema\/person\/9a0dbad79e7bde2f4a6be55628a9b04b\",\"name\":\"Maen Systems\",\"url\":\"https:\/\/www.actecir.cat\/es\/author\/maen\/\"}]}<\/script>\n<!-- \/ Yoast SEO plugin. -->","yoast_head_json":{"title":"Entrevista TV3: Gaspar Martin ,presidente electo de ACTECIR - Actecir","robots":{"index":"index","follow":"follow","max-snippet":"max-snippet:-1","max-image-preview":"max-image-preview:large","max-video-preview":"max-video-preview:-1"},"canonical":"https:\/\/www.actecir.cat\/es\/entrevista-tv3-gaspar-martin-presidente-electo-de-actecir\/","og_locale":"es_ES","og_type":"article","og_title":"Entrevista TV3: Gaspar Martin ,presidente electo de ACTECIR - Actecir","og_description":"Ayer , lunes 11 de marzo, sali\u00f3 el presidente electo de ACTECIR , Gaspar Martin en las &#8220;Matins de TV3&#8221; Puede ver el contenido de la entrevista haciendo clic en [&hellip;]","og_url":"https:\/\/www.actecir.cat\/es\/entrevista-tv3-gaspar-martin-presidente-electo-de-actecir\/","og_site_name":"Actecir","article_published_time":"2024-03-12T10:11:51+00:00","og_image":[{"width":600,"height":406,"url":"https:\/\/www.actecir.cat\/wp-content\/uploads\/2024\/03\/FOTO-01_web.jpg","type":"image\/jpeg"}],"author":"Maen Systems","twitter_card":"summary_large_image","twitter_creator":"@actecir","twitter_site":"@actecir","twitter_misc":{"Escrito por":"Maen Systems"},"schema":{"@context":"https:\/\/schema.org","@graph":[{"@type":"Article","@id":"https:\/\/www.actecir.cat\/es\/entrevista-tv3-gaspar-martin-presidente-electo-de-actecir\/#article","isPartOf":{"@id":"https:\/\/www.actecir.cat\/es\/entrevista-tv3-gaspar-martin-presidente-electo-de-actecir\/"},"author":{"name":"Maen Systems","@id":"https:\/\/www.actecir.cat\/#\/schema\/person\/9a0dbad79e7bde2f4a6be55628a9b04b"},"headline":"Entrevista TV3: Gaspar Martin ,presidente electo de ACTECIR","datePublished":"2024-03-12T10:11:51+00:00","mainEntityOfPage":{"@id":"https:\/\/www.actecir.cat\/es\/entrevista-tv3-gaspar-martin-presidente-electo-de-actecir\/"},"wordCount":38,"publisher":{"@id":"https:\/\/www.actecir.cat\/#organization"},"image":{"@id":"https:\/\/www.actecir.cat\/es\/entrevista-tv3-gaspar-martin-presidente-electo-de-actecir\/#primaryimage"},"thumbnailUrl":"https:\/\/www.actecir.cat\/wp-content\/uploads\/2024\/03\/FOTO-01_web.jpg","articleSection":["Noticias"],"inLanguage":"es"},{"@type":"WebPage","@id":"https:\/\/www.actecir.cat\/es\/entrevista-tv3-gaspar-martin-presidente-electo-de-actecir\/","url":"https:\/\/www.actecir.cat\/es\/entrevista-tv3-gaspar-martin-presidente-electo-de-actecir\/","name":"Entrevista TV3: Gaspar Martin ,presidente electo de ACTECIR - Actecir","isPartOf":{"@id":"https:\/\/www.actecir.cat\/#website"},"primaryImageOfPage":{"@id":"https:\/\/www.actecir.cat\/es\/entrevista-tv3-gaspar-martin-presidente-electo-de-actecir\/#primaryimage"},"image":{"@id":"https:\/\/www.actecir.cat\/es\/entrevista-tv3-gaspar-martin-presidente-electo-de-actecir\/#primaryimage"},"thumbnailUrl":"https:\/\/www.actecir.cat\/wp-content\/uploads\/2024\/03\/FOTO-01_web.jpg","datePublished":"2024-03-12T10:11:51+00:00","breadcrumb":{"@id":"https:\/\/www.actecir.cat\/es\/entrevista-tv3-gaspar-martin-presidente-electo-de-actecir\/#breadcrumb"},"inLanguage":"es","potentialAction":[{"@type":"ReadAction","target":["https:\/\/www.actecir.cat\/es\/entrevista-tv3-gaspar-martin-presidente-electo-de-actecir\/"]}]},{"@type":"ImageObject","inLanguage":"es","@id":"https:\/\/www.actecir.cat\/es\/entrevista-tv3-gaspar-martin-presidente-electo-de-actecir\/#primaryimage","url":"https:\/\/www.actecir.cat\/wp-content\/uploads\/2024\/03\/FOTO-01_web.jpg","contentUrl":"https:\/\/www.actecir.cat\/wp-content\/uploads\/2024\/03\/FOTO-01_web.jpg","width":600,"height":406},{"@type":"BreadcrumbList","@id":"https:\/\/www.actecir.cat\/es\/entrevista-tv3-gaspar-martin-presidente-electo-de-actecir\/#breadcrumb","itemListElement":[{"@type":"ListItem","position":1,"name":"Inici","item":"https:\/\/www.actecir.cat\/es\/"},{"@type":"ListItem","position":2,"name":"Entrevista TV3: Gaspar Martin ,presidente electo de ACTECIR"}]},{"@type":"WebSite","@id":"https:\/\/www.actecir.cat\/#website","url":"https:\/\/www.actecir.cat\/","name":"Actecir","description":"Associaci\u00f3 Catalana de T\u00e8cnics en Energia, Climatitzaci\u00f3 i Refrigeraci\u00f3","publisher":{"@id":"https:\/\/www.actecir.cat\/#organization"},"potentialAction":[{"@type":"SearchAction","target":{"@type":"EntryPoint","urlTemplate":"https:\/\/www.actecir.cat\/?s={search_term_string}"},"query-input":{"@type":"PropertyValueSpecification","valueRequired":true,"valueName":"search_term_string"}}],"inLanguage":"es"},{"@type":"Organization","@id":"https:\/\/www.actecir.cat\/#organization","name":"Actecir","url":"https:\/\/www.actecir.cat\/","logo":{"@type":"ImageObject","inLanguage":"es","@id":"https:\/\/www.actecir.cat\/#\/schema\/logo\/image\/","url":"https:\/\/www.actecir.cat\/wp-content\/uploads\/2023\/04\/cropped-logo_actecir_60_alto.png","contentUrl":"https:\/\/www.actecir.cat\/wp-content\/uploads\/2023\/04\/cropped-logo_actecir_60_alto.png","width":283,"height":80,"caption":"Actecir"},"image":{"@id":"https:\/\/www.actecir.cat\/#\/schema\/logo\/image\/"},"sameAs":["https:\/\/x.com\/actecir","https:\/\/www.linkedin.com\/company\/actecir"]},{"@type":"Person","@id":"https:\/\/www.actecir.cat\/#\/schema\/person\/9a0dbad79e7bde2f4a6be55628a9b04b","name":"Maen Systems","url":"https:\/\/www.actecir.cat\/es\/author\/maen\/"}]}},"_links":{"self":[{"href":"https:\/\/www.actecir.cat\/es\/wp-json\/wp\/v2\/posts\/14696","targetHints":{"allow":["GET"]}}],"collection":[{"href":"https:\/\/www.actecir.cat\/es\/wp-json\/wp\/v2\/posts"}],"about":[{"href":"https:\/\/www.actecir.cat\/es\/wp-json\/wp\/v2\/types\/post"}],"author":[{"embeddable":true,"href":"https:\/\/www.actecir.cat\/es\/wp-json\/wp\/v2\/users\/299"}],"replies":[{"embeddable":true,"href":"https:\/\/www.actecir.cat\/es\/wp-json\/wp\/v2\/comments?post=14696"}],"version-history":[{"count":0,"href":"https:\/\/www.actecir.cat\/es\/wp-json\/wp\/v2\/posts\/14696\/revisions"}],"wp:featuredmedia":[{"embeddable":true,"href":"https:\/\/www.actecir.cat\/es\/wp-json\/wp\/v2\/media\/14653"}],"wp:attachment":[{"href":"https:\/\/www.actecir.cat\/es\/wp-json\/wp\/v2\/media?parent=14696"}],"wp:term":[{"taxonomy":"category","embeddable":true,"href":"https:\/\/www.actecir.cat\/es\/wp-json\/wp\/v2\/categories?post=14696"},{"taxonomy":"post_tag","embeddable":true,"href":"https:\/\/www.actecir.cat\/es\/wp-json\/wp\/v2\/tags?post=14696"}],"curies":[{"name":"wp","href":"https:\/\/api.w.org\/{rel}","templated":true}]}}