{"id":14957,"date":"2024-05-02T12:47:31","date_gmt":"2024-05-02T10:47:31","guid":{"rendered":"https:\/\/www.actecir.cat\/?p=14957"},"modified":"2024-05-28T10:03:15","modified_gmt":"2024-05-28T08:03:15","slug":"jornada-keyter-sistemas-indirectos-en-aplicaciones-de-climatizacion-y-refrigeracion","status":"publish","type":"post","link":"https:\/\/www.actecir.cat\/es\/jornada-keyter-sistemas-indirectos-en-aplicaciones-de-climatizacion-y-refrigeracion\/","title":{"rendered":"Jornada KEYTER: Sistemas Indirectos en aplicaciones de Climatizaci\u00f3n y Refrigeraci\u00f3n"},"content":{"rendered":"<p>Jornada KEYTER: Sistemas Indirectos en aplicaciones de Climatizaci\u00f3n y Refrigeraci\u00f3n<\/p>\n<p><!--more--><\/p>\n<ul>\n<li>Fecha: 5 de junio 2024<\/li>\n<li>Horario: de 16:00 a 19:45<\/li>\n<li>Ubicaci\u00f3n: <a href=\"https:\/\/www.google.com\/maps?gs_lcrp=EgZjaHJvbWUqFggBEC4YrwEYxwEYgAQYmAUYmQUYngUyCggAEAAY4wIYgAQyFggBEC4YrwEYxwEYgAQYmAUYmQUYngUyBggCEEUYOTIHCAMQABiABDIHCAQQABiABDIICAUQABgWGB4yCAgGEAAYFhgeMggIBxAAGBYYHjIKCAgQABgPGBYYHjIICAkQABgWGB7SAQk1MTYxajBqMTWoAgiwAgE&amp;um=1&amp;ie=UTF-8&amp;fb=1&amp;gl=es&amp;sa=X&amp;geocode=KftkLsarmaQSMVPV1UjLYIgk&amp;daddr=C.+de+Sta.+Rosa,+33,+08950+Barcelona\" target=\"_blank\" rel=\"noopener\">Hotel Abba Garden Barcelona\u00a0<\/a><\/li>\n<li>Organiza: <a href=\"https:\/\/www.keyter.com\/es\/\" target=\"_blank\" rel=\"noopener\">KEYTER<\/a> &#8211; ACTECIR<\/li>\n<li>Colabora: <a href=\"https:\/\/abora-solar.com\/\" target=\"_blank\" rel=\"noopener\">ABORA SOLAR<\/a>, <a href=\"https:\/\/www.imi-hydronic.com\/es\" target=\"_blank\" rel=\"noopener\">IMI Hydronic | Engineering<\/a> <a href=\"https:\/\/www.grundfos.com\/es\" target=\"_blank\" rel=\"noopener\">Grundfoss<\/a> <a href=\"https:\/\/delcae.com\/\" target=\"_blank\" rel=\"noopener\">Delcae<\/a><\/li>\n<\/ul>\n<p><strong>16:00 h<\/strong>\u00a0\u2013 Recepci\u00f3n de asistentes<\/p>\n<p><strong>16:30 h<\/strong>\u00a0\u2013\u00a0<strong>Novedades F-Gas<\/strong>\u00a0\u2013\u00a0<a href=\"https:\/\/www.linkedin.com\/in\/germangil\/\">Germ\u00e1n Gil | Director Comercial INTARCON<\/a><\/p>\n<p><strong>17:00 h<\/strong>\u00a0\u2013\u00a0<strong>Sistemas indirectos en Climatizaci\u00f3n y Refrigeraci\u00f3n<\/strong><\/p>\n<p><strong>17:00 <\/strong>\u00a0Bomba de Calor y descarbonizaci\u00f3n: Caso de \u00c9xito \u2013\u00a0<a href=\"https:\/\/www.linkedin.com\/in\/rafael-vidal-83127249\/\">Rafael Vidal, Ingeniero Prescriptor | KEYTER<\/a><\/p>\n<p><strong>17:30 <\/strong>\u00a0Soluciones en refrigeraci\u00f3n y caso de \u00e9xito Golden Monegros \u2013\u00a0<a href=\"https:\/\/www.linkedin.com\/in\/ricardferreras\/\">Ricard Ferreras, Ingeniero de Prescripci\u00f3n | INTARCON<\/a>\u00a0y <a href=\"https:\/\/www.linkedin.com\/in\/oscar-saez-fernandez-ab296bb0\/\">Oscar S\u00e1ez | T\u00e9cnico Comercial Delegaci\u00f3n Noreste KEYTER INTARCON<\/a><\/p>\n<p><strong>18:00 <\/strong>\u00a0Bombas de Calor y Paneles H\u00edbridos (PVT): Eficiencia y sostenibilidad \u2013\u00a0<a href=\"https:\/\/es.linkedin.com\/in\/alejodelamo\">Dr. Alejandro del Amo, CEO de ABORA<\/a><\/p>\n<p><strong>18:30 <\/strong>Eficiencia energ\u00e9tica y equilibrado hidr\u00e1ulico \u2013\u00a0<a href=\"https:\/\/www.linkedin.com\/in\/annamaria-bosch-i-marcet-a49ab7a3\/\">Annamar\u00eda Bosch, Delegada Catalu\u00f1a | IMI Hydronic | Engineering<\/a><\/p>\n<p><strong>18:45 <\/strong>Bombas electr\u00f3nicas y sistemas eficientes de distribuci\u00f3n de fluidos secundarios \u2013\u00a0<a href=\"https:\/\/www.linkedin.com\/in\/ramon-rascao-perez-13068513a\/\">Ram\u00f3n Rascao | Grundfoss<\/a><\/p>\n<p><strong>19:00 h<\/strong>\u00a0\u2013\u00a0<strong>CAEs \u2013 Certificados de Ahorro Energ\u00e9tico\u00a0<\/strong>para instalaciones de Climatizaci\u00f3n y Refrigeraci\u00f3n \u2013\u00a0<a href=\"https:\/\/www.linkedin.com\/in\/javieravendanomaria\/\">Javier Avenda\u00f1o | DELCAE<\/a><\/p>\n<p><strong>19:45 h\u00a0<\/strong>\u2013 C\u00f3ctel \u2013 Networking<\/p>\n<p style=\"text-align: center;\"><strong>APUNTATE HACIENDO CLIC EN LA IMAGEN:<\/strong><\/p>\n<p><a href=\"https:\/\/www.keyter.com\/es\/jornadas-tecnicas-de-sistemas-indirectos-de-climatizacion-y-refrigeracion\/\" target=\"_blank\" rel=\"noopener\"><img fetchpriority=\"high\" decoding=\"async\" class=\"aligncenter wp-image-14958 size-large\" src=\"https:\/\/www.actecir.cat\/wp-content\/uploads\/2024\/05\/BARCELONA-1024x1024.png\" alt=\"\" width=\"800\" height=\"800\" srcset=\"https:\/\/www.actecir.cat\/wp-content\/uploads\/2024\/05\/BARCELONA-1024x1024.png 1024w, https:\/\/www.actecir.cat\/wp-content\/uploads\/2024\/05\/BARCELONA-300x300.png 300w, https:\/\/www.actecir.cat\/wp-content\/uploads\/2024\/05\/BARCELONA-150x150.png 150w, https:\/\/www.actecir.cat\/wp-content\/uploads\/2024\/05\/BARCELONA-768x768.png 768w, https:\/\/www.actecir.cat\/wp-content\/uploads\/2024\/05\/BARCELONA.png 1080w\" sizes=\"(max-width: 800px) 100vw, 800px\" \/><\/a><\/p>\n","protected":false},"excerpt":{"rendered":"<p>Jornada KEYTER: Sistemas Indirectos en aplicaciones de Climatizaci\u00f3n y Refrigeraci\u00f3n<\/p>\n","protected":false},"author":299,"featured_media":14958,"comment_status":"closed","ping_status":"closed","sticky":false,"template":"","format":"standard","meta":{"footnotes":""},"categories":[23],"tags":[],"class_list":["post-14957","post","type-post","status-publish","format-standard","has-post-thumbnail","hentry","category-destacamos"],"yoast_head":"<!-- This site is optimized with the Yoast SEO plugin v27.2 - https:\/\/yoast.com\/product\/yoast-seo-wordpress\/ -->\n<title>Jornada KEYTER: Sistemas Indirectos en aplicaciones de Climatizaci\u00f3n y Refrigeraci\u00f3n - Actecir<\/title>\n<meta name=\"robots\" content=\"index, follow, max-snippet:-1, max-image-preview:large, max-video-preview:-1\" \/>\n<link rel=\"canonical\" href=\"https:\/\/www.actecir.cat\/es\/jornada-keyter-sistemas-indirectos-en-aplicaciones-de-climatizacion-y-refrigeracion\/\" \/>\n<meta property=\"og:locale\" content=\"es_ES\" \/>\n<meta property=\"og:type\" content=\"article\" \/>\n<meta property=\"og:title\" content=\"Jornada KEYTER: Sistemas Indirectos en aplicaciones de Climatizaci\u00f3n y Refrigeraci\u00f3n - Actecir\" \/>\n<meta property=\"og:description\" content=\"Jornada KEYTER: Sistemas Indirectos en aplicaciones de Climatizaci\u00f3n y Refrigeraci\u00f3n\" \/>\n<meta property=\"og:url\" content=\"https:\/\/www.actecir.cat\/es\/jornada-keyter-sistemas-indirectos-en-aplicaciones-de-climatizacion-y-refrigeracion\/\" \/>\n<meta property=\"og:site_name\" content=\"Actecir\" \/>\n<meta property=\"article:published_time\" content=\"2024-05-02T10:47:31+00:00\" \/>\n<meta property=\"article:modified_time\" content=\"2024-05-28T08:03:15+00:00\" \/>\n<meta property=\"og:image\" content=\"https:\/\/www.actecir.cat\/wp-content\/uploads\/2024\/05\/BARCELONA.png\" \/>\n\t<meta property=\"og:image:width\" content=\"1080\" \/>\n\t<meta property=\"og:image:height\" content=\"1080\" \/>\n\t<meta property=\"og:image:type\" content=\"image\/png\" \/>\n<meta name=\"author\" content=\"Maen Systems\" \/>\n<meta name=\"twitter:card\" content=\"summary_large_image\" \/>\n<meta name=\"twitter:creator\" content=\"@actecir\" \/>\n<meta name=\"twitter:site\" content=\"@actecir\" \/>\n<meta name=\"twitter:label1\" content=\"Escrito por\" \/>\n\t<meta name=\"twitter:data1\" content=\"Maen Systems\" \/>\n\t<meta name=\"twitter:label2\" content=\"Tiempo de lectura\" \/>\n\t<meta name=\"twitter:data2\" content=\"1 minuto\" \/>\n<script type=\"application\/ld+json\" class=\"yoast-schema-graph\">{\"@context\":\"https:\/\/schema.org\",\"@graph\":[{\"@type\":\"Article\",\"@id\":\"https:\/\/www.actecir.cat\/es\/jornada-keyter-sistemas-indirectos-en-aplicaciones-de-climatizacion-y-refrigeracion\/#article\",\"isPartOf\":{\"@id\":\"https:\/\/www.actecir.cat\/es\/jornada-keyter-sistemas-indirectos-en-aplicaciones-de-climatizacion-y-refrigeracion\/\"},\"author\":{\"name\":\"Maen Systems\",\"@id\":\"https:\/\/www.actecir.cat\/#\/schema\/person\/9a0dbad79e7bde2f4a6be55628a9b04b\"},\"headline\":\"Jornada KEYTER: Sistemas Indirectos en aplicaciones de Climatizaci\u00f3n y Refrigeraci\u00f3n\",\"datePublished\":\"2024-05-02T10:47:31+00:00\",\"dateModified\":\"2024-05-28T08:03:15+00:00\",\"mainEntityOfPage\":{\"@id\":\"https:\/\/www.actecir.cat\/es\/jornada-keyter-sistemas-indirectos-en-aplicaciones-de-climatizacion-y-refrigeracion\/\"},\"wordCount\":193,\"publisher\":{\"@id\":\"https:\/\/www.actecir.cat\/#organization\"},\"image\":{\"@id\":\"https:\/\/www.actecir.cat\/es\/jornada-keyter-sistemas-indirectos-en-aplicaciones-de-climatizacion-y-refrigeracion\/#primaryimage\"},\"thumbnailUrl\":\"https:\/\/www.actecir.cat\/wp-content\/uploads\/2024\/05\/BARCELONA.png\",\"articleSection\":[\"Destacamos\"],\"inLanguage\":\"es\"},{\"@type\":\"WebPage\",\"@id\":\"https:\/\/www.actecir.cat\/es\/jornada-keyter-sistemas-indirectos-en-aplicaciones-de-climatizacion-y-refrigeracion\/\",\"url\":\"https:\/\/www.actecir.cat\/es\/jornada-keyter-sistemas-indirectos-en-aplicaciones-de-climatizacion-y-refrigeracion\/\",\"name\":\"Jornada KEYTER: Sistemas Indirectos en aplicaciones de Climatizaci\u00f3n y Refrigeraci\u00f3n - Actecir\",\"isPartOf\":{\"@id\":\"https:\/\/www.actecir.cat\/#website\"},\"primaryImageOfPage\":{\"@id\":\"https:\/\/www.actecir.cat\/es\/jornada-keyter-sistemas-indirectos-en-aplicaciones-de-climatizacion-y-refrigeracion\/#primaryimage\"},\"image\":{\"@id\":\"https:\/\/www.actecir.cat\/es\/jornada-keyter-sistemas-indirectos-en-aplicaciones-de-climatizacion-y-refrigeracion\/#primaryimage\"},\"thumbnailUrl\":\"https:\/\/www.actecir.cat\/wp-content\/uploads\/2024\/05\/BARCELONA.png\",\"datePublished\":\"2024-05-02T10:47:31+00:00\",\"dateModified\":\"2024-05-28T08:03:15+00:00\",\"breadcrumb\":{\"@id\":\"https:\/\/www.actecir.cat\/es\/jornada-keyter-sistemas-indirectos-en-aplicaciones-de-climatizacion-y-refrigeracion\/#breadcrumb\"},\"inLanguage\":\"es\",\"potentialAction\":[{\"@type\":\"ReadAction\",\"target\":[\"https:\/\/www.actecir.cat\/es\/jornada-keyter-sistemas-indirectos-en-aplicaciones-de-climatizacion-y-refrigeracion\/\"]}]},{\"@type\":\"ImageObject\",\"inLanguage\":\"es\",\"@id\":\"https:\/\/www.actecir.cat\/es\/jornada-keyter-sistemas-indirectos-en-aplicaciones-de-climatizacion-y-refrigeracion\/#primaryimage\",\"url\":\"https:\/\/www.actecir.cat\/wp-content\/uploads\/2024\/05\/BARCELONA.png\",\"contentUrl\":\"https:\/\/www.actecir.cat\/wp-content\/uploads\/2024\/05\/BARCELONA.png\",\"width\":1080,\"height\":1080},{\"@type\":\"BreadcrumbList\",\"@id\":\"https:\/\/www.actecir.cat\/es\/jornada-keyter-sistemas-indirectos-en-aplicaciones-de-climatizacion-y-refrigeracion\/#breadcrumb\",\"itemListElement\":[{\"@type\":\"ListItem\",\"position\":1,\"name\":\"Inici\",\"item\":\"https:\/\/www.actecir.cat\/es\/\"},{\"@type\":\"ListItem\",\"position\":2,\"name\":\"Jornada KEYTER: Sistemas Indirectos en aplicaciones de Climatizaci\u00f3n y Refrigeraci\u00f3n\"}]},{\"@type\":\"WebSite\",\"@id\":\"https:\/\/www.actecir.cat\/#website\",\"url\":\"https:\/\/www.actecir.cat\/\",\"name\":\"Actecir\",\"description\":\"Associaci\u00f3 Catalana de T\u00e8cnics en Energia, Climatitzaci\u00f3 i Refrigeraci\u00f3\",\"publisher\":{\"@id\":\"https:\/\/www.actecir.cat\/#organization\"},\"potentialAction\":[{\"@type\":\"SearchAction\",\"target\":{\"@type\":\"EntryPoint\",\"urlTemplate\":\"https:\/\/www.actecir.cat\/?s={search_term_string}\"},\"query-input\":{\"@type\":\"PropertyValueSpecification\",\"valueRequired\":true,\"valueName\":\"search_term_string\"}}],\"inLanguage\":\"es\"},{\"@type\":\"Organization\",\"@id\":\"https:\/\/www.actecir.cat\/#organization\",\"name\":\"Actecir\",\"url\":\"https:\/\/www.actecir.cat\/\",\"logo\":{\"@type\":\"ImageObject\",\"inLanguage\":\"es\",\"@id\":\"https:\/\/www.actecir.cat\/#\/schema\/logo\/image\/\",\"url\":\"https:\/\/www.actecir.cat\/wp-content\/uploads\/2023\/04\/cropped-logo_actecir_60_alto.png\",\"contentUrl\":\"https:\/\/www.actecir.cat\/wp-content\/uploads\/2023\/04\/cropped-logo_actecir_60_alto.png\",\"width\":283,\"height\":80,\"caption\":\"Actecir\"},\"image\":{\"@id\":\"https:\/\/www.actecir.cat\/#\/schema\/logo\/image\/\"},\"sameAs\":[\"https:\/\/x.com\/actecir\",\"https:\/\/www.linkedin.com\/company\/actecir\"]},{\"@type\":\"Person\",\"@id\":\"https:\/\/www.actecir.cat\/#\/schema\/person\/9a0dbad79e7bde2f4a6be55628a9b04b\",\"name\":\"Maen Systems\",\"url\":\"https:\/\/www.actecir.cat\/es\/author\/maen\/\"}]}<\/script>\n<!-- \/ Yoast SEO plugin. -->","yoast_head_json":{"title":"Jornada KEYTER: Sistemas Indirectos en aplicaciones de Climatizaci\u00f3n y Refrigeraci\u00f3n - Actecir","robots":{"index":"index","follow":"follow","max-snippet":"max-snippet:-1","max-image-preview":"max-image-preview:large","max-video-preview":"max-video-preview:-1"},"canonical":"https:\/\/www.actecir.cat\/es\/jornada-keyter-sistemas-indirectos-en-aplicaciones-de-climatizacion-y-refrigeracion\/","og_locale":"es_ES","og_type":"article","og_title":"Jornada KEYTER: Sistemas Indirectos en aplicaciones de Climatizaci\u00f3n y Refrigeraci\u00f3n - Actecir","og_description":"Jornada KEYTER: Sistemas Indirectos en aplicaciones de Climatizaci\u00f3n y Refrigeraci\u00f3n","og_url":"https:\/\/www.actecir.cat\/es\/jornada-keyter-sistemas-indirectos-en-aplicaciones-de-climatizacion-y-refrigeracion\/","og_site_name":"Actecir","article_published_time":"2024-05-02T10:47:31+00:00","article_modified_time":"2024-05-28T08:03:15+00:00","og_image":[{"width":1080,"height":1080,"url":"https:\/\/www.actecir.cat\/wp-content\/uploads\/2024\/05\/BARCELONA.png","type":"image\/png"}],"author":"Maen Systems","twitter_card":"summary_large_image","twitter_creator":"@actecir","twitter_site":"@actecir","twitter_misc":{"Escrito por":"Maen Systems","Tiempo de lectura":"1 minuto"},"schema":{"@context":"https:\/\/schema.org","@graph":[{"@type":"Article","@id":"https:\/\/www.actecir.cat\/es\/jornada-keyter-sistemas-indirectos-en-aplicaciones-de-climatizacion-y-refrigeracion\/#article","isPartOf":{"@id":"https:\/\/www.actecir.cat\/es\/jornada-keyter-sistemas-indirectos-en-aplicaciones-de-climatizacion-y-refrigeracion\/"},"author":{"name":"Maen Systems","@id":"https:\/\/www.actecir.cat\/#\/schema\/person\/9a0dbad79e7bde2f4a6be55628a9b04b"},"headline":"Jornada KEYTER: Sistemas Indirectos en aplicaciones de Climatizaci\u00f3n y Refrigeraci\u00f3n","datePublished":"2024-05-02T10:47:31+00:00","dateModified":"2024-05-28T08:03:15+00:00","mainEntityOfPage":{"@id":"https:\/\/www.actecir.cat\/es\/jornada-keyter-sistemas-indirectos-en-aplicaciones-de-climatizacion-y-refrigeracion\/"},"wordCount":193,"publisher":{"@id":"https:\/\/www.actecir.cat\/#organization"},"image":{"@id":"https:\/\/www.actecir.cat\/es\/jornada-keyter-sistemas-indirectos-en-aplicaciones-de-climatizacion-y-refrigeracion\/#primaryimage"},"thumbnailUrl":"https:\/\/www.actecir.cat\/wp-content\/uploads\/2024\/05\/BARCELONA.png","articleSection":["Destacamos"],"inLanguage":"es"},{"@type":"WebPage","@id":"https:\/\/www.actecir.cat\/es\/jornada-keyter-sistemas-indirectos-en-aplicaciones-de-climatizacion-y-refrigeracion\/","url":"https:\/\/www.actecir.cat\/es\/jornada-keyter-sistemas-indirectos-en-aplicaciones-de-climatizacion-y-refrigeracion\/","name":"Jornada KEYTER: Sistemas Indirectos en aplicaciones de Climatizaci\u00f3n y Refrigeraci\u00f3n - Actecir","isPartOf":{"@id":"https:\/\/www.actecir.cat\/#website"},"primaryImageOfPage":{"@id":"https:\/\/www.actecir.cat\/es\/jornada-keyter-sistemas-indirectos-en-aplicaciones-de-climatizacion-y-refrigeracion\/#primaryimage"},"image":{"@id":"https:\/\/www.actecir.cat\/es\/jornada-keyter-sistemas-indirectos-en-aplicaciones-de-climatizacion-y-refrigeracion\/#primaryimage"},"thumbnailUrl":"https:\/\/www.actecir.cat\/wp-content\/uploads\/2024\/05\/BARCELONA.png","datePublished":"2024-05-02T10:47:31+00:00","dateModified":"2024-05-28T08:03:15+00:00","breadcrumb":{"@id":"https:\/\/www.actecir.cat\/es\/jornada-keyter-sistemas-indirectos-en-aplicaciones-de-climatizacion-y-refrigeracion\/#breadcrumb"},"inLanguage":"es","potentialAction":[{"@type":"ReadAction","target":["https:\/\/www.actecir.cat\/es\/jornada-keyter-sistemas-indirectos-en-aplicaciones-de-climatizacion-y-refrigeracion\/"]}]},{"@type":"ImageObject","inLanguage":"es","@id":"https:\/\/www.actecir.cat\/es\/jornada-keyter-sistemas-indirectos-en-aplicaciones-de-climatizacion-y-refrigeracion\/#primaryimage","url":"https:\/\/www.actecir.cat\/wp-content\/uploads\/2024\/05\/BARCELONA.png","contentUrl":"https:\/\/www.actecir.cat\/wp-content\/uploads\/2024\/05\/BARCELONA.png","width":1080,"height":1080},{"@type":"BreadcrumbList","@id":"https:\/\/www.actecir.cat\/es\/jornada-keyter-sistemas-indirectos-en-aplicaciones-de-climatizacion-y-refrigeracion\/#breadcrumb","itemListElement":[{"@type":"ListItem","position":1,"name":"Inici","item":"https:\/\/www.actecir.cat\/es\/"},{"@type":"ListItem","position":2,"name":"Jornada KEYTER: Sistemas Indirectos en aplicaciones de Climatizaci\u00f3n y Refrigeraci\u00f3n"}]},{"@type":"WebSite","@id":"https:\/\/www.actecir.cat\/#website","url":"https:\/\/www.actecir.cat\/","name":"Actecir","description":"Associaci\u00f3 Catalana de T\u00e8cnics en Energia, Climatitzaci\u00f3 i Refrigeraci\u00f3","publisher":{"@id":"https:\/\/www.actecir.cat\/#organization"},"potentialAction":[{"@type":"SearchAction","target":{"@type":"EntryPoint","urlTemplate":"https:\/\/www.actecir.cat\/?s={search_term_string}"},"query-input":{"@type":"PropertyValueSpecification","valueRequired":true,"valueName":"search_term_string"}}],"inLanguage":"es"},{"@type":"Organization","@id":"https:\/\/www.actecir.cat\/#organization","name":"Actecir","url":"https:\/\/www.actecir.cat\/","logo":{"@type":"ImageObject","inLanguage":"es","@id":"https:\/\/www.actecir.cat\/#\/schema\/logo\/image\/","url":"https:\/\/www.actecir.cat\/wp-content\/uploads\/2023\/04\/cropped-logo_actecir_60_alto.png","contentUrl":"https:\/\/www.actecir.cat\/wp-content\/uploads\/2023\/04\/cropped-logo_actecir_60_alto.png","width":283,"height":80,"caption":"Actecir"},"image":{"@id":"https:\/\/www.actecir.cat\/#\/schema\/logo\/image\/"},"sameAs":["https:\/\/x.com\/actecir","https:\/\/www.linkedin.com\/company\/actecir"]},{"@type":"Person","@id":"https:\/\/www.actecir.cat\/#\/schema\/person\/9a0dbad79e7bde2f4a6be55628a9b04b","name":"Maen Systems","url":"https:\/\/www.actecir.cat\/es\/author\/maen\/"}]}},"_links":{"self":[{"href":"https:\/\/www.actecir.cat\/es\/wp-json\/wp\/v2\/posts\/14957","targetHints":{"allow":["GET"]}}],"collection":[{"href":"https:\/\/www.actecir.cat\/es\/wp-json\/wp\/v2\/posts"}],"about":[{"href":"https:\/\/www.actecir.cat\/es\/wp-json\/wp\/v2\/types\/post"}],"author":[{"embeddable":true,"href":"https:\/\/www.actecir.cat\/es\/wp-json\/wp\/v2\/users\/299"}],"replies":[{"embeddable":true,"href":"https:\/\/www.actecir.cat\/es\/wp-json\/wp\/v2\/comments?post=14957"}],"version-history":[{"count":4,"href":"https:\/\/www.actecir.cat\/es\/wp-json\/wp\/v2\/posts\/14957\/revisions"}],"predecessor-version":[{"id":14963,"href":"https:\/\/www.actecir.cat\/es\/wp-json\/wp\/v2\/posts\/14957\/revisions\/14963"}],"wp:featuredmedia":[{"embeddable":true,"href":"https:\/\/www.actecir.cat\/es\/wp-json\/wp\/v2\/media\/14958"}],"wp:attachment":[{"href":"https:\/\/www.actecir.cat\/es\/wp-json\/wp\/v2\/media?parent=14957"}],"wp:term":[{"taxonomy":"category","embeddable":true,"href":"https:\/\/www.actecir.cat\/es\/wp-json\/wp\/v2\/categories?post=14957"},{"taxonomy":"post_tag","embeddable":true,"href":"https:\/\/www.actecir.cat\/es\/wp-json\/wp\/v2\/tags?post=14957"}],"curies":[{"name":"wp","href":"https:\/\/api.w.org\/{rel}","templated":true}]}}