{"id":16148,"date":"2024-10-22T11:30:39","date_gmt":"2024-10-22T09:30:39","guid":{"rendered":"https:\/\/www.actecir.cat\/jornada-tecnica-impacto-de-la-fgas-en-instalaciones-termicas-y-de-climatizacion-nuevas-reglas-de-juego\/"},"modified":"2024-10-24T12:21:40","modified_gmt":"2024-10-24T10:21:40","slug":"jornada-tecnica-impacto-de-la-fgas-en-instalaciones-termicas-y-de-climatizacion-nuevas-reglas-de-juego","status":"publish","type":"post","link":"https:\/\/www.actecir.cat\/es\/jornada-tecnica-impacto-de-la-fgas-en-instalaciones-termicas-y-de-climatizacion-nuevas-reglas-de-juego\/","title":{"rendered":"Jornada t\u00e9cnica: Impacto de la FGas en instalaciones t\u00e9rmicas y de climatizaci\u00f3n: nuevas reglas de juego"},"content":{"rendered":"<p>El pr\u00f3ximo 29 de octubre, <span style=\"font-size: 14pt;\"><strong>AFEC<\/strong><\/span> organiza una jornada t\u00e9cnica con la colaboraci\u00f3n de <span style=\"color: #000000;\"><strong>ACTECIR<\/strong><\/span> , con la cooperaci\u00f3n de <strong>ACI<\/strong> y <strong>FEGICAT<\/strong> , y el apoyo de la <em>Generalitat de Catalunya<\/em> .<\/p>\n<p style=\"text-align: center;\"><a href=\"https:\/\/docs.google.com\/forms\/d\/e\/1FAIpQLSeudM57T027uwy6GIRW2DxFrFHAO7xc7GDEhbrNuPnFsQzrcQ\/viewform\"><span style=\"font-size: 18pt; font-family: 'arial black', sans-serif;\"><strong><span style=\"color: #3366ff;\">INSCRIPCI\u00d3N<\/span><\/strong><\/span><\/a><\/p>\n<p><a href=\"https:\/\/docs.google.com\/forms\/d\/e\/1FAIpQLSeudM57T027uwy6GIRW2DxFrFHAO7xc7GDEhbrNuPnFsQzrcQ\/viewform\"><img fetchpriority=\"high\" decoding=\"async\" class=\"wp-image-16208 aligncenter\" src=\"https:\/\/www.actecir.cat\/wp-content\/uploads\/2024\/10\/banner_cast_AFEC-300x86.jpg\" alt=\"\" width=\"924\" height=\"265\" srcset=\"https:\/\/www.actecir.cat\/wp-content\/uploads\/2024\/10\/banner_cast_AFEC-300x86.jpg 300w, https:\/\/www.actecir.cat\/wp-content\/uploads\/2024\/10\/banner_cast_AFEC-1024x295.jpg 1024w, https:\/\/www.actecir.cat\/wp-content\/uploads\/2024\/10\/banner_cast_AFEC-768x221.jpg 768w, https:\/\/www.actecir.cat\/wp-content\/uploads\/2024\/10\/banner_cast_AFEC-1536x442.jpg 1536w, https:\/\/www.actecir.cat\/wp-content\/uploads\/2024\/10\/banner_cast_AFEC-2048x589.jpg 2048w\" sizes=\"(max-width: 924px) 100vw, 924px\" \/><\/a><\/p>\n<p>&nbsp;<\/p>\n<p style=\"text-align: center;\"><span style=\"color: #333399; font-size: 24pt;\"><strong>PROGRAMA<\/strong><\/span><\/p>\n<table style=\"width: 96.3847%;\" width=\"623\">\n<tbody>\n<tr>\n<td style=\"width: 8.29346%;\" width=\"45\"><strong>09:30<\/strong><\/td>\n<td style=\"width: 140.172%;\" width=\"578\"><strong>Registro de asistentes<\/strong><\/td>\n<\/tr>\n<tr>\n<td style=\"width: 8.29346%;\" width=\"45\"><\/td>\n<td style=\"width: 140.172%;\" width=\"578\"><\/td>\n<\/tr>\n<tr>\n<td style=\"width: 8.29346%;\" width=\"45\"><strong>10:00<\/strong><\/td>\n<td style=\"width: 140.172%;\" width=\"578\"><strong>Nova Fgas: marco legislativo e implicaciones para instalaciones t\u00e9rmicas y de climatizaci\u00f3n<\/strong><\/td>\n<\/tr>\n<tr>\n<td style=\"width: 8.29346%;\" width=\"45\"><\/td>\n<td style=\"width: 140.172%;\" width=\"578\"><strong><em>Marta Hern\u00e1ndez de la Cruz<\/em><\/strong><br \/>\n<em>Subdirecci\u00f3n General de Coordinaci\u00f3n de Acciones ante el Cambio Clim\u00e1tico<\/em><br \/>\n<em>Oficina Espa\u00f1ola de Cambio Clim\u00e1tico &#8211; <strong>MITECO<\/strong><\/em><\/td>\n<\/tr>\n<tr>\n<td style=\"width: 8.29346%;\" width=\"45\"><\/td>\n<td style=\"width: 140.172%;\" width=\"578\"><\/td>\n<\/tr>\n<tr>\n<td style=\"width: 8.29346%;\" width=\"45\"><strong>10:30<\/strong><\/td>\n<td style=\"width: 140.172%;\" width=\"578\"><strong>Mesa debate \u2013 Impacto 360 de la Fgas en instalaciones HVAC<\/strong><\/td>\n<\/tr>\n<tr>\n<td style=\"width: 8.29346%;\" width=\"45\"><\/td>\n<td style=\"width: 140.172%;\" width=\"578\"><em>Modera <strong>Gaspar Mart\u00edn<\/strong><\/em> &#8211; <em>Presidente de <strong>ACTECIR<\/strong><\/em><\/td>\n<\/tr>\n<tr>\n<td style=\"width: 8.29346%;\" width=\"45\"><\/td>\n<td style=\"width: 140.172%;\" width=\"578\"><em>Representantes de la Administraci\u00f3n P\u00fablica y de profesionales del sector debatir\u00e1n en torno a los principales aspectos de seguridad relacionados con el uso de refrigerantes A3 de car\u00e1cter inflamable, desde el punto de vista de la normativa, el dise\u00f1o de proyectos, las instalaciones, las inspecciones, etc.<\/em><\/td>\n<\/tr>\n<tr>\n<td style=\"width: 8.29346%;\" width=\"45\"><\/td>\n<td style=\"width: 140.172%;\" width=\"578\">\n<ul style=\"list-style-type: circle;\">\n<li><strong>Pedro Fern\u00e1ndez<\/strong> , ingeniero del servicio de Seguridad de Instalaciones de la Direcci\u00f3n General de Industria de la <strong>Generalitat de Catalunya<\/strong><\/li>\n<li><strong>Miquel Torrens<\/strong> , vocal de la comisi\u00f3n t\u00e9cnica de ACI (Asociaci\u00f3n de Consultores de Instalaciones) y Director de <strong>TB Ingenieros<\/strong><\/li>\n<li><strong>Ram\u00f3n Ruiz<\/strong>, presidente de la comisi\u00f3n de Gas y Rite en <strong>FEGICAT<\/strong>; presidente de la comisi\u00f3n de RITE en <strong>CONAIF<\/strong>; y vicepresidente del gremio de instaladores de <strong>CRM\u00a0<\/strong><\/li>\n<\/ul>\n<\/td>\n<\/tr>\n<tr>\n<td style=\"width: 8.29346%;\" width=\"45\"><strong>11:45<\/strong><\/td>\n<td style=\"width: 140.172%;\" width=\"578\"><strong>Caf\u00e9 networking<\/strong><\/td>\n<\/tr>\n<tr>\n<td style=\"width: 8.29346%;\" width=\"45\"><\/td>\n<td style=\"width: 140.172%;\" width=\"578\"><\/td>\n<\/tr>\n<tr>\n<td style=\"width: 8.29346%;\" width=\"45\"><strong>12:30<\/strong><\/td>\n<td style=\"width: 140.172%;\" width=\"578\"><strong>Mesa debate \u2013 M\u00faltiples soluciones para m\u00faltiples realidades<\/strong><\/td>\n<\/tr>\n<tr>\n<td style=\"width: 8.29346%;\" width=\"45\"><\/td>\n<td style=\"width: 140.172%;\" width=\"578\"><em>Modera <strong>Marta San Rom\u00e1n<\/strong> , directora general de <strong>AFEC<\/strong><\/em><\/td>\n<\/tr>\n<tr>\n<td style=\"width: 8.29346%;\" width=\"45\"><\/td>\n<td style=\"width: 140.172%;\" width=\"578\"><em>Representantes de fabricantes de bombas de calor y sistemas para las instalaciones t\u00e9rmicas y de climatizaci\u00f3n, contratar\u00e1n sus puntos de vista sobre c\u00f3mo avanzar y plantear escenarios estrat\u00e9gicos y de dise\u00f1o de soluciones y productos, para poder ofrecer la mejor tecnolog\u00eda adecuada ya tiempo en cada una de las necesidades, as\u00ed como los retos normativos, formativos, etc.<\/em><\/td>\n<\/tr>\n<tr>\n<td style=\"width: 8.29346%;\" width=\"45\"><\/td>\n<td style=\"width: 140.172%;\" width=\"578\">\n<ul style=\"list-style-type: circle;\">\n<li><strong>Nuria Benedicto<\/strong> , responsable de prescripci\u00f3n en Catalu\u00f1a de <strong>Daikin<\/strong><\/li>\n<li><strong>H\u00e9ctor Noguera<\/strong> , director \u00e1rea de negocio de <strong>Hitecsa<\/strong><\/li>\n<li><strong>Alejandro Pineda<\/strong> , responsable de formaci\u00f3n de <strong>Panasonic<\/strong><\/li>\n<\/ul>\n<\/td>\n<\/tr>\n<tr>\n<td style=\"width: 8.29346%;\" width=\"45\"><strong>13:30<\/strong><\/td>\n<td style=\"width: 140.172%;\" width=\"578\"><strong>Conclusiones y cierre<\/strong><\/td>\n<\/tr>\n<\/tbody>\n<\/table>\n<p>&nbsp;<\/p>\n<p>&nbsp;<\/p>\n","protected":false},"excerpt":{"rendered":"<p>El pr\u00f3ximo 29 de octubre, AFEC organiza una jornada t\u00e9cnica con la colaboraci\u00f3n de ACTECIR , con la cooperaci\u00f3n de ACI y FEGICAT , y el apoyo de la Generalitat [&hellip;]<\/p>\n","protected":false},"author":299,"featured_media":16210,"comment_status":"closed","ping_status":"closed","sticky":false,"template":"","format":"standard","meta":{"footnotes":""},"categories":[23],"tags":[],"class_list":["post-16148","post","type-post","status-publish","format-standard","has-post-thumbnail","hentry","category-destacamos"],"yoast_head":"<!-- This site is optimized with the Yoast SEO plugin v27.2 - https:\/\/yoast.com\/product\/yoast-seo-wordpress\/ -->\n<title>Jornada t\u00e9cnica: Impacto de la FGas en instalaciones t\u00e9rmicas y de climatizaci\u00f3n: nuevas reglas de juego - Actecir<\/title>\n<meta name=\"robots\" content=\"index, follow, max-snippet:-1, max-image-preview:large, max-video-preview:-1\" \/>\n<link rel=\"canonical\" href=\"https:\/\/www.actecir.cat\/es\/jornada-tecnica-impacto-de-la-fgas-en-instalaciones-termicas-y-de-climatizacion-nuevas-reglas-de-juego\/\" \/>\n<meta property=\"og:locale\" content=\"es_ES\" \/>\n<meta property=\"og:type\" content=\"article\" \/>\n<meta property=\"og:title\" content=\"Jornada t\u00e9cnica: Impacto de la FGas en instalaciones t\u00e9rmicas y de climatizaci\u00f3n: nuevas reglas de juego - Actecir\" \/>\n<meta property=\"og:description\" content=\"El pr\u00f3ximo 29 de octubre, AFEC organiza una jornada t\u00e9cnica con la colaboraci\u00f3n de ACTECIR , con la cooperaci\u00f3n de ACI y FEGICAT , y el apoyo de la Generalitat [&hellip;]\" \/>\n<meta property=\"og:url\" content=\"https:\/\/www.actecir.cat\/es\/jornada-tecnica-impacto-de-la-fgas-en-instalaciones-termicas-y-de-climatizacion-nuevas-reglas-de-juego\/\" \/>\n<meta property=\"og:site_name\" content=\"Actecir\" \/>\n<meta property=\"article:published_time\" content=\"2024-10-22T09:30:39+00:00\" \/>\n<meta property=\"article:modified_time\" content=\"2024-10-24T10:21:40+00:00\" \/>\n<meta property=\"og:image\" content=\"https:\/\/www.actecir.cat\/wp-content\/uploads\/2024\/10\/AFEC_cast_destacamos-scaled.jpg\" \/>\n\t<meta property=\"og:image:width\" content=\"2560\" \/>\n\t<meta property=\"og:image:height\" content=\"1707\" \/>\n\t<meta property=\"og:image:type\" content=\"image\/jpeg\" \/>\n<meta name=\"author\" content=\"Maen Systems\" \/>\n<meta name=\"twitter:card\" content=\"summary_large_image\" \/>\n<meta name=\"twitter:creator\" content=\"@actecir\" \/>\n<meta name=\"twitter:site\" content=\"@actecir\" \/>\n<meta name=\"twitter:label1\" content=\"Escrito por\" \/>\n\t<meta name=\"twitter:data1\" content=\"Maen Systems\" \/>\n\t<meta name=\"twitter:label2\" content=\"Tiempo de lectura\" \/>\n\t<meta name=\"twitter:data2\" content=\"3 minutos\" \/>\n<script type=\"application\/ld+json\" class=\"yoast-schema-graph\">{\"@context\":\"https:\/\/schema.org\",\"@graph\":[{\"@type\":\"Article\",\"@id\":\"https:\/\/www.actecir.cat\/es\/jornada-tecnica-impacto-de-la-fgas-en-instalaciones-termicas-y-de-climatizacion-nuevas-reglas-de-juego\/#article\",\"isPartOf\":{\"@id\":\"https:\/\/www.actecir.cat\/es\/jornada-tecnica-impacto-de-la-fgas-en-instalaciones-termicas-y-de-climatizacion-nuevas-reglas-de-juego\/\"},\"author\":{\"name\":\"Maen Systems\",\"@id\":\"https:\/\/www.actecir.cat\/#\/schema\/person\/9a0dbad79e7bde2f4a6be55628a9b04b\"},\"headline\":\"Jornada t\u00e9cnica: Impacto de la FGas en instalaciones t\u00e9rmicas y de climatizaci\u00f3n: nuevas reglas de juego\",\"datePublished\":\"2024-10-22T09:30:39+00:00\",\"dateModified\":\"2024-10-24T10:21:40+00:00\",\"mainEntityOfPage\":{\"@id\":\"https:\/\/www.actecir.cat\/es\/jornada-tecnica-impacto-de-la-fgas-en-instalaciones-termicas-y-de-climatizacion-nuevas-reglas-de-juego\/\"},\"wordCount\":361,\"publisher\":{\"@id\":\"https:\/\/www.actecir.cat\/#organization\"},\"image\":{\"@id\":\"https:\/\/www.actecir.cat\/es\/jornada-tecnica-impacto-de-la-fgas-en-instalaciones-termicas-y-de-climatizacion-nuevas-reglas-de-juego\/#primaryimage\"},\"thumbnailUrl\":\"https:\/\/www.actecir.cat\/wp-content\/uploads\/2024\/10\/AFEC_cast_destacamos-scaled.jpg\",\"articleSection\":[\"Destacamos\"],\"inLanguage\":\"es\"},{\"@type\":\"WebPage\",\"@id\":\"https:\/\/www.actecir.cat\/es\/jornada-tecnica-impacto-de-la-fgas-en-instalaciones-termicas-y-de-climatizacion-nuevas-reglas-de-juego\/\",\"url\":\"https:\/\/www.actecir.cat\/es\/jornada-tecnica-impacto-de-la-fgas-en-instalaciones-termicas-y-de-climatizacion-nuevas-reglas-de-juego\/\",\"name\":\"Jornada t\u00e9cnica: Impacto de la FGas en instalaciones t\u00e9rmicas y de climatizaci\u00f3n: nuevas reglas de juego - Actecir\",\"isPartOf\":{\"@id\":\"https:\/\/www.actecir.cat\/#website\"},\"primaryImageOfPage\":{\"@id\":\"https:\/\/www.actecir.cat\/es\/jornada-tecnica-impacto-de-la-fgas-en-instalaciones-termicas-y-de-climatizacion-nuevas-reglas-de-juego\/#primaryimage\"},\"image\":{\"@id\":\"https:\/\/www.actecir.cat\/es\/jornada-tecnica-impacto-de-la-fgas-en-instalaciones-termicas-y-de-climatizacion-nuevas-reglas-de-juego\/#primaryimage\"},\"thumbnailUrl\":\"https:\/\/www.actecir.cat\/wp-content\/uploads\/2024\/10\/AFEC_cast_destacamos-scaled.jpg\",\"datePublished\":\"2024-10-22T09:30:39+00:00\",\"dateModified\":\"2024-10-24T10:21:40+00:00\",\"breadcrumb\":{\"@id\":\"https:\/\/www.actecir.cat\/es\/jornada-tecnica-impacto-de-la-fgas-en-instalaciones-termicas-y-de-climatizacion-nuevas-reglas-de-juego\/#breadcrumb\"},\"inLanguage\":\"es\",\"potentialAction\":[{\"@type\":\"ReadAction\",\"target\":[\"https:\/\/www.actecir.cat\/es\/jornada-tecnica-impacto-de-la-fgas-en-instalaciones-termicas-y-de-climatizacion-nuevas-reglas-de-juego\/\"]}]},{\"@type\":\"ImageObject\",\"inLanguage\":\"es\",\"@id\":\"https:\/\/www.actecir.cat\/es\/jornada-tecnica-impacto-de-la-fgas-en-instalaciones-termicas-y-de-climatizacion-nuevas-reglas-de-juego\/#primaryimage\",\"url\":\"https:\/\/www.actecir.cat\/wp-content\/uploads\/2024\/10\/AFEC_cast_destacamos-scaled.jpg\",\"contentUrl\":\"https:\/\/www.actecir.cat\/wp-content\/uploads\/2024\/10\/AFEC_cast_destacamos-scaled.jpg\",\"width\":2560,\"height\":1707},{\"@type\":\"BreadcrumbList\",\"@id\":\"https:\/\/www.actecir.cat\/es\/jornada-tecnica-impacto-de-la-fgas-en-instalaciones-termicas-y-de-climatizacion-nuevas-reglas-de-juego\/#breadcrumb\",\"itemListElement\":[{\"@type\":\"ListItem\",\"position\":1,\"name\":\"Inici\",\"item\":\"https:\/\/www.actecir.cat\/es\/\"},{\"@type\":\"ListItem\",\"position\":2,\"name\":\"Jornada t\u00e9cnica: Impacto de la FGas en instalaciones t\u00e9rmicas y de climatizaci\u00f3n: nuevas reglas de juego\"}]},{\"@type\":\"WebSite\",\"@id\":\"https:\/\/www.actecir.cat\/#website\",\"url\":\"https:\/\/www.actecir.cat\/\",\"name\":\"Actecir\",\"description\":\"Associaci\u00f3 Catalana de T\u00e8cnics en Energia, Climatitzaci\u00f3 i Refrigeraci\u00f3\",\"publisher\":{\"@id\":\"https:\/\/www.actecir.cat\/#organization\"},\"potentialAction\":[{\"@type\":\"SearchAction\",\"target\":{\"@type\":\"EntryPoint\",\"urlTemplate\":\"https:\/\/www.actecir.cat\/?s={search_term_string}\"},\"query-input\":{\"@type\":\"PropertyValueSpecification\",\"valueRequired\":true,\"valueName\":\"search_term_string\"}}],\"inLanguage\":\"es\"},{\"@type\":\"Organization\",\"@id\":\"https:\/\/www.actecir.cat\/#organization\",\"name\":\"Actecir\",\"url\":\"https:\/\/www.actecir.cat\/\",\"logo\":{\"@type\":\"ImageObject\",\"inLanguage\":\"es\",\"@id\":\"https:\/\/www.actecir.cat\/#\/schema\/logo\/image\/\",\"url\":\"https:\/\/www.actecir.cat\/wp-content\/uploads\/2023\/04\/cropped-logo_actecir_60_alto.png\",\"contentUrl\":\"https:\/\/www.actecir.cat\/wp-content\/uploads\/2023\/04\/cropped-logo_actecir_60_alto.png\",\"width\":283,\"height\":80,\"caption\":\"Actecir\"},\"image\":{\"@id\":\"https:\/\/www.actecir.cat\/#\/schema\/logo\/image\/\"},\"sameAs\":[\"https:\/\/x.com\/actecir\",\"https:\/\/www.linkedin.com\/company\/actecir\"]},{\"@type\":\"Person\",\"@id\":\"https:\/\/www.actecir.cat\/#\/schema\/person\/9a0dbad79e7bde2f4a6be55628a9b04b\",\"name\":\"Maen Systems\",\"url\":\"https:\/\/www.actecir.cat\/es\/author\/maen\/\"}]}<\/script>\n<!-- \/ Yoast SEO plugin. -->","yoast_head_json":{"title":"Jornada t\u00e9cnica: Impacto de la FGas en instalaciones t\u00e9rmicas y de climatizaci\u00f3n: nuevas reglas de juego - Actecir","robots":{"index":"index","follow":"follow","max-snippet":"max-snippet:-1","max-image-preview":"max-image-preview:large","max-video-preview":"max-video-preview:-1"},"canonical":"https:\/\/www.actecir.cat\/es\/jornada-tecnica-impacto-de-la-fgas-en-instalaciones-termicas-y-de-climatizacion-nuevas-reglas-de-juego\/","og_locale":"es_ES","og_type":"article","og_title":"Jornada t\u00e9cnica: Impacto de la FGas en instalaciones t\u00e9rmicas y de climatizaci\u00f3n: nuevas reglas de juego - Actecir","og_description":"El pr\u00f3ximo 29 de octubre, AFEC organiza una jornada t\u00e9cnica con la colaboraci\u00f3n de ACTECIR , con la cooperaci\u00f3n de ACI y FEGICAT , y el apoyo de la Generalitat [&hellip;]","og_url":"https:\/\/www.actecir.cat\/es\/jornada-tecnica-impacto-de-la-fgas-en-instalaciones-termicas-y-de-climatizacion-nuevas-reglas-de-juego\/","og_site_name":"Actecir","article_published_time":"2024-10-22T09:30:39+00:00","article_modified_time":"2024-10-24T10:21:40+00:00","og_image":[{"width":2560,"height":1707,"url":"https:\/\/www.actecir.cat\/wp-content\/uploads\/2024\/10\/AFEC_cast_destacamos-scaled.jpg","type":"image\/jpeg"}],"author":"Maen Systems","twitter_card":"summary_large_image","twitter_creator":"@actecir","twitter_site":"@actecir","twitter_misc":{"Escrito por":"Maen Systems","Tiempo de lectura":"3 minutos"},"schema":{"@context":"https:\/\/schema.org","@graph":[{"@type":"Article","@id":"https:\/\/www.actecir.cat\/es\/jornada-tecnica-impacto-de-la-fgas-en-instalaciones-termicas-y-de-climatizacion-nuevas-reglas-de-juego\/#article","isPartOf":{"@id":"https:\/\/www.actecir.cat\/es\/jornada-tecnica-impacto-de-la-fgas-en-instalaciones-termicas-y-de-climatizacion-nuevas-reglas-de-juego\/"},"author":{"name":"Maen Systems","@id":"https:\/\/www.actecir.cat\/#\/schema\/person\/9a0dbad79e7bde2f4a6be55628a9b04b"},"headline":"Jornada t\u00e9cnica: Impacto de la FGas en instalaciones t\u00e9rmicas y de climatizaci\u00f3n: nuevas reglas de juego","datePublished":"2024-10-22T09:30:39+00:00","dateModified":"2024-10-24T10:21:40+00:00","mainEntityOfPage":{"@id":"https:\/\/www.actecir.cat\/es\/jornada-tecnica-impacto-de-la-fgas-en-instalaciones-termicas-y-de-climatizacion-nuevas-reglas-de-juego\/"},"wordCount":361,"publisher":{"@id":"https:\/\/www.actecir.cat\/#organization"},"image":{"@id":"https:\/\/www.actecir.cat\/es\/jornada-tecnica-impacto-de-la-fgas-en-instalaciones-termicas-y-de-climatizacion-nuevas-reglas-de-juego\/#primaryimage"},"thumbnailUrl":"https:\/\/www.actecir.cat\/wp-content\/uploads\/2024\/10\/AFEC_cast_destacamos-scaled.jpg","articleSection":["Destacamos"],"inLanguage":"es"},{"@type":"WebPage","@id":"https:\/\/www.actecir.cat\/es\/jornada-tecnica-impacto-de-la-fgas-en-instalaciones-termicas-y-de-climatizacion-nuevas-reglas-de-juego\/","url":"https:\/\/www.actecir.cat\/es\/jornada-tecnica-impacto-de-la-fgas-en-instalaciones-termicas-y-de-climatizacion-nuevas-reglas-de-juego\/","name":"Jornada t\u00e9cnica: Impacto de la FGas en instalaciones t\u00e9rmicas y de climatizaci\u00f3n: nuevas reglas de juego - Actecir","isPartOf":{"@id":"https:\/\/www.actecir.cat\/#website"},"primaryImageOfPage":{"@id":"https:\/\/www.actecir.cat\/es\/jornada-tecnica-impacto-de-la-fgas-en-instalaciones-termicas-y-de-climatizacion-nuevas-reglas-de-juego\/#primaryimage"},"image":{"@id":"https:\/\/www.actecir.cat\/es\/jornada-tecnica-impacto-de-la-fgas-en-instalaciones-termicas-y-de-climatizacion-nuevas-reglas-de-juego\/#primaryimage"},"thumbnailUrl":"https:\/\/www.actecir.cat\/wp-content\/uploads\/2024\/10\/AFEC_cast_destacamos-scaled.jpg","datePublished":"2024-10-22T09:30:39+00:00","dateModified":"2024-10-24T10:21:40+00:00","breadcrumb":{"@id":"https:\/\/www.actecir.cat\/es\/jornada-tecnica-impacto-de-la-fgas-en-instalaciones-termicas-y-de-climatizacion-nuevas-reglas-de-juego\/#breadcrumb"},"inLanguage":"es","potentialAction":[{"@type":"ReadAction","target":["https:\/\/www.actecir.cat\/es\/jornada-tecnica-impacto-de-la-fgas-en-instalaciones-termicas-y-de-climatizacion-nuevas-reglas-de-juego\/"]}]},{"@type":"ImageObject","inLanguage":"es","@id":"https:\/\/www.actecir.cat\/es\/jornada-tecnica-impacto-de-la-fgas-en-instalaciones-termicas-y-de-climatizacion-nuevas-reglas-de-juego\/#primaryimage","url":"https:\/\/www.actecir.cat\/wp-content\/uploads\/2024\/10\/AFEC_cast_destacamos-scaled.jpg","contentUrl":"https:\/\/www.actecir.cat\/wp-content\/uploads\/2024\/10\/AFEC_cast_destacamos-scaled.jpg","width":2560,"height":1707},{"@type":"BreadcrumbList","@id":"https:\/\/www.actecir.cat\/es\/jornada-tecnica-impacto-de-la-fgas-en-instalaciones-termicas-y-de-climatizacion-nuevas-reglas-de-juego\/#breadcrumb","itemListElement":[{"@type":"ListItem","position":1,"name":"Inici","item":"https:\/\/www.actecir.cat\/es\/"},{"@type":"ListItem","position":2,"name":"Jornada t\u00e9cnica: Impacto de la FGas en instalaciones t\u00e9rmicas y de climatizaci\u00f3n: nuevas reglas de juego"}]},{"@type":"WebSite","@id":"https:\/\/www.actecir.cat\/#website","url":"https:\/\/www.actecir.cat\/","name":"Actecir","description":"Associaci\u00f3 Catalana de T\u00e8cnics en Energia, Climatitzaci\u00f3 i Refrigeraci\u00f3","publisher":{"@id":"https:\/\/www.actecir.cat\/#organization"},"potentialAction":[{"@type":"SearchAction","target":{"@type":"EntryPoint","urlTemplate":"https:\/\/www.actecir.cat\/?s={search_term_string}"},"query-input":{"@type":"PropertyValueSpecification","valueRequired":true,"valueName":"search_term_string"}}],"inLanguage":"es"},{"@type":"Organization","@id":"https:\/\/www.actecir.cat\/#organization","name":"Actecir","url":"https:\/\/www.actecir.cat\/","logo":{"@type":"ImageObject","inLanguage":"es","@id":"https:\/\/www.actecir.cat\/#\/schema\/logo\/image\/","url":"https:\/\/www.actecir.cat\/wp-content\/uploads\/2023\/04\/cropped-logo_actecir_60_alto.png","contentUrl":"https:\/\/www.actecir.cat\/wp-content\/uploads\/2023\/04\/cropped-logo_actecir_60_alto.png","width":283,"height":80,"caption":"Actecir"},"image":{"@id":"https:\/\/www.actecir.cat\/#\/schema\/logo\/image\/"},"sameAs":["https:\/\/x.com\/actecir","https:\/\/www.linkedin.com\/company\/actecir"]},{"@type":"Person","@id":"https:\/\/www.actecir.cat\/#\/schema\/person\/9a0dbad79e7bde2f4a6be55628a9b04b","name":"Maen Systems","url":"https:\/\/www.actecir.cat\/es\/author\/maen\/"}]}},"_links":{"self":[{"href":"https:\/\/www.actecir.cat\/es\/wp-json\/wp\/v2\/posts\/16148","targetHints":{"allow":["GET"]}}],"collection":[{"href":"https:\/\/www.actecir.cat\/es\/wp-json\/wp\/v2\/posts"}],"about":[{"href":"https:\/\/www.actecir.cat\/es\/wp-json\/wp\/v2\/types\/post"}],"author":[{"embeddable":true,"href":"https:\/\/www.actecir.cat\/es\/wp-json\/wp\/v2\/users\/299"}],"replies":[{"embeddable":true,"href":"https:\/\/www.actecir.cat\/es\/wp-json\/wp\/v2\/comments?post=16148"}],"version-history":[{"count":5,"href":"https:\/\/www.actecir.cat\/es\/wp-json\/wp\/v2\/posts\/16148\/revisions"}],"predecessor-version":[{"id":16229,"href":"https:\/\/www.actecir.cat\/es\/wp-json\/wp\/v2\/posts\/16148\/revisions\/16229"}],"wp:featuredmedia":[{"embeddable":true,"href":"https:\/\/www.actecir.cat\/es\/wp-json\/wp\/v2\/media\/16210"}],"wp:attachment":[{"href":"https:\/\/www.actecir.cat\/es\/wp-json\/wp\/v2\/media?parent=16148"}],"wp:term":[{"taxonomy":"category","embeddable":true,"href":"https:\/\/www.actecir.cat\/es\/wp-json\/wp\/v2\/categories?post=16148"},{"taxonomy":"post_tag","embeddable":true,"href":"https:\/\/www.actecir.cat\/es\/wp-json\/wp\/v2\/tags?post=16148"}],"curies":[{"name":"wp","href":"https:\/\/api.w.org\/{rel}","templated":true}]}}