{"id":16178,"date":"2024-10-23T12:03:13","date_gmt":"2024-10-23T10:03:13","guid":{"rendered":"https:\/\/www.actecir.cat\/rebuil-rehabilita-2024\/"},"modified":"2024-10-23T12:03:13","modified_gmt":"2024-10-23T10:03:13","slug":"rebuil-rehabilita-2024","status":"publish","type":"post","link":"https:\/\/www.actecir.cat\/es\/rebuil-rehabilita-2024\/","title":{"rendered":"REBUIL REHABILITA 2024"},"content":{"rendered":"<p>De la mano de REBUILD, el evento l\u00edder en construcci\u00f3n industrializada, digitalizaci\u00f3n y sostenibilidad, nace REBUILD REHABILITA, una <b>plataforma<\/b> <b>\u00fanica<\/b> <b>de<\/b> <b>innovaci\u00f3n<\/b> <b>para<\/b> <b>dinamizar<\/b> <b>el<\/b> <b>sector<\/b> de la construcci\u00f3n, rehabilitaci\u00f3n, reforma y eficiencia energ\u00e9tica de viviendas y edificios. Un lugar donde el profesional del sector dispone de un <b>entorno<\/b> <b>especializado<\/b> en el que encontrar los \u00faltimos materiales, soluciones y servicios. Del <strong>22 al 24 de octubre de 2024 en Sevilla \u2013 FIBES<\/strong> muestra tus \u00faltimas soluciones, materiales y servicios a m\u00e1s de <strong>8.000 prescriptores y compradores<\/strong> en un entorno \u00fanico especializado para conseguir <strong>leads de nueva generaci\u00f3n<\/strong> . Junto al <strong>Congreso Nacional de Rehabilitaci\u00f3n Avanzada,<\/strong> el mayor foro de conocimiento que se ha convertido en el encuentro clave de expertos y l\u00edderes de todo el mundo para compartir visiones, investigaciones y conocimientos que ayuden a la rehabilitaci\u00f3n de barrios y edificios. REBUILD REHABILITA es la plataforma para que los fabricantes y distribuidores identifiquen: <\/p>\n<ul style=\"list-style-type: circle;\">\n<li>Los nuevos constructores, promotores, empresas de reformas y rehabilitaci\u00f3n, arquitectos, aparejadores e instaladores.<\/li>\n<li>Los proyectos y parques de vivienda a reformar o que se pondr\u00e1n en marcha pr\u00f3ximamente.<\/li>\n<li>Presentan las novedades, productos e innovaciones.<\/li>\n<li>Comuniquen y se asocien como partner en el marco de la construcci\u00f3n y de la rehabilitaci\u00f3n.<\/li>\n<\/ul>\n<p>&nbsp;<\/p>\n<p style=\"text-align: center;\"><a href=\"https:\/\/www.rebuildrehabilita.com\/rebuild-rehabilita-2024\/\"><span style=\"font-size: 14pt; color: #3366ff;\"><strong>M\u00e1s informaci\u00f3n<\/strong><\/span><\/a><\/p>\n","protected":false},"excerpt":{"rendered":"<p>De la mano de REBUILD, el evento l\u00edder en construcci\u00f3n industrializada, digitalizaci\u00f3n y sostenibilidad, nace REBUILD REHABILITA, una plataforma \u00fanica de innovaci\u00f3n para dinamizar el sector de la construcci\u00f3n, rehabilitaci\u00f3n, [&hellip;]<\/p>\n","protected":false},"author":299,"featured_media":16175,"comment_status":"closed","ping_status":"closed","sticky":false,"template":"","format":"standard","meta":{"footnotes":""},"categories":[25],"tags":[],"class_list":["post-16178","post","type-post","status-publish","format-standard","has-post-thumbnail","hentry","category-noticias"],"yoast_head":"<!-- This site is optimized with the Yoast SEO plugin v27.2 - https:\/\/yoast.com\/product\/yoast-seo-wordpress\/ -->\n<title>REBUIL REHABILITA 2024 - Actecir<\/title>\n<meta name=\"robots\" content=\"index, follow, max-snippet:-1, max-image-preview:large, max-video-preview:-1\" \/>\n<link rel=\"canonical\" href=\"https:\/\/www.actecir.cat\/rebuil-rehabilita-2024\/\" \/>\n<meta property=\"og:locale\" content=\"es_ES\" \/>\n<meta property=\"og:type\" content=\"article\" \/>\n<meta property=\"og:title\" content=\"REBUIL REHABILITA 2024 - Actecir\" \/>\n<meta property=\"og:description\" content=\"De la mano de REBUILD, el evento l\u00edder en construcci\u00f3n industrializada, digitalizaci\u00f3n y sostenibilidad, nace REBUILD REHABILITA, una plataforma \u00fanica de innovaci\u00f3n para dinamizar el sector de la construcci\u00f3n, rehabilitaci\u00f3n, [&hellip;]\" \/>\n<meta property=\"og:url\" content=\"https:\/\/www.actecir.cat\/rebuil-rehabilita-2024\/\" \/>\n<meta property=\"og:site_name\" content=\"Actecir\" \/>\n<meta property=\"article:published_time\" content=\"2024-10-23T10:03:13+00:00\" \/>\n<meta name=\"author\" content=\"Maen Systems\" \/>\n<meta name=\"twitter:card\" content=\"summary_large_image\" \/>\n<meta name=\"twitter:creator\" content=\"@actecir\" \/>\n<meta name=\"twitter:site\" content=\"@actecir\" \/>\n<meta name=\"twitter:label1\" content=\"Escrito por\" \/>\n\t<meta name=\"twitter:data1\" content=\"Maen Systems\" \/>\n\t<meta name=\"twitter:label2\" content=\"Tiempo de lectura\" \/>\n\t<meta name=\"twitter:data2\" content=\"1 minuto\" \/>\n<script type=\"application\/ld+json\" class=\"yoast-schema-graph\">{\"@context\":\"https:\/\/schema.org\",\"@graph\":[{\"@type\":\"Article\",\"@id\":\"https:\/\/www.actecir.cat\/rebuil-rehabilita-2024\/#article\",\"isPartOf\":{\"@id\":\"https:\/\/www.actecir.cat\/rebuil-rehabilita-2024\/\"},\"author\":{\"name\":\"Maen Systems\",\"@id\":\"https:\/\/www.actecir.cat\/#\/schema\/person\/9a0dbad79e7bde2f4a6be55628a9b04b\"},\"headline\":\"REBUIL REHABILITA 2024\",\"datePublished\":\"2024-10-23T10:03:13+00:00\",\"mainEntityOfPage\":{\"@id\":\"https:\/\/www.actecir.cat\/rebuil-rehabilita-2024\/\"},\"wordCount\":221,\"publisher\":{\"@id\":\"https:\/\/www.actecir.cat\/#organization\"},\"image\":{\"@id\":\"https:\/\/www.actecir.cat\/rebuil-rehabilita-2024\/#primaryimage\"},\"thumbnailUrl\":\"https:\/\/www.actecir.cat\/wp-content\/uploads\/2024\/10\/visual-rebuild-rehabilita-2024-1-e1729678272362.jpg\",\"articleSection\":[\"Noticias\"],\"inLanguage\":\"es\"},{\"@type\":\"WebPage\",\"@id\":\"https:\/\/www.actecir.cat\/rebuil-rehabilita-2024\/\",\"url\":\"https:\/\/www.actecir.cat\/rebuil-rehabilita-2024\/\",\"name\":\"REBUIL REHABILITA 2024 - Actecir\",\"isPartOf\":{\"@id\":\"https:\/\/www.actecir.cat\/#website\"},\"primaryImageOfPage\":{\"@id\":\"https:\/\/www.actecir.cat\/rebuil-rehabilita-2024\/#primaryimage\"},\"image\":{\"@id\":\"https:\/\/www.actecir.cat\/rebuil-rehabilita-2024\/#primaryimage\"},\"thumbnailUrl\":\"https:\/\/www.actecir.cat\/wp-content\/uploads\/2024\/10\/visual-rebuild-rehabilita-2024-1-e1729678272362.jpg\",\"datePublished\":\"2024-10-23T10:03:13+00:00\",\"breadcrumb\":{\"@id\":\"https:\/\/www.actecir.cat\/rebuil-rehabilita-2024\/#breadcrumb\"},\"inLanguage\":\"es\",\"potentialAction\":[{\"@type\":\"ReadAction\",\"target\":[\"https:\/\/www.actecir.cat\/rebuil-rehabilita-2024\/\"]}]},{\"@type\":\"ImageObject\",\"inLanguage\":\"es\",\"@id\":\"https:\/\/www.actecir.cat\/rebuil-rehabilita-2024\/#primaryimage\",\"url\":\"https:\/\/www.actecir.cat\/wp-content\/uploads\/2024\/10\/visual-rebuild-rehabilita-2024-1-e1729678272362.jpg\",\"contentUrl\":\"https:\/\/www.actecir.cat\/wp-content\/uploads\/2024\/10\/visual-rebuild-rehabilita-2024-1-e1729678272362.jpg\",\"width\":600,\"height\":355},{\"@type\":\"BreadcrumbList\",\"@id\":\"https:\/\/www.actecir.cat\/rebuil-rehabilita-2024\/#breadcrumb\",\"itemListElement\":[{\"@type\":\"ListItem\",\"position\":1,\"name\":\"Inici\",\"item\":\"https:\/\/www.actecir.cat\/es\/\"},{\"@type\":\"ListItem\",\"position\":2,\"name\":\"REBUIL REHABILITA 2024\"}]},{\"@type\":\"WebSite\",\"@id\":\"https:\/\/www.actecir.cat\/#website\",\"url\":\"https:\/\/www.actecir.cat\/\",\"name\":\"Actecir\",\"description\":\"Associaci\u00f3 Catalana de T\u00e8cnics en Energia, Climatitzaci\u00f3 i Refrigeraci\u00f3\",\"publisher\":{\"@id\":\"https:\/\/www.actecir.cat\/#organization\"},\"potentialAction\":[{\"@type\":\"SearchAction\",\"target\":{\"@type\":\"EntryPoint\",\"urlTemplate\":\"https:\/\/www.actecir.cat\/?s={search_term_string}\"},\"query-input\":{\"@type\":\"PropertyValueSpecification\",\"valueRequired\":true,\"valueName\":\"search_term_string\"}}],\"inLanguage\":\"es\"},{\"@type\":\"Organization\",\"@id\":\"https:\/\/www.actecir.cat\/#organization\",\"name\":\"Actecir\",\"url\":\"https:\/\/www.actecir.cat\/\",\"logo\":{\"@type\":\"ImageObject\",\"inLanguage\":\"es\",\"@id\":\"https:\/\/www.actecir.cat\/#\/schema\/logo\/image\/\",\"url\":\"https:\/\/www.actecir.cat\/wp-content\/uploads\/2023\/04\/cropped-logo_actecir_60_alto.png\",\"contentUrl\":\"https:\/\/www.actecir.cat\/wp-content\/uploads\/2023\/04\/cropped-logo_actecir_60_alto.png\",\"width\":283,\"height\":80,\"caption\":\"Actecir\"},\"image\":{\"@id\":\"https:\/\/www.actecir.cat\/#\/schema\/logo\/image\/\"},\"sameAs\":[\"https:\/\/x.com\/actecir\",\"https:\/\/www.linkedin.com\/company\/actecir\"]},{\"@type\":\"Person\",\"@id\":\"https:\/\/www.actecir.cat\/#\/schema\/person\/9a0dbad79e7bde2f4a6be55628a9b04b\",\"name\":\"Maen Systems\",\"url\":\"https:\/\/www.actecir.cat\/es\/author\/maen\/\"}]}<\/script>\n<!-- \/ Yoast SEO plugin. -->","yoast_head_json":{"title":"REBUIL REHABILITA 2024 - Actecir","robots":{"index":"index","follow":"follow","max-snippet":"max-snippet:-1","max-image-preview":"max-image-preview:large","max-video-preview":"max-video-preview:-1"},"canonical":"https:\/\/www.actecir.cat\/rebuil-rehabilita-2024\/","og_locale":"es_ES","og_type":"article","og_title":"REBUIL REHABILITA 2024 - Actecir","og_description":"De la mano de REBUILD, el evento l\u00edder en construcci\u00f3n industrializada, digitalizaci\u00f3n y sostenibilidad, nace REBUILD REHABILITA, una plataforma \u00fanica de innovaci\u00f3n para dinamizar el sector de la construcci\u00f3n, rehabilitaci\u00f3n, [&hellip;]","og_url":"https:\/\/www.actecir.cat\/rebuil-rehabilita-2024\/","og_site_name":"Actecir","article_published_time":"2024-10-23T10:03:13+00:00","author":"Maen Systems","twitter_card":"summary_large_image","twitter_creator":"@actecir","twitter_site":"@actecir","twitter_misc":{"Escrito por":"Maen Systems","Tiempo de lectura":"1 minuto"},"schema":{"@context":"https:\/\/schema.org","@graph":[{"@type":"Article","@id":"https:\/\/www.actecir.cat\/rebuil-rehabilita-2024\/#article","isPartOf":{"@id":"https:\/\/www.actecir.cat\/rebuil-rehabilita-2024\/"},"author":{"name":"Maen Systems","@id":"https:\/\/www.actecir.cat\/#\/schema\/person\/9a0dbad79e7bde2f4a6be55628a9b04b"},"headline":"REBUIL REHABILITA 2024","datePublished":"2024-10-23T10:03:13+00:00","mainEntityOfPage":{"@id":"https:\/\/www.actecir.cat\/rebuil-rehabilita-2024\/"},"wordCount":221,"publisher":{"@id":"https:\/\/www.actecir.cat\/#organization"},"image":{"@id":"https:\/\/www.actecir.cat\/rebuil-rehabilita-2024\/#primaryimage"},"thumbnailUrl":"https:\/\/www.actecir.cat\/wp-content\/uploads\/2024\/10\/visual-rebuild-rehabilita-2024-1-e1729678272362.jpg","articleSection":["Noticias"],"inLanguage":"es"},{"@type":"WebPage","@id":"https:\/\/www.actecir.cat\/rebuil-rehabilita-2024\/","url":"https:\/\/www.actecir.cat\/rebuil-rehabilita-2024\/","name":"REBUIL REHABILITA 2024 - Actecir","isPartOf":{"@id":"https:\/\/www.actecir.cat\/#website"},"primaryImageOfPage":{"@id":"https:\/\/www.actecir.cat\/rebuil-rehabilita-2024\/#primaryimage"},"image":{"@id":"https:\/\/www.actecir.cat\/rebuil-rehabilita-2024\/#primaryimage"},"thumbnailUrl":"https:\/\/www.actecir.cat\/wp-content\/uploads\/2024\/10\/visual-rebuild-rehabilita-2024-1-e1729678272362.jpg","datePublished":"2024-10-23T10:03:13+00:00","breadcrumb":{"@id":"https:\/\/www.actecir.cat\/rebuil-rehabilita-2024\/#breadcrumb"},"inLanguage":"es","potentialAction":[{"@type":"ReadAction","target":["https:\/\/www.actecir.cat\/rebuil-rehabilita-2024\/"]}]},{"@type":"ImageObject","inLanguage":"es","@id":"https:\/\/www.actecir.cat\/rebuil-rehabilita-2024\/#primaryimage","url":"https:\/\/www.actecir.cat\/wp-content\/uploads\/2024\/10\/visual-rebuild-rehabilita-2024-1-e1729678272362.jpg","contentUrl":"https:\/\/www.actecir.cat\/wp-content\/uploads\/2024\/10\/visual-rebuild-rehabilita-2024-1-e1729678272362.jpg","width":600,"height":355},{"@type":"BreadcrumbList","@id":"https:\/\/www.actecir.cat\/rebuil-rehabilita-2024\/#breadcrumb","itemListElement":[{"@type":"ListItem","position":1,"name":"Inici","item":"https:\/\/www.actecir.cat\/es\/"},{"@type":"ListItem","position":2,"name":"REBUIL REHABILITA 2024"}]},{"@type":"WebSite","@id":"https:\/\/www.actecir.cat\/#website","url":"https:\/\/www.actecir.cat\/","name":"Actecir","description":"Associaci\u00f3 Catalana de T\u00e8cnics en Energia, Climatitzaci\u00f3 i Refrigeraci\u00f3","publisher":{"@id":"https:\/\/www.actecir.cat\/#organization"},"potentialAction":[{"@type":"SearchAction","target":{"@type":"EntryPoint","urlTemplate":"https:\/\/www.actecir.cat\/?s={search_term_string}"},"query-input":{"@type":"PropertyValueSpecification","valueRequired":true,"valueName":"search_term_string"}}],"inLanguage":"es"},{"@type":"Organization","@id":"https:\/\/www.actecir.cat\/#organization","name":"Actecir","url":"https:\/\/www.actecir.cat\/","logo":{"@type":"ImageObject","inLanguage":"es","@id":"https:\/\/www.actecir.cat\/#\/schema\/logo\/image\/","url":"https:\/\/www.actecir.cat\/wp-content\/uploads\/2023\/04\/cropped-logo_actecir_60_alto.png","contentUrl":"https:\/\/www.actecir.cat\/wp-content\/uploads\/2023\/04\/cropped-logo_actecir_60_alto.png","width":283,"height":80,"caption":"Actecir"},"image":{"@id":"https:\/\/www.actecir.cat\/#\/schema\/logo\/image\/"},"sameAs":["https:\/\/x.com\/actecir","https:\/\/www.linkedin.com\/company\/actecir"]},{"@type":"Person","@id":"https:\/\/www.actecir.cat\/#\/schema\/person\/9a0dbad79e7bde2f4a6be55628a9b04b","name":"Maen Systems","url":"https:\/\/www.actecir.cat\/es\/author\/maen\/"}]}},"_links":{"self":[{"href":"https:\/\/www.actecir.cat\/es\/wp-json\/wp\/v2\/posts\/16178","targetHints":{"allow":["GET"]}}],"collection":[{"href":"https:\/\/www.actecir.cat\/es\/wp-json\/wp\/v2\/posts"}],"about":[{"href":"https:\/\/www.actecir.cat\/es\/wp-json\/wp\/v2\/types\/post"}],"author":[{"embeddable":true,"href":"https:\/\/www.actecir.cat\/es\/wp-json\/wp\/v2\/users\/299"}],"replies":[{"embeddable":true,"href":"https:\/\/www.actecir.cat\/es\/wp-json\/wp\/v2\/comments?post=16178"}],"version-history":[{"count":0,"href":"https:\/\/www.actecir.cat\/es\/wp-json\/wp\/v2\/posts\/16178\/revisions"}],"wp:featuredmedia":[{"embeddable":true,"href":"https:\/\/www.actecir.cat\/es\/wp-json\/wp\/v2\/media\/16175"}],"wp:attachment":[{"href":"https:\/\/www.actecir.cat\/es\/wp-json\/wp\/v2\/media?parent=16178"}],"wp:term":[{"taxonomy":"category","embeddable":true,"href":"https:\/\/www.actecir.cat\/es\/wp-json\/wp\/v2\/categories?post=16178"},{"taxonomy":"post_tag","embeddable":true,"href":"https:\/\/www.actecir.cat\/es\/wp-json\/wp\/v2\/tags?post=16178"}],"curies":[{"name":"wp","href":"https:\/\/api.w.org\/{rel}","templated":true}]}}