{"id":16233,"date":"2024-10-25T13:43:47","date_gmt":"2024-10-25T11:43:47","guid":{"rendered":"https:\/\/www.actecir.cat\/?p=16233"},"modified":"2024-10-25T13:43:47","modified_gmt":"2024-10-25T11:43:47","slug":"nueva-junta-directiva-en-aci","status":"publish","type":"post","link":"https:\/\/www.actecir.cat\/es\/nueva-junta-directiva-en-aci\/","title":{"rendered":"Nueva Junta Directiva en ACI"},"content":{"rendered":"<p>El pasado 10 de octubre, <strong>ACI<\/strong>, <em>Associaci\u00f3 de Consultors d\u2019Instal\u00b7lacions,<\/em>\u00a0entidad con convenio colaborador con ACTECIR, celebr\u00f3 una asamblea extraordinaria en la que se eligi\u00f3 nueva junta directiva.<\/p>\n<p>Oriol Perna de GP9 Consulting, sustituye a Julio Mor\u00e1 como presidente de la asociaci\u00f3n, con el compromiso de mantener el ritmo de crecimiento de la misma. Oriol fue vocal de ACI durante los \u00faltimos cuatro a\u00f1os.<\/p>\n<p>&nbsp;<\/p>\n<p style=\"text-align: center;\"><a href=\"https:\/\/www.acicat.org\/es\/noticias-aci\/nueva-junta-directiva-de-la-associacio-de-consultors-dinstal%c2%b7lacions-aci-elegida-en-asamblea-extraordinaria\/\">M\u00e1s informaci\u00f3n en su web<\/a><\/p>\n<p><a href=\"https:\/\/www.acicat.org\/noticies-aci\/nova-junta-directiva-de-lassociacio-de-consultors-dinstallacions-aci-elegida-en-assemblea-extraordinaria\/\"><img fetchpriority=\"high\" decoding=\"async\" class=\"wp-image-16234 aligncenter\" src=\"https:\/\/www.actecir.cat\/wp-content\/uploads\/2024\/10\/junta-directiva-aci-300x283.jpg\" alt=\"\" width=\"622\" height=\"587\" srcset=\"https:\/\/www.actecir.cat\/wp-content\/uploads\/2024\/10\/junta-directiva-aci-300x283.jpg 300w, https:\/\/www.actecir.cat\/wp-content\/uploads\/2024\/10\/junta-directiva-aci-768x725.jpg 768w, https:\/\/www.actecir.cat\/wp-content\/uploads\/2024\/10\/junta-directiva-aci.jpg 808w\" sizes=\"(max-width: 622px) 100vw, 622px\" \/><\/a><\/p>\n","protected":false},"excerpt":{"rendered":"<p>El pasado 10 de octubre, ACI, Associaci\u00f3 de Consultors d\u2019Instal\u00b7lacions,\u00a0entidad con convenio colaborador con ACTECIR, celebr\u00f3 una asamblea extraordinaria en la que se eligi\u00f3 nueva junta directiva. Oriol Perna de [&hellip;]<\/p>\n","protected":false},"author":299,"featured_media":16239,"comment_status":"closed","ping_status":"closed","sticky":false,"template":"","format":"standard","meta":{"footnotes":""},"categories":[25],"tags":[],"class_list":["post-16233","post","type-post","status-publish","format-standard","has-post-thumbnail","hentry","category-noticias"],"yoast_head":"<!-- This site is optimized with the Yoast SEO plugin v27.2 - https:\/\/yoast.com\/product\/yoast-seo-wordpress\/ -->\n<title>Nueva Junta Directiva en ACI - Actecir<\/title>\n<meta name=\"robots\" content=\"index, follow, max-snippet:-1, max-image-preview:large, max-video-preview:-1\" \/>\n<link rel=\"canonical\" href=\"https:\/\/www.actecir.cat\/es\/nueva-junta-directiva-en-aci\/\" \/>\n<meta property=\"og:locale\" content=\"es_ES\" \/>\n<meta property=\"og:type\" content=\"article\" \/>\n<meta property=\"og:title\" content=\"Nueva Junta Directiva en ACI - Actecir\" \/>\n<meta property=\"og:description\" content=\"El pasado 10 de octubre, ACI, Associaci\u00f3 de Consultors d\u2019Instal\u00b7lacions,\u00a0entidad con convenio colaborador con ACTECIR, celebr\u00f3 una asamblea extraordinaria en la que se eligi\u00f3 nueva junta directiva. Oriol Perna de [&hellip;]\" \/>\n<meta property=\"og:url\" content=\"https:\/\/www.actecir.cat\/es\/nueva-junta-directiva-en-aci\/\" \/>\n<meta property=\"og:site_name\" content=\"Actecir\" \/>\n<meta property=\"article:published_time\" content=\"2024-10-25T11:43:47+00:00\" \/>\n<meta property=\"og:image\" content=\"https:\/\/www.actecir.cat\/wp-content\/uploads\/2024\/10\/aci-nuevo-presidente_-600x400-1.jpeg\" \/>\n\t<meta property=\"og:image:width\" content=\"2048\" \/>\n\t<meta property=\"og:image:height\" content=\"1536\" \/>\n\t<meta property=\"og:image:type\" content=\"image\/jpeg\" \/>\n<meta name=\"author\" content=\"Maen Systems\" \/>\n<meta name=\"twitter:card\" content=\"summary_large_image\" \/>\n<meta name=\"twitter:creator\" content=\"@actecir\" \/>\n<meta name=\"twitter:site\" content=\"@actecir\" \/>\n<meta name=\"twitter:label1\" content=\"Escrito por\" \/>\n\t<meta name=\"twitter:data1\" content=\"Maen Systems\" \/>\n\t<meta name=\"twitter:label2\" content=\"Tiempo de lectura\" \/>\n\t<meta name=\"twitter:data2\" content=\"1 minuto\" \/>\n<script type=\"application\/ld+json\" class=\"yoast-schema-graph\">{\"@context\":\"https:\/\/schema.org\",\"@graph\":[{\"@type\":\"Article\",\"@id\":\"https:\/\/www.actecir.cat\/es\/nueva-junta-directiva-en-aci\/#article\",\"isPartOf\":{\"@id\":\"https:\/\/www.actecir.cat\/es\/nueva-junta-directiva-en-aci\/\"},\"author\":{\"name\":\"Maen Systems\",\"@id\":\"https:\/\/www.actecir.cat\/#\/schema\/person\/9a0dbad79e7bde2f4a6be55628a9b04b\"},\"headline\":\"Nueva Junta Directiva en ACI\",\"datePublished\":\"2024-10-25T11:43:47+00:00\",\"mainEntityOfPage\":{\"@id\":\"https:\/\/www.actecir.cat\/es\/nueva-junta-directiva-en-aci\/\"},\"wordCount\":80,\"publisher\":{\"@id\":\"https:\/\/www.actecir.cat\/#organization\"},\"image\":{\"@id\":\"https:\/\/www.actecir.cat\/es\/nueva-junta-directiva-en-aci\/#primaryimage\"},\"thumbnailUrl\":\"https:\/\/www.actecir.cat\/wp-content\/uploads\/2024\/10\/aci-nuevo-presidente_-600x400-1.jpeg\",\"articleSection\":[\"Noticias\"],\"inLanguage\":\"es\"},{\"@type\":\"WebPage\",\"@id\":\"https:\/\/www.actecir.cat\/es\/nueva-junta-directiva-en-aci\/\",\"url\":\"https:\/\/www.actecir.cat\/es\/nueva-junta-directiva-en-aci\/\",\"name\":\"Nueva Junta Directiva en ACI - Actecir\",\"isPartOf\":{\"@id\":\"https:\/\/www.actecir.cat\/#website\"},\"primaryImageOfPage\":{\"@id\":\"https:\/\/www.actecir.cat\/es\/nueva-junta-directiva-en-aci\/#primaryimage\"},\"image\":{\"@id\":\"https:\/\/www.actecir.cat\/es\/nueva-junta-directiva-en-aci\/#primaryimage\"},\"thumbnailUrl\":\"https:\/\/www.actecir.cat\/wp-content\/uploads\/2024\/10\/aci-nuevo-presidente_-600x400-1.jpeg\",\"datePublished\":\"2024-10-25T11:43:47+00:00\",\"breadcrumb\":{\"@id\":\"https:\/\/www.actecir.cat\/es\/nueva-junta-directiva-en-aci\/#breadcrumb\"},\"inLanguage\":\"es\",\"potentialAction\":[{\"@type\":\"ReadAction\",\"target\":[\"https:\/\/www.actecir.cat\/es\/nueva-junta-directiva-en-aci\/\"]}]},{\"@type\":\"ImageObject\",\"inLanguage\":\"es\",\"@id\":\"https:\/\/www.actecir.cat\/es\/nueva-junta-directiva-en-aci\/#primaryimage\",\"url\":\"https:\/\/www.actecir.cat\/wp-content\/uploads\/2024\/10\/aci-nuevo-presidente_-600x400-1.jpeg\",\"contentUrl\":\"https:\/\/www.actecir.cat\/wp-content\/uploads\/2024\/10\/aci-nuevo-presidente_-600x400-1.jpeg\",\"width\":2048,\"height\":1536},{\"@type\":\"BreadcrumbList\",\"@id\":\"https:\/\/www.actecir.cat\/es\/nueva-junta-directiva-en-aci\/#breadcrumb\",\"itemListElement\":[{\"@type\":\"ListItem\",\"position\":1,\"name\":\"Inici\",\"item\":\"https:\/\/www.actecir.cat\/es\/\"},{\"@type\":\"ListItem\",\"position\":2,\"name\":\"Nueva Junta Directiva en ACI\"}]},{\"@type\":\"WebSite\",\"@id\":\"https:\/\/www.actecir.cat\/#website\",\"url\":\"https:\/\/www.actecir.cat\/\",\"name\":\"Actecir\",\"description\":\"Associaci\u00f3 Catalana de T\u00e8cnics en Energia, Climatitzaci\u00f3 i Refrigeraci\u00f3\",\"publisher\":{\"@id\":\"https:\/\/www.actecir.cat\/#organization\"},\"potentialAction\":[{\"@type\":\"SearchAction\",\"target\":{\"@type\":\"EntryPoint\",\"urlTemplate\":\"https:\/\/www.actecir.cat\/?s={search_term_string}\"},\"query-input\":{\"@type\":\"PropertyValueSpecification\",\"valueRequired\":true,\"valueName\":\"search_term_string\"}}],\"inLanguage\":\"es\"},{\"@type\":\"Organization\",\"@id\":\"https:\/\/www.actecir.cat\/#organization\",\"name\":\"Actecir\",\"url\":\"https:\/\/www.actecir.cat\/\",\"logo\":{\"@type\":\"ImageObject\",\"inLanguage\":\"es\",\"@id\":\"https:\/\/www.actecir.cat\/#\/schema\/logo\/image\/\",\"url\":\"https:\/\/www.actecir.cat\/wp-content\/uploads\/2023\/04\/cropped-logo_actecir_60_alto.png\",\"contentUrl\":\"https:\/\/www.actecir.cat\/wp-content\/uploads\/2023\/04\/cropped-logo_actecir_60_alto.png\",\"width\":283,\"height\":80,\"caption\":\"Actecir\"},\"image\":{\"@id\":\"https:\/\/www.actecir.cat\/#\/schema\/logo\/image\/\"},\"sameAs\":[\"https:\/\/x.com\/actecir\",\"https:\/\/www.linkedin.com\/company\/actecir\"]},{\"@type\":\"Person\",\"@id\":\"https:\/\/www.actecir.cat\/#\/schema\/person\/9a0dbad79e7bde2f4a6be55628a9b04b\",\"name\":\"Maen Systems\",\"url\":\"https:\/\/www.actecir.cat\/es\/author\/maen\/\"}]}<\/script>\n<!-- \/ Yoast SEO plugin. -->","yoast_head_json":{"title":"Nueva Junta Directiva en ACI - Actecir","robots":{"index":"index","follow":"follow","max-snippet":"max-snippet:-1","max-image-preview":"max-image-preview:large","max-video-preview":"max-video-preview:-1"},"canonical":"https:\/\/www.actecir.cat\/es\/nueva-junta-directiva-en-aci\/","og_locale":"es_ES","og_type":"article","og_title":"Nueva Junta Directiva en ACI - Actecir","og_description":"El pasado 10 de octubre, ACI, Associaci\u00f3 de Consultors d\u2019Instal\u00b7lacions,\u00a0entidad con convenio colaborador con ACTECIR, celebr\u00f3 una asamblea extraordinaria en la que se eligi\u00f3 nueva junta directiva. Oriol Perna de [&hellip;]","og_url":"https:\/\/www.actecir.cat\/es\/nueva-junta-directiva-en-aci\/","og_site_name":"Actecir","article_published_time":"2024-10-25T11:43:47+00:00","og_image":[{"width":2048,"height":1536,"url":"https:\/\/www.actecir.cat\/wp-content\/uploads\/2024\/10\/aci-nuevo-presidente_-600x400-1.jpeg","type":"image\/jpeg"}],"author":"Maen Systems","twitter_card":"summary_large_image","twitter_creator":"@actecir","twitter_site":"@actecir","twitter_misc":{"Escrito por":"Maen Systems","Tiempo de lectura":"1 minuto"},"schema":{"@context":"https:\/\/schema.org","@graph":[{"@type":"Article","@id":"https:\/\/www.actecir.cat\/es\/nueva-junta-directiva-en-aci\/#article","isPartOf":{"@id":"https:\/\/www.actecir.cat\/es\/nueva-junta-directiva-en-aci\/"},"author":{"name":"Maen Systems","@id":"https:\/\/www.actecir.cat\/#\/schema\/person\/9a0dbad79e7bde2f4a6be55628a9b04b"},"headline":"Nueva Junta Directiva en ACI","datePublished":"2024-10-25T11:43:47+00:00","mainEntityOfPage":{"@id":"https:\/\/www.actecir.cat\/es\/nueva-junta-directiva-en-aci\/"},"wordCount":80,"publisher":{"@id":"https:\/\/www.actecir.cat\/#organization"},"image":{"@id":"https:\/\/www.actecir.cat\/es\/nueva-junta-directiva-en-aci\/#primaryimage"},"thumbnailUrl":"https:\/\/www.actecir.cat\/wp-content\/uploads\/2024\/10\/aci-nuevo-presidente_-600x400-1.jpeg","articleSection":["Noticias"],"inLanguage":"es"},{"@type":"WebPage","@id":"https:\/\/www.actecir.cat\/es\/nueva-junta-directiva-en-aci\/","url":"https:\/\/www.actecir.cat\/es\/nueva-junta-directiva-en-aci\/","name":"Nueva Junta Directiva en ACI - Actecir","isPartOf":{"@id":"https:\/\/www.actecir.cat\/#website"},"primaryImageOfPage":{"@id":"https:\/\/www.actecir.cat\/es\/nueva-junta-directiva-en-aci\/#primaryimage"},"image":{"@id":"https:\/\/www.actecir.cat\/es\/nueva-junta-directiva-en-aci\/#primaryimage"},"thumbnailUrl":"https:\/\/www.actecir.cat\/wp-content\/uploads\/2024\/10\/aci-nuevo-presidente_-600x400-1.jpeg","datePublished":"2024-10-25T11:43:47+00:00","breadcrumb":{"@id":"https:\/\/www.actecir.cat\/es\/nueva-junta-directiva-en-aci\/#breadcrumb"},"inLanguage":"es","potentialAction":[{"@type":"ReadAction","target":["https:\/\/www.actecir.cat\/es\/nueva-junta-directiva-en-aci\/"]}]},{"@type":"ImageObject","inLanguage":"es","@id":"https:\/\/www.actecir.cat\/es\/nueva-junta-directiva-en-aci\/#primaryimage","url":"https:\/\/www.actecir.cat\/wp-content\/uploads\/2024\/10\/aci-nuevo-presidente_-600x400-1.jpeg","contentUrl":"https:\/\/www.actecir.cat\/wp-content\/uploads\/2024\/10\/aci-nuevo-presidente_-600x400-1.jpeg","width":2048,"height":1536},{"@type":"BreadcrumbList","@id":"https:\/\/www.actecir.cat\/es\/nueva-junta-directiva-en-aci\/#breadcrumb","itemListElement":[{"@type":"ListItem","position":1,"name":"Inici","item":"https:\/\/www.actecir.cat\/es\/"},{"@type":"ListItem","position":2,"name":"Nueva Junta Directiva en ACI"}]},{"@type":"WebSite","@id":"https:\/\/www.actecir.cat\/#website","url":"https:\/\/www.actecir.cat\/","name":"Actecir","description":"Associaci\u00f3 Catalana de T\u00e8cnics en Energia, Climatitzaci\u00f3 i Refrigeraci\u00f3","publisher":{"@id":"https:\/\/www.actecir.cat\/#organization"},"potentialAction":[{"@type":"SearchAction","target":{"@type":"EntryPoint","urlTemplate":"https:\/\/www.actecir.cat\/?s={search_term_string}"},"query-input":{"@type":"PropertyValueSpecification","valueRequired":true,"valueName":"search_term_string"}}],"inLanguage":"es"},{"@type":"Organization","@id":"https:\/\/www.actecir.cat\/#organization","name":"Actecir","url":"https:\/\/www.actecir.cat\/","logo":{"@type":"ImageObject","inLanguage":"es","@id":"https:\/\/www.actecir.cat\/#\/schema\/logo\/image\/","url":"https:\/\/www.actecir.cat\/wp-content\/uploads\/2023\/04\/cropped-logo_actecir_60_alto.png","contentUrl":"https:\/\/www.actecir.cat\/wp-content\/uploads\/2023\/04\/cropped-logo_actecir_60_alto.png","width":283,"height":80,"caption":"Actecir"},"image":{"@id":"https:\/\/www.actecir.cat\/#\/schema\/logo\/image\/"},"sameAs":["https:\/\/x.com\/actecir","https:\/\/www.linkedin.com\/company\/actecir"]},{"@type":"Person","@id":"https:\/\/www.actecir.cat\/#\/schema\/person\/9a0dbad79e7bde2f4a6be55628a9b04b","name":"Maen Systems","url":"https:\/\/www.actecir.cat\/es\/author\/maen\/"}]}},"_links":{"self":[{"href":"https:\/\/www.actecir.cat\/es\/wp-json\/wp\/v2\/posts\/16233","targetHints":{"allow":["GET"]}}],"collection":[{"href":"https:\/\/www.actecir.cat\/es\/wp-json\/wp\/v2\/posts"}],"about":[{"href":"https:\/\/www.actecir.cat\/es\/wp-json\/wp\/v2\/types\/post"}],"author":[{"embeddable":true,"href":"https:\/\/www.actecir.cat\/es\/wp-json\/wp\/v2\/users\/299"}],"replies":[{"embeddable":true,"href":"https:\/\/www.actecir.cat\/es\/wp-json\/wp\/v2\/comments?post=16233"}],"version-history":[{"count":3,"href":"https:\/\/www.actecir.cat\/es\/wp-json\/wp\/v2\/posts\/16233\/revisions"}],"predecessor-version":[{"id":16241,"href":"https:\/\/www.actecir.cat\/es\/wp-json\/wp\/v2\/posts\/16233\/revisions\/16241"}],"wp:featuredmedia":[{"embeddable":true,"href":"https:\/\/www.actecir.cat\/es\/wp-json\/wp\/v2\/media\/16239"}],"wp:attachment":[{"href":"https:\/\/www.actecir.cat\/es\/wp-json\/wp\/v2\/media?parent=16233"}],"wp:term":[{"taxonomy":"category","embeddable":true,"href":"https:\/\/www.actecir.cat\/es\/wp-json\/wp\/v2\/categories?post=16233"},{"taxonomy":"post_tag","embeddable":true,"href":"https:\/\/www.actecir.cat\/es\/wp-json\/wp\/v2\/tags?post=16233"}],"curies":[{"name":"wp","href":"https:\/\/api.w.org\/{rel}","templated":true}]}}