{"id":16388,"date":"2024-11-07T14:17:02","date_gmt":"2024-11-07T13:17:02","guid":{"rendered":"https:\/\/www.actecir.cat\/exito-en-la-jornada-tecnica-afec-actecir\/"},"modified":"2024-11-07T14:17:02","modified_gmt":"2024-11-07T13:17:02","slug":"exito-en-la-jornada-tecnica-afec-actecir","status":"publish","type":"post","link":"https:\/\/www.actecir.cat\/es\/exito-en-la-jornada-tecnica-afec-actecir\/","title":{"rendered":"\u00c9xito en la Jornada t\u00e9cnica AFEC &#8211; ACTECIR"},"content":{"rendered":"<p>Cerca de 65 personas asistieron a la jornada sobre el nuevo Reglamento de la UE 2024\/573 en Barcelona. <strong>AFEC<\/strong> , Asociaci\u00f3n de Fabricantes de Equipos de Climatizaci\u00f3n; y <strong>ACTECIR<\/strong> , Asociaci\u00f3n Catalana de T\u00e9cnicos en Energ\u00eda, Climatizaci\u00f3n y Refrigeraci\u00f3n, organizaron el pasado 29 de octubre la jornada t\u00e9cnica <strong>\u201cImpacto de la<\/strong> <strong>FGas en instalaciones t\u00e9rmicas y de climatizaci\u00f3n: nuevas reglas del juego\u201d<\/strong> en Ingenieros Industriales de Catalu\u00f1a , con el apoyo de la <strong>Generalidad de Catalu\u00f1a<\/strong> y la cooperaci\u00f3n de la <strong>ACI<\/strong> , Asociaci\u00f3n de Consultores de Instalaciones; y <strong>FEGICAT<\/strong> , Federaci\u00f3n de Gremios de Instaladores de Catalu\u00f1a.<\/p>\n<p><img fetchpriority=\"high\" decoding=\"async\" class=\" wp-image-16375 alignleft\" src=\"https:\/\/www.actecir.cat\/wp-content\/uploads\/2024\/11\/DSC_2768-215x300.jpg\" alt=\"\" width=\"193\" height=\"269\" srcset=\"https:\/\/www.actecir.cat\/wp-content\/uploads\/2024\/11\/DSC_2768-215x300.jpg 215w, https:\/\/www.actecir.cat\/wp-content\/uploads\/2024\/11\/DSC_2768.jpg 500w\" sizes=\"(max-width: 193px) 100vw, 193px\" \/>Durante la jornada se repasaron las l\u00edneas generales del reglamento FGas para establecer el marco legislativo, revisando los aspectos m\u00e1s relevantes para las instalaciones t\u00e9rmicas y de climatizaci\u00f3n, en la que profesionales de diferentes \u00e1reas compartieron sus opiniones en torno a dos tablas debate. La jornada se inici\u00f3 por parte de ACTECIR por su presidente Gaspar Mart\u00edn, quien dio paso a Marta San Rom\u00e1n, directora general de AFEC que present\u00f3 el programa de la jornada, iniciada por Marta Hern\u00e1ndez de la Cruz, de la subdirecci\u00f3n general de coordinaci\u00f3n de acciones frente al cambio clim\u00e1tico &#8211; <\/p>\n<p> <strong>OECC<\/strong>  Oficina Espa\u00f1ola de Cambio Clim\u00e1tico del  <strong>MITECO<\/strong>  Ministerio por la Transici\u00f3n Ecol\u00f3gica y el Reto Demogr\u00e1fico, quien acompa\u00f1\u00f3 a la audiencia en el viaje de un equipo de climatizaci\u00f3n desde que se inici\u00f3 el plan en el mercado en Espa\u00f1a (tanto producci\u00f3n dom\u00e9stica como importaci\u00f3n), hasta el final del su ciclo de vida, explicando aspectos t\u00e9cnicos, requisitos de seguridad, usos, implementaci\u00f3n, sistemas de cuotas y prohibiciones en la puesta en el mercado, etc. A continuaci\u00f3n se iniciaron la primera mesa redonda \u201c <strong>Impacto 360 de la Fgas en instalaciones HVAC\u201d<\/strong> moderada por Gaspar Martin, presidente de ACTECIR, y formada por los representados la Administraci\u00f3n P\u00fablica y de profesionales del sector debatir\u00e1n en torno a los principales aspectos de seguridad relacionados con el uso de refrigerantes A3 de car\u00e1cter inflamable, desde el punto de vista de la normativa, dise\u00f1o de proyectos, instalaciones, inspecciones, etc.<\/p>\n<ul>\n<li><strong>Pedro Fern\u00e1ndez<\/strong> , ingeniero del servicio de Seguridad de Instalaciones de la Direcci\u00f3n General de Industria de la <strong>Generalitat de Catalunya<\/strong><\/li>\n<li><strong>Miquel Torrens<\/strong> , vocal de la comisi\u00f3n t\u00e9cnica de ACI (Asociaci\u00f3n de Consultores de Instalaciones) y Director de <strong>TB Ingenieros<\/strong><\/li>\n<li><strong>Ram\u00f3n Ruiz<\/strong> , presidente de la comisi\u00f3n de Gas y Rite en <strong>FEGICAT<\/strong> ; presidente de la comisi\u00f3n de RITE en <strong>CONAIF<\/strong> ; y vicepresidente del gremio de instaladores de <strong>CRM<\/strong> <\/li>\n<\/ul>\n<p>&nbsp;<\/p>\n<p><img decoding=\"async\" class=\" wp-image-16385 aligncenter\" src=\"https:\/\/www.actecir.cat\/wp-content\/uploads\/2024\/11\/DSC_2760-300x200.jpg\" alt=\"\" width=\"532\" height=\"354\" srcset=\"https:\/\/www.actecir.cat\/wp-content\/uploads\/2024\/11\/DSC_2760-300x200.jpg 300w, https:\/\/www.actecir.cat\/wp-content\/uploads\/2024\/11\/DSC_2760.jpg 650w\" sizes=\"(max-width: 532px) 100vw, 532px\" \/><\/p>\n<p>&nbsp;<\/p>\n<p>Seguidamente se hizo una pausa para disfrutar de un <em>coffee break<\/em> y posteriormente se inici\u00f3 la segunda mesa redonda moderada por Marta San Rom\u00e1n, directora general de AFEC \u201c <strong>M\u00faltiples soluciones para m\u00faltiples realidades\u201d<\/strong> formada por los representantes de fabricantes de bombas de calor y sistemas para las instalaciones t\u00e9rmicas y de climatizaci\u00f3n, que contrastaron sus puntos de vista sobre c\u00f3mo avanzar y plantear escenarios estrat\u00e9gicos y de dise\u00f1o de soluciones y productos, para poder ofrecer la mejor tecnolog\u00eda adecuada ya tiempo a cada una de las necesidades, as\u00ed como los retos normativos, formativos, etc.<\/p>\n<ul>\n<li><strong>Nuria Benedicto<\/strong> , responsable de prescripci\u00f3n en Catalu\u00f1a de <strong>Daikin<\/strong><\/li>\n<li><strong>H\u00e9ctor Noguera<\/strong> , director \u00e1rea de negocio de <strong>Hitecsa<\/strong><\/li>\n<li><strong>Alejandro Pineda<\/strong> , responsable de formaci\u00f3n de <strong>Panasonic<\/strong><\/li>\n<\/ul>\n<p>&nbsp;<\/p>\n<p><img decoding=\"async\" class=\"wp-image-16373 aligncenter\" src=\"https:\/\/www.actecir.cat\/wp-content\/uploads\/2024\/11\/DSC_2770-300x200.jpg\" alt=\"\" width=\"531\" height=\"354\" srcset=\"https:\/\/www.actecir.cat\/wp-content\/uploads\/2024\/11\/DSC_2770-300x200.jpg 300w, https:\/\/www.actecir.cat\/wp-content\/uploads\/2024\/11\/DSC_2770-768x512.jpg 768w, https:\/\/www.actecir.cat\/wp-content\/uploads\/2024\/11\/DSC_2770.jpg 800w\" sizes=\"(max-width: 531px) 100vw, 531px\" \/><\/p>\n<p>Para finalizar la jornada, se realiz\u00f3 un turno de preguntas y conclusiones, as\u00ed como su cierre.<\/p>\n<p>&nbsp;<\/p>\n","protected":false},"excerpt":{"rendered":"<p>Cerca de 65 personas asistieron a la jornada sobre el nuevo Reglamento de la UE 2024\/573 en Barcelona. AFEC , Asociaci\u00f3n de Fabricantes de Equipos de Climatizaci\u00f3n; y ACTECIR , [&hellip;]<\/p>\n","protected":false},"author":299,"featured_media":16369,"comment_status":"closed","ping_status":"closed","sticky":false,"template":"","format":"standard","meta":{"footnotes":""},"categories":[23],"tags":[],"class_list":["post-16388","post","type-post","status-publish","format-standard","has-post-thumbnail","hentry","category-destacamos"],"yoast_head":"<!-- This site is optimized with the Yoast SEO plugin v27.2 - https:\/\/yoast.com\/product\/yoast-seo-wordpress\/ -->\n<title>\u00c9xito en la Jornada t\u00e9cnica AFEC - ACTECIR - Actecir<\/title>\n<meta name=\"robots\" content=\"index, follow, max-snippet:-1, max-image-preview:large, max-video-preview:-1\" \/>\n<link rel=\"canonical\" href=\"https:\/\/www.actecir.cat\/exito-en-la-jornada-tecnica-afec-actecir\/\" \/>\n<meta property=\"og:locale\" content=\"es_ES\" \/>\n<meta property=\"og:type\" content=\"article\" \/>\n<meta property=\"og:title\" content=\"\u00c9xito en la Jornada t\u00e9cnica AFEC - ACTECIR - Actecir\" \/>\n<meta property=\"og:description\" content=\"Cerca de 65 personas asistieron a la jornada sobre el nuevo Reglamento de la UE 2024\/573 en Barcelona. AFEC , Asociaci\u00f3n de Fabricantes de Equipos de Climatizaci\u00f3n; y ACTECIR , [&hellip;]\" \/>\n<meta property=\"og:url\" content=\"https:\/\/www.actecir.cat\/exito-en-la-jornada-tecnica-afec-actecir\/\" \/>\n<meta property=\"og:site_name\" content=\"Actecir\" \/>\n<meta property=\"article:published_time\" content=\"2024-11-07T13:17:02+00:00\" \/>\n<meta property=\"og:image\" content=\"https:\/\/www.actecir.cat\/wp-content\/uploads\/2024\/11\/DSC_2768.jpg\" \/>\n\t<meta property=\"og:image:width\" content=\"500\" \/>\n\t<meta property=\"og:image:height\" content=\"699\" \/>\n\t<meta property=\"og:image:type\" content=\"image\/jpeg\" \/>\n<meta name=\"author\" content=\"Maen Systems\" \/>\n<meta name=\"twitter:card\" content=\"summary_large_image\" \/>\n<meta name=\"twitter:creator\" content=\"@actecir\" \/>\n<meta name=\"twitter:site\" content=\"@actecir\" \/>\n<meta name=\"twitter:label1\" content=\"Escrito por\" \/>\n\t<meta name=\"twitter:data1\" content=\"Maen Systems\" \/>\n\t<meta name=\"twitter:label2\" content=\"Tiempo de lectura\" \/>\n\t<meta name=\"twitter:data2\" content=\"3 minutos\" \/>\n<script type=\"application\/ld+json\" class=\"yoast-schema-graph\">{\"@context\":\"https:\/\/schema.org\",\"@graph\":[{\"@type\":\"Article\",\"@id\":\"https:\/\/www.actecir.cat\/exito-en-la-jornada-tecnica-afec-actecir\/#article\",\"isPartOf\":{\"@id\":\"https:\/\/www.actecir.cat\/exito-en-la-jornada-tecnica-afec-actecir\/\"},\"author\":{\"name\":\"Maen Systems\",\"@id\":\"https:\/\/www.actecir.cat\/#\/schema\/person\/9a0dbad79e7bde2f4a6be55628a9b04b\"},\"headline\":\"\u00c9xito en la Jornada t\u00e9cnica AFEC &#8211; ACTECIR\",\"datePublished\":\"2024-11-07T13:17:02+00:00\",\"mainEntityOfPage\":{\"@id\":\"https:\/\/www.actecir.cat\/exito-en-la-jornada-tecnica-afec-actecir\/\"},\"wordCount\":606,\"publisher\":{\"@id\":\"https:\/\/www.actecir.cat\/#organization\"},\"image\":{\"@id\":\"https:\/\/www.actecir.cat\/exito-en-la-jornada-tecnica-afec-actecir\/#primaryimage\"},\"thumbnailUrl\":\"https:\/\/www.actecir.cat\/wp-content\/uploads\/2024\/11\/AFEC-ACTECIR_600_400.jpg\",\"articleSection\":[\"Destacamos\"],\"inLanguage\":\"es\"},{\"@type\":\"WebPage\",\"@id\":\"https:\/\/www.actecir.cat\/exito-en-la-jornada-tecnica-afec-actecir\/\",\"url\":\"https:\/\/www.actecir.cat\/exito-en-la-jornada-tecnica-afec-actecir\/\",\"name\":\"\u00c9xito en la Jornada t\u00e9cnica AFEC - ACTECIR - Actecir\",\"isPartOf\":{\"@id\":\"https:\/\/www.actecir.cat\/#website\"},\"primaryImageOfPage\":{\"@id\":\"https:\/\/www.actecir.cat\/exito-en-la-jornada-tecnica-afec-actecir\/#primaryimage\"},\"image\":{\"@id\":\"https:\/\/www.actecir.cat\/exito-en-la-jornada-tecnica-afec-actecir\/#primaryimage\"},\"thumbnailUrl\":\"https:\/\/www.actecir.cat\/wp-content\/uploads\/2024\/11\/AFEC-ACTECIR_600_400.jpg\",\"datePublished\":\"2024-11-07T13:17:02+00:00\",\"breadcrumb\":{\"@id\":\"https:\/\/www.actecir.cat\/exito-en-la-jornada-tecnica-afec-actecir\/#breadcrumb\"},\"inLanguage\":\"es\",\"potentialAction\":[{\"@type\":\"ReadAction\",\"target\":[\"https:\/\/www.actecir.cat\/exito-en-la-jornada-tecnica-afec-actecir\/\"]}]},{\"@type\":\"ImageObject\",\"inLanguage\":\"es\",\"@id\":\"https:\/\/www.actecir.cat\/exito-en-la-jornada-tecnica-afec-actecir\/#primaryimage\",\"url\":\"https:\/\/www.actecir.cat\/wp-content\/uploads\/2024\/11\/AFEC-ACTECIR_600_400.jpg\",\"contentUrl\":\"https:\/\/www.actecir.cat\/wp-content\/uploads\/2024\/11\/AFEC-ACTECIR_600_400.jpg\",\"width\":640,\"height\":396},{\"@type\":\"BreadcrumbList\",\"@id\":\"https:\/\/www.actecir.cat\/exito-en-la-jornada-tecnica-afec-actecir\/#breadcrumb\",\"itemListElement\":[{\"@type\":\"ListItem\",\"position\":1,\"name\":\"Inici\",\"item\":\"https:\/\/www.actecir.cat\/es\/\"},{\"@type\":\"ListItem\",\"position\":2,\"name\":\"\u00c9xito en la Jornada t\u00e9cnica AFEC &#8211; ACTECIR\"}]},{\"@type\":\"WebSite\",\"@id\":\"https:\/\/www.actecir.cat\/#website\",\"url\":\"https:\/\/www.actecir.cat\/\",\"name\":\"Actecir\",\"description\":\"Associaci\u00f3 Catalana de T\u00e8cnics en Energia, Climatitzaci\u00f3 i Refrigeraci\u00f3\",\"publisher\":{\"@id\":\"https:\/\/www.actecir.cat\/#organization\"},\"potentialAction\":[{\"@type\":\"SearchAction\",\"target\":{\"@type\":\"EntryPoint\",\"urlTemplate\":\"https:\/\/www.actecir.cat\/?s={search_term_string}\"},\"query-input\":{\"@type\":\"PropertyValueSpecification\",\"valueRequired\":true,\"valueName\":\"search_term_string\"}}],\"inLanguage\":\"es\"},{\"@type\":\"Organization\",\"@id\":\"https:\/\/www.actecir.cat\/#organization\",\"name\":\"Actecir\",\"url\":\"https:\/\/www.actecir.cat\/\",\"logo\":{\"@type\":\"ImageObject\",\"inLanguage\":\"es\",\"@id\":\"https:\/\/www.actecir.cat\/#\/schema\/logo\/image\/\",\"url\":\"https:\/\/www.actecir.cat\/wp-content\/uploads\/2023\/04\/cropped-logo_actecir_60_alto.png\",\"contentUrl\":\"https:\/\/www.actecir.cat\/wp-content\/uploads\/2023\/04\/cropped-logo_actecir_60_alto.png\",\"width\":283,\"height\":80,\"caption\":\"Actecir\"},\"image\":{\"@id\":\"https:\/\/www.actecir.cat\/#\/schema\/logo\/image\/\"},\"sameAs\":[\"https:\/\/x.com\/actecir\",\"https:\/\/www.linkedin.com\/company\/actecir\"]},{\"@type\":\"Person\",\"@id\":\"https:\/\/www.actecir.cat\/#\/schema\/person\/9a0dbad79e7bde2f4a6be55628a9b04b\",\"name\":\"Maen Systems\",\"url\":\"https:\/\/www.actecir.cat\/es\/author\/maen\/\"}]}<\/script>\n<!-- \/ Yoast SEO plugin. -->","yoast_head_json":{"title":"\u00c9xito en la Jornada t\u00e9cnica AFEC - ACTECIR - Actecir","robots":{"index":"index","follow":"follow","max-snippet":"max-snippet:-1","max-image-preview":"max-image-preview:large","max-video-preview":"max-video-preview:-1"},"canonical":"https:\/\/www.actecir.cat\/exito-en-la-jornada-tecnica-afec-actecir\/","og_locale":"es_ES","og_type":"article","og_title":"\u00c9xito en la Jornada t\u00e9cnica AFEC - ACTECIR - Actecir","og_description":"Cerca de 65 personas asistieron a la jornada sobre el nuevo Reglamento de la UE 2024\/573 en Barcelona. AFEC , Asociaci\u00f3n de Fabricantes de Equipos de Climatizaci\u00f3n; y ACTECIR , [&hellip;]","og_url":"https:\/\/www.actecir.cat\/exito-en-la-jornada-tecnica-afec-actecir\/","og_site_name":"Actecir","article_published_time":"2024-11-07T13:17:02+00:00","og_image":[{"width":500,"height":699,"url":"https:\/\/www.actecir.cat\/wp-content\/uploads\/2024\/11\/DSC_2768.jpg","type":"image\/jpeg"}],"author":"Maen Systems","twitter_card":"summary_large_image","twitter_creator":"@actecir","twitter_site":"@actecir","twitter_misc":{"Escrito por":"Maen Systems","Tiempo de lectura":"3 minutos"},"schema":{"@context":"https:\/\/schema.org","@graph":[{"@type":"Article","@id":"https:\/\/www.actecir.cat\/exito-en-la-jornada-tecnica-afec-actecir\/#article","isPartOf":{"@id":"https:\/\/www.actecir.cat\/exito-en-la-jornada-tecnica-afec-actecir\/"},"author":{"name":"Maen Systems","@id":"https:\/\/www.actecir.cat\/#\/schema\/person\/9a0dbad79e7bde2f4a6be55628a9b04b"},"headline":"\u00c9xito en la Jornada t\u00e9cnica AFEC &#8211; ACTECIR","datePublished":"2024-11-07T13:17:02+00:00","mainEntityOfPage":{"@id":"https:\/\/www.actecir.cat\/exito-en-la-jornada-tecnica-afec-actecir\/"},"wordCount":606,"publisher":{"@id":"https:\/\/www.actecir.cat\/#organization"},"image":{"@id":"https:\/\/www.actecir.cat\/exito-en-la-jornada-tecnica-afec-actecir\/#primaryimage"},"thumbnailUrl":"https:\/\/www.actecir.cat\/wp-content\/uploads\/2024\/11\/AFEC-ACTECIR_600_400.jpg","articleSection":["Destacamos"],"inLanguage":"es"},{"@type":"WebPage","@id":"https:\/\/www.actecir.cat\/exito-en-la-jornada-tecnica-afec-actecir\/","url":"https:\/\/www.actecir.cat\/exito-en-la-jornada-tecnica-afec-actecir\/","name":"\u00c9xito en la Jornada t\u00e9cnica AFEC - ACTECIR - Actecir","isPartOf":{"@id":"https:\/\/www.actecir.cat\/#website"},"primaryImageOfPage":{"@id":"https:\/\/www.actecir.cat\/exito-en-la-jornada-tecnica-afec-actecir\/#primaryimage"},"image":{"@id":"https:\/\/www.actecir.cat\/exito-en-la-jornada-tecnica-afec-actecir\/#primaryimage"},"thumbnailUrl":"https:\/\/www.actecir.cat\/wp-content\/uploads\/2024\/11\/AFEC-ACTECIR_600_400.jpg","datePublished":"2024-11-07T13:17:02+00:00","breadcrumb":{"@id":"https:\/\/www.actecir.cat\/exito-en-la-jornada-tecnica-afec-actecir\/#breadcrumb"},"inLanguage":"es","potentialAction":[{"@type":"ReadAction","target":["https:\/\/www.actecir.cat\/exito-en-la-jornada-tecnica-afec-actecir\/"]}]},{"@type":"ImageObject","inLanguage":"es","@id":"https:\/\/www.actecir.cat\/exito-en-la-jornada-tecnica-afec-actecir\/#primaryimage","url":"https:\/\/www.actecir.cat\/wp-content\/uploads\/2024\/11\/AFEC-ACTECIR_600_400.jpg","contentUrl":"https:\/\/www.actecir.cat\/wp-content\/uploads\/2024\/11\/AFEC-ACTECIR_600_400.jpg","width":640,"height":396},{"@type":"BreadcrumbList","@id":"https:\/\/www.actecir.cat\/exito-en-la-jornada-tecnica-afec-actecir\/#breadcrumb","itemListElement":[{"@type":"ListItem","position":1,"name":"Inici","item":"https:\/\/www.actecir.cat\/es\/"},{"@type":"ListItem","position":2,"name":"\u00c9xito en la Jornada t\u00e9cnica AFEC &#8211; ACTECIR"}]},{"@type":"WebSite","@id":"https:\/\/www.actecir.cat\/#website","url":"https:\/\/www.actecir.cat\/","name":"Actecir","description":"Associaci\u00f3 Catalana de T\u00e8cnics en Energia, Climatitzaci\u00f3 i Refrigeraci\u00f3","publisher":{"@id":"https:\/\/www.actecir.cat\/#organization"},"potentialAction":[{"@type":"SearchAction","target":{"@type":"EntryPoint","urlTemplate":"https:\/\/www.actecir.cat\/?s={search_term_string}"},"query-input":{"@type":"PropertyValueSpecification","valueRequired":true,"valueName":"search_term_string"}}],"inLanguage":"es"},{"@type":"Organization","@id":"https:\/\/www.actecir.cat\/#organization","name":"Actecir","url":"https:\/\/www.actecir.cat\/","logo":{"@type":"ImageObject","inLanguage":"es","@id":"https:\/\/www.actecir.cat\/#\/schema\/logo\/image\/","url":"https:\/\/www.actecir.cat\/wp-content\/uploads\/2023\/04\/cropped-logo_actecir_60_alto.png","contentUrl":"https:\/\/www.actecir.cat\/wp-content\/uploads\/2023\/04\/cropped-logo_actecir_60_alto.png","width":283,"height":80,"caption":"Actecir"},"image":{"@id":"https:\/\/www.actecir.cat\/#\/schema\/logo\/image\/"},"sameAs":["https:\/\/x.com\/actecir","https:\/\/www.linkedin.com\/company\/actecir"]},{"@type":"Person","@id":"https:\/\/www.actecir.cat\/#\/schema\/person\/9a0dbad79e7bde2f4a6be55628a9b04b","name":"Maen Systems","url":"https:\/\/www.actecir.cat\/es\/author\/maen\/"}]}},"_links":{"self":[{"href":"https:\/\/www.actecir.cat\/es\/wp-json\/wp\/v2\/posts\/16388","targetHints":{"allow":["GET"]}}],"collection":[{"href":"https:\/\/www.actecir.cat\/es\/wp-json\/wp\/v2\/posts"}],"about":[{"href":"https:\/\/www.actecir.cat\/es\/wp-json\/wp\/v2\/types\/post"}],"author":[{"embeddable":true,"href":"https:\/\/www.actecir.cat\/es\/wp-json\/wp\/v2\/users\/299"}],"replies":[{"embeddable":true,"href":"https:\/\/www.actecir.cat\/es\/wp-json\/wp\/v2\/comments?post=16388"}],"version-history":[{"count":0,"href":"https:\/\/www.actecir.cat\/es\/wp-json\/wp\/v2\/posts\/16388\/revisions"}],"wp:featuredmedia":[{"embeddable":true,"href":"https:\/\/www.actecir.cat\/es\/wp-json\/wp\/v2\/media\/16369"}],"wp:attachment":[{"href":"https:\/\/www.actecir.cat\/es\/wp-json\/wp\/v2\/media?parent=16388"}],"wp:term":[{"taxonomy":"category","embeddable":true,"href":"https:\/\/www.actecir.cat\/es\/wp-json\/wp\/v2\/categories?post=16388"},{"taxonomy":"post_tag","embeddable":true,"href":"https:\/\/www.actecir.cat\/es\/wp-json\/wp\/v2\/tags?post=16388"}],"curies":[{"name":"wp","href":"https:\/\/api.w.org\/{rel}","templated":true}]}}