{"id":16483,"date":"2024-11-22T11:26:48","date_gmt":"2024-11-22T10:26:48","guid":{"rendered":"https:\/\/www.actecir.cat\/?p=16483"},"modified":"2024-11-22T11:26:48","modified_gmt":"2024-11-22T10:26:48","slug":"50-anos-atecyr-cataluna","status":"publish","type":"post","link":"https:\/\/www.actecir.cat\/es\/50-anos-atecyr-cataluna\/","title":{"rendered":"50 A\u00f1os ATECYR Catalu\u00f1a"},"content":{"rendered":"<p>El pasado 14 de noviembre, ATECYR &#8220;Asociaci\u00f3n T\u00e9cnica Espa\u00f1ola de Climatizaci\u00f3n y Refrigeraci\u00f3n&#8221;, celebr\u00f3 su 50 aniversario con una comida en Citrus Restaurant &amp; Sushi bar (Pg. de Gr\u00e0cia, 44, Eixample, 08007 Barcelona), acto que inaugur\u00f3 el presidente de ATECYR, Jos\u00e9 Porras Aguilera. haciendo menci\u00f3n a la historia y trayectoria de la asociaci\u00f3n y de la Agrupaci\u00f3n Atecyr Catalu\u00f1a, seguido de un viaje a la descarbonizaci\u00f3n y entrega de reconocimientos.<\/p>\n<p>M\u00e1s informaci\u00f3n<\/p>\n<p>&nbsp;<\/p>\n","protected":false},"excerpt":{"rendered":"<p>El pasado 14 de noviembre, ATECYR &#8220;Asociaci\u00f3n T\u00e9cnica Espa\u00f1ola de Climatizaci\u00f3n y Refrigeraci\u00f3n&#8221;, celebr\u00f3 su 50 aniversario con una comida en Citrus Restaurant &amp; Sushi bar (Pg. de Gr\u00e0cia, 44, [&hellip;]<\/p>\n","protected":false},"author":299,"featured_media":16485,"comment_status":"closed","ping_status":"closed","sticky":false,"template":"","format":"standard","meta":{"footnotes":""},"categories":[25],"tags":[],"class_list":["post-16483","post","type-post","status-publish","format-standard","has-post-thumbnail","hentry","category-noticias"],"yoast_head":"<!-- This site is optimized with the Yoast SEO plugin v27.2 - https:\/\/yoast.com\/product\/yoast-seo-wordpress\/ -->\n<title>50 A\u00f1os ATECYR Catalu\u00f1a - Actecir<\/title>\n<meta name=\"robots\" content=\"index, follow, max-snippet:-1, max-image-preview:large, max-video-preview:-1\" \/>\n<link rel=\"canonical\" href=\"https:\/\/www.actecir.cat\/es\/50-anos-atecyr-cataluna\/\" \/>\n<meta property=\"og:locale\" content=\"es_ES\" \/>\n<meta property=\"og:type\" content=\"article\" \/>\n<meta property=\"og:title\" content=\"50 A\u00f1os ATECYR Catalu\u00f1a - Actecir\" \/>\n<meta property=\"og:description\" content=\"El pasado 14 de noviembre, ATECYR &#8220;Asociaci\u00f3n T\u00e9cnica Espa\u00f1ola de Climatizaci\u00f3n y Refrigeraci\u00f3n&#8221;, celebr\u00f3 su 50 aniversario con una comida en Citrus Restaurant &amp; Sushi bar (Pg. de Gr\u00e0cia, 44, [&hellip;]\" \/>\n<meta property=\"og:url\" content=\"https:\/\/www.actecir.cat\/es\/50-anos-atecyr-cataluna\/\" \/>\n<meta property=\"og:site_name\" content=\"Actecir\" \/>\n<meta property=\"article:published_time\" content=\"2024-11-22T10:26:48+00:00\" \/>\n<meta property=\"og:image\" content=\"https:\/\/www.actecir.cat\/wp-content\/uploads\/2024\/11\/ATECYR_600_400.jpg\" \/>\n\t<meta property=\"og:image:width\" content=\"600\" \/>\n\t<meta property=\"og:image:height\" content=\"396\" \/>\n\t<meta property=\"og:image:type\" content=\"image\/jpeg\" \/>\n<meta name=\"author\" content=\"Maen Systems\" \/>\n<meta name=\"twitter:card\" content=\"summary_large_image\" \/>\n<meta name=\"twitter:creator\" content=\"@actecir\" \/>\n<meta name=\"twitter:site\" content=\"@actecir\" \/>\n<meta name=\"twitter:label1\" content=\"Escrito por\" \/>\n\t<meta name=\"twitter:data1\" content=\"Maen Systems\" \/>\n\t<meta name=\"twitter:label2\" content=\"Tiempo de lectura\" \/>\n\t<meta name=\"twitter:data2\" content=\"1 minuto\" \/>\n<script type=\"application\/ld+json\" class=\"yoast-schema-graph\">{\"@context\":\"https:\/\/schema.org\",\"@graph\":[{\"@type\":\"Article\",\"@id\":\"https:\/\/www.actecir.cat\/es\/50-anos-atecyr-cataluna\/#article\",\"isPartOf\":{\"@id\":\"https:\/\/www.actecir.cat\/es\/50-anos-atecyr-cataluna\/\"},\"author\":{\"name\":\"Maen Systems\",\"@id\":\"https:\/\/www.actecir.cat\/#\/schema\/person\/9a0dbad79e7bde2f4a6be55628a9b04b\"},\"headline\":\"50 A\u00f1os ATECYR Catalu\u00f1a\",\"datePublished\":\"2024-11-22T10:26:48+00:00\",\"mainEntityOfPage\":{\"@id\":\"https:\/\/www.actecir.cat\/es\/50-anos-atecyr-cataluna\/\"},\"wordCount\":87,\"publisher\":{\"@id\":\"https:\/\/www.actecir.cat\/#organization\"},\"image\":{\"@id\":\"https:\/\/www.actecir.cat\/es\/50-anos-atecyr-cataluna\/#primaryimage\"},\"thumbnailUrl\":\"https:\/\/www.actecir.cat\/wp-content\/uploads\/2024\/11\/ATECYR_600_400.jpg\",\"articleSection\":[\"Noticias\"],\"inLanguage\":\"es\"},{\"@type\":\"WebPage\",\"@id\":\"https:\/\/www.actecir.cat\/es\/50-anos-atecyr-cataluna\/\",\"url\":\"https:\/\/www.actecir.cat\/es\/50-anos-atecyr-cataluna\/\",\"name\":\"50 A\u00f1os ATECYR Catalu\u00f1a - Actecir\",\"isPartOf\":{\"@id\":\"https:\/\/www.actecir.cat\/#website\"},\"primaryImageOfPage\":{\"@id\":\"https:\/\/www.actecir.cat\/es\/50-anos-atecyr-cataluna\/#primaryimage\"},\"image\":{\"@id\":\"https:\/\/www.actecir.cat\/es\/50-anos-atecyr-cataluna\/#primaryimage\"},\"thumbnailUrl\":\"https:\/\/www.actecir.cat\/wp-content\/uploads\/2024\/11\/ATECYR_600_400.jpg\",\"datePublished\":\"2024-11-22T10:26:48+00:00\",\"breadcrumb\":{\"@id\":\"https:\/\/www.actecir.cat\/es\/50-anos-atecyr-cataluna\/#breadcrumb\"},\"inLanguage\":\"es\",\"potentialAction\":[{\"@type\":\"ReadAction\",\"target\":[\"https:\/\/www.actecir.cat\/es\/50-anos-atecyr-cataluna\/\"]}]},{\"@type\":\"ImageObject\",\"inLanguage\":\"es\",\"@id\":\"https:\/\/www.actecir.cat\/es\/50-anos-atecyr-cataluna\/#primaryimage\",\"url\":\"https:\/\/www.actecir.cat\/wp-content\/uploads\/2024\/11\/ATECYR_600_400.jpg\",\"contentUrl\":\"https:\/\/www.actecir.cat\/wp-content\/uploads\/2024\/11\/ATECYR_600_400.jpg\",\"width\":600,\"height\":396},{\"@type\":\"BreadcrumbList\",\"@id\":\"https:\/\/www.actecir.cat\/es\/50-anos-atecyr-cataluna\/#breadcrumb\",\"itemListElement\":[{\"@type\":\"ListItem\",\"position\":1,\"name\":\"Inici\",\"item\":\"https:\/\/www.actecir.cat\/es\/\"},{\"@type\":\"ListItem\",\"position\":2,\"name\":\"50 A\u00f1os ATECYR Catalu\u00f1a\"}]},{\"@type\":\"WebSite\",\"@id\":\"https:\/\/www.actecir.cat\/#website\",\"url\":\"https:\/\/www.actecir.cat\/\",\"name\":\"Actecir\",\"description\":\"Associaci\u00f3 Catalana de T\u00e8cnics en Energia, Climatitzaci\u00f3 i Refrigeraci\u00f3\",\"publisher\":{\"@id\":\"https:\/\/www.actecir.cat\/#organization\"},\"potentialAction\":[{\"@type\":\"SearchAction\",\"target\":{\"@type\":\"EntryPoint\",\"urlTemplate\":\"https:\/\/www.actecir.cat\/?s={search_term_string}\"},\"query-input\":{\"@type\":\"PropertyValueSpecification\",\"valueRequired\":true,\"valueName\":\"search_term_string\"}}],\"inLanguage\":\"es\"},{\"@type\":\"Organization\",\"@id\":\"https:\/\/www.actecir.cat\/#organization\",\"name\":\"Actecir\",\"url\":\"https:\/\/www.actecir.cat\/\",\"logo\":{\"@type\":\"ImageObject\",\"inLanguage\":\"es\",\"@id\":\"https:\/\/www.actecir.cat\/#\/schema\/logo\/image\/\",\"url\":\"https:\/\/www.actecir.cat\/wp-content\/uploads\/2023\/04\/cropped-logo_actecir_60_alto.png\",\"contentUrl\":\"https:\/\/www.actecir.cat\/wp-content\/uploads\/2023\/04\/cropped-logo_actecir_60_alto.png\",\"width\":283,\"height\":80,\"caption\":\"Actecir\"},\"image\":{\"@id\":\"https:\/\/www.actecir.cat\/#\/schema\/logo\/image\/\"},\"sameAs\":[\"https:\/\/x.com\/actecir\",\"https:\/\/www.linkedin.com\/company\/actecir\"]},{\"@type\":\"Person\",\"@id\":\"https:\/\/www.actecir.cat\/#\/schema\/person\/9a0dbad79e7bde2f4a6be55628a9b04b\",\"name\":\"Maen Systems\",\"url\":\"https:\/\/www.actecir.cat\/es\/author\/maen\/\"}]}<\/script>\n<!-- \/ Yoast SEO plugin. -->","yoast_head_json":{"title":"50 A\u00f1os ATECYR Catalu\u00f1a - Actecir","robots":{"index":"index","follow":"follow","max-snippet":"max-snippet:-1","max-image-preview":"max-image-preview:large","max-video-preview":"max-video-preview:-1"},"canonical":"https:\/\/www.actecir.cat\/es\/50-anos-atecyr-cataluna\/","og_locale":"es_ES","og_type":"article","og_title":"50 A\u00f1os ATECYR Catalu\u00f1a - Actecir","og_description":"El pasado 14 de noviembre, ATECYR &#8220;Asociaci\u00f3n T\u00e9cnica Espa\u00f1ola de Climatizaci\u00f3n y Refrigeraci\u00f3n&#8221;, celebr\u00f3 su 50 aniversario con una comida en Citrus Restaurant &amp; Sushi bar (Pg. de Gr\u00e0cia, 44, [&hellip;]","og_url":"https:\/\/www.actecir.cat\/es\/50-anos-atecyr-cataluna\/","og_site_name":"Actecir","article_published_time":"2024-11-22T10:26:48+00:00","og_image":[{"width":600,"height":396,"url":"https:\/\/www.actecir.cat\/wp-content\/uploads\/2024\/11\/ATECYR_600_400.jpg","type":"image\/jpeg"}],"author":"Maen Systems","twitter_card":"summary_large_image","twitter_creator":"@actecir","twitter_site":"@actecir","twitter_misc":{"Escrito por":"Maen Systems","Tiempo de lectura":"1 minuto"},"schema":{"@context":"https:\/\/schema.org","@graph":[{"@type":"Article","@id":"https:\/\/www.actecir.cat\/es\/50-anos-atecyr-cataluna\/#article","isPartOf":{"@id":"https:\/\/www.actecir.cat\/es\/50-anos-atecyr-cataluna\/"},"author":{"name":"Maen Systems","@id":"https:\/\/www.actecir.cat\/#\/schema\/person\/9a0dbad79e7bde2f4a6be55628a9b04b"},"headline":"50 A\u00f1os ATECYR Catalu\u00f1a","datePublished":"2024-11-22T10:26:48+00:00","mainEntityOfPage":{"@id":"https:\/\/www.actecir.cat\/es\/50-anos-atecyr-cataluna\/"},"wordCount":87,"publisher":{"@id":"https:\/\/www.actecir.cat\/#organization"},"image":{"@id":"https:\/\/www.actecir.cat\/es\/50-anos-atecyr-cataluna\/#primaryimage"},"thumbnailUrl":"https:\/\/www.actecir.cat\/wp-content\/uploads\/2024\/11\/ATECYR_600_400.jpg","articleSection":["Noticias"],"inLanguage":"es"},{"@type":"WebPage","@id":"https:\/\/www.actecir.cat\/es\/50-anos-atecyr-cataluna\/","url":"https:\/\/www.actecir.cat\/es\/50-anos-atecyr-cataluna\/","name":"50 A\u00f1os ATECYR Catalu\u00f1a - Actecir","isPartOf":{"@id":"https:\/\/www.actecir.cat\/#website"},"primaryImageOfPage":{"@id":"https:\/\/www.actecir.cat\/es\/50-anos-atecyr-cataluna\/#primaryimage"},"image":{"@id":"https:\/\/www.actecir.cat\/es\/50-anos-atecyr-cataluna\/#primaryimage"},"thumbnailUrl":"https:\/\/www.actecir.cat\/wp-content\/uploads\/2024\/11\/ATECYR_600_400.jpg","datePublished":"2024-11-22T10:26:48+00:00","breadcrumb":{"@id":"https:\/\/www.actecir.cat\/es\/50-anos-atecyr-cataluna\/#breadcrumb"},"inLanguage":"es","potentialAction":[{"@type":"ReadAction","target":["https:\/\/www.actecir.cat\/es\/50-anos-atecyr-cataluna\/"]}]},{"@type":"ImageObject","inLanguage":"es","@id":"https:\/\/www.actecir.cat\/es\/50-anos-atecyr-cataluna\/#primaryimage","url":"https:\/\/www.actecir.cat\/wp-content\/uploads\/2024\/11\/ATECYR_600_400.jpg","contentUrl":"https:\/\/www.actecir.cat\/wp-content\/uploads\/2024\/11\/ATECYR_600_400.jpg","width":600,"height":396},{"@type":"BreadcrumbList","@id":"https:\/\/www.actecir.cat\/es\/50-anos-atecyr-cataluna\/#breadcrumb","itemListElement":[{"@type":"ListItem","position":1,"name":"Inici","item":"https:\/\/www.actecir.cat\/es\/"},{"@type":"ListItem","position":2,"name":"50 A\u00f1os ATECYR Catalu\u00f1a"}]},{"@type":"WebSite","@id":"https:\/\/www.actecir.cat\/#website","url":"https:\/\/www.actecir.cat\/","name":"Actecir","description":"Associaci\u00f3 Catalana de T\u00e8cnics en Energia, Climatitzaci\u00f3 i Refrigeraci\u00f3","publisher":{"@id":"https:\/\/www.actecir.cat\/#organization"},"potentialAction":[{"@type":"SearchAction","target":{"@type":"EntryPoint","urlTemplate":"https:\/\/www.actecir.cat\/?s={search_term_string}"},"query-input":{"@type":"PropertyValueSpecification","valueRequired":true,"valueName":"search_term_string"}}],"inLanguage":"es"},{"@type":"Organization","@id":"https:\/\/www.actecir.cat\/#organization","name":"Actecir","url":"https:\/\/www.actecir.cat\/","logo":{"@type":"ImageObject","inLanguage":"es","@id":"https:\/\/www.actecir.cat\/#\/schema\/logo\/image\/","url":"https:\/\/www.actecir.cat\/wp-content\/uploads\/2023\/04\/cropped-logo_actecir_60_alto.png","contentUrl":"https:\/\/www.actecir.cat\/wp-content\/uploads\/2023\/04\/cropped-logo_actecir_60_alto.png","width":283,"height":80,"caption":"Actecir"},"image":{"@id":"https:\/\/www.actecir.cat\/#\/schema\/logo\/image\/"},"sameAs":["https:\/\/x.com\/actecir","https:\/\/www.linkedin.com\/company\/actecir"]},{"@type":"Person","@id":"https:\/\/www.actecir.cat\/#\/schema\/person\/9a0dbad79e7bde2f4a6be55628a9b04b","name":"Maen Systems","url":"https:\/\/www.actecir.cat\/es\/author\/maen\/"}]}},"_links":{"self":[{"href":"https:\/\/www.actecir.cat\/es\/wp-json\/wp\/v2\/posts\/16483","targetHints":{"allow":["GET"]}}],"collection":[{"href":"https:\/\/www.actecir.cat\/es\/wp-json\/wp\/v2\/posts"}],"about":[{"href":"https:\/\/www.actecir.cat\/es\/wp-json\/wp\/v2\/types\/post"}],"author":[{"embeddable":true,"href":"https:\/\/www.actecir.cat\/es\/wp-json\/wp\/v2\/users\/299"}],"replies":[{"embeddable":true,"href":"https:\/\/www.actecir.cat\/es\/wp-json\/wp\/v2\/comments?post=16483"}],"version-history":[{"count":2,"href":"https:\/\/www.actecir.cat\/es\/wp-json\/wp\/v2\/posts\/16483\/revisions"}],"predecessor-version":[{"id":16487,"href":"https:\/\/www.actecir.cat\/es\/wp-json\/wp\/v2\/posts\/16483\/revisions\/16487"}],"wp:featuredmedia":[{"embeddable":true,"href":"https:\/\/www.actecir.cat\/es\/wp-json\/wp\/v2\/media\/16485"}],"wp:attachment":[{"href":"https:\/\/www.actecir.cat\/es\/wp-json\/wp\/v2\/media?parent=16483"}],"wp:term":[{"taxonomy":"category","embeddable":true,"href":"https:\/\/www.actecir.cat\/es\/wp-json\/wp\/v2\/categories?post=16483"},{"taxonomy":"post_tag","embeddable":true,"href":"https:\/\/www.actecir.cat\/es\/wp-json\/wp\/v2\/tags?post=16483"}],"curies":[{"name":"wp","href":"https:\/\/api.w.org\/{rel}","templated":true}]}}