{"id":17132,"date":"2025-03-06T11:21:50","date_gmt":"2025-03-06T10:21:50","guid":{"rendered":"https:\/\/www.actecir.cat\/?p=17132"},"modified":"2025-03-06T12:27:27","modified_gmt":"2025-03-06T11:27:27","slug":"informe-anual-autoconsumo-fotovoltaico-appa","status":"publish","type":"post","link":"https:\/\/www.actecir.cat\/es\/informe-anual-autoconsumo-fotovoltaico-appa\/","title":{"rendered":"Informe anual Autoconsumo Fotovoltaico. APPA"},"content":{"rendered":"<h2 class=\"page_title\" style=\"text-align: center;\"><span style=\"font-size: 24pt;\">El autoconsumo se aleja de los objetivos a la espera de medidas concretas<\/span><\/h2>\n<h1 class=\"page_title\" style=\"text-align: center;\"><img fetchpriority=\"high\" decoding=\"async\" class=\"alignnone wp-image-17141\" style=\"font-size: 16px;\" src=\"https:\/\/www.actecir.cat\/wp-content\/uploads\/2025\/03\/AUTOCONSUM-300x211.png\" alt=\"\" width=\"455\" height=\"320\" srcset=\"https:\/\/www.actecir.cat\/wp-content\/uploads\/2025\/03\/AUTOCONSUM-300x211.png 300w, https:\/\/www.actecir.cat\/wp-content\/uploads\/2025\/03\/AUTOCONSUM.png 709w\" sizes=\"(max-width: 455px) 100vw, 455px\" \/><\/h1>\n<p>La nueva edici\u00f3n del \u201cInforme Anual del Autoconsumo Fotovoltaico\u201d, desarrollado por APPA Renovables, constata que el sector se aleja de los objetivos fijados mientras espera medidas concretas del regulador que impulsen al autoconsumo hacia sus objetivos. En 2024 se instalaron 1.431 MW de autoconsumo fotovoltaico en Espa\u00f1a, una reducci\u00f3n del 26,3% respecto a los 1.943 MW que se instalaron en 2023. En total, Espa\u00f1a cuenta con 8.585 MW (6.304 MW industriales y 2.281 residenciales). Con el ritmo actual de instalaci\u00f3n no se alcanzar\u00e1n los 19 GW marcados como objetivo en el Plan Nacional Integrado de Energ\u00eda y Clima.<\/p>\n<p><a href=\"https:\/\/www.actecir.cat\/wp-content\/uploads\/2025\/03\/APPA-Informe-Autoconsumo-Fotovoltaico-2024.pdf\"><img decoding=\"async\" class=\"size-medium wp-image-17139 aligncenter\" src=\"https:\/\/www.actecir.cat\/wp-content\/uploads\/2025\/03\/4-300x90.jpg\" alt=\"\" width=\"300\" height=\"90\" srcset=\"https:\/\/www.actecir.cat\/wp-content\/uploads\/2025\/03\/4-300x90.jpg 300w, https:\/\/www.actecir.cat\/wp-content\/uploads\/2025\/03\/4.jpg 400w\" sizes=\"(max-width: 300px) 100vw, 300px\" \/><\/a><\/p>\n<p>&nbsp;<\/p>\n<p><strong><a href=\"https:\/\/www.appa.es\/la-asociacion\/\">La Asociaci\u00f3n de Empresas de Energ\u00edas Renovables (APPA<\/a>)<\/strong><\/p>\n<p>&nbsp;<\/p>\n<p>&nbsp;<\/p>\n","protected":false},"excerpt":{"rendered":"<p>El autoconsumo se aleja de los objetivos a la espera de medidas concretas La nueva edici\u00f3n del \u201cInforme Anual del Autoconsumo Fotovoltaico\u201d, desarrollado por APPA Renovables, constata que el sector [&hellip;]<\/p>\n","protected":false},"author":299,"featured_media":17133,"comment_status":"closed","ping_status":"closed","sticky":false,"template":"","format":"standard","meta":{"footnotes":""},"categories":[25],"tags":[],"class_list":["post-17132","post","type-post","status-publish","format-standard","has-post-thumbnail","hentry","category-noticias"],"yoast_head":"<!-- This site is optimized with the Yoast SEO plugin v27.2 - https:\/\/yoast.com\/product\/yoast-seo-wordpress\/ -->\n<title>Informe anual Autoconsumo Fotovoltaico. APPA - Actecir<\/title>\n<meta name=\"robots\" content=\"index, follow, max-snippet:-1, max-image-preview:large, max-video-preview:-1\" \/>\n<link rel=\"canonical\" href=\"https:\/\/www.actecir.cat\/es\/informe-anual-autoconsumo-fotovoltaico-appa\/\" \/>\n<meta property=\"og:locale\" content=\"es_ES\" \/>\n<meta property=\"og:type\" content=\"article\" \/>\n<meta property=\"og:title\" content=\"Informe anual Autoconsumo Fotovoltaico. APPA - Actecir\" \/>\n<meta property=\"og:description\" content=\"El autoconsumo se aleja de los objetivos a la espera de medidas concretas La nueva edici\u00f3n del \u201cInforme Anual del Autoconsumo Fotovoltaico\u201d, desarrollado por APPA Renovables, constata que el sector [&hellip;]\" \/>\n<meta property=\"og:url\" content=\"https:\/\/www.actecir.cat\/es\/informe-anual-autoconsumo-fotovoltaico-appa\/\" \/>\n<meta property=\"og:site_name\" content=\"Actecir\" \/>\n<meta property=\"article:published_time\" content=\"2025-03-06T10:21:50+00:00\" \/>\n<meta property=\"article:modified_time\" content=\"2025-03-06T11:27:27+00:00\" \/>\n<meta property=\"og:image\" content=\"https:\/\/www.actecir.cat\/wp-content\/uploads\/2025\/03\/PORTADA-WEB.appa_.jpg\" \/>\n\t<meta property=\"og:image:width\" content=\"960\" \/>\n\t<meta property=\"og:image:height\" content=\"585\" \/>\n\t<meta property=\"og:image:type\" content=\"image\/jpeg\" \/>\n<meta name=\"author\" content=\"Maen Systems\" \/>\n<meta name=\"twitter:card\" content=\"summary_large_image\" \/>\n<meta name=\"twitter:creator\" content=\"@actecir\" \/>\n<meta name=\"twitter:site\" content=\"@actecir\" \/>\n<meta name=\"twitter:label1\" content=\"Escrito por\" \/>\n\t<meta name=\"twitter:data1\" content=\"Maen Systems\" \/>\n\t<meta name=\"twitter:label2\" content=\"Tiempo de lectura\" \/>\n\t<meta name=\"twitter:data2\" content=\"2 minutos\" \/>\n<script type=\"application\/ld+json\" class=\"yoast-schema-graph\">{\"@context\":\"https:\/\/schema.org\",\"@graph\":[{\"@type\":\"Article\",\"@id\":\"https:\/\/www.actecir.cat\/es\/informe-anual-autoconsumo-fotovoltaico-appa\/#article\",\"isPartOf\":{\"@id\":\"https:\/\/www.actecir.cat\/es\/informe-anual-autoconsumo-fotovoltaico-appa\/\"},\"author\":{\"name\":\"Maen Systems\",\"@id\":\"https:\/\/www.actecir.cat\/#\/schema\/person\/9a0dbad79e7bde2f4a6be55628a9b04b\"},\"headline\":\"Informe anual Autoconsumo Fotovoltaico. APPA\",\"datePublished\":\"2025-03-06T10:21:50+00:00\",\"dateModified\":\"2025-03-06T11:27:27+00:00\",\"mainEntityOfPage\":{\"@id\":\"https:\/\/www.actecir.cat\/es\/informe-anual-autoconsumo-fotovoltaico-appa\/\"},\"wordCount\":127,\"publisher\":{\"@id\":\"https:\/\/www.actecir.cat\/#organization\"},\"image\":{\"@id\":\"https:\/\/www.actecir.cat\/es\/informe-anual-autoconsumo-fotovoltaico-appa\/#primaryimage\"},\"thumbnailUrl\":\"https:\/\/www.actecir.cat\/wp-content\/uploads\/2025\/03\/PORTADA-WEB.appa_.jpg\",\"articleSection\":[\"Noticias\"],\"inLanguage\":\"es\"},{\"@type\":\"WebPage\",\"@id\":\"https:\/\/www.actecir.cat\/es\/informe-anual-autoconsumo-fotovoltaico-appa\/\",\"url\":\"https:\/\/www.actecir.cat\/es\/informe-anual-autoconsumo-fotovoltaico-appa\/\",\"name\":\"Informe anual Autoconsumo Fotovoltaico. APPA - Actecir\",\"isPartOf\":{\"@id\":\"https:\/\/www.actecir.cat\/#website\"},\"primaryImageOfPage\":{\"@id\":\"https:\/\/www.actecir.cat\/es\/informe-anual-autoconsumo-fotovoltaico-appa\/#primaryimage\"},\"image\":{\"@id\":\"https:\/\/www.actecir.cat\/es\/informe-anual-autoconsumo-fotovoltaico-appa\/#primaryimage\"},\"thumbnailUrl\":\"https:\/\/www.actecir.cat\/wp-content\/uploads\/2025\/03\/PORTADA-WEB.appa_.jpg\",\"datePublished\":\"2025-03-06T10:21:50+00:00\",\"dateModified\":\"2025-03-06T11:27:27+00:00\",\"breadcrumb\":{\"@id\":\"https:\/\/www.actecir.cat\/es\/informe-anual-autoconsumo-fotovoltaico-appa\/#breadcrumb\"},\"inLanguage\":\"es\",\"potentialAction\":[{\"@type\":\"ReadAction\",\"target\":[\"https:\/\/www.actecir.cat\/es\/informe-anual-autoconsumo-fotovoltaico-appa\/\"]}]},{\"@type\":\"ImageObject\",\"inLanguage\":\"es\",\"@id\":\"https:\/\/www.actecir.cat\/es\/informe-anual-autoconsumo-fotovoltaico-appa\/#primaryimage\",\"url\":\"https:\/\/www.actecir.cat\/wp-content\/uploads\/2025\/03\/PORTADA-WEB.appa_.jpg\",\"contentUrl\":\"https:\/\/www.actecir.cat\/wp-content\/uploads\/2025\/03\/PORTADA-WEB.appa_.jpg\",\"width\":960,\"height\":585},{\"@type\":\"BreadcrumbList\",\"@id\":\"https:\/\/www.actecir.cat\/es\/informe-anual-autoconsumo-fotovoltaico-appa\/#breadcrumb\",\"itemListElement\":[{\"@type\":\"ListItem\",\"position\":1,\"name\":\"Inici\",\"item\":\"https:\/\/www.actecir.cat\/es\/\"},{\"@type\":\"ListItem\",\"position\":2,\"name\":\"Informe anual Autoconsumo Fotovoltaico. APPA\"}]},{\"@type\":\"WebSite\",\"@id\":\"https:\/\/www.actecir.cat\/#website\",\"url\":\"https:\/\/www.actecir.cat\/\",\"name\":\"Actecir\",\"description\":\"Associaci\u00f3 Catalana de T\u00e8cnics en Energia, Climatitzaci\u00f3 i Refrigeraci\u00f3\",\"publisher\":{\"@id\":\"https:\/\/www.actecir.cat\/#organization\"},\"potentialAction\":[{\"@type\":\"SearchAction\",\"target\":{\"@type\":\"EntryPoint\",\"urlTemplate\":\"https:\/\/www.actecir.cat\/?s={search_term_string}\"},\"query-input\":{\"@type\":\"PropertyValueSpecification\",\"valueRequired\":true,\"valueName\":\"search_term_string\"}}],\"inLanguage\":\"es\"},{\"@type\":\"Organization\",\"@id\":\"https:\/\/www.actecir.cat\/#organization\",\"name\":\"Actecir\",\"url\":\"https:\/\/www.actecir.cat\/\",\"logo\":{\"@type\":\"ImageObject\",\"inLanguage\":\"es\",\"@id\":\"https:\/\/www.actecir.cat\/#\/schema\/logo\/image\/\",\"url\":\"https:\/\/www.actecir.cat\/wp-content\/uploads\/2023\/04\/cropped-logo_actecir_60_alto.png\",\"contentUrl\":\"https:\/\/www.actecir.cat\/wp-content\/uploads\/2023\/04\/cropped-logo_actecir_60_alto.png\",\"width\":283,\"height\":80,\"caption\":\"Actecir\"},\"image\":{\"@id\":\"https:\/\/www.actecir.cat\/#\/schema\/logo\/image\/\"},\"sameAs\":[\"https:\/\/x.com\/actecir\",\"https:\/\/www.linkedin.com\/company\/actecir\"]},{\"@type\":\"Person\",\"@id\":\"https:\/\/www.actecir.cat\/#\/schema\/person\/9a0dbad79e7bde2f4a6be55628a9b04b\",\"name\":\"Maen Systems\",\"url\":\"https:\/\/www.actecir.cat\/es\/author\/maen\/\"}]}<\/script>\n<!-- \/ Yoast SEO plugin. -->","yoast_head_json":{"title":"Informe anual Autoconsumo Fotovoltaico. APPA - Actecir","robots":{"index":"index","follow":"follow","max-snippet":"max-snippet:-1","max-image-preview":"max-image-preview:large","max-video-preview":"max-video-preview:-1"},"canonical":"https:\/\/www.actecir.cat\/es\/informe-anual-autoconsumo-fotovoltaico-appa\/","og_locale":"es_ES","og_type":"article","og_title":"Informe anual Autoconsumo Fotovoltaico. APPA - Actecir","og_description":"El autoconsumo se aleja de los objetivos a la espera de medidas concretas La nueva edici\u00f3n del \u201cInforme Anual del Autoconsumo Fotovoltaico\u201d, desarrollado por APPA Renovables, constata que el sector [&hellip;]","og_url":"https:\/\/www.actecir.cat\/es\/informe-anual-autoconsumo-fotovoltaico-appa\/","og_site_name":"Actecir","article_published_time":"2025-03-06T10:21:50+00:00","article_modified_time":"2025-03-06T11:27:27+00:00","og_image":[{"width":960,"height":585,"url":"https:\/\/www.actecir.cat\/wp-content\/uploads\/2025\/03\/PORTADA-WEB.appa_.jpg","type":"image\/jpeg"}],"author":"Maen Systems","twitter_card":"summary_large_image","twitter_creator":"@actecir","twitter_site":"@actecir","twitter_misc":{"Escrito por":"Maen Systems","Tiempo de lectura":"2 minutos"},"schema":{"@context":"https:\/\/schema.org","@graph":[{"@type":"Article","@id":"https:\/\/www.actecir.cat\/es\/informe-anual-autoconsumo-fotovoltaico-appa\/#article","isPartOf":{"@id":"https:\/\/www.actecir.cat\/es\/informe-anual-autoconsumo-fotovoltaico-appa\/"},"author":{"name":"Maen Systems","@id":"https:\/\/www.actecir.cat\/#\/schema\/person\/9a0dbad79e7bde2f4a6be55628a9b04b"},"headline":"Informe anual Autoconsumo Fotovoltaico. APPA","datePublished":"2025-03-06T10:21:50+00:00","dateModified":"2025-03-06T11:27:27+00:00","mainEntityOfPage":{"@id":"https:\/\/www.actecir.cat\/es\/informe-anual-autoconsumo-fotovoltaico-appa\/"},"wordCount":127,"publisher":{"@id":"https:\/\/www.actecir.cat\/#organization"},"image":{"@id":"https:\/\/www.actecir.cat\/es\/informe-anual-autoconsumo-fotovoltaico-appa\/#primaryimage"},"thumbnailUrl":"https:\/\/www.actecir.cat\/wp-content\/uploads\/2025\/03\/PORTADA-WEB.appa_.jpg","articleSection":["Noticias"],"inLanguage":"es"},{"@type":"WebPage","@id":"https:\/\/www.actecir.cat\/es\/informe-anual-autoconsumo-fotovoltaico-appa\/","url":"https:\/\/www.actecir.cat\/es\/informe-anual-autoconsumo-fotovoltaico-appa\/","name":"Informe anual Autoconsumo Fotovoltaico. APPA - Actecir","isPartOf":{"@id":"https:\/\/www.actecir.cat\/#website"},"primaryImageOfPage":{"@id":"https:\/\/www.actecir.cat\/es\/informe-anual-autoconsumo-fotovoltaico-appa\/#primaryimage"},"image":{"@id":"https:\/\/www.actecir.cat\/es\/informe-anual-autoconsumo-fotovoltaico-appa\/#primaryimage"},"thumbnailUrl":"https:\/\/www.actecir.cat\/wp-content\/uploads\/2025\/03\/PORTADA-WEB.appa_.jpg","datePublished":"2025-03-06T10:21:50+00:00","dateModified":"2025-03-06T11:27:27+00:00","breadcrumb":{"@id":"https:\/\/www.actecir.cat\/es\/informe-anual-autoconsumo-fotovoltaico-appa\/#breadcrumb"},"inLanguage":"es","potentialAction":[{"@type":"ReadAction","target":["https:\/\/www.actecir.cat\/es\/informe-anual-autoconsumo-fotovoltaico-appa\/"]}]},{"@type":"ImageObject","inLanguage":"es","@id":"https:\/\/www.actecir.cat\/es\/informe-anual-autoconsumo-fotovoltaico-appa\/#primaryimage","url":"https:\/\/www.actecir.cat\/wp-content\/uploads\/2025\/03\/PORTADA-WEB.appa_.jpg","contentUrl":"https:\/\/www.actecir.cat\/wp-content\/uploads\/2025\/03\/PORTADA-WEB.appa_.jpg","width":960,"height":585},{"@type":"BreadcrumbList","@id":"https:\/\/www.actecir.cat\/es\/informe-anual-autoconsumo-fotovoltaico-appa\/#breadcrumb","itemListElement":[{"@type":"ListItem","position":1,"name":"Inici","item":"https:\/\/www.actecir.cat\/es\/"},{"@type":"ListItem","position":2,"name":"Informe anual Autoconsumo Fotovoltaico. APPA"}]},{"@type":"WebSite","@id":"https:\/\/www.actecir.cat\/#website","url":"https:\/\/www.actecir.cat\/","name":"Actecir","description":"Associaci\u00f3 Catalana de T\u00e8cnics en Energia, Climatitzaci\u00f3 i Refrigeraci\u00f3","publisher":{"@id":"https:\/\/www.actecir.cat\/#organization"},"potentialAction":[{"@type":"SearchAction","target":{"@type":"EntryPoint","urlTemplate":"https:\/\/www.actecir.cat\/?s={search_term_string}"},"query-input":{"@type":"PropertyValueSpecification","valueRequired":true,"valueName":"search_term_string"}}],"inLanguage":"es"},{"@type":"Organization","@id":"https:\/\/www.actecir.cat\/#organization","name":"Actecir","url":"https:\/\/www.actecir.cat\/","logo":{"@type":"ImageObject","inLanguage":"es","@id":"https:\/\/www.actecir.cat\/#\/schema\/logo\/image\/","url":"https:\/\/www.actecir.cat\/wp-content\/uploads\/2023\/04\/cropped-logo_actecir_60_alto.png","contentUrl":"https:\/\/www.actecir.cat\/wp-content\/uploads\/2023\/04\/cropped-logo_actecir_60_alto.png","width":283,"height":80,"caption":"Actecir"},"image":{"@id":"https:\/\/www.actecir.cat\/#\/schema\/logo\/image\/"},"sameAs":["https:\/\/x.com\/actecir","https:\/\/www.linkedin.com\/company\/actecir"]},{"@type":"Person","@id":"https:\/\/www.actecir.cat\/#\/schema\/person\/9a0dbad79e7bde2f4a6be55628a9b04b","name":"Maen Systems","url":"https:\/\/www.actecir.cat\/es\/author\/maen\/"}]}},"_links":{"self":[{"href":"https:\/\/www.actecir.cat\/es\/wp-json\/wp\/v2\/posts\/17132","targetHints":{"allow":["GET"]}}],"collection":[{"href":"https:\/\/www.actecir.cat\/es\/wp-json\/wp\/v2\/posts"}],"about":[{"href":"https:\/\/www.actecir.cat\/es\/wp-json\/wp\/v2\/types\/post"}],"author":[{"embeddable":true,"href":"https:\/\/www.actecir.cat\/es\/wp-json\/wp\/v2\/users\/299"}],"replies":[{"embeddable":true,"href":"https:\/\/www.actecir.cat\/es\/wp-json\/wp\/v2\/comments?post=17132"}],"version-history":[{"count":7,"href":"https:\/\/www.actecir.cat\/es\/wp-json\/wp\/v2\/posts\/17132\/revisions"}],"predecessor-version":[{"id":17149,"href":"https:\/\/www.actecir.cat\/es\/wp-json\/wp\/v2\/posts\/17132\/revisions\/17149"}],"wp:featuredmedia":[{"embeddable":true,"href":"https:\/\/www.actecir.cat\/es\/wp-json\/wp\/v2\/media\/17133"}],"wp:attachment":[{"href":"https:\/\/www.actecir.cat\/es\/wp-json\/wp\/v2\/media?parent=17132"}],"wp:term":[{"taxonomy":"category","embeddable":true,"href":"https:\/\/www.actecir.cat\/es\/wp-json\/wp\/v2\/categories?post=17132"},{"taxonomy":"post_tag","embeddable":true,"href":"https:\/\/www.actecir.cat\/es\/wp-json\/wp\/v2\/tags?post=17132"}],"curies":[{"name":"wp","href":"https:\/\/api.w.org\/{rel}","templated":true}]}}