{"id":19979,"date":"2025-11-25T10:57:57","date_gmt":"2025-11-25T09:57:57","guid":{"rendered":"https:\/\/www.actecir.cat\/tst-soluciones-rapidas-de-climatizacion-industrial\/"},"modified":"2025-11-26T10:57:30","modified_gmt":"2025-11-26T09:57:30","slug":"tst-soluciones-rapidas-de-climatizacion-industrial","status":"publish","type":"post","link":"https:\/\/www.actecir.cat\/es\/tst-soluciones-rapidas-de-climatizacion-industrial\/","title":{"rendered":"TST: Climatizaci\u00f3n Industrial Temporal"},"content":{"rendered":"<p><img fetchpriority=\"high\" decoding=\"async\" class=\" wp-image-19972 aligncenter\" src=\"https:\/\/www.actecir.cat\/wp-content\/uploads\/2025\/11\/Portada-Noticia-Climatizacion-industrial-temporal-NOV25-300x156.jpg\" alt=\"\" width=\"696\" height=\"362\" srcset=\"https:\/\/www.actecir.cat\/wp-content\/uploads\/2025\/11\/Portada-Noticia-Climatizacion-industrial-temporal-NOV25-300x156.jpg 300w, https:\/\/www.actecir.cat\/wp-content\/uploads\/2025\/11\/Portada-Noticia-Climatizacion-industrial-temporal-NOV25-1024x532.jpg 1024w, https:\/\/www.actecir.cat\/wp-content\/uploads\/2025\/11\/Portada-Noticia-Climatizacion-industrial-temporal-NOV25-768x399.jpg 768w, https:\/\/www.actecir.cat\/wp-content\/uploads\/2025\/11\/Portada-Noticia-Climatizacion-industrial-temporal-NOV25.jpg 1200w\" sizes=\"(max-width: 696px) 100vw, 696px\" \/><\/p>\n<h2 style=\"text-align: center;\">Climatizaci\u00f3n industrial temporal: la fuerza invisible que mantiene en marcha la producci\u00f3n<\/h2>\n<div class=\"mceTemp\"><\/div>\n<p>En los entornos industriales, detener la producci\u00f3n por una aver\u00eda en el sistema de climatizaci\u00f3n puede suponer p\u00e9rdidas considerables. Cada minuto cuenta, y cada grado de temperatura puede marcar la diferencia entre cumplir plazos o retrasar entregas. Por eso, contar con soluciones de climatizaci\u00f3n temporal se ha convertido en una estrategia clave para garantizar la continuidad operativa.<\/p>\n<p><strong><span style=\"text-decoration: underline;\">Torres Servicios T\u00e9cnicos (TST)<\/span>, entidad colaboradora de <span style=\"color: #3366ff;\">ACTECIR<\/span>,<\/strong> lleva m\u00e1s de cinco d\u00e9cadas proporcionando soluciones de climatizaci\u00f3n y calefacci\u00f3n industrial en toda Espa\u00f1a. Con una de las flotas m\u00e1s amplias del sector, la empresa dispone de equipos de aire acondicionado, calefacci\u00f3n y ventilaci\u00f3n capaces de adaptarse a cualquier entorno productivo \u2014desde plantas de fabricaci\u00f3n y almacenes log\u00edsticos hasta obras, t\u00faneles o laboratorios\u2014.<\/p>\n<p>Su verdadero valor reside en el equipo humano: t\u00e9cnicos especializados en montajes temporales, formados para ejecutar instalaciones r\u00e1pidas, seguras y a medida, tanto en entornos industriales como en eventos o emergencias. No se trata solo de alquilar maquinaria; se trata de garantizar el confort t\u00e9rmico, la seguridad del personal y la estabilidad de los procesos cr\u00edticos.<\/p>\n<p>La climatizaci\u00f3n temporal es tambi\u00e9n una apuesta por la sostenibilidad. El modelo de alquiler t\u00e9cnico profesional que promueve TST reduce la huella ambiental al fomentar la reutilizaci\u00f3n y el reacondicionamiento de equipos, evitando inversiones innecesarias y prolongando la vida \u00fatil de la maquinaria.<\/p>\n<p>Cada proyecto se planifica con precisi\u00f3n: un an\u00e1lisis previo del espacio, la carga t\u00e9rmica, el caudal de aire y la potencia requerida. Y, ante cualquier imprevisto, el servicio t\u00e9cnico 24\/7 responde en menos de tres horas desde sus bases log\u00edsticas distribuidas por toda Espa\u00f1a.<\/p>\n<p>\u00bfQuieres conocer c\u00f3mo TST puede optimizar tu instalaci\u00f3n industrial o resolver un problema t\u00e9rmico urgente? Consulta todos sus servicios en:<\/p>\n<p style=\"padding-left: 320px;\"><span style=\"font-size: 18pt;\"><a href=\"https:\/\/www.tstservicios.com\/servicios\/\">https:\/\/www.tstservicios.com\/<\/a><\/span><\/p>\n<p>&nbsp;<\/p>\n<p>&nbsp;<\/p>\n","protected":false},"excerpt":{"rendered":"<p>Climatizaci\u00f3n industrial temporal: la fuerza invisible que mantiene en marcha la producci\u00f3n En los entornos industriales, detener la producci\u00f3n por una aver\u00eda en el sistema de climatizaci\u00f3n puede suponer p\u00e9rdidas [&hellip;]<\/p>\n","protected":false},"author":261,"featured_media":19989,"comment_status":"closed","ping_status":"closed","sticky":false,"template":"","format":"standard","meta":{"footnotes":""},"categories":[25],"tags":[],"class_list":["post-19979","post","type-post","status-publish","format-standard","has-post-thumbnail","hentry","category-noticias"],"yoast_head":"<!-- This site is optimized with the Yoast SEO plugin v27.2 - https:\/\/yoast.com\/product\/yoast-seo-wordpress\/ -->\n<title>TST: Climatizaci\u00f3n Industrial Temporal - Actecir<\/title>\n<meta name=\"robots\" content=\"index, follow, max-snippet:-1, max-image-preview:large, max-video-preview:-1\" \/>\n<link rel=\"canonical\" href=\"https:\/\/www.actecir.cat\/es\/tst-soluciones-rapidas-de-climatizacion-industrial\/\" \/>\n<meta property=\"og:locale\" content=\"es_ES\" \/>\n<meta property=\"og:type\" content=\"article\" \/>\n<meta property=\"og:title\" content=\"TST: Climatizaci\u00f3n Industrial Temporal - Actecir\" \/>\n<meta property=\"og:description\" content=\"Climatizaci\u00f3n industrial temporal: la fuerza invisible que mantiene en marcha la producci\u00f3n En los entornos industriales, detener la producci\u00f3n por una aver\u00eda en el sistema de climatizaci\u00f3n puede suponer p\u00e9rdidas [&hellip;]\" \/>\n<meta property=\"og:url\" content=\"https:\/\/www.actecir.cat\/es\/tst-soluciones-rapidas-de-climatizacion-industrial\/\" \/>\n<meta property=\"og:site_name\" content=\"Actecir\" \/>\n<meta property=\"article:published_time\" content=\"2025-11-25T09:57:57+00:00\" \/>\n<meta property=\"article:modified_time\" content=\"2025-11-26T09:57:30+00:00\" \/>\n<meta property=\"og:image\" content=\"https:\/\/www.actecir.cat\/wp-content\/uploads\/2025\/11\/IMAGEN-WEB_-ndp-TST_.png\" \/>\n\t<meta property=\"og:image:width\" content=\"600\" \/>\n\t<meta property=\"og:image:height\" content=\"400\" \/>\n\t<meta property=\"og:image:type\" content=\"image\/png\" \/>\n<meta name=\"author\" content=\"Regina\" \/>\n<meta name=\"twitter:card\" content=\"summary_large_image\" \/>\n<meta name=\"twitter:creator\" content=\"@actecir\" \/>\n<meta name=\"twitter:site\" content=\"@actecir\" \/>\n<meta name=\"twitter:label1\" content=\"Escrito por\" \/>\n\t<meta name=\"twitter:data1\" content=\"Regina\" \/>\n\t<meta name=\"twitter:label2\" content=\"Tiempo de lectura\" \/>\n\t<meta name=\"twitter:data2\" content=\"3 minutos\" \/>\n<script type=\"application\/ld+json\" class=\"yoast-schema-graph\">{\"@context\":\"https:\/\/schema.org\",\"@graph\":[{\"@type\":\"Article\",\"@id\":\"https:\/\/www.actecir.cat\/es\/tst-soluciones-rapidas-de-climatizacion-industrial\/#article\",\"isPartOf\":{\"@id\":\"https:\/\/www.actecir.cat\/es\/tst-soluciones-rapidas-de-climatizacion-industrial\/\"},\"author\":{\"name\":\"Regina\",\"@id\":\"https:\/\/www.actecir.cat\/#\/schema\/person\/61d954f01e22a212b508d532e52d82dc\"},\"headline\":\"TST: Climatizaci\u00f3n Industrial Temporal\",\"datePublished\":\"2025-11-25T09:57:57+00:00\",\"dateModified\":\"2025-11-26T09:57:30+00:00\",\"mainEntityOfPage\":{\"@id\":\"https:\/\/www.actecir.cat\/es\/tst-soluciones-rapidas-de-climatizacion-industrial\/\"},\"wordCount\":340,\"publisher\":{\"@id\":\"https:\/\/www.actecir.cat\/#organization\"},\"image\":{\"@id\":\"https:\/\/www.actecir.cat\/es\/tst-soluciones-rapidas-de-climatizacion-industrial\/#primaryimage\"},\"thumbnailUrl\":\"https:\/\/www.actecir.cat\/wp-content\/uploads\/2025\/11\/IMAGEN-WEB_-ndp-TST_.png\",\"articleSection\":[\"Noticias\"],\"inLanguage\":\"es\"},{\"@type\":\"WebPage\",\"@id\":\"https:\/\/www.actecir.cat\/es\/tst-soluciones-rapidas-de-climatizacion-industrial\/\",\"url\":\"https:\/\/www.actecir.cat\/es\/tst-soluciones-rapidas-de-climatizacion-industrial\/\",\"name\":\"TST: Climatizaci\u00f3n Industrial Temporal - Actecir\",\"isPartOf\":{\"@id\":\"https:\/\/www.actecir.cat\/#website\"},\"primaryImageOfPage\":{\"@id\":\"https:\/\/www.actecir.cat\/es\/tst-soluciones-rapidas-de-climatizacion-industrial\/#primaryimage\"},\"image\":{\"@id\":\"https:\/\/www.actecir.cat\/es\/tst-soluciones-rapidas-de-climatizacion-industrial\/#primaryimage\"},\"thumbnailUrl\":\"https:\/\/www.actecir.cat\/wp-content\/uploads\/2025\/11\/IMAGEN-WEB_-ndp-TST_.png\",\"datePublished\":\"2025-11-25T09:57:57+00:00\",\"dateModified\":\"2025-11-26T09:57:30+00:00\",\"breadcrumb\":{\"@id\":\"https:\/\/www.actecir.cat\/es\/tst-soluciones-rapidas-de-climatizacion-industrial\/#breadcrumb\"},\"inLanguage\":\"es\",\"potentialAction\":[{\"@type\":\"ReadAction\",\"target\":[\"https:\/\/www.actecir.cat\/es\/tst-soluciones-rapidas-de-climatizacion-industrial\/\"]}]},{\"@type\":\"ImageObject\",\"inLanguage\":\"es\",\"@id\":\"https:\/\/www.actecir.cat\/es\/tst-soluciones-rapidas-de-climatizacion-industrial\/#primaryimage\",\"url\":\"https:\/\/www.actecir.cat\/wp-content\/uploads\/2025\/11\/IMAGEN-WEB_-ndp-TST_.png\",\"contentUrl\":\"https:\/\/www.actecir.cat\/wp-content\/uploads\/2025\/11\/IMAGEN-WEB_-ndp-TST_.png\",\"width\":600,\"height\":400},{\"@type\":\"BreadcrumbList\",\"@id\":\"https:\/\/www.actecir.cat\/es\/tst-soluciones-rapidas-de-climatizacion-industrial\/#breadcrumb\",\"itemListElement\":[{\"@type\":\"ListItem\",\"position\":1,\"name\":\"Inici\",\"item\":\"https:\/\/www.actecir.cat\/es\/\"},{\"@type\":\"ListItem\",\"position\":2,\"name\":\"TST: Climatizaci\u00f3n Industrial Temporal\"}]},{\"@type\":\"WebSite\",\"@id\":\"https:\/\/www.actecir.cat\/#website\",\"url\":\"https:\/\/www.actecir.cat\/\",\"name\":\"Actecir\",\"description\":\"Associaci\u00f3 Catalana de T\u00e8cnics en Energia, Climatitzaci\u00f3 i Refrigeraci\u00f3\",\"publisher\":{\"@id\":\"https:\/\/www.actecir.cat\/#organization\"},\"potentialAction\":[{\"@type\":\"SearchAction\",\"target\":{\"@type\":\"EntryPoint\",\"urlTemplate\":\"https:\/\/www.actecir.cat\/?s={search_term_string}\"},\"query-input\":{\"@type\":\"PropertyValueSpecification\",\"valueRequired\":true,\"valueName\":\"search_term_string\"}}],\"inLanguage\":\"es\"},{\"@type\":\"Organization\",\"@id\":\"https:\/\/www.actecir.cat\/#organization\",\"name\":\"Actecir\",\"url\":\"https:\/\/www.actecir.cat\/\",\"logo\":{\"@type\":\"ImageObject\",\"inLanguage\":\"es\",\"@id\":\"https:\/\/www.actecir.cat\/#\/schema\/logo\/image\/\",\"url\":\"https:\/\/www.actecir.cat\/wp-content\/uploads\/2023\/04\/cropped-logo_actecir_60_alto.png\",\"contentUrl\":\"https:\/\/www.actecir.cat\/wp-content\/uploads\/2023\/04\/cropped-logo_actecir_60_alto.png\",\"width\":283,\"height\":80,\"caption\":\"Actecir\"},\"image\":{\"@id\":\"https:\/\/www.actecir.cat\/#\/schema\/logo\/image\/\"},\"sameAs\":[\"https:\/\/x.com\/actecir\",\"https:\/\/www.linkedin.com\/company\/actecir\"]},{\"@type\":\"Person\",\"@id\":\"https:\/\/www.actecir.cat\/#\/schema\/person\/61d954f01e22a212b508d532e52d82dc\",\"name\":\"Regina\",\"url\":\"https:\/\/www.actecir.cat\/es\/author\/regina_actecir\/\"}]}<\/script>\n<!-- \/ Yoast SEO plugin. -->","yoast_head_json":{"title":"TST: Climatizaci\u00f3n Industrial Temporal - Actecir","robots":{"index":"index","follow":"follow","max-snippet":"max-snippet:-1","max-image-preview":"max-image-preview:large","max-video-preview":"max-video-preview:-1"},"canonical":"https:\/\/www.actecir.cat\/es\/tst-soluciones-rapidas-de-climatizacion-industrial\/","og_locale":"es_ES","og_type":"article","og_title":"TST: Climatizaci\u00f3n Industrial Temporal - Actecir","og_description":"Climatizaci\u00f3n industrial temporal: la fuerza invisible que mantiene en marcha la producci\u00f3n En los entornos industriales, detener la producci\u00f3n por una aver\u00eda en el sistema de climatizaci\u00f3n puede suponer p\u00e9rdidas [&hellip;]","og_url":"https:\/\/www.actecir.cat\/es\/tst-soluciones-rapidas-de-climatizacion-industrial\/","og_site_name":"Actecir","article_published_time":"2025-11-25T09:57:57+00:00","article_modified_time":"2025-11-26T09:57:30+00:00","og_image":[{"width":600,"height":400,"url":"https:\/\/www.actecir.cat\/wp-content\/uploads\/2025\/11\/IMAGEN-WEB_-ndp-TST_.png","type":"image\/png"}],"author":"Regina","twitter_card":"summary_large_image","twitter_creator":"@actecir","twitter_site":"@actecir","twitter_misc":{"Escrito por":"Regina","Tiempo de lectura":"3 minutos"},"schema":{"@context":"https:\/\/schema.org","@graph":[{"@type":"Article","@id":"https:\/\/www.actecir.cat\/es\/tst-soluciones-rapidas-de-climatizacion-industrial\/#article","isPartOf":{"@id":"https:\/\/www.actecir.cat\/es\/tst-soluciones-rapidas-de-climatizacion-industrial\/"},"author":{"name":"Regina","@id":"https:\/\/www.actecir.cat\/#\/schema\/person\/61d954f01e22a212b508d532e52d82dc"},"headline":"TST: Climatizaci\u00f3n Industrial Temporal","datePublished":"2025-11-25T09:57:57+00:00","dateModified":"2025-11-26T09:57:30+00:00","mainEntityOfPage":{"@id":"https:\/\/www.actecir.cat\/es\/tst-soluciones-rapidas-de-climatizacion-industrial\/"},"wordCount":340,"publisher":{"@id":"https:\/\/www.actecir.cat\/#organization"},"image":{"@id":"https:\/\/www.actecir.cat\/es\/tst-soluciones-rapidas-de-climatizacion-industrial\/#primaryimage"},"thumbnailUrl":"https:\/\/www.actecir.cat\/wp-content\/uploads\/2025\/11\/IMAGEN-WEB_-ndp-TST_.png","articleSection":["Noticias"],"inLanguage":"es"},{"@type":"WebPage","@id":"https:\/\/www.actecir.cat\/es\/tst-soluciones-rapidas-de-climatizacion-industrial\/","url":"https:\/\/www.actecir.cat\/es\/tst-soluciones-rapidas-de-climatizacion-industrial\/","name":"TST: Climatizaci\u00f3n Industrial Temporal - Actecir","isPartOf":{"@id":"https:\/\/www.actecir.cat\/#website"},"primaryImageOfPage":{"@id":"https:\/\/www.actecir.cat\/es\/tst-soluciones-rapidas-de-climatizacion-industrial\/#primaryimage"},"image":{"@id":"https:\/\/www.actecir.cat\/es\/tst-soluciones-rapidas-de-climatizacion-industrial\/#primaryimage"},"thumbnailUrl":"https:\/\/www.actecir.cat\/wp-content\/uploads\/2025\/11\/IMAGEN-WEB_-ndp-TST_.png","datePublished":"2025-11-25T09:57:57+00:00","dateModified":"2025-11-26T09:57:30+00:00","breadcrumb":{"@id":"https:\/\/www.actecir.cat\/es\/tst-soluciones-rapidas-de-climatizacion-industrial\/#breadcrumb"},"inLanguage":"es","potentialAction":[{"@type":"ReadAction","target":["https:\/\/www.actecir.cat\/es\/tst-soluciones-rapidas-de-climatizacion-industrial\/"]}]},{"@type":"ImageObject","inLanguage":"es","@id":"https:\/\/www.actecir.cat\/es\/tst-soluciones-rapidas-de-climatizacion-industrial\/#primaryimage","url":"https:\/\/www.actecir.cat\/wp-content\/uploads\/2025\/11\/IMAGEN-WEB_-ndp-TST_.png","contentUrl":"https:\/\/www.actecir.cat\/wp-content\/uploads\/2025\/11\/IMAGEN-WEB_-ndp-TST_.png","width":600,"height":400},{"@type":"BreadcrumbList","@id":"https:\/\/www.actecir.cat\/es\/tst-soluciones-rapidas-de-climatizacion-industrial\/#breadcrumb","itemListElement":[{"@type":"ListItem","position":1,"name":"Inici","item":"https:\/\/www.actecir.cat\/es\/"},{"@type":"ListItem","position":2,"name":"TST: Climatizaci\u00f3n Industrial Temporal"}]},{"@type":"WebSite","@id":"https:\/\/www.actecir.cat\/#website","url":"https:\/\/www.actecir.cat\/","name":"Actecir","description":"Associaci\u00f3 Catalana de T\u00e8cnics en Energia, Climatitzaci\u00f3 i Refrigeraci\u00f3","publisher":{"@id":"https:\/\/www.actecir.cat\/#organization"},"potentialAction":[{"@type":"SearchAction","target":{"@type":"EntryPoint","urlTemplate":"https:\/\/www.actecir.cat\/?s={search_term_string}"},"query-input":{"@type":"PropertyValueSpecification","valueRequired":true,"valueName":"search_term_string"}}],"inLanguage":"es"},{"@type":"Organization","@id":"https:\/\/www.actecir.cat\/#organization","name":"Actecir","url":"https:\/\/www.actecir.cat\/","logo":{"@type":"ImageObject","inLanguage":"es","@id":"https:\/\/www.actecir.cat\/#\/schema\/logo\/image\/","url":"https:\/\/www.actecir.cat\/wp-content\/uploads\/2023\/04\/cropped-logo_actecir_60_alto.png","contentUrl":"https:\/\/www.actecir.cat\/wp-content\/uploads\/2023\/04\/cropped-logo_actecir_60_alto.png","width":283,"height":80,"caption":"Actecir"},"image":{"@id":"https:\/\/www.actecir.cat\/#\/schema\/logo\/image\/"},"sameAs":["https:\/\/x.com\/actecir","https:\/\/www.linkedin.com\/company\/actecir"]},{"@type":"Person","@id":"https:\/\/www.actecir.cat\/#\/schema\/person\/61d954f01e22a212b508d532e52d82dc","name":"Regina","url":"https:\/\/www.actecir.cat\/es\/author\/regina_actecir\/"}]}},"_links":{"self":[{"href":"https:\/\/www.actecir.cat\/es\/wp-json\/wp\/v2\/posts\/19979","targetHints":{"allow":["GET"]}}],"collection":[{"href":"https:\/\/www.actecir.cat\/es\/wp-json\/wp\/v2\/posts"}],"about":[{"href":"https:\/\/www.actecir.cat\/es\/wp-json\/wp\/v2\/types\/post"}],"author":[{"embeddable":true,"href":"https:\/\/www.actecir.cat\/es\/wp-json\/wp\/v2\/users\/261"}],"replies":[{"embeddable":true,"href":"https:\/\/www.actecir.cat\/es\/wp-json\/wp\/v2\/comments?post=19979"}],"version-history":[{"count":4,"href":"https:\/\/www.actecir.cat\/es\/wp-json\/wp\/v2\/posts\/19979\/revisions"}],"predecessor-version":[{"id":20096,"href":"https:\/\/www.actecir.cat\/es\/wp-json\/wp\/v2\/posts\/19979\/revisions\/20096"}],"wp:featuredmedia":[{"embeddable":true,"href":"https:\/\/www.actecir.cat\/es\/wp-json\/wp\/v2\/media\/19989"}],"wp:attachment":[{"href":"https:\/\/www.actecir.cat\/es\/wp-json\/wp\/v2\/media?parent=19979"}],"wp:term":[{"taxonomy":"category","embeddable":true,"href":"https:\/\/www.actecir.cat\/es\/wp-json\/wp\/v2\/categories?post=19979"},{"taxonomy":"post_tag","embeddable":true,"href":"https:\/\/www.actecir.cat\/es\/wp-json\/wp\/v2\/tags?post=19979"}],"curies":[{"name":"wp","href":"https:\/\/api.w.org\/{rel}","templated":true}]}}