{"id":19987,"date":"2025-11-25T11:06:54","date_gmt":"2025-11-25T10:06:54","guid":{"rendered":"https:\/\/www.actecir.cat\/baxi-jaume-alcover-nuevo-director-comercial-y-de-marketing\/"},"modified":"2025-11-25T11:06:54","modified_gmt":"2025-11-25T10:06:54","slug":"baxi-jaume-alcover-nuevo-director-comercial-y-de-marketing","status":"publish","type":"post","link":"https:\/\/www.actecir.cat\/es\/baxi-jaume-alcover-nuevo-director-comercial-y-de-marketing\/","title":{"rendered":"BAXI: Jaume Alcover, nuevo director comercial y de marketing"},"content":{"rendered":"<h2><\/h2>\n<p><img fetchpriority=\"high\" decoding=\"async\" class=\"wp-image-19980 aligncenter\" src=\"https:\/\/www.actecir.cat\/wp-content\/uploads\/2025\/11\/9L6A1785-Editar-300x200.jpg\" alt=\"\" width=\"503\" height=\"335\" srcset=\"https:\/\/www.actecir.cat\/wp-content\/uploads\/2025\/11\/9L6A1785-Editar-300x200.jpg 300w, https:\/\/www.actecir.cat\/wp-content\/uploads\/2025\/11\/9L6A1785-Editar-1024x683.jpg 1024w, https:\/\/www.actecir.cat\/wp-content\/uploads\/2025\/11\/9L6A1785-Editar-768x512.jpg 768w, https:\/\/www.actecir.cat\/wp-content\/uploads\/2025\/11\/9L6A1785-Editar-1536x1024.jpg 1536w, https:\/\/www.actecir.cat\/wp-content\/uploads\/2025\/11\/9L6A1785-Editar-2048x1365.jpg 2048w\" sizes=\"(max-width: 503px) 100vw, 503px\" \/><\/p>\n<h2>El actual director de Marketing ampliar\u00e1 sus funciones a partir del 1 de enero, en una etapa de crecimiento marcada por la integraci\u00f3n de Hitecsa bajo la marca BAXI.<\/h2>\n<p>&nbsp;<\/p>\n<p data-start=\"167\" data-end=\"609\">\n<p data-start=\"167\" data-end=\"609\"><strong data-start=\"167\" data-end=\"304\">Jaume Alcover asumir\u00e1 la direcci\u00f3n Comercial y de Marketing de BDR Thermea Iberia, matriz de <a href=\"https:\/\/www.baxi.es\/\">BAXI<\/a> , a partir del 1 de enero de 2026.<\/strong> El ejecutivo, que hasta ahora ocupaba el cargo de director de Marketing, integra a partir de ahora tambi\u00e9n las responsabilidades comerciales de la compa\u00f1\u00eda. Estas funciones hab\u00edan sido ejercidas hasta el momento por <strong data-start=\"513\" data-end=\"530\">Xavier Andreu<\/strong> , que finaliza su etapa en la empresa para iniciar un nuevo camino profesional. <\/p>\n<p data-start=\"611\" data-end=\"969\">Andreu se incorpor\u00f3 a BDR Thermea en mayo de 2023 con el objetivo de coordinar las estrategias comerciales de las marcas <strong data-start=\"735\" data-end=\"743\">BAXI<\/strong> , <strong data-start=\"745\" data-end=\"760\">De Dietrich<\/strong> e <strong data-start=\"763\" data-end=\"774\">Hitecsa<\/strong> en los mercados de Espa\u00f1a y Portugal. Su salida da paso a una reorganizaci\u00f3n interna que refuerza la apuesta de la compa\u00f1\u00eda por consolidar un modelo integrado de gesti\u00f3n comercial y de marketing. <\/p>\n<p data-start=\"971\" data-end=\"1528\">Esta remodelaci\u00f3n se produce en un momento de clara expansi\u00f3n para BDR Thermea Iberia. Tras la adquisici\u00f3n de Hitecsa en 2021, BAXI se ha convertido en un proveedor global de soluciones de climatizaci\u00f3n para edificios terciarios e industriales como hospitales, hoteles, supermercados, aeropuertos o centros comerciales. Precisamente, a partir del pr\u00f3ximo mes de enero, todas las soluciones que hasta ahora se comercializaban bajo la marca Hitecsa pasar\u00e1n a integrarse completamente bajo <strong data-start=\"1452\" data-end=\"1469\">la marca BAXI<\/strong> , reforzando as\u00ed la coherencia de su oferta en el mercado.  <\/p>\n<p data-start=\"1530\" data-end=\"1994\">Seg\u00fan destaca <strong data-start=\"1545\" data-end=\"1560\">Joan Blanch<\/strong> , director general de BDR Thermea Iberia, la compa\u00f1\u00eda afronta un reto estrat\u00e9gico de primer orden: <em data-start=\"1660\" data-end=\"1994\">&#8220;Nos encontramos ante la necesidad de descarbonizar el parque de edificios, no s\u00f3lo por motivos ambientales, sino tambi\u00e9n por la urgencia de reducir los costes de climatizaci\u00f3n. Contar con un amplio equipo profesional y con toda la gama de productos necesarios nos permite ofrecer las tecnolog\u00edas&#8221;.<\/em><\/p>\n<p data-start=\"1996\" data-end=\"2388\">BDR Thermea Iberia, a trav\u00e9s de BAXI, mantiene una clara apuesta por la innovaci\u00f3n, la eficiencia energ\u00e9tica y las energ\u00edas renovables. En Espa\u00f1a y Portugal, la compa\u00f1\u00eda cuenta con m\u00e1s de 1.300 colaboradores, una facturaci\u00f3n de 220 millones de euros y distintos centros corporativos, de formaci\u00f3n, producci\u00f3n y log\u00edstica repartidos entre Madrid, Barcelona, \u200b\u200bLisboa, La Pobla de Claramunt y Castellbisbal. <\/p>\n","protected":false},"excerpt":{"rendered":"<p>El actual director de Marketing ampliar\u00e1 sus funciones a partir del 1 de enero, en una etapa de crecimiento marcada por la integraci\u00f3n de Hitecsa bajo la marca BAXI. &nbsp; [&hellip;]<\/p>\n","protected":false},"author":261,"featured_media":19985,"comment_status":"closed","ping_status":"closed","sticky":false,"template":"","format":"standard","meta":{"footnotes":""},"categories":[25],"tags":[],"class_list":["post-19987","post","type-post","status-publish","format-standard","has-post-thumbnail","hentry","category-noticias"],"yoast_head":"<!-- This site is optimized with the Yoast SEO plugin v27.2 - https:\/\/yoast.com\/product\/yoast-seo-wordpress\/ -->\n<title>BAXI: Jaume Alcover, nuevo director comercial y de marketing - Actecir<\/title>\n<meta name=\"robots\" content=\"index, follow, max-snippet:-1, max-image-preview:large, max-video-preview:-1\" \/>\n<link rel=\"canonical\" href=\"https:\/\/www.actecir.cat\/es\/baxi-jaume-alcover-nuevo-director-comercial-y-de-marketing\/\" \/>\n<meta property=\"og:locale\" content=\"es_ES\" \/>\n<meta property=\"og:type\" content=\"article\" \/>\n<meta property=\"og:title\" content=\"BAXI: Jaume Alcover, nuevo director comercial y de marketing - Actecir\" \/>\n<meta property=\"og:description\" content=\"El actual director de Marketing ampliar\u00e1 sus funciones a partir del 1 de enero, en una etapa de crecimiento marcada por la integraci\u00f3n de Hitecsa bajo la marca BAXI. &nbsp; [&hellip;]\" \/>\n<meta property=\"og:url\" content=\"https:\/\/www.actecir.cat\/es\/baxi-jaume-alcover-nuevo-director-comercial-y-de-marketing\/\" \/>\n<meta property=\"og:site_name\" content=\"Actecir\" \/>\n<meta property=\"article:published_time\" content=\"2025-11-25T10:06:54+00:00\" \/>\n<meta property=\"og:image\" content=\"https:\/\/www.actecir.cat\/wp-content\/uploads\/2025\/11\/noticia-BAXI_imagen-web.png\" \/>\n\t<meta property=\"og:image:width\" content=\"600\" \/>\n\t<meta property=\"og:image:height\" content=\"400\" \/>\n\t<meta property=\"og:image:type\" content=\"image\/png\" \/>\n<meta name=\"author\" content=\"Regina\" \/>\n<meta name=\"twitter:card\" content=\"summary_large_image\" \/>\n<meta name=\"twitter:creator\" content=\"@actecir\" \/>\n<meta name=\"twitter:site\" content=\"@actecir\" \/>\n<meta name=\"twitter:label1\" content=\"Escrito por\" \/>\n\t<meta name=\"twitter:data1\" content=\"Regina\" \/>\n\t<meta name=\"twitter:label2\" content=\"Tiempo de lectura\" \/>\n\t<meta name=\"twitter:data2\" content=\"2 minutos\" \/>\n<script type=\"application\/ld+json\" class=\"yoast-schema-graph\">{\"@context\":\"https:\/\/schema.org\",\"@graph\":[{\"@type\":\"Article\",\"@id\":\"https:\/\/www.actecir.cat\/es\/baxi-jaume-alcover-nuevo-director-comercial-y-de-marketing\/#article\",\"isPartOf\":{\"@id\":\"https:\/\/www.actecir.cat\/es\/baxi-jaume-alcover-nuevo-director-comercial-y-de-marketing\/\"},\"author\":{\"name\":\"Regina\",\"@id\":\"https:\/\/www.actecir.cat\/#\/schema\/person\/61d954f01e22a212b508d532e52d82dc\"},\"headline\":\"BAXI: Jaume Alcover, nuevo director comercial y de marketing\",\"datePublished\":\"2025-11-25T10:06:54+00:00\",\"mainEntityOfPage\":{\"@id\":\"https:\/\/www.actecir.cat\/es\/baxi-jaume-alcover-nuevo-director-comercial-y-de-marketing\/\"},\"wordCount\":405,\"publisher\":{\"@id\":\"https:\/\/www.actecir.cat\/#organization\"},\"image\":{\"@id\":\"https:\/\/www.actecir.cat\/es\/baxi-jaume-alcover-nuevo-director-comercial-y-de-marketing\/#primaryimage\"},\"thumbnailUrl\":\"https:\/\/www.actecir.cat\/wp-content\/uploads\/2025\/11\/noticia-BAXI_imagen-web.png\",\"articleSection\":[\"Noticias\"],\"inLanguage\":\"es\"},{\"@type\":\"WebPage\",\"@id\":\"https:\/\/www.actecir.cat\/es\/baxi-jaume-alcover-nuevo-director-comercial-y-de-marketing\/\",\"url\":\"https:\/\/www.actecir.cat\/es\/baxi-jaume-alcover-nuevo-director-comercial-y-de-marketing\/\",\"name\":\"BAXI: Jaume Alcover, nuevo director comercial y de marketing - Actecir\",\"isPartOf\":{\"@id\":\"https:\/\/www.actecir.cat\/#website\"},\"primaryImageOfPage\":{\"@id\":\"https:\/\/www.actecir.cat\/es\/baxi-jaume-alcover-nuevo-director-comercial-y-de-marketing\/#primaryimage\"},\"image\":{\"@id\":\"https:\/\/www.actecir.cat\/es\/baxi-jaume-alcover-nuevo-director-comercial-y-de-marketing\/#primaryimage\"},\"thumbnailUrl\":\"https:\/\/www.actecir.cat\/wp-content\/uploads\/2025\/11\/noticia-BAXI_imagen-web.png\",\"datePublished\":\"2025-11-25T10:06:54+00:00\",\"breadcrumb\":{\"@id\":\"https:\/\/www.actecir.cat\/es\/baxi-jaume-alcover-nuevo-director-comercial-y-de-marketing\/#breadcrumb\"},\"inLanguage\":\"es\",\"potentialAction\":[{\"@type\":\"ReadAction\",\"target\":[\"https:\/\/www.actecir.cat\/es\/baxi-jaume-alcover-nuevo-director-comercial-y-de-marketing\/\"]}]},{\"@type\":\"ImageObject\",\"inLanguage\":\"es\",\"@id\":\"https:\/\/www.actecir.cat\/es\/baxi-jaume-alcover-nuevo-director-comercial-y-de-marketing\/#primaryimage\",\"url\":\"https:\/\/www.actecir.cat\/wp-content\/uploads\/2025\/11\/noticia-BAXI_imagen-web.png\",\"contentUrl\":\"https:\/\/www.actecir.cat\/wp-content\/uploads\/2025\/11\/noticia-BAXI_imagen-web.png\",\"width\":600,\"height\":400},{\"@type\":\"BreadcrumbList\",\"@id\":\"https:\/\/www.actecir.cat\/es\/baxi-jaume-alcover-nuevo-director-comercial-y-de-marketing\/#breadcrumb\",\"itemListElement\":[{\"@type\":\"ListItem\",\"position\":1,\"name\":\"Inici\",\"item\":\"https:\/\/www.actecir.cat\/es\/\"},{\"@type\":\"ListItem\",\"position\":2,\"name\":\"BAXI: Jaume Alcover, nuevo director comercial y de marketing\"}]},{\"@type\":\"WebSite\",\"@id\":\"https:\/\/www.actecir.cat\/#website\",\"url\":\"https:\/\/www.actecir.cat\/\",\"name\":\"Actecir\",\"description\":\"Associaci\u00f3 Catalana de T\u00e8cnics en Energia, Climatitzaci\u00f3 i Refrigeraci\u00f3\",\"publisher\":{\"@id\":\"https:\/\/www.actecir.cat\/#organization\"},\"potentialAction\":[{\"@type\":\"SearchAction\",\"target\":{\"@type\":\"EntryPoint\",\"urlTemplate\":\"https:\/\/www.actecir.cat\/?s={search_term_string}\"},\"query-input\":{\"@type\":\"PropertyValueSpecification\",\"valueRequired\":true,\"valueName\":\"search_term_string\"}}],\"inLanguage\":\"es\"},{\"@type\":\"Organization\",\"@id\":\"https:\/\/www.actecir.cat\/#organization\",\"name\":\"Actecir\",\"url\":\"https:\/\/www.actecir.cat\/\",\"logo\":{\"@type\":\"ImageObject\",\"inLanguage\":\"es\",\"@id\":\"https:\/\/www.actecir.cat\/#\/schema\/logo\/image\/\",\"url\":\"https:\/\/www.actecir.cat\/wp-content\/uploads\/2023\/04\/cropped-logo_actecir_60_alto.png\",\"contentUrl\":\"https:\/\/www.actecir.cat\/wp-content\/uploads\/2023\/04\/cropped-logo_actecir_60_alto.png\",\"width\":283,\"height\":80,\"caption\":\"Actecir\"},\"image\":{\"@id\":\"https:\/\/www.actecir.cat\/#\/schema\/logo\/image\/\"},\"sameAs\":[\"https:\/\/x.com\/actecir\",\"https:\/\/www.linkedin.com\/company\/actecir\"]},{\"@type\":\"Person\",\"@id\":\"https:\/\/www.actecir.cat\/#\/schema\/person\/61d954f01e22a212b508d532e52d82dc\",\"name\":\"Regina\",\"url\":\"https:\/\/www.actecir.cat\/es\/author\/regina_actecir\/\"}]}<\/script>\n<!-- \/ Yoast SEO plugin. -->","yoast_head_json":{"title":"BAXI: Jaume Alcover, nuevo director comercial y de marketing - Actecir","robots":{"index":"index","follow":"follow","max-snippet":"max-snippet:-1","max-image-preview":"max-image-preview:large","max-video-preview":"max-video-preview:-1"},"canonical":"https:\/\/www.actecir.cat\/es\/baxi-jaume-alcover-nuevo-director-comercial-y-de-marketing\/","og_locale":"es_ES","og_type":"article","og_title":"BAXI: Jaume Alcover, nuevo director comercial y de marketing - Actecir","og_description":"El actual director de Marketing ampliar\u00e1 sus funciones a partir del 1 de enero, en una etapa de crecimiento marcada por la integraci\u00f3n de Hitecsa bajo la marca BAXI. &nbsp; [&hellip;]","og_url":"https:\/\/www.actecir.cat\/es\/baxi-jaume-alcover-nuevo-director-comercial-y-de-marketing\/","og_site_name":"Actecir","article_published_time":"2025-11-25T10:06:54+00:00","og_image":[{"width":600,"height":400,"url":"https:\/\/www.actecir.cat\/wp-content\/uploads\/2025\/11\/noticia-BAXI_imagen-web.png","type":"image\/png"}],"author":"Regina","twitter_card":"summary_large_image","twitter_creator":"@actecir","twitter_site":"@actecir","twitter_misc":{"Escrito por":"Regina","Tiempo de lectura":"2 minutos"},"schema":{"@context":"https:\/\/schema.org","@graph":[{"@type":"Article","@id":"https:\/\/www.actecir.cat\/es\/baxi-jaume-alcover-nuevo-director-comercial-y-de-marketing\/#article","isPartOf":{"@id":"https:\/\/www.actecir.cat\/es\/baxi-jaume-alcover-nuevo-director-comercial-y-de-marketing\/"},"author":{"name":"Regina","@id":"https:\/\/www.actecir.cat\/#\/schema\/person\/61d954f01e22a212b508d532e52d82dc"},"headline":"BAXI: Jaume Alcover, nuevo director comercial y de marketing","datePublished":"2025-11-25T10:06:54+00:00","mainEntityOfPage":{"@id":"https:\/\/www.actecir.cat\/es\/baxi-jaume-alcover-nuevo-director-comercial-y-de-marketing\/"},"wordCount":405,"publisher":{"@id":"https:\/\/www.actecir.cat\/#organization"},"image":{"@id":"https:\/\/www.actecir.cat\/es\/baxi-jaume-alcover-nuevo-director-comercial-y-de-marketing\/#primaryimage"},"thumbnailUrl":"https:\/\/www.actecir.cat\/wp-content\/uploads\/2025\/11\/noticia-BAXI_imagen-web.png","articleSection":["Noticias"],"inLanguage":"es"},{"@type":"WebPage","@id":"https:\/\/www.actecir.cat\/es\/baxi-jaume-alcover-nuevo-director-comercial-y-de-marketing\/","url":"https:\/\/www.actecir.cat\/es\/baxi-jaume-alcover-nuevo-director-comercial-y-de-marketing\/","name":"BAXI: Jaume Alcover, nuevo director comercial y de marketing - Actecir","isPartOf":{"@id":"https:\/\/www.actecir.cat\/#website"},"primaryImageOfPage":{"@id":"https:\/\/www.actecir.cat\/es\/baxi-jaume-alcover-nuevo-director-comercial-y-de-marketing\/#primaryimage"},"image":{"@id":"https:\/\/www.actecir.cat\/es\/baxi-jaume-alcover-nuevo-director-comercial-y-de-marketing\/#primaryimage"},"thumbnailUrl":"https:\/\/www.actecir.cat\/wp-content\/uploads\/2025\/11\/noticia-BAXI_imagen-web.png","datePublished":"2025-11-25T10:06:54+00:00","breadcrumb":{"@id":"https:\/\/www.actecir.cat\/es\/baxi-jaume-alcover-nuevo-director-comercial-y-de-marketing\/#breadcrumb"},"inLanguage":"es","potentialAction":[{"@type":"ReadAction","target":["https:\/\/www.actecir.cat\/es\/baxi-jaume-alcover-nuevo-director-comercial-y-de-marketing\/"]}]},{"@type":"ImageObject","inLanguage":"es","@id":"https:\/\/www.actecir.cat\/es\/baxi-jaume-alcover-nuevo-director-comercial-y-de-marketing\/#primaryimage","url":"https:\/\/www.actecir.cat\/wp-content\/uploads\/2025\/11\/noticia-BAXI_imagen-web.png","contentUrl":"https:\/\/www.actecir.cat\/wp-content\/uploads\/2025\/11\/noticia-BAXI_imagen-web.png","width":600,"height":400},{"@type":"BreadcrumbList","@id":"https:\/\/www.actecir.cat\/es\/baxi-jaume-alcover-nuevo-director-comercial-y-de-marketing\/#breadcrumb","itemListElement":[{"@type":"ListItem","position":1,"name":"Inici","item":"https:\/\/www.actecir.cat\/es\/"},{"@type":"ListItem","position":2,"name":"BAXI: Jaume Alcover, nuevo director comercial y de marketing"}]},{"@type":"WebSite","@id":"https:\/\/www.actecir.cat\/#website","url":"https:\/\/www.actecir.cat\/","name":"Actecir","description":"Associaci\u00f3 Catalana de T\u00e8cnics en Energia, Climatitzaci\u00f3 i Refrigeraci\u00f3","publisher":{"@id":"https:\/\/www.actecir.cat\/#organization"},"potentialAction":[{"@type":"SearchAction","target":{"@type":"EntryPoint","urlTemplate":"https:\/\/www.actecir.cat\/?s={search_term_string}"},"query-input":{"@type":"PropertyValueSpecification","valueRequired":true,"valueName":"search_term_string"}}],"inLanguage":"es"},{"@type":"Organization","@id":"https:\/\/www.actecir.cat\/#organization","name":"Actecir","url":"https:\/\/www.actecir.cat\/","logo":{"@type":"ImageObject","inLanguage":"es","@id":"https:\/\/www.actecir.cat\/#\/schema\/logo\/image\/","url":"https:\/\/www.actecir.cat\/wp-content\/uploads\/2023\/04\/cropped-logo_actecir_60_alto.png","contentUrl":"https:\/\/www.actecir.cat\/wp-content\/uploads\/2023\/04\/cropped-logo_actecir_60_alto.png","width":283,"height":80,"caption":"Actecir"},"image":{"@id":"https:\/\/www.actecir.cat\/#\/schema\/logo\/image\/"},"sameAs":["https:\/\/x.com\/actecir","https:\/\/www.linkedin.com\/company\/actecir"]},{"@type":"Person","@id":"https:\/\/www.actecir.cat\/#\/schema\/person\/61d954f01e22a212b508d532e52d82dc","name":"Regina","url":"https:\/\/www.actecir.cat\/es\/author\/regina_actecir\/"}]}},"_links":{"self":[{"href":"https:\/\/www.actecir.cat\/es\/wp-json\/wp\/v2\/posts\/19987","targetHints":{"allow":["GET"]}}],"collection":[{"href":"https:\/\/www.actecir.cat\/es\/wp-json\/wp\/v2\/posts"}],"about":[{"href":"https:\/\/www.actecir.cat\/es\/wp-json\/wp\/v2\/types\/post"}],"author":[{"embeddable":true,"href":"https:\/\/www.actecir.cat\/es\/wp-json\/wp\/v2\/users\/261"}],"replies":[{"embeddable":true,"href":"https:\/\/www.actecir.cat\/es\/wp-json\/wp\/v2\/comments?post=19987"}],"version-history":[{"count":0,"href":"https:\/\/www.actecir.cat\/es\/wp-json\/wp\/v2\/posts\/19987\/revisions"}],"wp:featuredmedia":[{"embeddable":true,"href":"https:\/\/www.actecir.cat\/es\/wp-json\/wp\/v2\/media\/19985"}],"wp:attachment":[{"href":"https:\/\/www.actecir.cat\/es\/wp-json\/wp\/v2\/media?parent=19987"}],"wp:term":[{"taxonomy":"category","embeddable":true,"href":"https:\/\/www.actecir.cat\/es\/wp-json\/wp\/v2\/categories?post=19987"},{"taxonomy":"post_tag","embeddable":true,"href":"https:\/\/www.actecir.cat\/es\/wp-json\/wp\/v2\/tags?post=19987"}],"curies":[{"name":"wp","href":"https:\/\/api.w.org\/{rel}","templated":true}]}}