{"id":20006,"date":"2025-11-25T11:43:56","date_gmt":"2025-11-25T10:43:56","guid":{"rendered":"https:\/\/www.actecir.cat\/nuevo-curso-aefyt-transformacion-digital-de-la-refrigeracion-y-climatizacion\/"},"modified":"2025-11-25T11:50:23","modified_gmt":"2025-11-25T10:50:23","slug":"nuevo-curso-aefyt-transformacion-digital-de-la-refrigeracion-y-climatizacion","status":"publish","type":"post","link":"https:\/\/www.actecir.cat\/es\/nuevo-curso-aefyt-transformacion-digital-de-la-refrigeracion-y-climatizacion\/","title":{"rendered":"Nuevo curso AEFYT: Transformaci\u00f3n digital de la refrigeraci\u00f3n y climatizaci\u00f3n"},"content":{"rendered":"<table style=\"width: 100.762%; height: 162px;\" width=\"1188\">\n<tbody>\n<tr>\n<td width=\"1158\">\n<h1 style=\"text-align: center;\"><strong>2\u00ba CURSO \u201cTRANSFORMACI\u00d3N DIGITAL DE LA REFRIGERACI\u00d3N Y CLIMATIZACI\u00d3N\u201d<\/strong><\/h1>\n<\/td>\n<\/tr>\n<\/tbody>\n<\/table>\n<p data-start=\"90\" data-end=\"306\"><a href=\"https:\/\/www.aefyt.es\/\"><img decoding=\"async\" class=\"wp-image-19992 aligncenter\" src=\"https:\/\/www.actecir.cat\/wp-content\/uploads\/2025\/11\/AEFYT.png\" alt=\"\" width=\"226\" height=\"159\" \/><\/a><\/p>\n<p data-start=\"38\" data-end=\"245\">Nos complace anunciar la <strong data-start=\"62\" data-end=\"165\">2\u00aa Edici\u00f3n del Curso en modalidad mixta \u201cTransformaci\u00f3n Digital de la Refrigeraci\u00f3n y la Climatizaci\u00f3n\u201d<\/strong> , organizado por <strong data-start=\"182\" data-end=\"191\">AEFYT<\/strong> , que tendr\u00e1 lugar del <strong data-start=\"213\" data-end=\"244\">5 al 19 de diciembre de 2025<\/strong> .<\/p>\n<p data-start=\"247\" data-end=\"519\">El programa formativo cuenta con <strong data-start=\"279\" data-end=\"291\">16 horas<\/strong> en total, distribuidas en <strong data-start=\"318\" data-end=\"338\">4 horas online<\/strong> (materiales, foros, tutor\u00edas, v\u00eddeos, etc.) y <strong data-start=\"385\" data-end=\"420\">12 horas de formaci\u00f3n en directo<\/strong> , impartidas por el profesorado a trav\u00e9s de la plataforma en las fechas y horarios indicados en el programa.<\/p>\n<h3 data-start=\"521\" data-end=\"546\"><\/h3>\n<h3 data-start=\"521\" data-end=\"546\"><strong data-start=\"525\" data-end=\"546\">Objetivo del curso<\/strong><\/h3>\n<p data-start=\"547\" data-end=\"597\">Al finalizar la formaci\u00f3n, el alumno ser\u00e1 capaz de:<\/p>\n<ul data-start=\"598\" data-end=\"994\">\n<li data-start=\"598\" data-end=\"691\">\n<p data-start=\"600\" data-end=\"691\">Identificar y comprender las <strong data-start=\"629\" data-end=\"659\">nuevas tecnolog\u00edas digitales<\/strong> aplicables a la refrigeraci\u00f3n.<\/p>\n<\/li>\n<li data-start=\"692\" data-end=\"804\">\n<p data-start=\"694\" data-end=\"804\">Diferenciar entre las distintas soluciones tecnol\u00f3gicas y dominar el <strong data-start=\"762\" data-end=\"786\">lenguaje espec\u00edfico<\/strong> de este \u00e1mbito.<\/p>\n<\/li>\n<li data-start=\"805\" data-end=\"888\">\n<p data-start=\"807\" data-end=\"888\">Reconocer las oportunidades que la <strong data-start=\"842\" data-end=\"867\">transformaci\u00f3n digital<\/strong> ofrece en el sector.<\/p>\n<\/li>\n<li data-start=\"889\" data-end=\"994\">\n<p data-start=\"891\" data-end=\"994\">Entender la necesidad de una actualizaci\u00f3n constante y de la incorporaci\u00f3n de nuevos perfiles profesionales.<\/p>\n<\/li>\n<\/ul>\n<p data-start=\"996\" data-end=\"1049\">Este curso es <strong data-start=\"1011\" data-end=\"1048\">bonificable a trav\u00e9s de la FUNDAE<\/strong> .<\/p>\n<p style=\"text-align: center;\" data-start=\"1063\" data-end=\"1112\"><strong><span style=\"font-size: 18pt;\"><span style=\"color: #0000ff;\"><a style=\"color: #0000ff;\" href=\"https:\/\/www.actecir.cat\/wp-content\/uploads\/2025\/11\/PROGRAMA-curso-TRANSFORMACION-DIGITAL.pdf\">PROGRAMA<\/a><\/span> \u00a0\u00a0 \u00a0\u00a0 \u00a0\u00a0 \u00a0\u00a0 \u00a0\u00a0 \u00a0\u00a0 \u00a0\u00a0 \u00a0\u00a0 \u00a0\u00a0<a href=\"https:\/\/www.actecir.cat\/wp-content\/uploads\/2025\/11\/BOLETIN-INSCRIPCION-TRANSFORMACION-DIGITAL-ON-LINE-1.doc\"><span style=\"color: #ff0000;\">\u00a1INSCR\u00cdBETE YA!<\/span><\/a><\/span><\/strong><\/p>\n<h5 style=\"text-align: center;\" data-start=\"1063\" data-end=\"1112\">M\u00e1s info: <a href=\"mailto:aefytinfo@aefyt.com\">aefytinfo@aefyt.com<\/a><\/h5>\n","protected":false},"excerpt":{"rendered":"<p>2\u00ba CURSO \u201cTRANSFORMACI\u00d3N DIGITAL DE LA REFRIGERACI\u00d3N Y CLIMATIZACI\u00d3N\u201d Nos complace anunciar la 2\u00aa Edici\u00f3n del Curso en modalidad mixta \u201cTransformaci\u00f3n Digital de la Refrigeraci\u00f3n y la Climatizaci\u00f3n\u201d , organizado [&hellip;]<\/p>\n","protected":false},"author":261,"featured_media":20002,"comment_status":"closed","ping_status":"closed","sticky":false,"template":"","format":"standard","meta":{"footnotes":""},"categories":[25],"tags":[],"class_list":["post-20006","post","type-post","status-publish","format-standard","has-post-thumbnail","hentry","category-noticias"],"yoast_head":"<!-- This site is optimized with the Yoast SEO plugin v27.2 - https:\/\/yoast.com\/product\/yoast-seo-wordpress\/ -->\n<title>Nuevo curso AEFYT: Transformaci\u00f3n digital de la refrigeraci\u00f3n y climatizaci\u00f3n - Actecir<\/title>\n<meta name=\"robots\" content=\"index, follow, max-snippet:-1, max-image-preview:large, max-video-preview:-1\" \/>\n<link rel=\"canonical\" href=\"https:\/\/www.actecir.cat\/es\/nuevo-curso-aefyt-transformacion-digital-de-la-refrigeracion-y-climatizacion\/\" \/>\n<meta property=\"og:locale\" content=\"es_ES\" \/>\n<meta property=\"og:type\" content=\"article\" \/>\n<meta property=\"og:title\" content=\"Nuevo curso AEFYT: Transformaci\u00f3n digital de la refrigeraci\u00f3n y climatizaci\u00f3n - Actecir\" \/>\n<meta property=\"og:description\" content=\"2\u00ba CURSO \u201cTRANSFORMACI\u00d3N DIGITAL DE LA REFRIGERACI\u00d3N Y CLIMATIZACI\u00d3N\u201d Nos complace anunciar la 2\u00aa Edici\u00f3n del Curso en modalidad mixta \u201cTransformaci\u00f3n Digital de la Refrigeraci\u00f3n y la Climatizaci\u00f3n\u201d , organizado [&hellip;]\" \/>\n<meta property=\"og:url\" content=\"https:\/\/www.actecir.cat\/es\/nuevo-curso-aefyt-transformacion-digital-de-la-refrigeracion-y-climatizacion\/\" \/>\n<meta property=\"og:site_name\" content=\"Actecir\" \/>\n<meta property=\"article:published_time\" content=\"2025-11-25T10:43:56+00:00\" \/>\n<meta property=\"article:modified_time\" content=\"2025-11-25T10:50:23+00:00\" \/>\n<meta property=\"og:image\" content=\"https:\/\/www.actecir.cat\/wp-content\/uploads\/2025\/11\/noticias_-nuevo-curso-aefyt_imagen-web.png\" \/>\n\t<meta property=\"og:image:width\" content=\"600\" \/>\n\t<meta property=\"og:image:height\" content=\"400\" \/>\n\t<meta property=\"og:image:type\" content=\"image\/png\" \/>\n<meta name=\"author\" content=\"Regina\" \/>\n<meta name=\"twitter:card\" content=\"summary_large_image\" \/>\n<meta name=\"twitter:creator\" content=\"@actecir\" \/>\n<meta name=\"twitter:site\" content=\"@actecir\" \/>\n<meta name=\"twitter:label1\" content=\"Escrito por\" \/>\n\t<meta name=\"twitter:data1\" content=\"Regina\" \/>\n\t<meta name=\"twitter:label2\" content=\"Tiempo de lectura\" \/>\n\t<meta name=\"twitter:data2\" content=\"2 minutos\" \/>\n<script type=\"application\/ld+json\" class=\"yoast-schema-graph\">{\"@context\":\"https:\/\/schema.org\",\"@graph\":[{\"@type\":\"Article\",\"@id\":\"https:\/\/www.actecir.cat\/es\/nuevo-curso-aefyt-transformacion-digital-de-la-refrigeracion-y-climatizacion\/#article\",\"isPartOf\":{\"@id\":\"https:\/\/www.actecir.cat\/es\/nuevo-curso-aefyt-transformacion-digital-de-la-refrigeracion-y-climatizacion\/\"},\"author\":{\"name\":\"Regina\",\"@id\":\"https:\/\/www.actecir.cat\/#\/schema\/person\/61d954f01e22a212b508d532e52d82dc\"},\"headline\":\"Nuevo curso AEFYT: Transformaci\u00f3n digital de la refrigeraci\u00f3n y climatizaci\u00f3n\",\"datePublished\":\"2025-11-25T10:43:56+00:00\",\"dateModified\":\"2025-11-25T10:50:23+00:00\",\"mainEntityOfPage\":{\"@id\":\"https:\/\/www.actecir.cat\/es\/nuevo-curso-aefyt-transformacion-digital-de-la-refrigeracion-y-climatizacion\/\"},\"wordCount\":193,\"publisher\":{\"@id\":\"https:\/\/www.actecir.cat\/#organization\"},\"image\":{\"@id\":\"https:\/\/www.actecir.cat\/es\/nuevo-curso-aefyt-transformacion-digital-de-la-refrigeracion-y-climatizacion\/#primaryimage\"},\"thumbnailUrl\":\"https:\/\/www.actecir.cat\/wp-content\/uploads\/2025\/11\/noticias_-nuevo-curso-aefyt_imagen-web.png\",\"articleSection\":[\"Noticias\"],\"inLanguage\":\"es\"},{\"@type\":\"WebPage\",\"@id\":\"https:\/\/www.actecir.cat\/es\/nuevo-curso-aefyt-transformacion-digital-de-la-refrigeracion-y-climatizacion\/\",\"url\":\"https:\/\/www.actecir.cat\/es\/nuevo-curso-aefyt-transformacion-digital-de-la-refrigeracion-y-climatizacion\/\",\"name\":\"Nuevo curso AEFYT: Transformaci\u00f3n digital de la refrigeraci\u00f3n y climatizaci\u00f3n - Actecir\",\"isPartOf\":{\"@id\":\"https:\/\/www.actecir.cat\/#website\"},\"primaryImageOfPage\":{\"@id\":\"https:\/\/www.actecir.cat\/es\/nuevo-curso-aefyt-transformacion-digital-de-la-refrigeracion-y-climatizacion\/#primaryimage\"},\"image\":{\"@id\":\"https:\/\/www.actecir.cat\/es\/nuevo-curso-aefyt-transformacion-digital-de-la-refrigeracion-y-climatizacion\/#primaryimage\"},\"thumbnailUrl\":\"https:\/\/www.actecir.cat\/wp-content\/uploads\/2025\/11\/noticias_-nuevo-curso-aefyt_imagen-web.png\",\"datePublished\":\"2025-11-25T10:43:56+00:00\",\"dateModified\":\"2025-11-25T10:50:23+00:00\",\"breadcrumb\":{\"@id\":\"https:\/\/www.actecir.cat\/es\/nuevo-curso-aefyt-transformacion-digital-de-la-refrigeracion-y-climatizacion\/#breadcrumb\"},\"inLanguage\":\"es\",\"potentialAction\":[{\"@type\":\"ReadAction\",\"target\":[\"https:\/\/www.actecir.cat\/es\/nuevo-curso-aefyt-transformacion-digital-de-la-refrigeracion-y-climatizacion\/\"]}]},{\"@type\":\"ImageObject\",\"inLanguage\":\"es\",\"@id\":\"https:\/\/www.actecir.cat\/es\/nuevo-curso-aefyt-transformacion-digital-de-la-refrigeracion-y-climatizacion\/#primaryimage\",\"url\":\"https:\/\/www.actecir.cat\/wp-content\/uploads\/2025\/11\/noticias_-nuevo-curso-aefyt_imagen-web.png\",\"contentUrl\":\"https:\/\/www.actecir.cat\/wp-content\/uploads\/2025\/11\/noticias_-nuevo-curso-aefyt_imagen-web.png\",\"width\":600,\"height\":400},{\"@type\":\"BreadcrumbList\",\"@id\":\"https:\/\/www.actecir.cat\/es\/nuevo-curso-aefyt-transformacion-digital-de-la-refrigeracion-y-climatizacion\/#breadcrumb\",\"itemListElement\":[{\"@type\":\"ListItem\",\"position\":1,\"name\":\"Inici\",\"item\":\"https:\/\/www.actecir.cat\/es\/\"},{\"@type\":\"ListItem\",\"position\":2,\"name\":\"Nuevo curso AEFYT: Transformaci\u00f3n digital de la refrigeraci\u00f3n y climatizaci\u00f3n\"}]},{\"@type\":\"WebSite\",\"@id\":\"https:\/\/www.actecir.cat\/#website\",\"url\":\"https:\/\/www.actecir.cat\/\",\"name\":\"Actecir\",\"description\":\"Associaci\u00f3 Catalana de T\u00e8cnics en Energia, Climatitzaci\u00f3 i Refrigeraci\u00f3\",\"publisher\":{\"@id\":\"https:\/\/www.actecir.cat\/#organization\"},\"potentialAction\":[{\"@type\":\"SearchAction\",\"target\":{\"@type\":\"EntryPoint\",\"urlTemplate\":\"https:\/\/www.actecir.cat\/?s={search_term_string}\"},\"query-input\":{\"@type\":\"PropertyValueSpecification\",\"valueRequired\":true,\"valueName\":\"search_term_string\"}}],\"inLanguage\":\"es\"},{\"@type\":\"Organization\",\"@id\":\"https:\/\/www.actecir.cat\/#organization\",\"name\":\"Actecir\",\"url\":\"https:\/\/www.actecir.cat\/\",\"logo\":{\"@type\":\"ImageObject\",\"inLanguage\":\"es\",\"@id\":\"https:\/\/www.actecir.cat\/#\/schema\/logo\/image\/\",\"url\":\"https:\/\/www.actecir.cat\/wp-content\/uploads\/2023\/04\/cropped-logo_actecir_60_alto.png\",\"contentUrl\":\"https:\/\/www.actecir.cat\/wp-content\/uploads\/2023\/04\/cropped-logo_actecir_60_alto.png\",\"width\":283,\"height\":80,\"caption\":\"Actecir\"},\"image\":{\"@id\":\"https:\/\/www.actecir.cat\/#\/schema\/logo\/image\/\"},\"sameAs\":[\"https:\/\/x.com\/actecir\",\"https:\/\/www.linkedin.com\/company\/actecir\"]},{\"@type\":\"Person\",\"@id\":\"https:\/\/www.actecir.cat\/#\/schema\/person\/61d954f01e22a212b508d532e52d82dc\",\"name\":\"Regina\",\"url\":\"https:\/\/www.actecir.cat\/es\/author\/regina_actecir\/\"}]}<\/script>\n<!-- \/ Yoast SEO plugin. -->","yoast_head_json":{"title":"Nuevo curso AEFYT: Transformaci\u00f3n digital de la refrigeraci\u00f3n y climatizaci\u00f3n - Actecir","robots":{"index":"index","follow":"follow","max-snippet":"max-snippet:-1","max-image-preview":"max-image-preview:large","max-video-preview":"max-video-preview:-1"},"canonical":"https:\/\/www.actecir.cat\/es\/nuevo-curso-aefyt-transformacion-digital-de-la-refrigeracion-y-climatizacion\/","og_locale":"es_ES","og_type":"article","og_title":"Nuevo curso AEFYT: Transformaci\u00f3n digital de la refrigeraci\u00f3n y climatizaci\u00f3n - Actecir","og_description":"2\u00ba CURSO \u201cTRANSFORMACI\u00d3N DIGITAL DE LA REFRIGERACI\u00d3N Y CLIMATIZACI\u00d3N\u201d Nos complace anunciar la 2\u00aa Edici\u00f3n del Curso en modalidad mixta \u201cTransformaci\u00f3n Digital de la Refrigeraci\u00f3n y la Climatizaci\u00f3n\u201d , organizado [&hellip;]","og_url":"https:\/\/www.actecir.cat\/es\/nuevo-curso-aefyt-transformacion-digital-de-la-refrigeracion-y-climatizacion\/","og_site_name":"Actecir","article_published_time":"2025-11-25T10:43:56+00:00","article_modified_time":"2025-11-25T10:50:23+00:00","og_image":[{"width":600,"height":400,"url":"https:\/\/www.actecir.cat\/wp-content\/uploads\/2025\/11\/noticias_-nuevo-curso-aefyt_imagen-web.png","type":"image\/png"}],"author":"Regina","twitter_card":"summary_large_image","twitter_creator":"@actecir","twitter_site":"@actecir","twitter_misc":{"Escrito por":"Regina","Tiempo de lectura":"2 minutos"},"schema":{"@context":"https:\/\/schema.org","@graph":[{"@type":"Article","@id":"https:\/\/www.actecir.cat\/es\/nuevo-curso-aefyt-transformacion-digital-de-la-refrigeracion-y-climatizacion\/#article","isPartOf":{"@id":"https:\/\/www.actecir.cat\/es\/nuevo-curso-aefyt-transformacion-digital-de-la-refrigeracion-y-climatizacion\/"},"author":{"name":"Regina","@id":"https:\/\/www.actecir.cat\/#\/schema\/person\/61d954f01e22a212b508d532e52d82dc"},"headline":"Nuevo curso AEFYT: Transformaci\u00f3n digital de la refrigeraci\u00f3n y climatizaci\u00f3n","datePublished":"2025-11-25T10:43:56+00:00","dateModified":"2025-11-25T10:50:23+00:00","mainEntityOfPage":{"@id":"https:\/\/www.actecir.cat\/es\/nuevo-curso-aefyt-transformacion-digital-de-la-refrigeracion-y-climatizacion\/"},"wordCount":193,"publisher":{"@id":"https:\/\/www.actecir.cat\/#organization"},"image":{"@id":"https:\/\/www.actecir.cat\/es\/nuevo-curso-aefyt-transformacion-digital-de-la-refrigeracion-y-climatizacion\/#primaryimage"},"thumbnailUrl":"https:\/\/www.actecir.cat\/wp-content\/uploads\/2025\/11\/noticias_-nuevo-curso-aefyt_imagen-web.png","articleSection":["Noticias"],"inLanguage":"es"},{"@type":"WebPage","@id":"https:\/\/www.actecir.cat\/es\/nuevo-curso-aefyt-transformacion-digital-de-la-refrigeracion-y-climatizacion\/","url":"https:\/\/www.actecir.cat\/es\/nuevo-curso-aefyt-transformacion-digital-de-la-refrigeracion-y-climatizacion\/","name":"Nuevo curso AEFYT: Transformaci\u00f3n digital de la refrigeraci\u00f3n y climatizaci\u00f3n - Actecir","isPartOf":{"@id":"https:\/\/www.actecir.cat\/#website"},"primaryImageOfPage":{"@id":"https:\/\/www.actecir.cat\/es\/nuevo-curso-aefyt-transformacion-digital-de-la-refrigeracion-y-climatizacion\/#primaryimage"},"image":{"@id":"https:\/\/www.actecir.cat\/es\/nuevo-curso-aefyt-transformacion-digital-de-la-refrigeracion-y-climatizacion\/#primaryimage"},"thumbnailUrl":"https:\/\/www.actecir.cat\/wp-content\/uploads\/2025\/11\/noticias_-nuevo-curso-aefyt_imagen-web.png","datePublished":"2025-11-25T10:43:56+00:00","dateModified":"2025-11-25T10:50:23+00:00","breadcrumb":{"@id":"https:\/\/www.actecir.cat\/es\/nuevo-curso-aefyt-transformacion-digital-de-la-refrigeracion-y-climatizacion\/#breadcrumb"},"inLanguage":"es","potentialAction":[{"@type":"ReadAction","target":["https:\/\/www.actecir.cat\/es\/nuevo-curso-aefyt-transformacion-digital-de-la-refrigeracion-y-climatizacion\/"]}]},{"@type":"ImageObject","inLanguage":"es","@id":"https:\/\/www.actecir.cat\/es\/nuevo-curso-aefyt-transformacion-digital-de-la-refrigeracion-y-climatizacion\/#primaryimage","url":"https:\/\/www.actecir.cat\/wp-content\/uploads\/2025\/11\/noticias_-nuevo-curso-aefyt_imagen-web.png","contentUrl":"https:\/\/www.actecir.cat\/wp-content\/uploads\/2025\/11\/noticias_-nuevo-curso-aefyt_imagen-web.png","width":600,"height":400},{"@type":"BreadcrumbList","@id":"https:\/\/www.actecir.cat\/es\/nuevo-curso-aefyt-transformacion-digital-de-la-refrigeracion-y-climatizacion\/#breadcrumb","itemListElement":[{"@type":"ListItem","position":1,"name":"Inici","item":"https:\/\/www.actecir.cat\/es\/"},{"@type":"ListItem","position":2,"name":"Nuevo curso AEFYT: Transformaci\u00f3n digital de la refrigeraci\u00f3n y climatizaci\u00f3n"}]},{"@type":"WebSite","@id":"https:\/\/www.actecir.cat\/#website","url":"https:\/\/www.actecir.cat\/","name":"Actecir","description":"Associaci\u00f3 Catalana de T\u00e8cnics en Energia, Climatitzaci\u00f3 i Refrigeraci\u00f3","publisher":{"@id":"https:\/\/www.actecir.cat\/#organization"},"potentialAction":[{"@type":"SearchAction","target":{"@type":"EntryPoint","urlTemplate":"https:\/\/www.actecir.cat\/?s={search_term_string}"},"query-input":{"@type":"PropertyValueSpecification","valueRequired":true,"valueName":"search_term_string"}}],"inLanguage":"es"},{"@type":"Organization","@id":"https:\/\/www.actecir.cat\/#organization","name":"Actecir","url":"https:\/\/www.actecir.cat\/","logo":{"@type":"ImageObject","inLanguage":"es","@id":"https:\/\/www.actecir.cat\/#\/schema\/logo\/image\/","url":"https:\/\/www.actecir.cat\/wp-content\/uploads\/2023\/04\/cropped-logo_actecir_60_alto.png","contentUrl":"https:\/\/www.actecir.cat\/wp-content\/uploads\/2023\/04\/cropped-logo_actecir_60_alto.png","width":283,"height":80,"caption":"Actecir"},"image":{"@id":"https:\/\/www.actecir.cat\/#\/schema\/logo\/image\/"},"sameAs":["https:\/\/x.com\/actecir","https:\/\/www.linkedin.com\/company\/actecir"]},{"@type":"Person","@id":"https:\/\/www.actecir.cat\/#\/schema\/person\/61d954f01e22a212b508d532e52d82dc","name":"Regina","url":"https:\/\/www.actecir.cat\/es\/author\/regina_actecir\/"}]}},"_links":{"self":[{"href":"https:\/\/www.actecir.cat\/es\/wp-json\/wp\/v2\/posts\/20006","targetHints":{"allow":["GET"]}}],"collection":[{"href":"https:\/\/www.actecir.cat\/es\/wp-json\/wp\/v2\/posts"}],"about":[{"href":"https:\/\/www.actecir.cat\/es\/wp-json\/wp\/v2\/types\/post"}],"author":[{"embeddable":true,"href":"https:\/\/www.actecir.cat\/es\/wp-json\/wp\/v2\/users\/261"}],"replies":[{"embeddable":true,"href":"https:\/\/www.actecir.cat\/es\/wp-json\/wp\/v2\/comments?post=20006"}],"version-history":[{"count":1,"href":"https:\/\/www.actecir.cat\/es\/wp-json\/wp\/v2\/posts\/20006\/revisions"}],"predecessor-version":[{"id":20010,"href":"https:\/\/www.actecir.cat\/es\/wp-json\/wp\/v2\/posts\/20006\/revisions\/20010"}],"wp:featuredmedia":[{"embeddable":true,"href":"https:\/\/www.actecir.cat\/es\/wp-json\/wp\/v2\/media\/20002"}],"wp:attachment":[{"href":"https:\/\/www.actecir.cat\/es\/wp-json\/wp\/v2\/media?parent=20006"}],"wp:term":[{"taxonomy":"category","embeddable":true,"href":"https:\/\/www.actecir.cat\/es\/wp-json\/wp\/v2\/categories?post=20006"},{"taxonomy":"post_tag","embeddable":true,"href":"https:\/\/www.actecir.cat\/es\/wp-json\/wp\/v2\/tags?post=20006"}],"curies":[{"name":"wp","href":"https:\/\/api.w.org\/{rel}","templated":true}]}}