{"id":20237,"date":"2025-12-12T14:18:59","date_gmt":"2025-12-12T13:18:59","guid":{"rendered":"https:\/\/www.actecir.cat\/curso-refrigeracion-de-aefyt\/"},"modified":"2025-12-11T14:21:58","modified_gmt":"2025-12-11T13:21:58","slug":"curso-refrigeracion-de-aefyt","status":"publish","type":"post","link":"https:\/\/www.actecir.cat\/es\/curso-refrigeracion-de-aefyt\/","title":{"rendered":"Curso REFRIGERACI\u00d3N de AEFYT"},"content":{"rendered":"<p><img fetchpriority=\"high\" decoding=\"async\" class=\" wp-image-20238 aligncenter\" src=\"https:\/\/www.actecir.cat\/wp-content\/uploads\/2025\/12\/600x400_AEFYT_curs-REFRIGERACIO_cast-300x200.png\" alt=\"\" width=\"546\" height=\"364\" srcset=\"https:\/\/www.actecir.cat\/wp-content\/uploads\/2025\/12\/600x400_AEFYT_curs-REFRIGERACIO_cast-300x200.png 300w, https:\/\/www.actecir.cat\/wp-content\/uploads\/2025\/12\/600x400_AEFYT_curs-REFRIGERACIO_cast.png 600w\" sizes=\"(max-width: 546px) 100vw, 546px\" \/><\/p>\n<p>&nbsp;<\/p>\n<h3 data-start=\"50\" data-end=\"460\">La nueva edici\u00f3n del Curso de REFRIGERACI\u00d3N de AEFYT.<\/h3>\n<p data-start=\"50\" data-end=\"460\">El curso est\u00e1 dirigido a ingenieros proyectistas de instalaciones frigor\u00edficas, jefes de ingenier\u00eda, instaladores frigoristas habilitados, responsables de mantenimiento y de seguridad, as\u00ed como a frigoristas, mec\u00e1nicos y t\u00e9cnicos con experiencia en refrigeraci\u00f3n comercial que quieran avanzar a instalaciones industriales, en sectores como almacenes frigor\u00edficos y almacenes frigor\u00edficos industrias l\u00e1cteas.<\/p>\n<p data-start=\"462\" data-end=\"1074\">Al finalizar, los participantes tendr\u00e1n que conocer los principios de la refrigeraci\u00f3n, clasificar y dise\u00f1ar instalaciones frigor\u00edficas, calcular cargas t\u00e9rmicas y dimensionar componentes, as\u00ed como determinar indicadores como PCA, COP y TEWI para sistemas directos e indirectos. Tambi\u00e9n podr\u00e1n realizar pruebas de presi\u00f3n y vac\u00edo, preparar documentaci\u00f3n seg\u00fan la legislaci\u00f3n vigente, comprender los problemas ambientales asociados a la refrigeraci\u00f3n y aplicar criterios cient\u00edficos para minimizar su impacto, tomando decisiones responsables en la aplicaci\u00f3n de sistemas frigor\u00edficos y conservaci\u00f3n del medio ambiente.<\/p>\n<p><a href=\"https:\/\/www.actecir.cat\/wp-content\/uploads\/2025\/12\/PROGRAMA-6o-CURSO-REFRIGERACION.pdf\"><img decoding=\"async\" class=\"size-full wp-image-20161 aligncenter\" src=\"https:\/\/www.actecir.cat\/wp-content\/uploads\/2025\/12\/Acceso-dossier-informativo.png\" alt=\"\" width=\"300\" height=\"103\" \/><\/a><\/p>\n<p>&nbsp;<\/p>\n<p style=\"text-align: center;\"><span style=\"font-size: 24pt; color: #ff0000;\"><strong> <span style=\"color: #ff0000;\"><a style=\"color: #ff0000;\" href=\"https:\/\/www.actecir.cat\/wp-content\/uploads\/2025\/12\/PROGRAMA-6o-CURSO-REFRIGERACION.pdf\">\u00a1INSCR\u00cdBETE YA!<\/a><\/span><\/strong><\/span><\/p>\n<h5 data-start=\"1063\" data-end=\"1112\">M\u00e1s info: <a href=\"mailto:aefytinfo@aefyt.com\">aefytinfo@aefyt.com<\/a><\/h5>\n","protected":false},"excerpt":{"rendered":"<p>&nbsp; La nueva edici\u00f3n del Curso de REFRIGERACI\u00d3N de AEFYT. El curso est\u00e1 dirigido a ingenieros proyectistas de instalaciones frigor\u00edficas, jefes de ingenier\u00eda, instaladores frigoristas habilitados, responsables de mantenimiento y [&hellip;]<\/p>\n","protected":false},"author":261,"featured_media":20238,"comment_status":"closed","ping_status":"closed","sticky":false,"template":"","format":"standard","meta":{"footnotes":""},"categories":[25],"tags":[],"class_list":["post-20237","post","type-post","status-publish","format-standard","has-post-thumbnail","hentry","category-noticias"],"yoast_head":"<!-- This site is optimized with the Yoast SEO plugin v27.2 - https:\/\/yoast.com\/product\/yoast-seo-wordpress\/ -->\n<title>Curso REFRIGERACI\u00d3N de AEFYT - Actecir<\/title>\n<meta name=\"robots\" content=\"index, follow, max-snippet:-1, max-image-preview:large, max-video-preview:-1\" \/>\n<link rel=\"canonical\" href=\"https:\/\/www.actecir.cat\/es\/curso-refrigeracion-de-aefyt\/\" \/>\n<meta property=\"og:locale\" content=\"es_ES\" \/>\n<meta property=\"og:type\" content=\"article\" \/>\n<meta property=\"og:title\" content=\"Curso REFRIGERACI\u00d3N de AEFYT - Actecir\" \/>\n<meta property=\"og:description\" content=\"&nbsp; La nueva edici\u00f3n del Curso de REFRIGERACI\u00d3N de AEFYT. El curso est\u00e1 dirigido a ingenieros proyectistas de instalaciones frigor\u00edficas, jefes de ingenier\u00eda, instaladores frigoristas habilitados, responsables de mantenimiento y [&hellip;]\" \/>\n<meta property=\"og:url\" content=\"https:\/\/www.actecir.cat\/es\/curso-refrigeracion-de-aefyt\/\" \/>\n<meta property=\"og:site_name\" content=\"Actecir\" \/>\n<meta property=\"article:published_time\" content=\"2025-12-12T13:18:59+00:00\" \/>\n<meta property=\"og:image\" content=\"https:\/\/www.actecir.cat\/wp-content\/uploads\/2025\/12\/600x400_AEFYT_curs-REFRIGERACIO_cast.png\" \/>\n\t<meta property=\"og:image:width\" content=\"600\" \/>\n\t<meta property=\"og:image:height\" content=\"400\" \/>\n\t<meta property=\"og:image:type\" content=\"image\/png\" \/>\n<meta name=\"author\" content=\"Regina\" \/>\n<meta name=\"twitter:card\" content=\"summary_large_image\" \/>\n<meta name=\"twitter:creator\" content=\"@actecir\" \/>\n<meta name=\"twitter:site\" content=\"@actecir\" \/>\n<meta name=\"twitter:label1\" content=\"Escrito por\" \/>\n\t<meta name=\"twitter:data1\" content=\"Regina\" \/>\n\t<meta name=\"twitter:label2\" content=\"Tiempo de lectura\" \/>\n\t<meta name=\"twitter:data2\" content=\"2 minutos\" \/>\n<script type=\"application\/ld+json\" class=\"yoast-schema-graph\">{\"@context\":\"https:\/\/schema.org\",\"@graph\":[{\"@type\":\"Article\",\"@id\":\"https:\/\/www.actecir.cat\/es\/curso-refrigeracion-de-aefyt\/#article\",\"isPartOf\":{\"@id\":\"https:\/\/www.actecir.cat\/es\/curso-refrigeracion-de-aefyt\/\"},\"author\":{\"name\":\"Regina\",\"@id\":\"https:\/\/www.actecir.cat\/#\/schema\/person\/61d954f01e22a212b508d532e52d82dc\"},\"headline\":\"Curso REFRIGERACI\u00d3N de AEFYT\",\"datePublished\":\"2025-12-12T13:18:59+00:00\",\"mainEntityOfPage\":{\"@id\":\"https:\/\/www.actecir.cat\/es\/curso-refrigeracion-de-aefyt\/\"},\"wordCount\":183,\"publisher\":{\"@id\":\"https:\/\/www.actecir.cat\/#organization\"},\"image\":{\"@id\":\"https:\/\/www.actecir.cat\/es\/curso-refrigeracion-de-aefyt\/#primaryimage\"},\"thumbnailUrl\":\"https:\/\/www.actecir.cat\/wp-content\/uploads\/2025\/12\/600x400_AEFYT_curs-REFRIGERACIO_cast.png\",\"articleSection\":[\"Noticias\"],\"inLanguage\":\"es\"},{\"@type\":\"WebPage\",\"@id\":\"https:\/\/www.actecir.cat\/es\/curso-refrigeracion-de-aefyt\/\",\"url\":\"https:\/\/www.actecir.cat\/es\/curso-refrigeracion-de-aefyt\/\",\"name\":\"Curso REFRIGERACI\u00d3N de AEFYT - Actecir\",\"isPartOf\":{\"@id\":\"https:\/\/www.actecir.cat\/#website\"},\"primaryImageOfPage\":{\"@id\":\"https:\/\/www.actecir.cat\/es\/curso-refrigeracion-de-aefyt\/#primaryimage\"},\"image\":{\"@id\":\"https:\/\/www.actecir.cat\/es\/curso-refrigeracion-de-aefyt\/#primaryimage\"},\"thumbnailUrl\":\"https:\/\/www.actecir.cat\/wp-content\/uploads\/2025\/12\/600x400_AEFYT_curs-REFRIGERACIO_cast.png\",\"datePublished\":\"2025-12-12T13:18:59+00:00\",\"breadcrumb\":{\"@id\":\"https:\/\/www.actecir.cat\/es\/curso-refrigeracion-de-aefyt\/#breadcrumb\"},\"inLanguage\":\"es\",\"potentialAction\":[{\"@type\":\"ReadAction\",\"target\":[\"https:\/\/www.actecir.cat\/es\/curso-refrigeracion-de-aefyt\/\"]}]},{\"@type\":\"ImageObject\",\"inLanguage\":\"es\",\"@id\":\"https:\/\/www.actecir.cat\/es\/curso-refrigeracion-de-aefyt\/#primaryimage\",\"url\":\"https:\/\/www.actecir.cat\/wp-content\/uploads\/2025\/12\/600x400_AEFYT_curs-REFRIGERACIO_cast.png\",\"contentUrl\":\"https:\/\/www.actecir.cat\/wp-content\/uploads\/2025\/12\/600x400_AEFYT_curs-REFRIGERACIO_cast.png\",\"width\":600,\"height\":400},{\"@type\":\"BreadcrumbList\",\"@id\":\"https:\/\/www.actecir.cat\/es\/curso-refrigeracion-de-aefyt\/#breadcrumb\",\"itemListElement\":[{\"@type\":\"ListItem\",\"position\":1,\"name\":\"Inici\",\"item\":\"https:\/\/www.actecir.cat\/es\/\"},{\"@type\":\"ListItem\",\"position\":2,\"name\":\"Curso REFRIGERACI\u00d3N de AEFYT\"}]},{\"@type\":\"WebSite\",\"@id\":\"https:\/\/www.actecir.cat\/#website\",\"url\":\"https:\/\/www.actecir.cat\/\",\"name\":\"Actecir\",\"description\":\"Associaci\u00f3 Catalana de T\u00e8cnics en Energia, Climatitzaci\u00f3 i Refrigeraci\u00f3\",\"publisher\":{\"@id\":\"https:\/\/www.actecir.cat\/#organization\"},\"potentialAction\":[{\"@type\":\"SearchAction\",\"target\":{\"@type\":\"EntryPoint\",\"urlTemplate\":\"https:\/\/www.actecir.cat\/?s={search_term_string}\"},\"query-input\":{\"@type\":\"PropertyValueSpecification\",\"valueRequired\":true,\"valueName\":\"search_term_string\"}}],\"inLanguage\":\"es\"},{\"@type\":\"Organization\",\"@id\":\"https:\/\/www.actecir.cat\/#organization\",\"name\":\"Actecir\",\"url\":\"https:\/\/www.actecir.cat\/\",\"logo\":{\"@type\":\"ImageObject\",\"inLanguage\":\"es\",\"@id\":\"https:\/\/www.actecir.cat\/#\/schema\/logo\/image\/\",\"url\":\"https:\/\/www.actecir.cat\/wp-content\/uploads\/2023\/04\/cropped-logo_actecir_60_alto.png\",\"contentUrl\":\"https:\/\/www.actecir.cat\/wp-content\/uploads\/2023\/04\/cropped-logo_actecir_60_alto.png\",\"width\":283,\"height\":80,\"caption\":\"Actecir\"},\"image\":{\"@id\":\"https:\/\/www.actecir.cat\/#\/schema\/logo\/image\/\"},\"sameAs\":[\"https:\/\/x.com\/actecir\",\"https:\/\/www.linkedin.com\/company\/actecir\"]},{\"@type\":\"Person\",\"@id\":\"https:\/\/www.actecir.cat\/#\/schema\/person\/61d954f01e22a212b508d532e52d82dc\",\"name\":\"Regina\",\"url\":\"https:\/\/www.actecir.cat\/es\/author\/regina_actecir\/\"}]}<\/script>\n<!-- \/ Yoast SEO plugin. -->","yoast_head_json":{"title":"Curso REFRIGERACI\u00d3N de AEFYT - Actecir","robots":{"index":"index","follow":"follow","max-snippet":"max-snippet:-1","max-image-preview":"max-image-preview:large","max-video-preview":"max-video-preview:-1"},"canonical":"https:\/\/www.actecir.cat\/es\/curso-refrigeracion-de-aefyt\/","og_locale":"es_ES","og_type":"article","og_title":"Curso REFRIGERACI\u00d3N de AEFYT - Actecir","og_description":"&nbsp; La nueva edici\u00f3n del Curso de REFRIGERACI\u00d3N de AEFYT. El curso est\u00e1 dirigido a ingenieros proyectistas de instalaciones frigor\u00edficas, jefes de ingenier\u00eda, instaladores frigoristas habilitados, responsables de mantenimiento y [&hellip;]","og_url":"https:\/\/www.actecir.cat\/es\/curso-refrigeracion-de-aefyt\/","og_site_name":"Actecir","article_published_time":"2025-12-12T13:18:59+00:00","og_image":[{"width":600,"height":400,"url":"https:\/\/www.actecir.cat\/wp-content\/uploads\/2025\/12\/600x400_AEFYT_curs-REFRIGERACIO_cast.png","type":"image\/png"}],"author":"Regina","twitter_card":"summary_large_image","twitter_creator":"@actecir","twitter_site":"@actecir","twitter_misc":{"Escrito por":"Regina","Tiempo de lectura":"2 minutos"},"schema":{"@context":"https:\/\/schema.org","@graph":[{"@type":"Article","@id":"https:\/\/www.actecir.cat\/es\/curso-refrigeracion-de-aefyt\/#article","isPartOf":{"@id":"https:\/\/www.actecir.cat\/es\/curso-refrigeracion-de-aefyt\/"},"author":{"name":"Regina","@id":"https:\/\/www.actecir.cat\/#\/schema\/person\/61d954f01e22a212b508d532e52d82dc"},"headline":"Curso REFRIGERACI\u00d3N de AEFYT","datePublished":"2025-12-12T13:18:59+00:00","mainEntityOfPage":{"@id":"https:\/\/www.actecir.cat\/es\/curso-refrigeracion-de-aefyt\/"},"wordCount":183,"publisher":{"@id":"https:\/\/www.actecir.cat\/#organization"},"image":{"@id":"https:\/\/www.actecir.cat\/es\/curso-refrigeracion-de-aefyt\/#primaryimage"},"thumbnailUrl":"https:\/\/www.actecir.cat\/wp-content\/uploads\/2025\/12\/600x400_AEFYT_curs-REFRIGERACIO_cast.png","articleSection":["Noticias"],"inLanguage":"es"},{"@type":"WebPage","@id":"https:\/\/www.actecir.cat\/es\/curso-refrigeracion-de-aefyt\/","url":"https:\/\/www.actecir.cat\/es\/curso-refrigeracion-de-aefyt\/","name":"Curso REFRIGERACI\u00d3N de AEFYT - Actecir","isPartOf":{"@id":"https:\/\/www.actecir.cat\/#website"},"primaryImageOfPage":{"@id":"https:\/\/www.actecir.cat\/es\/curso-refrigeracion-de-aefyt\/#primaryimage"},"image":{"@id":"https:\/\/www.actecir.cat\/es\/curso-refrigeracion-de-aefyt\/#primaryimage"},"thumbnailUrl":"https:\/\/www.actecir.cat\/wp-content\/uploads\/2025\/12\/600x400_AEFYT_curs-REFRIGERACIO_cast.png","datePublished":"2025-12-12T13:18:59+00:00","breadcrumb":{"@id":"https:\/\/www.actecir.cat\/es\/curso-refrigeracion-de-aefyt\/#breadcrumb"},"inLanguage":"es","potentialAction":[{"@type":"ReadAction","target":["https:\/\/www.actecir.cat\/es\/curso-refrigeracion-de-aefyt\/"]}]},{"@type":"ImageObject","inLanguage":"es","@id":"https:\/\/www.actecir.cat\/es\/curso-refrigeracion-de-aefyt\/#primaryimage","url":"https:\/\/www.actecir.cat\/wp-content\/uploads\/2025\/12\/600x400_AEFYT_curs-REFRIGERACIO_cast.png","contentUrl":"https:\/\/www.actecir.cat\/wp-content\/uploads\/2025\/12\/600x400_AEFYT_curs-REFRIGERACIO_cast.png","width":600,"height":400},{"@type":"BreadcrumbList","@id":"https:\/\/www.actecir.cat\/es\/curso-refrigeracion-de-aefyt\/#breadcrumb","itemListElement":[{"@type":"ListItem","position":1,"name":"Inici","item":"https:\/\/www.actecir.cat\/es\/"},{"@type":"ListItem","position":2,"name":"Curso REFRIGERACI\u00d3N de AEFYT"}]},{"@type":"WebSite","@id":"https:\/\/www.actecir.cat\/#website","url":"https:\/\/www.actecir.cat\/","name":"Actecir","description":"Associaci\u00f3 Catalana de T\u00e8cnics en Energia, Climatitzaci\u00f3 i Refrigeraci\u00f3","publisher":{"@id":"https:\/\/www.actecir.cat\/#organization"},"potentialAction":[{"@type":"SearchAction","target":{"@type":"EntryPoint","urlTemplate":"https:\/\/www.actecir.cat\/?s={search_term_string}"},"query-input":{"@type":"PropertyValueSpecification","valueRequired":true,"valueName":"search_term_string"}}],"inLanguage":"es"},{"@type":"Organization","@id":"https:\/\/www.actecir.cat\/#organization","name":"Actecir","url":"https:\/\/www.actecir.cat\/","logo":{"@type":"ImageObject","inLanguage":"es","@id":"https:\/\/www.actecir.cat\/#\/schema\/logo\/image\/","url":"https:\/\/www.actecir.cat\/wp-content\/uploads\/2023\/04\/cropped-logo_actecir_60_alto.png","contentUrl":"https:\/\/www.actecir.cat\/wp-content\/uploads\/2023\/04\/cropped-logo_actecir_60_alto.png","width":283,"height":80,"caption":"Actecir"},"image":{"@id":"https:\/\/www.actecir.cat\/#\/schema\/logo\/image\/"},"sameAs":["https:\/\/x.com\/actecir","https:\/\/www.linkedin.com\/company\/actecir"]},{"@type":"Person","@id":"https:\/\/www.actecir.cat\/#\/schema\/person\/61d954f01e22a212b508d532e52d82dc","name":"Regina","url":"https:\/\/www.actecir.cat\/es\/author\/regina_actecir\/"}]}},"_links":{"self":[{"href":"https:\/\/www.actecir.cat\/es\/wp-json\/wp\/v2\/posts\/20237","targetHints":{"allow":["GET"]}}],"collection":[{"href":"https:\/\/www.actecir.cat\/es\/wp-json\/wp\/v2\/posts"}],"about":[{"href":"https:\/\/www.actecir.cat\/es\/wp-json\/wp\/v2\/types\/post"}],"author":[{"embeddable":true,"href":"https:\/\/www.actecir.cat\/es\/wp-json\/wp\/v2\/users\/261"}],"replies":[{"embeddable":true,"href":"https:\/\/www.actecir.cat\/es\/wp-json\/wp\/v2\/comments?post=20237"}],"version-history":[{"count":2,"href":"https:\/\/www.actecir.cat\/es\/wp-json\/wp\/v2\/posts\/20237\/revisions"}],"predecessor-version":[{"id":20241,"href":"https:\/\/www.actecir.cat\/es\/wp-json\/wp\/v2\/posts\/20237\/revisions\/20241"}],"wp:featuredmedia":[{"embeddable":true,"href":"https:\/\/www.actecir.cat\/es\/wp-json\/wp\/v2\/media\/20238"}],"wp:attachment":[{"href":"https:\/\/www.actecir.cat\/es\/wp-json\/wp\/v2\/media?parent=20237"}],"wp:term":[{"taxonomy":"category","embeddable":true,"href":"https:\/\/www.actecir.cat\/es\/wp-json\/wp\/v2\/categories?post=20237"},{"taxonomy":"post_tag","embeddable":true,"href":"https:\/\/www.actecir.cat\/es\/wp-json\/wp\/v2\/tags?post=20237"}],"curies":[{"name":"wp","href":"https:\/\/api.w.org\/{rel}","templated":true}]}}