{"id":20461,"date":"2025-12-19T14:06:03","date_gmt":"2025-12-19T13:06:03","guid":{"rendered":"https:\/\/www.actecir.cat\/revista-fegicat360-01\/"},"modified":"2025-12-19T14:09:06","modified_gmt":"2025-12-19T13:09:06","slug":"revista-fegicat360-01","status":"publish","type":"post","link":"https:\/\/www.actecir.cat\/es\/revista-fegicat360-01\/","title":{"rendered":"REVISTA FEGICAT360 #01"},"content":{"rendered":"<p><img decoding=\"async\" class=\" wp-image-20456 aligncenter\" src=\"https:\/\/www.actecir.cat\/wp-content\/uploads\/2025\/12\/logo-fegicat360-300x76.png\" alt=\"\" width=\"411\" height=\"104\" srcset=\"https:\/\/www.actecir.cat\/wp-content\/uploads\/2025\/12\/logo-fegicat360-300x76.png 300w, https:\/\/www.actecir.cat\/wp-content\/uploads\/2025\/12\/logo-fegicat360.png 491w\" sizes=\"(max-width: 411px) 100vw, 411px\" \/><\/p>\n<p data-start=\"101\" data-end=\"516\">La <em data-start=\"104\" data-end=\"124\">Revista FEGICAT360<\/em> es la <strong data-start=\"131\" data-end=\"169\">nueva publicaci\u00f3n oficial de FEGICAT<\/strong> , la <strong data-start=\"174\" data-end=\"226\">Federaci\u00f3n de Gremios de Instaladores de Catalu\u00f1a<\/strong> , publicada en <strong data-start=\"241\" data-end=\"261\">diciembre de 2025<\/strong> . FEGICAT representa a las empresas instaladoras de Catalu\u00f1a, promoviendo la <strong data-start=\"337\" data-end=\"414\">formaci\u00f3n, la profesionalizaci\u00f3n y la coordinaci\u00f3n con las administraciones<\/strong> , y apoyando a sus asociados ante los retos t\u00e9cnicos, normativos y estrat\u00e9gicos del sector.<\/p>\n<p data-start=\"518\" data-end=\"866\">La revista nace como un <strong data-start=\"541\" data-end=\"576\">veh\u00edculo de informaci\u00f3n y formaci\u00f3n<\/strong> , combinando <strong data-start=\"588\" data-end=\"637\">contenidos institucionales, t\u00e9cnicos y pr\u00e1cticos<\/strong> , con herramientas \u00fatiles para el d\u00eda a d\u00eda de los instaladores. Incluye reportajes sobre acuerdos con administraciones, entrevistas a expertos, gu\u00edas pr\u00e1cticas y secciones t\u00e9cnicas para adaptarse a cambios normativos y tendencias del sector.<\/p>\n<p data-start=\"868\" data-end=\"1048\">En resumen, <em data-start=\"878\" data-end=\"890\">FEGICAT360<\/em> es un recurso clave para los profesionales que buscan <strong data-start=\"943\" data-end=\"1000\">informaci\u00f3n actualizada, formaci\u00f3n y soporte estrat\u00e9gico<\/strong> en el \u00e1mbito de las instalaciones en Catalu\u00f1a.<\/p>\n<p data-start=\"868\" data-end=\"1048\">Para todos los interesados, compartimos el enlace para que <strong data-start=\"933\" data-end=\"970\">puedan visualizarla y disfrutarla:<\/strong><\/p>\n<p><a href=\"https:\/\/online.fliphtml5.com\/gvodv\/F360-N1-DIC25_ESP-DIG\/#p=1\"><img fetchpriority=\"high\" decoding=\"async\" class=\"size-medium wp-image-20458 aligncenter\" src=\"https:\/\/www.actecir.cat\/wp-content\/uploads\/2025\/12\/REVISTA-FEGICAT-portada-cat-213x300.png\" alt=\"\" width=\"213\" height=\"300\" srcset=\"https:\/\/www.actecir.cat\/wp-content\/uploads\/2025\/12\/REVISTA-FEGICAT-portada-cat-213x300.png 213w, https:\/\/www.actecir.cat\/wp-content\/uploads\/2025\/12\/REVISTA-FEGICAT-portada-cat.png 557w\" sizes=\"(max-width: 213px) 100vw, 213px\" \/><\/a><\/p>\n","protected":false},"excerpt":{"rendered":"<p>La Revista FEGICAT360 es la nueva publicaci\u00f3n oficial de FEGICAT , la Federaci\u00f3n de Gremios de Instaladores de Catalu\u00f1a , publicada en diciembre de 2025 . FEGICAT representa a las [&hellip;]<\/p>\n","protected":false},"author":261,"featured_media":20462,"comment_status":"closed","ping_status":"closed","sticky":false,"template":"","format":"standard","meta":{"footnotes":""},"categories":[25],"tags":[],"class_list":["post-20461","post","type-post","status-publish","format-standard","has-post-thumbnail","hentry","category-noticias"],"yoast_head":"<!-- This site is optimized with the Yoast SEO plugin v27.2 - https:\/\/yoast.com\/product\/yoast-seo-wordpress\/ -->\n<title>REVISTA FEGICAT360 #01 - Actecir<\/title>\n<meta name=\"robots\" content=\"index, follow, max-snippet:-1, max-image-preview:large, max-video-preview:-1\" \/>\n<link rel=\"canonical\" href=\"https:\/\/www.actecir.cat\/es\/revista-fegicat360-01\/\" \/>\n<meta property=\"og:locale\" content=\"es_ES\" \/>\n<meta property=\"og:type\" content=\"article\" \/>\n<meta property=\"og:title\" content=\"REVISTA FEGICAT360 #01 - Actecir\" \/>\n<meta property=\"og:description\" content=\"La Revista FEGICAT360 es la nueva publicaci\u00f3n oficial de FEGICAT , la Federaci\u00f3n de Gremios de Instaladores de Catalu\u00f1a , publicada en diciembre de 2025 . FEGICAT representa a las [&hellip;]\" \/>\n<meta property=\"og:url\" content=\"https:\/\/www.actecir.cat\/es\/revista-fegicat360-01\/\" \/>\n<meta property=\"og:site_name\" content=\"Actecir\" \/>\n<meta property=\"article:published_time\" content=\"2025-12-19T13:06:03+00:00\" \/>\n<meta property=\"article:modified_time\" content=\"2025-12-19T13:09:06+00:00\" \/>\n<meta property=\"og:image\" content=\"https:\/\/www.actecir.cat\/wp-content\/uploads\/2025\/12\/Revista-FEGICAT_cast.png\" \/>\n\t<meta property=\"og:image:width\" content=\"600\" \/>\n\t<meta property=\"og:image:height\" content=\"400\" \/>\n\t<meta property=\"og:image:type\" content=\"image\/png\" \/>\n<meta name=\"author\" content=\"Regina\" \/>\n<meta name=\"twitter:card\" content=\"summary_large_image\" \/>\n<meta name=\"twitter:creator\" content=\"@actecir\" \/>\n<meta name=\"twitter:site\" content=\"@actecir\" \/>\n<meta name=\"twitter:label1\" content=\"Escrito por\" \/>\n\t<meta name=\"twitter:data1\" content=\"Regina\" \/>\n\t<meta name=\"twitter:label2\" content=\"Tiempo de lectura\" \/>\n\t<meta name=\"twitter:data2\" content=\"2 minutos\" \/>\n<script type=\"application\/ld+json\" class=\"yoast-schema-graph\">{\"@context\":\"https:\/\/schema.org\",\"@graph\":[{\"@type\":\"Article\",\"@id\":\"https:\/\/www.actecir.cat\/es\/revista-fegicat360-01\/#article\",\"isPartOf\":{\"@id\":\"https:\/\/www.actecir.cat\/es\/revista-fegicat360-01\/\"},\"author\":{\"name\":\"Regina\",\"@id\":\"https:\/\/www.actecir.cat\/#\/schema\/person\/61d954f01e22a212b508d532e52d82dc\"},\"headline\":\"REVISTA FEGICAT360 #01\",\"datePublished\":\"2025-12-19T13:06:03+00:00\",\"dateModified\":\"2025-12-19T13:09:06+00:00\",\"mainEntityOfPage\":{\"@id\":\"https:\/\/www.actecir.cat\/es\/revista-fegicat360-01\/\"},\"wordCount\":169,\"publisher\":{\"@id\":\"https:\/\/www.actecir.cat\/#organization\"},\"image\":{\"@id\":\"https:\/\/www.actecir.cat\/es\/revista-fegicat360-01\/#primaryimage\"},\"thumbnailUrl\":\"https:\/\/www.actecir.cat\/wp-content\/uploads\/2025\/12\/Revista-FEGICAT_cast.png\",\"articleSection\":[\"Noticias\"],\"inLanguage\":\"es\"},{\"@type\":\"WebPage\",\"@id\":\"https:\/\/www.actecir.cat\/es\/revista-fegicat360-01\/\",\"url\":\"https:\/\/www.actecir.cat\/es\/revista-fegicat360-01\/\",\"name\":\"REVISTA FEGICAT360 #01 - Actecir\",\"isPartOf\":{\"@id\":\"https:\/\/www.actecir.cat\/#website\"},\"primaryImageOfPage\":{\"@id\":\"https:\/\/www.actecir.cat\/es\/revista-fegicat360-01\/#primaryimage\"},\"image\":{\"@id\":\"https:\/\/www.actecir.cat\/es\/revista-fegicat360-01\/#primaryimage\"},\"thumbnailUrl\":\"https:\/\/www.actecir.cat\/wp-content\/uploads\/2025\/12\/Revista-FEGICAT_cast.png\",\"datePublished\":\"2025-12-19T13:06:03+00:00\",\"dateModified\":\"2025-12-19T13:09:06+00:00\",\"breadcrumb\":{\"@id\":\"https:\/\/www.actecir.cat\/es\/revista-fegicat360-01\/#breadcrumb\"},\"inLanguage\":\"es\",\"potentialAction\":[{\"@type\":\"ReadAction\",\"target\":[\"https:\/\/www.actecir.cat\/es\/revista-fegicat360-01\/\"]}]},{\"@type\":\"ImageObject\",\"inLanguage\":\"es\",\"@id\":\"https:\/\/www.actecir.cat\/es\/revista-fegicat360-01\/#primaryimage\",\"url\":\"https:\/\/www.actecir.cat\/wp-content\/uploads\/2025\/12\/Revista-FEGICAT_cast.png\",\"contentUrl\":\"https:\/\/www.actecir.cat\/wp-content\/uploads\/2025\/12\/Revista-FEGICAT_cast.png\",\"width\":600,\"height\":400},{\"@type\":\"BreadcrumbList\",\"@id\":\"https:\/\/www.actecir.cat\/es\/revista-fegicat360-01\/#breadcrumb\",\"itemListElement\":[{\"@type\":\"ListItem\",\"position\":1,\"name\":\"Inici\",\"item\":\"https:\/\/www.actecir.cat\/es\/\"},{\"@type\":\"ListItem\",\"position\":2,\"name\":\"REVISTA FEGICAT360 #01\"}]},{\"@type\":\"WebSite\",\"@id\":\"https:\/\/www.actecir.cat\/#website\",\"url\":\"https:\/\/www.actecir.cat\/\",\"name\":\"Actecir\",\"description\":\"Associaci\u00f3 Catalana de T\u00e8cnics en Energia, Climatitzaci\u00f3 i Refrigeraci\u00f3\",\"publisher\":{\"@id\":\"https:\/\/www.actecir.cat\/#organization\"},\"potentialAction\":[{\"@type\":\"SearchAction\",\"target\":{\"@type\":\"EntryPoint\",\"urlTemplate\":\"https:\/\/www.actecir.cat\/?s={search_term_string}\"},\"query-input\":{\"@type\":\"PropertyValueSpecification\",\"valueRequired\":true,\"valueName\":\"search_term_string\"}}],\"inLanguage\":\"es\"},{\"@type\":\"Organization\",\"@id\":\"https:\/\/www.actecir.cat\/#organization\",\"name\":\"Actecir\",\"url\":\"https:\/\/www.actecir.cat\/\",\"logo\":{\"@type\":\"ImageObject\",\"inLanguage\":\"es\",\"@id\":\"https:\/\/www.actecir.cat\/#\/schema\/logo\/image\/\",\"url\":\"https:\/\/www.actecir.cat\/wp-content\/uploads\/2023\/04\/cropped-logo_actecir_60_alto.png\",\"contentUrl\":\"https:\/\/www.actecir.cat\/wp-content\/uploads\/2023\/04\/cropped-logo_actecir_60_alto.png\",\"width\":283,\"height\":80,\"caption\":\"Actecir\"},\"image\":{\"@id\":\"https:\/\/www.actecir.cat\/#\/schema\/logo\/image\/\"},\"sameAs\":[\"https:\/\/x.com\/actecir\",\"https:\/\/www.linkedin.com\/company\/actecir\"]},{\"@type\":\"Person\",\"@id\":\"https:\/\/www.actecir.cat\/#\/schema\/person\/61d954f01e22a212b508d532e52d82dc\",\"name\":\"Regina\",\"url\":\"https:\/\/www.actecir.cat\/es\/author\/regina_actecir\/\"}]}<\/script>\n<!-- \/ Yoast SEO plugin. -->","yoast_head_json":{"title":"REVISTA FEGICAT360 #01 - Actecir","robots":{"index":"index","follow":"follow","max-snippet":"max-snippet:-1","max-image-preview":"max-image-preview:large","max-video-preview":"max-video-preview:-1"},"canonical":"https:\/\/www.actecir.cat\/es\/revista-fegicat360-01\/","og_locale":"es_ES","og_type":"article","og_title":"REVISTA FEGICAT360 #01 - Actecir","og_description":"La Revista FEGICAT360 es la nueva publicaci\u00f3n oficial de FEGICAT , la Federaci\u00f3n de Gremios de Instaladores de Catalu\u00f1a , publicada en diciembre de 2025 . FEGICAT representa a las [&hellip;]","og_url":"https:\/\/www.actecir.cat\/es\/revista-fegicat360-01\/","og_site_name":"Actecir","article_published_time":"2025-12-19T13:06:03+00:00","article_modified_time":"2025-12-19T13:09:06+00:00","og_image":[{"width":600,"height":400,"url":"https:\/\/www.actecir.cat\/wp-content\/uploads\/2025\/12\/Revista-FEGICAT_cast.png","type":"image\/png"}],"author":"Regina","twitter_card":"summary_large_image","twitter_creator":"@actecir","twitter_site":"@actecir","twitter_misc":{"Escrito por":"Regina","Tiempo de lectura":"2 minutos"},"schema":{"@context":"https:\/\/schema.org","@graph":[{"@type":"Article","@id":"https:\/\/www.actecir.cat\/es\/revista-fegicat360-01\/#article","isPartOf":{"@id":"https:\/\/www.actecir.cat\/es\/revista-fegicat360-01\/"},"author":{"name":"Regina","@id":"https:\/\/www.actecir.cat\/#\/schema\/person\/61d954f01e22a212b508d532e52d82dc"},"headline":"REVISTA FEGICAT360 #01","datePublished":"2025-12-19T13:06:03+00:00","dateModified":"2025-12-19T13:09:06+00:00","mainEntityOfPage":{"@id":"https:\/\/www.actecir.cat\/es\/revista-fegicat360-01\/"},"wordCount":169,"publisher":{"@id":"https:\/\/www.actecir.cat\/#organization"},"image":{"@id":"https:\/\/www.actecir.cat\/es\/revista-fegicat360-01\/#primaryimage"},"thumbnailUrl":"https:\/\/www.actecir.cat\/wp-content\/uploads\/2025\/12\/Revista-FEGICAT_cast.png","articleSection":["Noticias"],"inLanguage":"es"},{"@type":"WebPage","@id":"https:\/\/www.actecir.cat\/es\/revista-fegicat360-01\/","url":"https:\/\/www.actecir.cat\/es\/revista-fegicat360-01\/","name":"REVISTA FEGICAT360 #01 - Actecir","isPartOf":{"@id":"https:\/\/www.actecir.cat\/#website"},"primaryImageOfPage":{"@id":"https:\/\/www.actecir.cat\/es\/revista-fegicat360-01\/#primaryimage"},"image":{"@id":"https:\/\/www.actecir.cat\/es\/revista-fegicat360-01\/#primaryimage"},"thumbnailUrl":"https:\/\/www.actecir.cat\/wp-content\/uploads\/2025\/12\/Revista-FEGICAT_cast.png","datePublished":"2025-12-19T13:06:03+00:00","dateModified":"2025-12-19T13:09:06+00:00","breadcrumb":{"@id":"https:\/\/www.actecir.cat\/es\/revista-fegicat360-01\/#breadcrumb"},"inLanguage":"es","potentialAction":[{"@type":"ReadAction","target":["https:\/\/www.actecir.cat\/es\/revista-fegicat360-01\/"]}]},{"@type":"ImageObject","inLanguage":"es","@id":"https:\/\/www.actecir.cat\/es\/revista-fegicat360-01\/#primaryimage","url":"https:\/\/www.actecir.cat\/wp-content\/uploads\/2025\/12\/Revista-FEGICAT_cast.png","contentUrl":"https:\/\/www.actecir.cat\/wp-content\/uploads\/2025\/12\/Revista-FEGICAT_cast.png","width":600,"height":400},{"@type":"BreadcrumbList","@id":"https:\/\/www.actecir.cat\/es\/revista-fegicat360-01\/#breadcrumb","itemListElement":[{"@type":"ListItem","position":1,"name":"Inici","item":"https:\/\/www.actecir.cat\/es\/"},{"@type":"ListItem","position":2,"name":"REVISTA FEGICAT360 #01"}]},{"@type":"WebSite","@id":"https:\/\/www.actecir.cat\/#website","url":"https:\/\/www.actecir.cat\/","name":"Actecir","description":"Associaci\u00f3 Catalana de T\u00e8cnics en Energia, Climatitzaci\u00f3 i Refrigeraci\u00f3","publisher":{"@id":"https:\/\/www.actecir.cat\/#organization"},"potentialAction":[{"@type":"SearchAction","target":{"@type":"EntryPoint","urlTemplate":"https:\/\/www.actecir.cat\/?s={search_term_string}"},"query-input":{"@type":"PropertyValueSpecification","valueRequired":true,"valueName":"search_term_string"}}],"inLanguage":"es"},{"@type":"Organization","@id":"https:\/\/www.actecir.cat\/#organization","name":"Actecir","url":"https:\/\/www.actecir.cat\/","logo":{"@type":"ImageObject","inLanguage":"es","@id":"https:\/\/www.actecir.cat\/#\/schema\/logo\/image\/","url":"https:\/\/www.actecir.cat\/wp-content\/uploads\/2023\/04\/cropped-logo_actecir_60_alto.png","contentUrl":"https:\/\/www.actecir.cat\/wp-content\/uploads\/2023\/04\/cropped-logo_actecir_60_alto.png","width":283,"height":80,"caption":"Actecir"},"image":{"@id":"https:\/\/www.actecir.cat\/#\/schema\/logo\/image\/"},"sameAs":["https:\/\/x.com\/actecir","https:\/\/www.linkedin.com\/company\/actecir"]},{"@type":"Person","@id":"https:\/\/www.actecir.cat\/#\/schema\/person\/61d954f01e22a212b508d532e52d82dc","name":"Regina","url":"https:\/\/www.actecir.cat\/es\/author\/regina_actecir\/"}]}},"_links":{"self":[{"href":"https:\/\/www.actecir.cat\/es\/wp-json\/wp\/v2\/posts\/20461","targetHints":{"allow":["GET"]}}],"collection":[{"href":"https:\/\/www.actecir.cat\/es\/wp-json\/wp\/v2\/posts"}],"about":[{"href":"https:\/\/www.actecir.cat\/es\/wp-json\/wp\/v2\/types\/post"}],"author":[{"embeddable":true,"href":"https:\/\/www.actecir.cat\/es\/wp-json\/wp\/v2\/users\/261"}],"replies":[{"embeddable":true,"href":"https:\/\/www.actecir.cat\/es\/wp-json\/wp\/v2\/comments?post=20461"}],"version-history":[{"count":1,"href":"https:\/\/www.actecir.cat\/es\/wp-json\/wp\/v2\/posts\/20461\/revisions"}],"predecessor-version":[{"id":20464,"href":"https:\/\/www.actecir.cat\/es\/wp-json\/wp\/v2\/posts\/20461\/revisions\/20464"}],"wp:featuredmedia":[{"embeddable":true,"href":"https:\/\/www.actecir.cat\/es\/wp-json\/wp\/v2\/media\/20462"}],"wp:attachment":[{"href":"https:\/\/www.actecir.cat\/es\/wp-json\/wp\/v2\/media?parent=20461"}],"wp:term":[{"taxonomy":"category","embeddable":true,"href":"https:\/\/www.actecir.cat\/es\/wp-json\/wp\/v2\/categories?post=20461"},{"taxonomy":"post_tag","embeddable":true,"href":"https:\/\/www.actecir.cat\/es\/wp-json\/wp\/v2\/tags?post=20461"}],"curies":[{"name":"wp","href":"https:\/\/api.w.org\/{rel}","templated":true}]}}