{"id":20622,"date":"2026-01-21T12:46:06","date_gmt":"2026-01-21T11:46:06","guid":{"rendered":"https:\/\/www.actecir.cat\/?p=20622"},"modified":"2026-01-21T12:46:26","modified_gmt":"2026-01-21T11:46:26","slug":"el-biometano-como-vector-clave-en-la-descarbonizacion","status":"publish","type":"post","link":"https:\/\/www.actecir.cat\/es\/el-biometano-como-vector-clave-en-la-descarbonizacion\/","title":{"rendered":"El biometano como vector clave en la descarbonizaci\u00f3n"},"content":{"rendered":"<p><a href=\"https:\/\/www.fegeca.com\/\"><img fetchpriority=\"high\" decoding=\"async\" class=\"wp-image-20623 aligncenter\" src=\"https:\/\/www.actecir.cat\/wp-content\/uploads\/2026\/01\/banner-Jornada-AIRZONE-feb-2026_CAT-2-300x74.png\" alt=\"\" width=\"1054\" height=\"260\" srcset=\"https:\/\/www.actecir.cat\/wp-content\/uploads\/2026\/01\/banner-Jornada-AIRZONE-feb-2026_CAT-2-300x74.png 300w, https:\/\/www.actecir.cat\/wp-content\/uploads\/2026\/01\/banner-Jornada-AIRZONE-feb-2026_CAT-2-1024x254.png 1024w, https:\/\/www.actecir.cat\/wp-content\/uploads\/2026\/01\/banner-Jornada-AIRZONE-feb-2026_CAT-2-768x190.png 768w, https:\/\/www.actecir.cat\/wp-content\/uploads\/2026\/01\/banner-Jornada-AIRZONE-feb-2026_CAT-2-1536x380.png 1536w, https:\/\/www.actecir.cat\/wp-content\/uploads\/2026\/01\/banner-Jornada-AIRZONE-feb-2026_CAT-2-2048x507.png 2048w\" sizes=\"(max-width: 1054px) 100vw, 1054px\" \/><\/a><\/p>\n<p>&nbsp;<\/p>\n<h4>El biometano emerge como una de las soluciones m\u00e1s eficaces y realistas para avanzar en la descarbonizaci\u00f3n del sector de la edificaci\u00f3n, especialmente en la rehabilitaci\u00f3n del parque inmobiliario existente. As\u00ed lo expone FEGECA en un reciente art\u00edculo t\u00e9cnico que analiza el papel de este gas renovable en el actual contexto normativo y energ\u00e9tico.<\/h4>\n<p>&nbsp;<\/p>\n<h5>El art\u00edculo <em>\u201cEl biometano como vector clave en la descarbonizaci\u00f3n\u201d<\/em>, elaborado por <span style=\"text-decoration: underline;\"><strong>Carlos Salda\u00f1a<\/strong><\/span>, miembro de la Comisi\u00f3n T\u00e9cnica de <strong>FEGECA (Asociaci\u00f3n de Fabricantes de Generadores y Emisores de Calor)<\/strong>, pone de relieve el potencial del biometano como herramienta inmediata para reducir las emisiones de CO\u2082 en los edificios sin necesidad de acometer reformas profundas en las instalaciones existentes.<\/h5>\n<p>&nbsp;<\/p>\n<p>En un escenario marcado por los objetivos del Pacto Verde Europeo, el paquete legislativo Fit for 55 y el Plan Nacional Integrado de Energ\u00eda y Clima (PNIEC), el texto destaca el papel estrat\u00e9gico de los gases renovables como complemento a la electrificaci\u00f3n. En particular, el biometano sobresale por su plena compatibilidad con las infraestructuras gasistas actuales y con los sistemas de calefacci\u00f3n de alta eficiencia, como las calderas de condensaci\u00f3n, manteniendo los mismos niveles de rendimiento, operaci\u00f3n y confort.<\/p>\n<p>&nbsp;<\/p>\n<p>El an\u00e1lisis subraya adem\u00e1s que el uso de biometano puede suponer una reducci\u00f3n de emisiones de entre el 80 % y el 100 % respecto al gas natural f\u00f3sil, al tiempo que contribuye a la econom\u00eda circular mediante el aprovechamiento de residuos org\u00e1nicos. Esta caracter\u00edstica lo convierte en una soluci\u00f3n especialmente adecuada para la rehabilitaci\u00f3n energ\u00e9tica de edificios antiguos, que representan una parte mayoritaria del parque edificatorio espa\u00f1ol.<\/p>\n<p>&nbsp;<\/p>\n<p>Desde FEGECA se defiende un enfoque basado en la <strong>neutralidad tecnol\u00f3gica<\/strong>, en el que distintas soluciones eficientes y renovables convivan para alcanzar los objetivos clim\u00e1ticos de 2030 y 2050. En este contexto, el biometano se presenta como un vector energ\u00e9tico maduro, disponible y viable, capaz de acelerar la transici\u00f3n energ\u00e9tica de forma pragm\u00e1tica y ordenada, aprovechando las infraestructuras ya existentes.<\/p>\n<p>&nbsp;<\/p>\n<p>Accede aqu\u00ed al art\u00edculo completo:\u00a0 \u00a0<a href=\"https:\/\/www.actecir.cat\/wp-content\/uploads\/2026\/01\/articulo-tecnico-el-biometano-como-vector-clave-en-la-descarbonizacion-2026.pdf\"><img decoding=\"async\" class=\" wp-image-20631\" src=\"https:\/\/www.actecir.cat\/wp-content\/uploads\/2026\/01\/istockphoto-1263032734-612x612-1-300x300.jpg\" alt=\"\" width=\"110\" height=\"110\" srcset=\"https:\/\/www.actecir.cat\/wp-content\/uploads\/2026\/01\/istockphoto-1263032734-612x612-1-300x300.jpg 300w, https:\/\/www.actecir.cat\/wp-content\/uploads\/2026\/01\/istockphoto-1263032734-612x612-1-150x150.jpg 150w, https:\/\/www.actecir.cat\/wp-content\/uploads\/2026\/01\/istockphoto-1263032734-612x612-1.jpg 612w\" sizes=\"(max-width: 110px) 100vw, 110px\" \/><\/a><\/p>\n","protected":false},"excerpt":{"rendered":"<p>&nbsp; El biometano emerge como una de las soluciones m\u00e1s eficaces y realistas para avanzar en la descarbonizaci\u00f3n del sector de la edificaci\u00f3n, especialmente en la rehabilitaci\u00f3n del parque inmobiliario [&hellip;]<\/p>\n","protected":false},"author":261,"featured_media":20627,"comment_status":"closed","ping_status":"closed","sticky":false,"template":"","format":"standard","meta":{"footnotes":""},"categories":[25],"tags":[],"class_list":["post-20622","post","type-post","status-publish","format-standard","has-post-thumbnail","hentry","category-noticias"],"yoast_head":"<!-- This site is optimized with the Yoast SEO plugin v27.2 - https:\/\/yoast.com\/product\/yoast-seo-wordpress\/ -->\n<title>El biometano como vector clave en la descarbonizaci\u00f3n - Actecir<\/title>\n<meta name=\"robots\" content=\"index, follow, max-snippet:-1, max-image-preview:large, max-video-preview:-1\" \/>\n<link rel=\"canonical\" href=\"https:\/\/www.actecir.cat\/es\/el-biometano-como-vector-clave-en-la-descarbonizacion\/\" \/>\n<meta property=\"og:locale\" content=\"es_ES\" \/>\n<meta property=\"og:type\" content=\"article\" \/>\n<meta property=\"og:title\" content=\"El biometano como vector clave en la descarbonizaci\u00f3n - Actecir\" \/>\n<meta property=\"og:description\" content=\"&nbsp; El biometano emerge como una de las soluciones m\u00e1s eficaces y realistas para avanzar en la descarbonizaci\u00f3n del sector de la edificaci\u00f3n, especialmente en la rehabilitaci\u00f3n del parque inmobiliario [&hellip;]\" \/>\n<meta property=\"og:url\" content=\"https:\/\/www.actecir.cat\/es\/el-biometano-como-vector-clave-en-la-descarbonizacion\/\" \/>\n<meta property=\"og:site_name\" content=\"Actecir\" \/>\n<meta property=\"article:published_time\" content=\"2026-01-21T11:46:06+00:00\" \/>\n<meta property=\"article:modified_time\" content=\"2026-01-21T11:46:26+00:00\" \/>\n<meta property=\"og:image\" content=\"https:\/\/www.actecir.cat\/wp-content\/uploads\/2026\/01\/noticias_-Articulo-FEGECA-biometano_enero-2026.png\" \/>\n\t<meta property=\"og:image:width\" content=\"600\" \/>\n\t<meta property=\"og:image:height\" content=\"400\" \/>\n\t<meta property=\"og:image:type\" content=\"image\/png\" \/>\n<meta name=\"author\" content=\"Regina\" \/>\n<meta name=\"twitter:card\" content=\"summary_large_image\" \/>\n<meta name=\"twitter:creator\" content=\"@actecir\" \/>\n<meta name=\"twitter:site\" content=\"@actecir\" \/>\n<meta name=\"twitter:label1\" content=\"Escrito por\" \/>\n\t<meta name=\"twitter:data1\" content=\"Regina\" \/>\n\t<meta name=\"twitter:label2\" content=\"Tiempo de lectura\" \/>\n\t<meta name=\"twitter:data2\" content=\"3 minutos\" \/>\n<script type=\"application\/ld+json\" class=\"yoast-schema-graph\">{\"@context\":\"https:\/\/schema.org\",\"@graph\":[{\"@type\":\"Article\",\"@id\":\"https:\/\/www.actecir.cat\/es\/el-biometano-como-vector-clave-en-la-descarbonizacion\/#article\",\"isPartOf\":{\"@id\":\"https:\/\/www.actecir.cat\/es\/el-biometano-como-vector-clave-en-la-descarbonizacion\/\"},\"author\":{\"name\":\"Regina\",\"@id\":\"https:\/\/www.actecir.cat\/#\/schema\/person\/61d954f01e22a212b508d532e52d82dc\"},\"headline\":\"El biometano como vector clave en la descarbonizaci\u00f3n\",\"datePublished\":\"2026-01-21T11:46:06+00:00\",\"dateModified\":\"2026-01-21T11:46:26+00:00\",\"mainEntityOfPage\":{\"@id\":\"https:\/\/www.actecir.cat\/es\/el-biometano-como-vector-clave-en-la-descarbonizacion\/\"},\"wordCount\":370,\"publisher\":{\"@id\":\"https:\/\/www.actecir.cat\/#organization\"},\"image\":{\"@id\":\"https:\/\/www.actecir.cat\/es\/el-biometano-como-vector-clave-en-la-descarbonizacion\/#primaryimage\"},\"thumbnailUrl\":\"https:\/\/www.actecir.cat\/wp-content\/uploads\/2026\/01\/noticias_-Articulo-FEGECA-biometano_enero-2026.png\",\"articleSection\":[\"Noticias\"],\"inLanguage\":\"es\"},{\"@type\":\"WebPage\",\"@id\":\"https:\/\/www.actecir.cat\/es\/el-biometano-como-vector-clave-en-la-descarbonizacion\/\",\"url\":\"https:\/\/www.actecir.cat\/es\/el-biometano-como-vector-clave-en-la-descarbonizacion\/\",\"name\":\"El biometano como vector clave en la descarbonizaci\u00f3n - Actecir\",\"isPartOf\":{\"@id\":\"https:\/\/www.actecir.cat\/#website\"},\"primaryImageOfPage\":{\"@id\":\"https:\/\/www.actecir.cat\/es\/el-biometano-como-vector-clave-en-la-descarbonizacion\/#primaryimage\"},\"image\":{\"@id\":\"https:\/\/www.actecir.cat\/es\/el-biometano-como-vector-clave-en-la-descarbonizacion\/#primaryimage\"},\"thumbnailUrl\":\"https:\/\/www.actecir.cat\/wp-content\/uploads\/2026\/01\/noticias_-Articulo-FEGECA-biometano_enero-2026.png\",\"datePublished\":\"2026-01-21T11:46:06+00:00\",\"dateModified\":\"2026-01-21T11:46:26+00:00\",\"breadcrumb\":{\"@id\":\"https:\/\/www.actecir.cat\/es\/el-biometano-como-vector-clave-en-la-descarbonizacion\/#breadcrumb\"},\"inLanguage\":\"es\",\"potentialAction\":[{\"@type\":\"ReadAction\",\"target\":[\"https:\/\/www.actecir.cat\/es\/el-biometano-como-vector-clave-en-la-descarbonizacion\/\"]}]},{\"@type\":\"ImageObject\",\"inLanguage\":\"es\",\"@id\":\"https:\/\/www.actecir.cat\/es\/el-biometano-como-vector-clave-en-la-descarbonizacion\/#primaryimage\",\"url\":\"https:\/\/www.actecir.cat\/wp-content\/uploads\/2026\/01\/noticias_-Articulo-FEGECA-biometano_enero-2026.png\",\"contentUrl\":\"https:\/\/www.actecir.cat\/wp-content\/uploads\/2026\/01\/noticias_-Articulo-FEGECA-biometano_enero-2026.png\",\"width\":600,\"height\":400},{\"@type\":\"BreadcrumbList\",\"@id\":\"https:\/\/www.actecir.cat\/es\/el-biometano-como-vector-clave-en-la-descarbonizacion\/#breadcrumb\",\"itemListElement\":[{\"@type\":\"ListItem\",\"position\":1,\"name\":\"Inici\",\"item\":\"https:\/\/www.actecir.cat\/es\/\"},{\"@type\":\"ListItem\",\"position\":2,\"name\":\"El biometano como vector clave en la descarbonizaci\u00f3n\"}]},{\"@type\":\"WebSite\",\"@id\":\"https:\/\/www.actecir.cat\/#website\",\"url\":\"https:\/\/www.actecir.cat\/\",\"name\":\"Actecir\",\"description\":\"Associaci\u00f3 Catalana de T\u00e8cnics en Energia, Climatitzaci\u00f3 i Refrigeraci\u00f3\",\"publisher\":{\"@id\":\"https:\/\/www.actecir.cat\/#organization\"},\"potentialAction\":[{\"@type\":\"SearchAction\",\"target\":{\"@type\":\"EntryPoint\",\"urlTemplate\":\"https:\/\/www.actecir.cat\/?s={search_term_string}\"},\"query-input\":{\"@type\":\"PropertyValueSpecification\",\"valueRequired\":true,\"valueName\":\"search_term_string\"}}],\"inLanguage\":\"es\"},{\"@type\":\"Organization\",\"@id\":\"https:\/\/www.actecir.cat\/#organization\",\"name\":\"Actecir\",\"url\":\"https:\/\/www.actecir.cat\/\",\"logo\":{\"@type\":\"ImageObject\",\"inLanguage\":\"es\",\"@id\":\"https:\/\/www.actecir.cat\/#\/schema\/logo\/image\/\",\"url\":\"https:\/\/www.actecir.cat\/wp-content\/uploads\/2023\/04\/cropped-logo_actecir_60_alto.png\",\"contentUrl\":\"https:\/\/www.actecir.cat\/wp-content\/uploads\/2023\/04\/cropped-logo_actecir_60_alto.png\",\"width\":283,\"height\":80,\"caption\":\"Actecir\"},\"image\":{\"@id\":\"https:\/\/www.actecir.cat\/#\/schema\/logo\/image\/\"},\"sameAs\":[\"https:\/\/x.com\/actecir\",\"https:\/\/www.linkedin.com\/company\/actecir\"]},{\"@type\":\"Person\",\"@id\":\"https:\/\/www.actecir.cat\/#\/schema\/person\/61d954f01e22a212b508d532e52d82dc\",\"name\":\"Regina\",\"url\":\"https:\/\/www.actecir.cat\/es\/author\/regina_actecir\/\"}]}<\/script>\n<!-- \/ Yoast SEO plugin. -->","yoast_head_json":{"title":"El biometano como vector clave en la descarbonizaci\u00f3n - Actecir","robots":{"index":"index","follow":"follow","max-snippet":"max-snippet:-1","max-image-preview":"max-image-preview:large","max-video-preview":"max-video-preview:-1"},"canonical":"https:\/\/www.actecir.cat\/es\/el-biometano-como-vector-clave-en-la-descarbonizacion\/","og_locale":"es_ES","og_type":"article","og_title":"El biometano como vector clave en la descarbonizaci\u00f3n - Actecir","og_description":"&nbsp; El biometano emerge como una de las soluciones m\u00e1s eficaces y realistas para avanzar en la descarbonizaci\u00f3n del sector de la edificaci\u00f3n, especialmente en la rehabilitaci\u00f3n del parque inmobiliario [&hellip;]","og_url":"https:\/\/www.actecir.cat\/es\/el-biometano-como-vector-clave-en-la-descarbonizacion\/","og_site_name":"Actecir","article_published_time":"2026-01-21T11:46:06+00:00","article_modified_time":"2026-01-21T11:46:26+00:00","og_image":[{"width":600,"height":400,"url":"https:\/\/www.actecir.cat\/wp-content\/uploads\/2026\/01\/noticias_-Articulo-FEGECA-biometano_enero-2026.png","type":"image\/png"}],"author":"Regina","twitter_card":"summary_large_image","twitter_creator":"@actecir","twitter_site":"@actecir","twitter_misc":{"Escrito por":"Regina","Tiempo de lectura":"3 minutos"},"schema":{"@context":"https:\/\/schema.org","@graph":[{"@type":"Article","@id":"https:\/\/www.actecir.cat\/es\/el-biometano-como-vector-clave-en-la-descarbonizacion\/#article","isPartOf":{"@id":"https:\/\/www.actecir.cat\/es\/el-biometano-como-vector-clave-en-la-descarbonizacion\/"},"author":{"name":"Regina","@id":"https:\/\/www.actecir.cat\/#\/schema\/person\/61d954f01e22a212b508d532e52d82dc"},"headline":"El biometano como vector clave en la descarbonizaci\u00f3n","datePublished":"2026-01-21T11:46:06+00:00","dateModified":"2026-01-21T11:46:26+00:00","mainEntityOfPage":{"@id":"https:\/\/www.actecir.cat\/es\/el-biometano-como-vector-clave-en-la-descarbonizacion\/"},"wordCount":370,"publisher":{"@id":"https:\/\/www.actecir.cat\/#organization"},"image":{"@id":"https:\/\/www.actecir.cat\/es\/el-biometano-como-vector-clave-en-la-descarbonizacion\/#primaryimage"},"thumbnailUrl":"https:\/\/www.actecir.cat\/wp-content\/uploads\/2026\/01\/noticias_-Articulo-FEGECA-biometano_enero-2026.png","articleSection":["Noticias"],"inLanguage":"es"},{"@type":"WebPage","@id":"https:\/\/www.actecir.cat\/es\/el-biometano-como-vector-clave-en-la-descarbonizacion\/","url":"https:\/\/www.actecir.cat\/es\/el-biometano-como-vector-clave-en-la-descarbonizacion\/","name":"El biometano como vector clave en la descarbonizaci\u00f3n - Actecir","isPartOf":{"@id":"https:\/\/www.actecir.cat\/#website"},"primaryImageOfPage":{"@id":"https:\/\/www.actecir.cat\/es\/el-biometano-como-vector-clave-en-la-descarbonizacion\/#primaryimage"},"image":{"@id":"https:\/\/www.actecir.cat\/es\/el-biometano-como-vector-clave-en-la-descarbonizacion\/#primaryimage"},"thumbnailUrl":"https:\/\/www.actecir.cat\/wp-content\/uploads\/2026\/01\/noticias_-Articulo-FEGECA-biometano_enero-2026.png","datePublished":"2026-01-21T11:46:06+00:00","dateModified":"2026-01-21T11:46:26+00:00","breadcrumb":{"@id":"https:\/\/www.actecir.cat\/es\/el-biometano-como-vector-clave-en-la-descarbonizacion\/#breadcrumb"},"inLanguage":"es","potentialAction":[{"@type":"ReadAction","target":["https:\/\/www.actecir.cat\/es\/el-biometano-como-vector-clave-en-la-descarbonizacion\/"]}]},{"@type":"ImageObject","inLanguage":"es","@id":"https:\/\/www.actecir.cat\/es\/el-biometano-como-vector-clave-en-la-descarbonizacion\/#primaryimage","url":"https:\/\/www.actecir.cat\/wp-content\/uploads\/2026\/01\/noticias_-Articulo-FEGECA-biometano_enero-2026.png","contentUrl":"https:\/\/www.actecir.cat\/wp-content\/uploads\/2026\/01\/noticias_-Articulo-FEGECA-biometano_enero-2026.png","width":600,"height":400},{"@type":"BreadcrumbList","@id":"https:\/\/www.actecir.cat\/es\/el-biometano-como-vector-clave-en-la-descarbonizacion\/#breadcrumb","itemListElement":[{"@type":"ListItem","position":1,"name":"Inici","item":"https:\/\/www.actecir.cat\/es\/"},{"@type":"ListItem","position":2,"name":"El biometano como vector clave en la descarbonizaci\u00f3n"}]},{"@type":"WebSite","@id":"https:\/\/www.actecir.cat\/#website","url":"https:\/\/www.actecir.cat\/","name":"Actecir","description":"Associaci\u00f3 Catalana de T\u00e8cnics en Energia, Climatitzaci\u00f3 i Refrigeraci\u00f3","publisher":{"@id":"https:\/\/www.actecir.cat\/#organization"},"potentialAction":[{"@type":"SearchAction","target":{"@type":"EntryPoint","urlTemplate":"https:\/\/www.actecir.cat\/?s={search_term_string}"},"query-input":{"@type":"PropertyValueSpecification","valueRequired":true,"valueName":"search_term_string"}}],"inLanguage":"es"},{"@type":"Organization","@id":"https:\/\/www.actecir.cat\/#organization","name":"Actecir","url":"https:\/\/www.actecir.cat\/","logo":{"@type":"ImageObject","inLanguage":"es","@id":"https:\/\/www.actecir.cat\/#\/schema\/logo\/image\/","url":"https:\/\/www.actecir.cat\/wp-content\/uploads\/2023\/04\/cropped-logo_actecir_60_alto.png","contentUrl":"https:\/\/www.actecir.cat\/wp-content\/uploads\/2023\/04\/cropped-logo_actecir_60_alto.png","width":283,"height":80,"caption":"Actecir"},"image":{"@id":"https:\/\/www.actecir.cat\/#\/schema\/logo\/image\/"},"sameAs":["https:\/\/x.com\/actecir","https:\/\/www.linkedin.com\/company\/actecir"]},{"@type":"Person","@id":"https:\/\/www.actecir.cat\/#\/schema\/person\/61d954f01e22a212b508d532e52d82dc","name":"Regina","url":"https:\/\/www.actecir.cat\/es\/author\/regina_actecir\/"}]}},"_links":{"self":[{"href":"https:\/\/www.actecir.cat\/es\/wp-json\/wp\/v2\/posts\/20622","targetHints":{"allow":["GET"]}}],"collection":[{"href":"https:\/\/www.actecir.cat\/es\/wp-json\/wp\/v2\/posts"}],"about":[{"href":"https:\/\/www.actecir.cat\/es\/wp-json\/wp\/v2\/types\/post"}],"author":[{"embeddable":true,"href":"https:\/\/www.actecir.cat\/es\/wp-json\/wp\/v2\/users\/261"}],"replies":[{"embeddable":true,"href":"https:\/\/www.actecir.cat\/es\/wp-json\/wp\/v2\/comments?post=20622"}],"version-history":[{"count":1,"href":"https:\/\/www.actecir.cat\/es\/wp-json\/wp\/v2\/posts\/20622\/revisions"}],"predecessor-version":[{"id":20638,"href":"https:\/\/www.actecir.cat\/es\/wp-json\/wp\/v2\/posts\/20622\/revisions\/20638"}],"wp:featuredmedia":[{"embeddable":true,"href":"https:\/\/www.actecir.cat\/es\/wp-json\/wp\/v2\/media\/20627"}],"wp:attachment":[{"href":"https:\/\/www.actecir.cat\/es\/wp-json\/wp\/v2\/media?parent=20622"}],"wp:term":[{"taxonomy":"category","embeddable":true,"href":"https:\/\/www.actecir.cat\/es\/wp-json\/wp\/v2\/categories?post=20622"},{"taxonomy":"post_tag","embeddable":true,"href":"https:\/\/www.actecir.cat\/es\/wp-json\/wp\/v2\/tags?post=20622"}],"curies":[{"name":"wp","href":"https:\/\/api.w.org\/{rel}","templated":true}]}}