{"id":21160,"date":"2026-04-13T14:14:24","date_gmt":"2026-04-13T12:14:24","guid":{"rendered":"https:\/\/www.actecir.cat\/evento-anual-actecer-save-the-date\/"},"modified":"2026-04-22T13:32:15","modified_gmt":"2026-04-22T11:32:15","slug":"evento-anual-actecer-save-the-date","status":"publish","type":"post","link":"https:\/\/www.actecir.cat\/es\/evento-anual-actecer-save-the-date\/","title":{"rendered":"Generando el Mejor Clima &#8211; Save the Date"},"content":{"rendered":"<p><img fetchpriority=\"high\" decoding=\"async\" class=\"alignnone wp-image-21391\" src=\"https:\/\/www.actecir.cat\/wp-content\/uploads\/2026\/04\/Banner-GENERANT-EL-MILLOR-CLIMA-2026_cat-300x74.png\" alt=\"\" width=\"1464\" height=\"361\" srcset=\"https:\/\/www.actecir.cat\/wp-content\/uploads\/2026\/04\/Banner-GENERANT-EL-MILLOR-CLIMA-2026_cat-300x74.png 300w, https:\/\/www.actecir.cat\/wp-content\/uploads\/2026\/04\/Banner-GENERANT-EL-MILLOR-CLIMA-2026_cat-1024x254.png 1024w, https:\/\/www.actecir.cat\/wp-content\/uploads\/2026\/04\/Banner-GENERANT-EL-MILLOR-CLIMA-2026_cat-768x190.png 768w, https:\/\/www.actecir.cat\/wp-content\/uploads\/2026\/04\/Banner-GENERANT-EL-MILLOR-CLIMA-2026_cat-1536x380.png 1536w, https:\/\/www.actecir.cat\/wp-content\/uploads\/2026\/04\/Banner-GENERANT-EL-MILLOR-CLIMA-2026_cat-2048x507.png 2048w\" sizes=\"(max-width: 1464px) 100vw, 1464px\" \/><\/p>\n<p>&nbsp;<\/p>\n<h1 style=\"text-align: center;\"><strong>10 a\u00f1os generando el mejor clima<\/strong><\/h1>\n<div>\n<p>&nbsp;<\/p>\n<p>Un a\u00f1o m\u00e1s, ACTECIR celebra su evento <span style=\"color: #000080;\"><strong>GENERANDO EL MEJOR CLIMA<\/strong><\/span> , que este a\u00f1o llega a su <strong><span style=\"color: #ffcc00;\">10\u00aa edici\u00f3n<\/span><\/strong> , un hito muy especial que marca diez a\u00f1os impulsando el sector y fomentando el encuentro profesional.<\/p>\n<p><img decoding=\"async\" class=\"size-full wp-image-21407 alignleft\" src=\"https:\/\/www.actecir.cat\/wp-content\/uploads\/2026\/03\/logo-premios-fondo-blanco.png\" alt=\"\" width=\"200\" height=\"200\" srcset=\"https:\/\/www.actecir.cat\/wp-content\/uploads\/2026\/03\/logo-premios-fondo-blanco.png 200w, https:\/\/www.actecir.cat\/wp-content\/uploads\/2026\/03\/logo-premios-fondo-blanco-150x150.png 150w\" sizes=\"(max-width: 200px) 100vw, 200px\" \/>Esta edici\u00f3n conmemorativa consolida el evento como una cita de referencia plenamente consolidada e imprescindible, donde compartir conocimiento, tendencias y experiencias despu\u00e9s de <span style=\"color: #000080;\"><strong>10 a\u00f1os generando el mejor clima<\/strong> .<\/span><\/p>\n<p>El evento re\u00fane a instaladores, fabricantes, prescriptores y profesionales t\u00e9cnicos de la climatizaci\u00f3n, la refrigeraci\u00f3n, las energ\u00edas renovables y la ventilaci\u00f3n, creando un espacio de encuentro transversal y enriquecedor para toda la comunidad profesional.<img decoding=\"async\" class=\" wp-image-21409 alignright\" src=\"https:\/\/www.actecir.cat\/wp-content\/uploads\/2026\/03\/aro-10a-edicio.png\" alt=\"\" width=\"164\" height=\"164\" srcset=\"https:\/\/www.actecir.cat\/wp-content\/uploads\/2026\/03\/aro-10a-edicio.png 200w, https:\/\/www.actecir.cat\/wp-content\/uploads\/2026\/03\/aro-10a-edicio-150x150.png 150w\" sizes=\"(max-width: 164px) 100vw, 164px\" \/><\/p>\n<p>&nbsp;<\/p>\n<p>Para celebrar como es debido esta <span style=\"color: #ffcc00;\"><strong>10\u00aa edici\u00f3n<\/strong><\/span> , hemos escogido <a href=\"https:\/\/calblay.com\/restaurants\/la-masia-esplugues\/\"><strong>La Mas\u00eda de Esplugues<\/strong><\/a> , un espacio con encanto y personalidad gestionado por <strong>Cal Blay<\/strong> , que destaca por su combinaci\u00f3n de tradici\u00f3n, modernidad y cuidado por los detalles.<\/p>\n<p>&nbsp;<\/p>\n<p>&nbsp;<\/p>\n<p><a href=\"https:\/\/www.actecir.cat\/wp-content\/uploads\/2026\/04\/Dossier-Generant-el-Millor-Clima-2026_-NO-Soci.pdf\"><img loading=\"lazy\" decoding=\"async\" class=\"size-full wp-image-21439 alignleft\" src=\"https:\/\/www.actecir.cat\/wp-content\/uploads\/2026\/04\/Boton-Genernt-el-Millor-Clima_DOSSIER_cast.png\" alt=\"\" width=\"200\" height=\"100\" \/><\/a>Nos espera una noche muy especial, llena de energ\u00eda y celebraci\u00f3n, con una charla motivacional pensada para inspirar y darnos un renovado impulso.<\/p>\n<p>Y, para celebrar este <span style=\"color: #ffcc00;\"><strong>10 aniversario<\/strong><\/span> tan especial, hemos preparado un <strong>sorteo exclusivo<\/strong> que no querr\u00e1s dejar escapar.<\/p>\n<p>&nbsp;<\/p>\n<p>&nbsp;<\/p>\n<p>\ud83d\udc49 <strong>Para realizar la inscripci\u00f3n<\/strong> , ya est\u00e1 disponible el <strong>formulario de inscripci\u00f3n<\/strong> , a trav\u00e9s del cual podr\u00e1s <strong>inscribirte y reservar tu plaza<\/strong> .<\/p>\n<p>Para beneficiarte del descuento, deber\u00e1s introducir el <strong><span style=\"color: #333399;\">c\u00f3digo de descuento<\/span><\/strong> que ACTECIR te habr\u00e1 hecho llegar. En caso de no haberlo recibido, ponte en contacto con nosotros en <a href=\"mailto:actecir@acetcir.cat\">actecir@acetcir.cat<\/a> .<\/p>\n<p>&nbsp;<\/p>\n<\/div>\n<p><a href=\"https:\/\/event.meetmaps.com\/28657541622275779\/ca\/registration\"><img loading=\"lazy\" decoding=\"async\" class=\"size-medium wp-image-21423 aligncenter\" src=\"https:\/\/www.actecir.cat\/wp-content\/uploads\/2026\/04\/BOTONES-Generant-el-Millor-Clima_LINK-FORMULARIO_cast-300x149.png\" alt=\"\" width=\"300\" height=\"149\" srcset=\"https:\/\/www.actecir.cat\/wp-content\/uploads\/2026\/04\/BOTONES-Generant-el-Millor-Clima_LINK-FORMULARIO_cast-300x149.png 300w, https:\/\/www.actecir.cat\/wp-content\/uploads\/2026\/04\/BOTONES-Generant-el-Millor-Clima_LINK-FORMULARIO_cast.png 400w\" sizes=\"(max-width: 300px) 100vw, 300px\" \/><\/a><\/p>\n<p>&nbsp;<\/p>\n<p>&nbsp;<\/p>\n<p>&nbsp;<\/p>\n<div>\n<p style=\"text-align: center;\"><strong>Os esperamos para vivir juntos una edici\u00f3n \u00fanica y conmemorativa. <span style=\"color: #000080;\">\u00a1No se lo pierdan!<\/span><\/strong><\/p>\n<\/div>\n","protected":false},"excerpt":{"rendered":"<p>&nbsp; 10 a\u00f1os generando el mejor clima &nbsp; Un a\u00f1o m\u00e1s, ACTECIR celebra su evento GENERANDO EL MEJOR CLIMA , que este a\u00f1o llega a su 10\u00aa edici\u00f3n , un [&hellip;]<\/p>\n","protected":false},"author":261,"featured_media":21425,"comment_status":"closed","ping_status":"closed","sticky":false,"template":"","format":"standard","meta":{"footnotes":""},"categories":[25],"tags":[],"class_list":["post-21160","post","type-post","status-publish","format-standard","has-post-thumbnail","hentry","category-noticias"],"yoast_head":"<!-- This site is optimized with the Yoast SEO plugin v27.2 - https:\/\/yoast.com\/product\/yoast-seo-wordpress\/ -->\n<title>Generando el Mejor Clima - Save the Date - Actecir<\/title>\n<meta name=\"robots\" content=\"index, follow, max-snippet:-1, max-image-preview:large, max-video-preview:-1\" \/>\n<link rel=\"canonical\" href=\"https:\/\/www.actecir.cat\/es\/evento-anual-actecer-save-the-date\/\" \/>\n<meta property=\"og:locale\" content=\"es_ES\" \/>\n<meta property=\"og:type\" content=\"article\" \/>\n<meta property=\"og:title\" content=\"Generando el Mejor Clima - Save the Date - Actecir\" \/>\n<meta property=\"og:description\" content=\"&nbsp; 10 a\u00f1os generando el mejor clima &nbsp; Un a\u00f1o m\u00e1s, ACTECIR celebra su evento GENERANDO EL MEJOR CLIMA , que este a\u00f1o llega a su 10\u00aa edici\u00f3n , un [&hellip;]\" \/>\n<meta property=\"og:url\" content=\"https:\/\/www.actecir.cat\/es\/evento-anual-actecer-save-the-date\/\" \/>\n<meta property=\"og:site_name\" content=\"Actecir\" \/>\n<meta property=\"article:published_time\" content=\"2026-04-13T12:14:24+00:00\" \/>\n<meta property=\"article:modified_time\" content=\"2026-04-22T11:32:15+00:00\" \/>\n<meta property=\"og:image\" content=\"https:\/\/www.actecir.cat\/wp-content\/uploads\/2026\/04\/600X400-Generant-el-Millor-Clima_-save-the-date_cast.png\" \/>\n\t<meta property=\"og:image:width\" content=\"600\" \/>\n\t<meta property=\"og:image:height\" content=\"400\" \/>\n\t<meta property=\"og:image:type\" content=\"image\/png\" \/>\n<meta name=\"author\" content=\"Regina\" \/>\n<meta name=\"twitter:card\" content=\"summary_large_image\" \/>\n<meta name=\"twitter:creator\" content=\"@actecir\" \/>\n<meta name=\"twitter:site\" content=\"@actecir\" \/>\n<meta name=\"twitter:label1\" content=\"Escrito por\" \/>\n\t<meta name=\"twitter:data1\" content=\"Regina\" \/>\n\t<meta name=\"twitter:label2\" content=\"Tiempo de lectura\" \/>\n\t<meta name=\"twitter:data2\" content=\"3 minutos\" \/>\n<script type=\"application\/ld+json\" class=\"yoast-schema-graph\">{\"@context\":\"https:\/\/schema.org\",\"@graph\":[{\"@type\":\"Article\",\"@id\":\"https:\/\/www.actecir.cat\/es\/evento-anual-actecer-save-the-date\/#article\",\"isPartOf\":{\"@id\":\"https:\/\/www.actecir.cat\/es\/evento-anual-actecer-save-the-date\/\"},\"author\":{\"name\":\"Regina\",\"@id\":\"https:\/\/www.actecir.cat\/#\/schema\/person\/61d954f01e22a212b508d532e52d82dc\"},\"headline\":\"Generando el Mejor Clima &#8211; Save the Date\",\"datePublished\":\"2026-04-13T12:14:24+00:00\",\"dateModified\":\"2026-04-22T11:32:15+00:00\",\"mainEntityOfPage\":{\"@id\":\"https:\/\/www.actecir.cat\/es\/evento-anual-actecer-save-the-date\/\"},\"wordCount\":291,\"publisher\":{\"@id\":\"https:\/\/www.actecir.cat\/#organization\"},\"image\":{\"@id\":\"https:\/\/www.actecir.cat\/es\/evento-anual-actecer-save-the-date\/#primaryimage\"},\"thumbnailUrl\":\"https:\/\/www.actecir.cat\/wp-content\/uploads\/2026\/04\/600X400-Generant-el-Millor-Clima_-save-the-date_cast.png\",\"articleSection\":[\"Noticias\"],\"inLanguage\":\"es\"},{\"@type\":\"WebPage\",\"@id\":\"https:\/\/www.actecir.cat\/es\/evento-anual-actecer-save-the-date\/\",\"url\":\"https:\/\/www.actecir.cat\/es\/evento-anual-actecer-save-the-date\/\",\"name\":\"Generando el Mejor Clima - Save the Date - Actecir\",\"isPartOf\":{\"@id\":\"https:\/\/www.actecir.cat\/#website\"},\"primaryImageOfPage\":{\"@id\":\"https:\/\/www.actecir.cat\/es\/evento-anual-actecer-save-the-date\/#primaryimage\"},\"image\":{\"@id\":\"https:\/\/www.actecir.cat\/es\/evento-anual-actecer-save-the-date\/#primaryimage\"},\"thumbnailUrl\":\"https:\/\/www.actecir.cat\/wp-content\/uploads\/2026\/04\/600X400-Generant-el-Millor-Clima_-save-the-date_cast.png\",\"datePublished\":\"2026-04-13T12:14:24+00:00\",\"dateModified\":\"2026-04-22T11:32:15+00:00\",\"breadcrumb\":{\"@id\":\"https:\/\/www.actecir.cat\/es\/evento-anual-actecer-save-the-date\/#breadcrumb\"},\"inLanguage\":\"es\",\"potentialAction\":[{\"@type\":\"ReadAction\",\"target\":[\"https:\/\/www.actecir.cat\/es\/evento-anual-actecer-save-the-date\/\"]}]},{\"@type\":\"ImageObject\",\"inLanguage\":\"es\",\"@id\":\"https:\/\/www.actecir.cat\/es\/evento-anual-actecer-save-the-date\/#primaryimage\",\"url\":\"https:\/\/www.actecir.cat\/wp-content\/uploads\/2026\/04\/600X400-Generant-el-Millor-Clima_-save-the-date_cast.png\",\"contentUrl\":\"https:\/\/www.actecir.cat\/wp-content\/uploads\/2026\/04\/600X400-Generant-el-Millor-Clima_-save-the-date_cast.png\",\"width\":600,\"height\":400},{\"@type\":\"BreadcrumbList\",\"@id\":\"https:\/\/www.actecir.cat\/es\/evento-anual-actecer-save-the-date\/#breadcrumb\",\"itemListElement\":[{\"@type\":\"ListItem\",\"position\":1,\"name\":\"Inici\",\"item\":\"https:\/\/www.actecir.cat\/es\/\"},{\"@type\":\"ListItem\",\"position\":2,\"name\":\"Generando el Mejor Clima &#8211; Save the Date\"}]},{\"@type\":\"WebSite\",\"@id\":\"https:\/\/www.actecir.cat\/#website\",\"url\":\"https:\/\/www.actecir.cat\/\",\"name\":\"Actecir\",\"description\":\"Associaci\u00f3 Catalana de T\u00e8cnics en Energia, Climatitzaci\u00f3 i Refrigeraci\u00f3\",\"publisher\":{\"@id\":\"https:\/\/www.actecir.cat\/#organization\"},\"potentialAction\":[{\"@type\":\"SearchAction\",\"target\":{\"@type\":\"EntryPoint\",\"urlTemplate\":\"https:\/\/www.actecir.cat\/?s={search_term_string}\"},\"query-input\":{\"@type\":\"PropertyValueSpecification\",\"valueRequired\":true,\"valueName\":\"search_term_string\"}}],\"inLanguage\":\"es\"},{\"@type\":\"Organization\",\"@id\":\"https:\/\/www.actecir.cat\/#organization\",\"name\":\"Actecir\",\"url\":\"https:\/\/www.actecir.cat\/\",\"logo\":{\"@type\":\"ImageObject\",\"inLanguage\":\"es\",\"@id\":\"https:\/\/www.actecir.cat\/#\/schema\/logo\/image\/\",\"url\":\"https:\/\/www.actecir.cat\/wp-content\/uploads\/2023\/04\/cropped-logo_actecir_60_alto.png\",\"contentUrl\":\"https:\/\/www.actecir.cat\/wp-content\/uploads\/2023\/04\/cropped-logo_actecir_60_alto.png\",\"width\":283,\"height\":80,\"caption\":\"Actecir\"},\"image\":{\"@id\":\"https:\/\/www.actecir.cat\/#\/schema\/logo\/image\/\"},\"sameAs\":[\"https:\/\/x.com\/actecir\",\"https:\/\/www.linkedin.com\/company\/actecir\"]},{\"@type\":\"Person\",\"@id\":\"https:\/\/www.actecir.cat\/#\/schema\/person\/61d954f01e22a212b508d532e52d82dc\",\"name\":\"Regina\",\"url\":\"https:\/\/www.actecir.cat\/es\/author\/regina_actecir\/\"}]}<\/script>\n<!-- \/ Yoast SEO plugin. -->","yoast_head_json":{"title":"Generando el Mejor Clima - Save the Date - Actecir","robots":{"index":"index","follow":"follow","max-snippet":"max-snippet:-1","max-image-preview":"max-image-preview:large","max-video-preview":"max-video-preview:-1"},"canonical":"https:\/\/www.actecir.cat\/es\/evento-anual-actecer-save-the-date\/","og_locale":"es_ES","og_type":"article","og_title":"Generando el Mejor Clima - Save the Date - Actecir","og_description":"&nbsp; 10 a\u00f1os generando el mejor clima &nbsp; Un a\u00f1o m\u00e1s, ACTECIR celebra su evento GENERANDO EL MEJOR CLIMA , que este a\u00f1o llega a su 10\u00aa edici\u00f3n , un [&hellip;]","og_url":"https:\/\/www.actecir.cat\/es\/evento-anual-actecer-save-the-date\/","og_site_name":"Actecir","article_published_time":"2026-04-13T12:14:24+00:00","article_modified_time":"2026-04-22T11:32:15+00:00","og_image":[{"width":600,"height":400,"url":"https:\/\/www.actecir.cat\/wp-content\/uploads\/2026\/04\/600X400-Generant-el-Millor-Clima_-save-the-date_cast.png","type":"image\/png"}],"author":"Regina","twitter_card":"summary_large_image","twitter_creator":"@actecir","twitter_site":"@actecir","twitter_misc":{"Escrito por":"Regina","Tiempo de lectura":"3 minutos"},"schema":{"@context":"https:\/\/schema.org","@graph":[{"@type":"Article","@id":"https:\/\/www.actecir.cat\/es\/evento-anual-actecer-save-the-date\/#article","isPartOf":{"@id":"https:\/\/www.actecir.cat\/es\/evento-anual-actecer-save-the-date\/"},"author":{"name":"Regina","@id":"https:\/\/www.actecir.cat\/#\/schema\/person\/61d954f01e22a212b508d532e52d82dc"},"headline":"Generando el Mejor Clima &#8211; Save the Date","datePublished":"2026-04-13T12:14:24+00:00","dateModified":"2026-04-22T11:32:15+00:00","mainEntityOfPage":{"@id":"https:\/\/www.actecir.cat\/es\/evento-anual-actecer-save-the-date\/"},"wordCount":291,"publisher":{"@id":"https:\/\/www.actecir.cat\/#organization"},"image":{"@id":"https:\/\/www.actecir.cat\/es\/evento-anual-actecer-save-the-date\/#primaryimage"},"thumbnailUrl":"https:\/\/www.actecir.cat\/wp-content\/uploads\/2026\/04\/600X400-Generant-el-Millor-Clima_-save-the-date_cast.png","articleSection":["Noticias"],"inLanguage":"es"},{"@type":"WebPage","@id":"https:\/\/www.actecir.cat\/es\/evento-anual-actecer-save-the-date\/","url":"https:\/\/www.actecir.cat\/es\/evento-anual-actecer-save-the-date\/","name":"Generando el Mejor Clima - Save the Date - Actecir","isPartOf":{"@id":"https:\/\/www.actecir.cat\/#website"},"primaryImageOfPage":{"@id":"https:\/\/www.actecir.cat\/es\/evento-anual-actecer-save-the-date\/#primaryimage"},"image":{"@id":"https:\/\/www.actecir.cat\/es\/evento-anual-actecer-save-the-date\/#primaryimage"},"thumbnailUrl":"https:\/\/www.actecir.cat\/wp-content\/uploads\/2026\/04\/600X400-Generant-el-Millor-Clima_-save-the-date_cast.png","datePublished":"2026-04-13T12:14:24+00:00","dateModified":"2026-04-22T11:32:15+00:00","breadcrumb":{"@id":"https:\/\/www.actecir.cat\/es\/evento-anual-actecer-save-the-date\/#breadcrumb"},"inLanguage":"es","potentialAction":[{"@type":"ReadAction","target":["https:\/\/www.actecir.cat\/es\/evento-anual-actecer-save-the-date\/"]}]},{"@type":"ImageObject","inLanguage":"es","@id":"https:\/\/www.actecir.cat\/es\/evento-anual-actecer-save-the-date\/#primaryimage","url":"https:\/\/www.actecir.cat\/wp-content\/uploads\/2026\/04\/600X400-Generant-el-Millor-Clima_-save-the-date_cast.png","contentUrl":"https:\/\/www.actecir.cat\/wp-content\/uploads\/2026\/04\/600X400-Generant-el-Millor-Clima_-save-the-date_cast.png","width":600,"height":400},{"@type":"BreadcrumbList","@id":"https:\/\/www.actecir.cat\/es\/evento-anual-actecer-save-the-date\/#breadcrumb","itemListElement":[{"@type":"ListItem","position":1,"name":"Inici","item":"https:\/\/www.actecir.cat\/es\/"},{"@type":"ListItem","position":2,"name":"Generando el Mejor Clima &#8211; Save the Date"}]},{"@type":"WebSite","@id":"https:\/\/www.actecir.cat\/#website","url":"https:\/\/www.actecir.cat\/","name":"Actecir","description":"Associaci\u00f3 Catalana de T\u00e8cnics en Energia, Climatitzaci\u00f3 i Refrigeraci\u00f3","publisher":{"@id":"https:\/\/www.actecir.cat\/#organization"},"potentialAction":[{"@type":"SearchAction","target":{"@type":"EntryPoint","urlTemplate":"https:\/\/www.actecir.cat\/?s={search_term_string}"},"query-input":{"@type":"PropertyValueSpecification","valueRequired":true,"valueName":"search_term_string"}}],"inLanguage":"es"},{"@type":"Organization","@id":"https:\/\/www.actecir.cat\/#organization","name":"Actecir","url":"https:\/\/www.actecir.cat\/","logo":{"@type":"ImageObject","inLanguage":"es","@id":"https:\/\/www.actecir.cat\/#\/schema\/logo\/image\/","url":"https:\/\/www.actecir.cat\/wp-content\/uploads\/2023\/04\/cropped-logo_actecir_60_alto.png","contentUrl":"https:\/\/www.actecir.cat\/wp-content\/uploads\/2023\/04\/cropped-logo_actecir_60_alto.png","width":283,"height":80,"caption":"Actecir"},"image":{"@id":"https:\/\/www.actecir.cat\/#\/schema\/logo\/image\/"},"sameAs":["https:\/\/x.com\/actecir","https:\/\/www.linkedin.com\/company\/actecir"]},{"@type":"Person","@id":"https:\/\/www.actecir.cat\/#\/schema\/person\/61d954f01e22a212b508d532e52d82dc","name":"Regina","url":"https:\/\/www.actecir.cat\/es\/author\/regina_actecir\/"}]}},"_links":{"self":[{"href":"https:\/\/www.actecir.cat\/es\/wp-json\/wp\/v2\/posts\/21160","targetHints":{"allow":["GET"]}}],"collection":[{"href":"https:\/\/www.actecir.cat\/es\/wp-json\/wp\/v2\/posts"}],"about":[{"href":"https:\/\/www.actecir.cat\/es\/wp-json\/wp\/v2\/types\/post"}],"author":[{"embeddable":true,"href":"https:\/\/www.actecir.cat\/es\/wp-json\/wp\/v2\/users\/261"}],"replies":[{"embeddable":true,"href":"https:\/\/www.actecir.cat\/es\/wp-json\/wp\/v2\/comments?post=21160"}],"version-history":[{"count":6,"href":"https:\/\/www.actecir.cat\/es\/wp-json\/wp\/v2\/posts\/21160\/revisions"}],"predecessor-version":[{"id":21441,"href":"https:\/\/www.actecir.cat\/es\/wp-json\/wp\/v2\/posts\/21160\/revisions\/21441"}],"wp:featuredmedia":[{"embeddable":true,"href":"https:\/\/www.actecir.cat\/es\/wp-json\/wp\/v2\/media\/21425"}],"wp:attachment":[{"href":"https:\/\/www.actecir.cat\/es\/wp-json\/wp\/v2\/media?parent=21160"}],"wp:term":[{"taxonomy":"category","embeddable":true,"href":"https:\/\/www.actecir.cat\/es\/wp-json\/wp\/v2\/categories?post=21160"},{"taxonomy":"post_tag","embeddable":true,"href":"https:\/\/www.actecir.cat\/es\/wp-json\/wp\/v2\/tags?post=21160"}],"curies":[{"name":"wp","href":"https:\/\/api.w.org\/{rel}","templated":true}]}}