{"id":21698,"date":"2026-04-22T13:56:09","date_gmt":"2026-04-22T11:56:09","guid":{"rendered":"https:\/\/www.actecir.cat\/actecir-estara-en-el-foro-etseib-2026\/"},"modified":"2026-04-22T16:42:39","modified_gmt":"2026-04-22T14:42:39","slug":"actecir-estara-en-el-foro-etseib-2026","status":"publish","type":"post","link":"https:\/\/www.actecir.cat\/es\/actecir-estara-en-el-foro-etseib-2026\/","title":{"rendered":"Actecir estar\u00e1 en el Forum ETSEIB 2026"},"content":{"rendered":"<p><img fetchpriority=\"high\" decoding=\"async\" class=\"alignnone wp-image-21688\" src=\"https:\/\/www.actecir.cat\/wp-content\/uploads\/2026\/04\/banner-FORUM-ETSEIB-2026-1-300x74.png\" alt=\"\" width=\"827\" height=\"204\" srcset=\"https:\/\/www.actecir.cat\/wp-content\/uploads\/2026\/04\/banner-FORUM-ETSEIB-2026-1-300x74.png 300w, https:\/\/www.actecir.cat\/wp-content\/uploads\/2026\/04\/banner-FORUM-ETSEIB-2026-1-1024x254.png 1024w, https:\/\/www.actecir.cat\/wp-content\/uploads\/2026\/04\/banner-FORUM-ETSEIB-2026-1-768x190.png 768w, https:\/\/www.actecir.cat\/wp-content\/uploads\/2026\/04\/banner-FORUM-ETSEIB-2026-1-1536x380.png 1536w, https:\/\/www.actecir.cat\/wp-content\/uploads\/2026\/04\/banner-FORUM-ETSEIB-2026-1-2048x507.png 2048w\" sizes=\"(max-width: 827px) 100vw, 827px\" \/><\/p>\n<p><strong>ACTECIR en el Forum ETSEIB<\/strong><\/p>\n<p>&nbsp;<\/p>\n<h5>Acercar el sector a los ingenieros e ingenieras del futuro<\/h5>\n<p>&nbsp;<\/p>\n<p>El <a href=\"https:\/\/forumetseib.upc.edu\/\"><span style=\"color: #003366;\"><strong>F\u00f3rum ETSEIB<\/strong><\/span><\/a> es la feria de empleo de referencia en el \u00e1mbito de la ingenier\u00eda en Barcelona y el punto de encuentro natural entre el mundo acad\u00e9mico y el tejido industrial. En este contexto, ACTECIR participa por primera vez con el objetivo de acercar el sector de la refrigeraci\u00f3n, climatizaci\u00f3n e instalaciones t\u00e9cnicas a los futuros profesionales que le har\u00e1n evolucionar.<\/p>\n<p>&nbsp;<\/p>\n<p>Durante la jornada del <span style=\"color: #800000;\"><strong>jueves 30 de abril<\/strong><\/span> , en un entorno de networking y contacto directo, ACTECIR se presenta al estudiantado de la ETSEIB como asociaci\u00f3n sectorial de referencia, explicando el papel estrat\u00e9gico del sector en retos clave como la eficiencia energ\u00e9tica, la sostenibilidad, la descarbonizaci\u00f3n y la innovaci\u00f3n tecnol\u00f3gica en entornos industriales, comerciales.<\/p>\n<p>&nbsp;<\/p>\n<p>La presencia de ACTECIR en el Forum ETSEIB quiere dar visibilidad a un sector con una elevada demanda de talento t\u00e9cnico, con trayectorias profesionales s\u00f3lidas y con un impacto directo en el funcionamiento de la sociedad y de la industria.<\/p>\n<p>&nbsp;<\/p>\n<p>&nbsp;<\/p>\n<p><img decoding=\"async\" class=\"size-medium wp-image-21694 alignleft\" src=\"https:\/\/www.actecir.cat\/wp-content\/uploads\/2026\/04\/edificio-300x196.jpg\" alt=\"\" width=\"300\" height=\"196\" srcset=\"https:\/\/www.actecir.cat\/wp-content\/uploads\/2026\/04\/edificio-300x196.jpg 300w, https:\/\/www.actecir.cat\/wp-content\/uploads\/2026\/04\/edificio.jpg 567w\" sizes=\"(max-width: 300px) 100vw, 300px\" \/><\/p>\n<p><strong>Un encaje natural con el perfil ETSEIB<\/strong><\/p>\n<p>El estudiantado de la <strong>Escuela T\u00e9cnica Superior de Ingenier\u00eda Industrial de Barcelona ( <a href=\"https:\/\/etseib.upc.edu\/ca\">ETSEIB<\/a> )<\/strong> destaca por una formaci\u00f3n generalista, una gran capacidad anal\u00edtica y una visi\u00f3n global de los proyectos, valores plenamente alineados con las necesidades del sector representado por ACTECIR.<\/p>\n<p>La combinaci\u00f3n de conocimientos en <strong>energ\u00eda, mec\u00e1nica, electr\u00f3nica, organizaci\u00f3n industrial y sostenibilidad<\/strong> hace que los ingenieros e ingenieras ETSEIB sean especialmente adecuados para hacer frente a los retos t\u00e9cnicos y regulatorios actuales del sector de las instalaciones.<\/p>\n<p>Adem\u00e1s, su participaci\u00f3n activa en asociaciones, proyectos e iniciativas extraacad\u00e9micas refuerza habilidades clave como el <strong>trabajo en equipo, el liderazgo y la gesti\u00f3n de proyectos<\/strong> , competencias muy valoradas por las empresas asociadas a ACTECIR.<\/p>\n<p>&nbsp;<\/p>\n<p><strong>Mirando al futuro<\/strong><\/p>\n<p>Con su participaci\u00f3n en el Forum ETSEIB, <strong>ACTECIR reafirma su compromiso con el talento, la formaci\u00f3n y el futuro del sector<\/strong> , contribuyendo a construir un puente s\u00f3lido entre la universidad y la industria y ayudando a los estudiantes a descubrir un \u00e1mbito profesional con recorrido, estabilidad e impacto real.<\/p>\n<p>&nbsp;<\/p>\n<p><img decoding=\"async\" class=\"alignnone size-medium wp-image-21690\" src=\"https:\/\/www.actecir.cat\/wp-content\/uploads\/2026\/04\/175-anys-ETSEIB-300x75.png\" alt=\"\" width=\"300\" height=\"75\" srcset=\"https:\/\/www.actecir.cat\/wp-content\/uploads\/2026\/04\/175-anys-ETSEIB-300x75.png 300w, https:\/\/www.actecir.cat\/wp-content\/uploads\/2026\/04\/175-anys-ETSEIB.png 567w\" sizes=\"(max-width: 300px) 100vw, 300px\" \/><\/p>\n","protected":false},"excerpt":{"rendered":"<p>ACTECIR en el Forum ETSEIB &nbsp; Acercar el sector a los ingenieros e ingenieras del futuro &nbsp; El F\u00f3rum ETSEIB es la feria de empleo de referencia en el \u00e1mbito [&hellip;]<\/p>\n","protected":false},"author":261,"featured_media":21703,"comment_status":"closed","ping_status":"closed","sticky":false,"template":"","format":"standard","meta":{"footnotes":""},"categories":[23],"tags":[],"class_list":["post-21698","post","type-post","status-publish","format-standard","has-post-thumbnail","hentry","category-destacamos"],"yoast_head":"<!-- This site is optimized with the Yoast SEO plugin v27.2 - https:\/\/yoast.com\/product\/yoast-seo-wordpress\/ -->\n<title>Actecir estar\u00e1 en el Forum ETSEIB 2026 - Actecir<\/title>\n<meta name=\"robots\" content=\"index, follow, max-snippet:-1, max-image-preview:large, max-video-preview:-1\" \/>\n<link rel=\"canonical\" href=\"https:\/\/www.actecir.cat\/es\/actecir-estara-en-el-foro-etseib-2026\/\" \/>\n<meta property=\"og:locale\" content=\"es_ES\" \/>\n<meta property=\"og:type\" content=\"article\" \/>\n<meta property=\"og:title\" content=\"Actecir estar\u00e1 en el Forum ETSEIB 2026 - Actecir\" \/>\n<meta property=\"og:description\" content=\"ACTECIR en el Forum ETSEIB &nbsp; Acercar el sector a los ingenieros e ingenieras del futuro &nbsp; El F\u00f3rum ETSEIB es la feria de empleo de referencia en el \u00e1mbito [&hellip;]\" \/>\n<meta property=\"og:url\" content=\"https:\/\/www.actecir.cat\/es\/actecir-estara-en-el-foro-etseib-2026\/\" \/>\n<meta property=\"og:site_name\" content=\"Actecir\" \/>\n<meta property=\"article:published_time\" content=\"2026-04-22T11:56:09+00:00\" \/>\n<meta property=\"article:modified_time\" content=\"2026-04-22T14:42:39+00:00\" \/>\n<meta property=\"og:image\" content=\"https:\/\/www.actecir.cat\/wp-content\/uploads\/2026\/04\/600x400-portada-Forum_cast.png\" \/>\n\t<meta property=\"og:image:width\" content=\"600\" \/>\n\t<meta property=\"og:image:height\" content=\"400\" \/>\n\t<meta property=\"og:image:type\" content=\"image\/png\" \/>\n<meta name=\"author\" content=\"Regina\" \/>\n<meta name=\"twitter:card\" content=\"summary_large_image\" \/>\n<meta name=\"twitter:creator\" content=\"@actecir\" \/>\n<meta name=\"twitter:site\" content=\"@actecir\" \/>\n<meta name=\"twitter:label1\" content=\"Escrito por\" \/>\n\t<meta name=\"twitter:data1\" content=\"Regina\" \/>\n\t<meta name=\"twitter:label2\" content=\"Tiempo de lectura\" \/>\n\t<meta name=\"twitter:data2\" content=\"3 minutos\" \/>\n<script type=\"application\/ld+json\" class=\"yoast-schema-graph\">{\"@context\":\"https:\/\/schema.org\",\"@graph\":[{\"@type\":\"Article\",\"@id\":\"https:\/\/www.actecir.cat\/es\/actecir-estara-en-el-foro-etseib-2026\/#article\",\"isPartOf\":{\"@id\":\"https:\/\/www.actecir.cat\/es\/actecir-estara-en-el-foro-etseib-2026\/\"},\"author\":{\"name\":\"Regina\",\"@id\":\"https:\/\/www.actecir.cat\/#\/schema\/person\/61d954f01e22a212b508d532e52d82dc\"},\"headline\":\"Actecir estar\u00e1 en el Forum ETSEIB 2026\",\"datePublished\":\"2026-04-22T11:56:09+00:00\",\"dateModified\":\"2026-04-22T14:42:39+00:00\",\"mainEntityOfPage\":{\"@id\":\"https:\/\/www.actecir.cat\/es\/actecir-estara-en-el-foro-etseib-2026\/\"},\"wordCount\":387,\"publisher\":{\"@id\":\"https:\/\/www.actecir.cat\/#organization\"},\"image\":{\"@id\":\"https:\/\/www.actecir.cat\/es\/actecir-estara-en-el-foro-etseib-2026\/#primaryimage\"},\"thumbnailUrl\":\"https:\/\/www.actecir.cat\/wp-content\/uploads\/2026\/04\/600x400-portada-Forum_cast.png\",\"articleSection\":[\"Destacamos\"],\"inLanguage\":\"es\"},{\"@type\":\"WebPage\",\"@id\":\"https:\/\/www.actecir.cat\/es\/actecir-estara-en-el-foro-etseib-2026\/\",\"url\":\"https:\/\/www.actecir.cat\/es\/actecir-estara-en-el-foro-etseib-2026\/\",\"name\":\"Actecir estar\u00e1 en el Forum ETSEIB 2026 - Actecir\",\"isPartOf\":{\"@id\":\"https:\/\/www.actecir.cat\/#website\"},\"primaryImageOfPage\":{\"@id\":\"https:\/\/www.actecir.cat\/es\/actecir-estara-en-el-foro-etseib-2026\/#primaryimage\"},\"image\":{\"@id\":\"https:\/\/www.actecir.cat\/es\/actecir-estara-en-el-foro-etseib-2026\/#primaryimage\"},\"thumbnailUrl\":\"https:\/\/www.actecir.cat\/wp-content\/uploads\/2026\/04\/600x400-portada-Forum_cast.png\",\"datePublished\":\"2026-04-22T11:56:09+00:00\",\"dateModified\":\"2026-04-22T14:42:39+00:00\",\"breadcrumb\":{\"@id\":\"https:\/\/www.actecir.cat\/es\/actecir-estara-en-el-foro-etseib-2026\/#breadcrumb\"},\"inLanguage\":\"es\",\"potentialAction\":[{\"@type\":\"ReadAction\",\"target\":[\"https:\/\/www.actecir.cat\/es\/actecir-estara-en-el-foro-etseib-2026\/\"]}]},{\"@type\":\"ImageObject\",\"inLanguage\":\"es\",\"@id\":\"https:\/\/www.actecir.cat\/es\/actecir-estara-en-el-foro-etseib-2026\/#primaryimage\",\"url\":\"https:\/\/www.actecir.cat\/wp-content\/uploads\/2026\/04\/600x400-portada-Forum_cast.png\",\"contentUrl\":\"https:\/\/www.actecir.cat\/wp-content\/uploads\/2026\/04\/600x400-portada-Forum_cast.png\",\"width\":600,\"height\":400},{\"@type\":\"BreadcrumbList\",\"@id\":\"https:\/\/www.actecir.cat\/es\/actecir-estara-en-el-foro-etseib-2026\/#breadcrumb\",\"itemListElement\":[{\"@type\":\"ListItem\",\"position\":1,\"name\":\"Inici\",\"item\":\"https:\/\/www.actecir.cat\/es\/\"},{\"@type\":\"ListItem\",\"position\":2,\"name\":\"Actecir estar\u00e1 en el Forum ETSEIB 2026\"}]},{\"@type\":\"WebSite\",\"@id\":\"https:\/\/www.actecir.cat\/#website\",\"url\":\"https:\/\/www.actecir.cat\/\",\"name\":\"Actecir\",\"description\":\"Associaci\u00f3 Catalana de T\u00e8cnics en Energia, Climatitzaci\u00f3 i Refrigeraci\u00f3\",\"publisher\":{\"@id\":\"https:\/\/www.actecir.cat\/#organization\"},\"potentialAction\":[{\"@type\":\"SearchAction\",\"target\":{\"@type\":\"EntryPoint\",\"urlTemplate\":\"https:\/\/www.actecir.cat\/?s={search_term_string}\"},\"query-input\":{\"@type\":\"PropertyValueSpecification\",\"valueRequired\":true,\"valueName\":\"search_term_string\"}}],\"inLanguage\":\"es\"},{\"@type\":\"Organization\",\"@id\":\"https:\/\/www.actecir.cat\/#organization\",\"name\":\"Actecir\",\"url\":\"https:\/\/www.actecir.cat\/\",\"logo\":{\"@type\":\"ImageObject\",\"inLanguage\":\"es\",\"@id\":\"https:\/\/www.actecir.cat\/#\/schema\/logo\/image\/\",\"url\":\"https:\/\/www.actecir.cat\/wp-content\/uploads\/2023\/04\/cropped-logo_actecir_60_alto.png\",\"contentUrl\":\"https:\/\/www.actecir.cat\/wp-content\/uploads\/2023\/04\/cropped-logo_actecir_60_alto.png\",\"width\":283,\"height\":80,\"caption\":\"Actecir\"},\"image\":{\"@id\":\"https:\/\/www.actecir.cat\/#\/schema\/logo\/image\/\"},\"sameAs\":[\"https:\/\/x.com\/actecir\",\"https:\/\/www.linkedin.com\/company\/actecir\"]},{\"@type\":\"Person\",\"@id\":\"https:\/\/www.actecir.cat\/#\/schema\/person\/61d954f01e22a212b508d532e52d82dc\",\"name\":\"Regina\",\"url\":\"https:\/\/www.actecir.cat\/es\/author\/regina_actecir\/\"}]}<\/script>\n<!-- \/ Yoast SEO plugin. -->","yoast_head_json":{"title":"Actecir estar\u00e1 en el Forum ETSEIB 2026 - Actecir","robots":{"index":"index","follow":"follow","max-snippet":"max-snippet:-1","max-image-preview":"max-image-preview:large","max-video-preview":"max-video-preview:-1"},"canonical":"https:\/\/www.actecir.cat\/es\/actecir-estara-en-el-foro-etseib-2026\/","og_locale":"es_ES","og_type":"article","og_title":"Actecir estar\u00e1 en el Forum ETSEIB 2026 - Actecir","og_description":"ACTECIR en el Forum ETSEIB &nbsp; Acercar el sector a los ingenieros e ingenieras del futuro &nbsp; El F\u00f3rum ETSEIB es la feria de empleo de referencia en el \u00e1mbito [&hellip;]","og_url":"https:\/\/www.actecir.cat\/es\/actecir-estara-en-el-foro-etseib-2026\/","og_site_name":"Actecir","article_published_time":"2026-04-22T11:56:09+00:00","article_modified_time":"2026-04-22T14:42:39+00:00","og_image":[{"width":600,"height":400,"url":"https:\/\/www.actecir.cat\/wp-content\/uploads\/2026\/04\/600x400-portada-Forum_cast.png","type":"image\/png"}],"author":"Regina","twitter_card":"summary_large_image","twitter_creator":"@actecir","twitter_site":"@actecir","twitter_misc":{"Escrito por":"Regina","Tiempo de lectura":"3 minutos"},"schema":{"@context":"https:\/\/schema.org","@graph":[{"@type":"Article","@id":"https:\/\/www.actecir.cat\/es\/actecir-estara-en-el-foro-etseib-2026\/#article","isPartOf":{"@id":"https:\/\/www.actecir.cat\/es\/actecir-estara-en-el-foro-etseib-2026\/"},"author":{"name":"Regina","@id":"https:\/\/www.actecir.cat\/#\/schema\/person\/61d954f01e22a212b508d532e52d82dc"},"headline":"Actecir estar\u00e1 en el Forum ETSEIB 2026","datePublished":"2026-04-22T11:56:09+00:00","dateModified":"2026-04-22T14:42:39+00:00","mainEntityOfPage":{"@id":"https:\/\/www.actecir.cat\/es\/actecir-estara-en-el-foro-etseib-2026\/"},"wordCount":387,"publisher":{"@id":"https:\/\/www.actecir.cat\/#organization"},"image":{"@id":"https:\/\/www.actecir.cat\/es\/actecir-estara-en-el-foro-etseib-2026\/#primaryimage"},"thumbnailUrl":"https:\/\/www.actecir.cat\/wp-content\/uploads\/2026\/04\/600x400-portada-Forum_cast.png","articleSection":["Destacamos"],"inLanguage":"es"},{"@type":"WebPage","@id":"https:\/\/www.actecir.cat\/es\/actecir-estara-en-el-foro-etseib-2026\/","url":"https:\/\/www.actecir.cat\/es\/actecir-estara-en-el-foro-etseib-2026\/","name":"Actecir estar\u00e1 en el Forum ETSEIB 2026 - Actecir","isPartOf":{"@id":"https:\/\/www.actecir.cat\/#website"},"primaryImageOfPage":{"@id":"https:\/\/www.actecir.cat\/es\/actecir-estara-en-el-foro-etseib-2026\/#primaryimage"},"image":{"@id":"https:\/\/www.actecir.cat\/es\/actecir-estara-en-el-foro-etseib-2026\/#primaryimage"},"thumbnailUrl":"https:\/\/www.actecir.cat\/wp-content\/uploads\/2026\/04\/600x400-portada-Forum_cast.png","datePublished":"2026-04-22T11:56:09+00:00","dateModified":"2026-04-22T14:42:39+00:00","breadcrumb":{"@id":"https:\/\/www.actecir.cat\/es\/actecir-estara-en-el-foro-etseib-2026\/#breadcrumb"},"inLanguage":"es","potentialAction":[{"@type":"ReadAction","target":["https:\/\/www.actecir.cat\/es\/actecir-estara-en-el-foro-etseib-2026\/"]}]},{"@type":"ImageObject","inLanguage":"es","@id":"https:\/\/www.actecir.cat\/es\/actecir-estara-en-el-foro-etseib-2026\/#primaryimage","url":"https:\/\/www.actecir.cat\/wp-content\/uploads\/2026\/04\/600x400-portada-Forum_cast.png","contentUrl":"https:\/\/www.actecir.cat\/wp-content\/uploads\/2026\/04\/600x400-portada-Forum_cast.png","width":600,"height":400},{"@type":"BreadcrumbList","@id":"https:\/\/www.actecir.cat\/es\/actecir-estara-en-el-foro-etseib-2026\/#breadcrumb","itemListElement":[{"@type":"ListItem","position":1,"name":"Inici","item":"https:\/\/www.actecir.cat\/es\/"},{"@type":"ListItem","position":2,"name":"Actecir estar\u00e1 en el Forum ETSEIB 2026"}]},{"@type":"WebSite","@id":"https:\/\/www.actecir.cat\/#website","url":"https:\/\/www.actecir.cat\/","name":"Actecir","description":"Associaci\u00f3 Catalana de T\u00e8cnics en Energia, Climatitzaci\u00f3 i Refrigeraci\u00f3","publisher":{"@id":"https:\/\/www.actecir.cat\/#organization"},"potentialAction":[{"@type":"SearchAction","target":{"@type":"EntryPoint","urlTemplate":"https:\/\/www.actecir.cat\/?s={search_term_string}"},"query-input":{"@type":"PropertyValueSpecification","valueRequired":true,"valueName":"search_term_string"}}],"inLanguage":"es"},{"@type":"Organization","@id":"https:\/\/www.actecir.cat\/#organization","name":"Actecir","url":"https:\/\/www.actecir.cat\/","logo":{"@type":"ImageObject","inLanguage":"es","@id":"https:\/\/www.actecir.cat\/#\/schema\/logo\/image\/","url":"https:\/\/www.actecir.cat\/wp-content\/uploads\/2023\/04\/cropped-logo_actecir_60_alto.png","contentUrl":"https:\/\/www.actecir.cat\/wp-content\/uploads\/2023\/04\/cropped-logo_actecir_60_alto.png","width":283,"height":80,"caption":"Actecir"},"image":{"@id":"https:\/\/www.actecir.cat\/#\/schema\/logo\/image\/"},"sameAs":["https:\/\/x.com\/actecir","https:\/\/www.linkedin.com\/company\/actecir"]},{"@type":"Person","@id":"https:\/\/www.actecir.cat\/#\/schema\/person\/61d954f01e22a212b508d532e52d82dc","name":"Regina","url":"https:\/\/www.actecir.cat\/es\/author\/regina_actecir\/"}]}},"_links":{"self":[{"href":"https:\/\/www.actecir.cat\/es\/wp-json\/wp\/v2\/posts\/21698","targetHints":{"allow":["GET"]}}],"collection":[{"href":"https:\/\/www.actecir.cat\/es\/wp-json\/wp\/v2\/posts"}],"about":[{"href":"https:\/\/www.actecir.cat\/es\/wp-json\/wp\/v2\/types\/post"}],"author":[{"embeddable":true,"href":"https:\/\/www.actecir.cat\/es\/wp-json\/wp\/v2\/users\/261"}],"replies":[{"embeddable":true,"href":"https:\/\/www.actecir.cat\/es\/wp-json\/wp\/v2\/comments?post=21698"}],"version-history":[{"count":1,"href":"https:\/\/www.actecir.cat\/es\/wp-json\/wp\/v2\/posts\/21698\/revisions"}],"predecessor-version":[{"id":21707,"href":"https:\/\/www.actecir.cat\/es\/wp-json\/wp\/v2\/posts\/21698\/revisions\/21707"}],"wp:featuredmedia":[{"embeddable":true,"href":"https:\/\/www.actecir.cat\/es\/wp-json\/wp\/v2\/media\/21703"}],"wp:attachment":[{"href":"https:\/\/www.actecir.cat\/es\/wp-json\/wp\/v2\/media?parent=21698"}],"wp:term":[{"taxonomy":"category","embeddable":true,"href":"https:\/\/www.actecir.cat\/es\/wp-json\/wp\/v2\/categories?post=21698"},{"taxonomy":"post_tag","embeddable":true,"href":"https:\/\/www.actecir.cat\/es\/wp-json\/wp\/v2\/tags?post=21698"}],"curies":[{"name":"wp","href":"https:\/\/api.w.org\/{rel}","templated":true}]}}