{"id":3061,"date":"2023-01-12T09:27:32","date_gmt":"2023-01-12T09:27:32","guid":{"rendered":"https:\/\/www.actecir.cat\/2023\/04\/14\/jornada-tecnica-revision-del-nuevo-rite-un-analisis-360o\/"},"modified":"2023-04-14T13:07:35","modified_gmt":"2023-04-14T13:07:35","slug":"jornada-tecnica-revision-del-nuevo-rite-un-analisis-360o","status":"publish","type":"post","link":"https:\/\/www.actecir.cat\/es\/jornada-tecnica-revision-del-nuevo-rite-un-analisis-360o\/","title":{"rendered":"Jornada t\u00e9cnica revisi\u00f3n del nuevo Rite. Un an\u00e1lisis 360\u00ba"},"content":{"rendered":"\n<p>Fecha: 20 enero<\/p>\n\n\n\n<p>\u00a0<strong>JORNADA T\u00c9CNICA REVISI\u00d3N DEL NUEVO RITE. UN AN\u00c1LISIS 360\u00ba.<\/strong><\/p>\n\n\n\n<p><strong><strong><strong>D\u00eda:<\/strong>\u00a020 de enero 2023<\/strong><\/strong><\/p>\n\n\n\n<p><strong>Lugar:<\/strong> Presencial. Sal\u00f3n de Grados de la Escuela T\u00e9cnica Superior de Ingenieros de Sevilla. Camino de los Descubrimientos, 17. Isla de la Cartuja. Sevilla.<\/p>\n\n\n\n<p><strong>Hora:<\/strong> 8:30h a 13:30h<\/p>\n\n\n\n<p>Inscripci\u00f3n\u00a0<strong>GRATUITA<\/strong>\u00a0en: <a href=\"https:\/\/spain-ashrae.org\/jornada-tecnica-revision-nuevo-rite\/\"><\/a><a rel=\"noreferrer noopener\" href=\"https:\/\/spain-ashrae.org\/jornada-tecnica-revision-nuevo-rite\/\" target=\"_blank\">https:\/\/spain-ashrae.org\/jornada-tecnica-revision-nuevo-rite\/<\/a><\/p>\n\n\n\n<p><strong>ASHRAE SPAIN CHAPTER<\/strong> y <strong>KEYTER<\/strong> en colaboraci\u00f3n con la <strong>C\u00e1tedra de Tecnolog\u00eda de Climatizaci\u00f3n, Refrigeraci\u00f3n y Producci\u00f3n de Agua<\/strong> de la Universidad de Sevilla de <strong>Keyter Intarcon Genaq<\/strong> organizan una jornada el pr\u00f3ximo 20 de enero en el Sal\u00f3n de Grados de la Escuela T\u00e9cnica Superior de Ingenieros de Sevilla donde se tratar\u00e1 de la mano de expertos del sector la \u00faltima revisi\u00f3n del RITE (Reglamento de Instalaciones T\u00e9rmicas en Edificios) donde se hace mayor hincapi\u00e9 en el uso de energ\u00edas renovables, aprovechamiento de energ\u00edas residuales, mejora de la regulaci\u00f3n y control de los edificios, optimizaci\u00f3n del aislamiento as\u00ed como cambios en la operativa y mantenimiento de las instalaciones que est\u00e1 provocando ya una mejora del parque nacional de inmuebles existentes.<\/p>\n\n\n\n<p><strong>ASHRAE SPAIN CHAPTER<\/strong> es la Sociedad de Ingenieros de Calefacci\u00f3n, Refrigeraci\u00f3n y Aire Acondicionado es una asociaci\u00f3n profesional de origen estadounidense que busca avanzar en el dise\u00f1o y la construcci\u00f3n de sistemas de calefacci\u00f3n, ventilaci\u00f3n, aire acondicionado y refrigeraci\u00f3n. <\/p>\n\n\n\n<p><strong>KEYTER<\/strong> es uno de los principales actores nacionales de la fabricaci\u00f3n y dise\u00f1o de equipos HVAC en Espa\u00f1a con una gran y creciente presencia internacional exportando actualmente el 60% de su producci\u00f3n. Principalmente dise\u00f1a Bomba de Calor, Enfriadoras o Chillers, equipos Rooftops, equipos aut\u00f3nomos, deshumectadoras y Unidades de Tratamiento de Aire.<\/p>\n\n\n\n<p>La jornada es <strong>GRATUITA<\/strong> asign\u00e1ndose por riguroso orden de solicitud hasta completar aforo. No faltes al primer evento del a\u00f1o de expertos en HVAC.<\/p>\n\n\n\n<p><strong>Programa<\/strong><br>08.30h \u2013 09.00h: Recepci\u00f3n de asistentes.<br>09.00h \u2013 09.15h: Bienvenida y Presentaci\u00f3n de ASHRAE. Ignacio G\u00f3mez \u2013 Cornejo, Presidente del ASHRAE Spain Chapter.<br>09.20h \u2013 09.50h: La nueva ventilaci\u00f3n con la UNE EN 16798. Jos\u00e9 Arboledas, Responsable de Formaci\u00f3n y Proyectos Especiales en Keyter.<br>09.55h \u2013 10.25h: Bomba de calor para ACD \u2013 UNE 100619-1:2022. Francisco Mac\u00edas, Agencia Andaluza de la Energ\u00eda.<br>10.30h \u2013 11.00: District Heating &amp; Cooling. Laura S\u00e1nchez, Directora T\u00e9cnica de Italsan.<br>11.05h \u2013 11.25h: Coffee break.<br>11.30h \u2013 12.00h: Refrigerantes y su aplicaciones. David Gonz\u00e1lez, Responsable T\u00e9cnico del \u00c1rea de Refrigeraci\u00f3n de Danfoss.<br>12:05h \u2013 12.25h: Cumplimiento de normativas en bombas de calor. Luis Miguel Garc\u00eda Cotta, Manager \u2013 Commercial District Sales de Lennox.<br>12.30h \u2013 13.00h: Hibridaciones t\u00e9rmicas y el\u00e9ctricas de las bombas de calor. Antonio Navas, Director de Ingenier\u00edas de Mitsubishi Electric.<br>13:05h \u2013 13.30h: Mesa redonda.<br>13.30h: Fin de la jornada.<\/p>\n","protected":false},"excerpt":{"rendered":"<p>Fecha: 20 enero<\/p>\n","protected":false},"author":1,"featured_media":3058,"comment_status":"open","ping_status":"open","sticky":false,"template":"","format":"standard","meta":{"footnotes":""},"categories":[23],"tags":[],"class_list":["post-3061","post","type-post","status-publish","format-standard","has-post-thumbnail","hentry","category-destacamos"],"yoast_head":"<!-- This site is optimized with the Yoast SEO plugin v27.2 - https:\/\/yoast.com\/product\/yoast-seo-wordpress\/ -->\n<title>Jornada t\u00e9cnica revisi\u00f3n del nuevo Rite. Un an\u00e1lisis 360\u00ba - Actecir<\/title>\n<meta name=\"robots\" content=\"index, follow, max-snippet:-1, max-image-preview:large, max-video-preview:-1\" \/>\n<link rel=\"canonical\" href=\"https:\/\/www.actecir.cat\/es\/jornada-tecnica-revision-del-nuevo-rite-un-analisis-360o\/\" \/>\n<meta property=\"og:locale\" content=\"es_ES\" \/>\n<meta property=\"og:type\" content=\"article\" \/>\n<meta property=\"og:title\" content=\"Jornada t\u00e9cnica revisi\u00f3n del nuevo Rite. Un an\u00e1lisis 360\u00ba - Actecir\" \/>\n<meta property=\"og:description\" content=\"Fecha: 20 enero\" \/>\n<meta property=\"og:url\" content=\"https:\/\/www.actecir.cat\/es\/jornada-tecnica-revision-del-nuevo-rite-un-analisis-360o\/\" \/>\n<meta property=\"og:site_name\" content=\"Actecir\" \/>\n<meta property=\"article:published_time\" content=\"2023-01-12T09:27:32+00:00\" \/>\n<meta property=\"article:modified_time\" content=\"2023-04-14T13:07:35+00:00\" \/>\n<meta property=\"og:image\" content=\"https:\/\/www.actecir.cat\/wp-content\/uploads\/2023\/04\/Jornada-Keyter_Ashrae.jpg\" \/>\n\t<meta property=\"og:image:width\" content=\"1200\" \/>\n\t<meta property=\"og:image:height\" content=\"800\" \/>\n\t<meta property=\"og:image:type\" content=\"image\/jpeg\" \/>\n<meta name=\"author\" content=\"Soporte web\" \/>\n<meta name=\"twitter:card\" content=\"summary_large_image\" \/>\n<meta name=\"twitter:creator\" content=\"@actecir\" \/>\n<meta name=\"twitter:site\" content=\"@actecir\" \/>\n<meta name=\"twitter:label1\" content=\"Escrito por\" \/>\n\t<meta name=\"twitter:data1\" content=\"Soporte web\" \/>\n\t<meta name=\"twitter:label2\" content=\"Tiempo de lectura\" \/>\n\t<meta name=\"twitter:data2\" content=\"2 minutos\" \/>\n<script type=\"application\/ld+json\" class=\"yoast-schema-graph\">{\"@context\":\"https:\/\/schema.org\",\"@graph\":[{\"@type\":\"Article\",\"@id\":\"https:\/\/www.actecir.cat\/es\/jornada-tecnica-revision-del-nuevo-rite-un-analisis-360o\/#article\",\"isPartOf\":{\"@id\":\"https:\/\/www.actecir.cat\/es\/jornada-tecnica-revision-del-nuevo-rite-un-analisis-360o\/\"},\"author\":{\"name\":\"Soporte web\",\"@id\":\"https:\/\/www.actecir.cat\/#\/schema\/person\/42edd02f0b1d55e19444428c5d321413\"},\"headline\":\"Jornada t\u00e9cnica revisi\u00f3n del nuevo Rite. Un an\u00e1lisis 360\u00ba\",\"datePublished\":\"2023-01-12T09:27:32+00:00\",\"dateModified\":\"2023-04-14T13:07:35+00:00\",\"mainEntityOfPage\":{\"@id\":\"https:\/\/www.actecir.cat\/es\/jornada-tecnica-revision-del-nuevo-rite-un-analisis-360o\/\"},\"wordCount\":479,\"commentCount\":0,\"publisher\":{\"@id\":\"https:\/\/www.actecir.cat\/#organization\"},\"image\":{\"@id\":\"https:\/\/www.actecir.cat\/es\/jornada-tecnica-revision-del-nuevo-rite-un-analisis-360o\/#primaryimage\"},\"thumbnailUrl\":\"https:\/\/www.actecir.cat\/wp-content\/uploads\/2023\/04\/Jornada-Keyter_Ashrae.jpg\",\"articleSection\":[\"Destacamos\"],\"inLanguage\":\"es\",\"potentialAction\":[{\"@type\":\"CommentAction\",\"name\":\"Comment\",\"target\":[\"https:\/\/www.actecir.cat\/es\/jornada-tecnica-revision-del-nuevo-rite-un-analisis-360o\/#respond\"]}]},{\"@type\":\"WebPage\",\"@id\":\"https:\/\/www.actecir.cat\/es\/jornada-tecnica-revision-del-nuevo-rite-un-analisis-360o\/\",\"url\":\"https:\/\/www.actecir.cat\/es\/jornada-tecnica-revision-del-nuevo-rite-un-analisis-360o\/\",\"name\":\"Jornada t\u00e9cnica revisi\u00f3n del nuevo Rite. Un an\u00e1lisis 360\u00ba - Actecir\",\"isPartOf\":{\"@id\":\"https:\/\/www.actecir.cat\/#website\"},\"primaryImageOfPage\":{\"@id\":\"https:\/\/www.actecir.cat\/es\/jornada-tecnica-revision-del-nuevo-rite-un-analisis-360o\/#primaryimage\"},\"image\":{\"@id\":\"https:\/\/www.actecir.cat\/es\/jornada-tecnica-revision-del-nuevo-rite-un-analisis-360o\/#primaryimage\"},\"thumbnailUrl\":\"https:\/\/www.actecir.cat\/wp-content\/uploads\/2023\/04\/Jornada-Keyter_Ashrae.jpg\",\"datePublished\":\"2023-01-12T09:27:32+00:00\",\"dateModified\":\"2023-04-14T13:07:35+00:00\",\"breadcrumb\":{\"@id\":\"https:\/\/www.actecir.cat\/es\/jornada-tecnica-revision-del-nuevo-rite-un-analisis-360o\/#breadcrumb\"},\"inLanguage\":\"es\",\"potentialAction\":[{\"@type\":\"ReadAction\",\"target\":[\"https:\/\/www.actecir.cat\/es\/jornada-tecnica-revision-del-nuevo-rite-un-analisis-360o\/\"]}]},{\"@type\":\"ImageObject\",\"inLanguage\":\"es\",\"@id\":\"https:\/\/www.actecir.cat\/es\/jornada-tecnica-revision-del-nuevo-rite-un-analisis-360o\/#primaryimage\",\"url\":\"https:\/\/www.actecir.cat\/wp-content\/uploads\/2023\/04\/Jornada-Keyter_Ashrae.jpg\",\"contentUrl\":\"https:\/\/www.actecir.cat\/wp-content\/uploads\/2023\/04\/Jornada-Keyter_Ashrae.jpg\",\"width\":1200,\"height\":800},{\"@type\":\"BreadcrumbList\",\"@id\":\"https:\/\/www.actecir.cat\/es\/jornada-tecnica-revision-del-nuevo-rite-un-analisis-360o\/#breadcrumb\",\"itemListElement\":[{\"@type\":\"ListItem\",\"position\":1,\"name\":\"Inici\",\"item\":\"https:\/\/www.actecir.cat\/es\/\"},{\"@type\":\"ListItem\",\"position\":2,\"name\":\"Jornada t\u00e9cnica revisi\u00f3n del nuevo Rite. Un an\u00e1lisis 360\u00ba\"}]},{\"@type\":\"WebSite\",\"@id\":\"https:\/\/www.actecir.cat\/#website\",\"url\":\"https:\/\/www.actecir.cat\/\",\"name\":\"Actecir\",\"description\":\"Associaci\u00f3 Catalana de T\u00e8cnics en Energia, Climatitzaci\u00f3 i Refrigeraci\u00f3\",\"publisher\":{\"@id\":\"https:\/\/www.actecir.cat\/#organization\"},\"potentialAction\":[{\"@type\":\"SearchAction\",\"target\":{\"@type\":\"EntryPoint\",\"urlTemplate\":\"https:\/\/www.actecir.cat\/?s={search_term_string}\"},\"query-input\":{\"@type\":\"PropertyValueSpecification\",\"valueRequired\":true,\"valueName\":\"search_term_string\"}}],\"inLanguage\":\"es\"},{\"@type\":\"Organization\",\"@id\":\"https:\/\/www.actecir.cat\/#organization\",\"name\":\"Actecir\",\"url\":\"https:\/\/www.actecir.cat\/\",\"logo\":{\"@type\":\"ImageObject\",\"inLanguage\":\"es\",\"@id\":\"https:\/\/www.actecir.cat\/#\/schema\/logo\/image\/\",\"url\":\"https:\/\/www.actecir.cat\/wp-content\/uploads\/2023\/04\/cropped-logo_actecir_60_alto.png\",\"contentUrl\":\"https:\/\/www.actecir.cat\/wp-content\/uploads\/2023\/04\/cropped-logo_actecir_60_alto.png\",\"width\":283,\"height\":80,\"caption\":\"Actecir\"},\"image\":{\"@id\":\"https:\/\/www.actecir.cat\/#\/schema\/logo\/image\/\"},\"sameAs\":[\"https:\/\/x.com\/actecir\",\"https:\/\/www.linkedin.com\/company\/actecir\"]},{\"@type\":\"Person\",\"@id\":\"https:\/\/www.actecir.cat\/#\/schema\/person\/42edd02f0b1d55e19444428c5d321413\",\"name\":\"Soporte web\",\"sameAs\":[\"https:\/\/www.actecir.cat\"],\"url\":\"https:\/\/www.actecir.cat\/es\/author\/maensystems\/\"}]}<\/script>\n<!-- \/ Yoast SEO plugin. -->","yoast_head_json":{"title":"Jornada t\u00e9cnica revisi\u00f3n del nuevo Rite. Un an\u00e1lisis 360\u00ba - Actecir","robots":{"index":"index","follow":"follow","max-snippet":"max-snippet:-1","max-image-preview":"max-image-preview:large","max-video-preview":"max-video-preview:-1"},"canonical":"https:\/\/www.actecir.cat\/es\/jornada-tecnica-revision-del-nuevo-rite-un-analisis-360o\/","og_locale":"es_ES","og_type":"article","og_title":"Jornada t\u00e9cnica revisi\u00f3n del nuevo Rite. Un an\u00e1lisis 360\u00ba - Actecir","og_description":"Fecha: 20 enero","og_url":"https:\/\/www.actecir.cat\/es\/jornada-tecnica-revision-del-nuevo-rite-un-analisis-360o\/","og_site_name":"Actecir","article_published_time":"2023-01-12T09:27:32+00:00","article_modified_time":"2023-04-14T13:07:35+00:00","og_image":[{"width":1200,"height":800,"url":"https:\/\/www.actecir.cat\/wp-content\/uploads\/2023\/04\/Jornada-Keyter_Ashrae.jpg","type":"image\/jpeg"}],"author":"Soporte web","twitter_card":"summary_large_image","twitter_creator":"@actecir","twitter_site":"@actecir","twitter_misc":{"Escrito por":"Soporte web","Tiempo de lectura":"2 minutos"},"schema":{"@context":"https:\/\/schema.org","@graph":[{"@type":"Article","@id":"https:\/\/www.actecir.cat\/es\/jornada-tecnica-revision-del-nuevo-rite-un-analisis-360o\/#article","isPartOf":{"@id":"https:\/\/www.actecir.cat\/es\/jornada-tecnica-revision-del-nuevo-rite-un-analisis-360o\/"},"author":{"name":"Soporte web","@id":"https:\/\/www.actecir.cat\/#\/schema\/person\/42edd02f0b1d55e19444428c5d321413"},"headline":"Jornada t\u00e9cnica revisi\u00f3n del nuevo Rite. Un an\u00e1lisis 360\u00ba","datePublished":"2023-01-12T09:27:32+00:00","dateModified":"2023-04-14T13:07:35+00:00","mainEntityOfPage":{"@id":"https:\/\/www.actecir.cat\/es\/jornada-tecnica-revision-del-nuevo-rite-un-analisis-360o\/"},"wordCount":479,"commentCount":0,"publisher":{"@id":"https:\/\/www.actecir.cat\/#organization"},"image":{"@id":"https:\/\/www.actecir.cat\/es\/jornada-tecnica-revision-del-nuevo-rite-un-analisis-360o\/#primaryimage"},"thumbnailUrl":"https:\/\/www.actecir.cat\/wp-content\/uploads\/2023\/04\/Jornada-Keyter_Ashrae.jpg","articleSection":["Destacamos"],"inLanguage":"es","potentialAction":[{"@type":"CommentAction","name":"Comment","target":["https:\/\/www.actecir.cat\/es\/jornada-tecnica-revision-del-nuevo-rite-un-analisis-360o\/#respond"]}]},{"@type":"WebPage","@id":"https:\/\/www.actecir.cat\/es\/jornada-tecnica-revision-del-nuevo-rite-un-analisis-360o\/","url":"https:\/\/www.actecir.cat\/es\/jornada-tecnica-revision-del-nuevo-rite-un-analisis-360o\/","name":"Jornada t\u00e9cnica revisi\u00f3n del nuevo Rite. Un an\u00e1lisis 360\u00ba - Actecir","isPartOf":{"@id":"https:\/\/www.actecir.cat\/#website"},"primaryImageOfPage":{"@id":"https:\/\/www.actecir.cat\/es\/jornada-tecnica-revision-del-nuevo-rite-un-analisis-360o\/#primaryimage"},"image":{"@id":"https:\/\/www.actecir.cat\/es\/jornada-tecnica-revision-del-nuevo-rite-un-analisis-360o\/#primaryimage"},"thumbnailUrl":"https:\/\/www.actecir.cat\/wp-content\/uploads\/2023\/04\/Jornada-Keyter_Ashrae.jpg","datePublished":"2023-01-12T09:27:32+00:00","dateModified":"2023-04-14T13:07:35+00:00","breadcrumb":{"@id":"https:\/\/www.actecir.cat\/es\/jornada-tecnica-revision-del-nuevo-rite-un-analisis-360o\/#breadcrumb"},"inLanguage":"es","potentialAction":[{"@type":"ReadAction","target":["https:\/\/www.actecir.cat\/es\/jornada-tecnica-revision-del-nuevo-rite-un-analisis-360o\/"]}]},{"@type":"ImageObject","inLanguage":"es","@id":"https:\/\/www.actecir.cat\/es\/jornada-tecnica-revision-del-nuevo-rite-un-analisis-360o\/#primaryimage","url":"https:\/\/www.actecir.cat\/wp-content\/uploads\/2023\/04\/Jornada-Keyter_Ashrae.jpg","contentUrl":"https:\/\/www.actecir.cat\/wp-content\/uploads\/2023\/04\/Jornada-Keyter_Ashrae.jpg","width":1200,"height":800},{"@type":"BreadcrumbList","@id":"https:\/\/www.actecir.cat\/es\/jornada-tecnica-revision-del-nuevo-rite-un-analisis-360o\/#breadcrumb","itemListElement":[{"@type":"ListItem","position":1,"name":"Inici","item":"https:\/\/www.actecir.cat\/es\/"},{"@type":"ListItem","position":2,"name":"Jornada t\u00e9cnica revisi\u00f3n del nuevo Rite. Un an\u00e1lisis 360\u00ba"}]},{"@type":"WebSite","@id":"https:\/\/www.actecir.cat\/#website","url":"https:\/\/www.actecir.cat\/","name":"Actecir","description":"Associaci\u00f3 Catalana de T\u00e8cnics en Energia, Climatitzaci\u00f3 i Refrigeraci\u00f3","publisher":{"@id":"https:\/\/www.actecir.cat\/#organization"},"potentialAction":[{"@type":"SearchAction","target":{"@type":"EntryPoint","urlTemplate":"https:\/\/www.actecir.cat\/?s={search_term_string}"},"query-input":{"@type":"PropertyValueSpecification","valueRequired":true,"valueName":"search_term_string"}}],"inLanguage":"es"},{"@type":"Organization","@id":"https:\/\/www.actecir.cat\/#organization","name":"Actecir","url":"https:\/\/www.actecir.cat\/","logo":{"@type":"ImageObject","inLanguage":"es","@id":"https:\/\/www.actecir.cat\/#\/schema\/logo\/image\/","url":"https:\/\/www.actecir.cat\/wp-content\/uploads\/2023\/04\/cropped-logo_actecir_60_alto.png","contentUrl":"https:\/\/www.actecir.cat\/wp-content\/uploads\/2023\/04\/cropped-logo_actecir_60_alto.png","width":283,"height":80,"caption":"Actecir"},"image":{"@id":"https:\/\/www.actecir.cat\/#\/schema\/logo\/image\/"},"sameAs":["https:\/\/x.com\/actecir","https:\/\/www.linkedin.com\/company\/actecir"]},{"@type":"Person","@id":"https:\/\/www.actecir.cat\/#\/schema\/person\/42edd02f0b1d55e19444428c5d321413","name":"Soporte web","sameAs":["https:\/\/www.actecir.cat"],"url":"https:\/\/www.actecir.cat\/es\/author\/maensystems\/"}]}},"_links":{"self":[{"href":"https:\/\/www.actecir.cat\/es\/wp-json\/wp\/v2\/posts\/3061","targetHints":{"allow":["GET"]}}],"collection":[{"href":"https:\/\/www.actecir.cat\/es\/wp-json\/wp\/v2\/posts"}],"about":[{"href":"https:\/\/www.actecir.cat\/es\/wp-json\/wp\/v2\/types\/post"}],"author":[{"embeddable":true,"href":"https:\/\/www.actecir.cat\/es\/wp-json\/wp\/v2\/users\/1"}],"replies":[{"embeddable":true,"href":"https:\/\/www.actecir.cat\/es\/wp-json\/wp\/v2\/comments?post=3061"}],"version-history":[{"count":4,"href":"https:\/\/www.actecir.cat\/es\/wp-json\/wp\/v2\/posts\/3061\/revisions"}],"predecessor-version":[{"id":3131,"href":"https:\/\/www.actecir.cat\/es\/wp-json\/wp\/v2\/posts\/3061\/revisions\/3131"}],"wp:featuredmedia":[{"embeddable":true,"href":"https:\/\/www.actecir.cat\/es\/wp-json\/wp\/v2\/media\/3058"}],"wp:attachment":[{"href":"https:\/\/www.actecir.cat\/es\/wp-json\/wp\/v2\/media?parent=3061"}],"wp:term":[{"taxonomy":"category","embeddable":true,"href":"https:\/\/www.actecir.cat\/es\/wp-json\/wp\/v2\/categories?post=3061"},{"taxonomy":"post_tag","embeddable":true,"href":"https:\/\/www.actecir.cat\/es\/wp-json\/wp\/v2\/tags?post=3061"}],"curies":[{"name":"wp","href":"https:\/\/api.w.org\/{rel}","templated":true}]}}