{"id":3172,"date":"2022-07-15T13:57:10","date_gmt":"2022-07-15T13:57:10","guid":{"rendered":"https:\/\/www.actecir.cat\/?p=3172"},"modified":"2023-04-14T14:14:43","modified_gmt":"2023-04-14T14:14:43","slug":"curs-aerotermia-ultima-sessio-presencial-a-la-nova-sala-de-formacio-actecir","status":"publish","type":"post","link":"https:\/\/www.actecir.cat\/es\/curs-aerotermia-ultima-sessio-presencial-a-la-nova-sala-de-formacio-actecir\/","title":{"rendered":"Curso Aerotermia: Ultima sesi\u00f3n presencial en la nueva Sala de Formaci\u00f3n ACTECIR"},"content":{"rendered":"\n<p>Fecha: 14 de julio<\/p>\n\n\n\n<div class=\"wp-block-columns is-layout-flex wp-container-core-columns-is-layout-28f84493 wp-block-columns-is-layout-flex\">\n<div class=\"wp-block-column is-layout-flow wp-block-column-is-layout-flow\">\n<figure class=\"wp-block-image size-full is-resized\"><img fetchpriority=\"high\" decoding=\"async\" src=\"https:\/\/www.actecir.cat\/wp-content\/uploads\/2023\/04\/curs_1.jpg\" alt=\"\" class=\"wp-image-3173\" width=\"418\" height=\"313\" srcset=\"https:\/\/www.actecir.cat\/wp-content\/uploads\/2023\/04\/curs_1.jpg 806w, https:\/\/www.actecir.cat\/wp-content\/uploads\/2023\/04\/curs_1-300x225.jpg 300w, https:\/\/www.actecir.cat\/wp-content\/uploads\/2023\/04\/curs_1-768x576.jpg 768w\" sizes=\"(max-width: 418px) 100vw, 418px\" \/><\/figure>\n\n\n\n<figure class=\"wp-block-image size-full\"><img decoding=\"async\" width=\"592\" height=\"528\" src=\"https:\/\/www.actecir.cat\/wp-content\/uploads\/2023\/04\/curs_5.jpg\" alt=\"\" class=\"wp-image-3179\" srcset=\"https:\/\/www.actecir.cat\/wp-content\/uploads\/2023\/04\/curs_5.jpg 592w, https:\/\/www.actecir.cat\/wp-content\/uploads\/2023\/04\/curs_5-300x268.jpg 300w\" sizes=\"(max-width: 592px) 100vw, 592px\" \/><\/figure>\n<\/div>\n\n\n\n<div class=\"wp-block-column is-layout-flow wp-block-column-is-layout-flow\">\n<figure class=\"wp-block-image size-full is-resized\"><img decoding=\"async\" src=\"https:\/\/www.actecir.cat\/wp-content\/uploads\/2023\/04\/curs_3.jpg\" alt=\"\" class=\"wp-image-3175\" width=\"334\" height=\"446\" srcset=\"https:\/\/www.actecir.cat\/wp-content\/uploads\/2023\/04\/curs_3.jpg 605w, https:\/\/www.actecir.cat\/wp-content\/uploads\/2023\/04\/curs_3-225x300.jpg 225w\" sizes=\"(max-width: 334px) 100vw, 334px\" \/><\/figure>\n<\/div>\n<\/div>\n\n\n\n<figure class=\"wp-block-image size-large is-resized\"><img loading=\"lazy\" decoding=\"async\" src=\"https:\/\/www.actecir.cat\/wp-content\/uploads\/2023\/04\/CURS_10-1024x576.jpg\" alt=\"\" class=\"wp-image-3177\" width=\"776\" height=\"436\" srcset=\"https:\/\/www.actecir.cat\/wp-content\/uploads\/2023\/04\/CURS_10-1024x576.jpg 1024w, https:\/\/www.actecir.cat\/wp-content\/uploads\/2023\/04\/CURS_10-300x169.jpg 300w, https:\/\/www.actecir.cat\/wp-content\/uploads\/2023\/04\/CURS_10-768x432.jpg 768w, https:\/\/www.actecir.cat\/wp-content\/uploads\/2023\/04\/CURS_10.jpg 1210w\" sizes=\"(max-width: 776px) 100vw, 776px\" \/><\/figure>\n","protected":false},"excerpt":{"rendered":"<p>Fecha: 14 de julio<\/p>\n","protected":false},"author":1,"featured_media":3183,"comment_status":"open","ping_status":"open","sticky":false,"template":"","format":"standard","meta":{"footnotes":""},"categories":[23],"tags":[],"class_list":["post-3172","post","type-post","status-publish","format-standard","has-post-thumbnail","hentry","category-destacamos"],"yoast_head":"<!-- This site is optimized with the Yoast SEO plugin v27.2 - https:\/\/yoast.com\/product\/yoast-seo-wordpress\/ -->\n<title>Curso Aerotermia: Ultima sesi\u00f3n presencial en la nueva Sala de Formaci\u00f3n ACTECIR - Actecir<\/title>\n<meta name=\"robots\" content=\"index, follow, max-snippet:-1, max-image-preview:large, max-video-preview:-1\" \/>\n<link rel=\"canonical\" href=\"https:\/\/www.actecir.cat\/es\/curs-aerotermia-ultima-sessio-presencial-a-la-nova-sala-de-formacio-actecir\/\" \/>\n<meta property=\"og:locale\" content=\"es_ES\" \/>\n<meta property=\"og:type\" content=\"article\" \/>\n<meta property=\"og:title\" content=\"Curso Aerotermia: Ultima sesi\u00f3n presencial en la nueva Sala de Formaci\u00f3n ACTECIR - Actecir\" \/>\n<meta property=\"og:description\" content=\"Fecha: 14 de julio\" \/>\n<meta property=\"og:url\" content=\"https:\/\/www.actecir.cat\/es\/curs-aerotermia-ultima-sessio-presencial-a-la-nova-sala-de-formacio-actecir\/\" \/>\n<meta property=\"og:site_name\" content=\"Actecir\" \/>\n<meta property=\"article:published_time\" content=\"2022-07-15T13:57:10+00:00\" \/>\n<meta property=\"article:modified_time\" content=\"2023-04-14T14:14:43+00:00\" \/>\n<meta property=\"og:image\" content=\"https:\/\/www.actecir.cat\/wp-content\/uploads\/2023\/04\/curs_aerotermia-03.jpg\" \/>\n\t<meta property=\"og:image:width\" content=\"2501\" \/>\n\t<meta property=\"og:image:height\" content=\"1667\" \/>\n\t<meta property=\"og:image:type\" content=\"image\/jpeg\" \/>\n<meta name=\"author\" content=\"Soporte web\" \/>\n<meta name=\"twitter:card\" content=\"summary_large_image\" \/>\n<meta name=\"twitter:creator\" content=\"@actecir\" \/>\n<meta name=\"twitter:site\" content=\"@actecir\" \/>\n<meta name=\"twitter:label1\" content=\"Escrito por\" \/>\n\t<meta name=\"twitter:data1\" content=\"Soporte web\" \/>\n<script type=\"application\/ld+json\" class=\"yoast-schema-graph\">{\"@context\":\"https:\/\/schema.org\",\"@graph\":[{\"@type\":\"Article\",\"@id\":\"https:\/\/www.actecir.cat\/es\/curs-aerotermia-ultima-sessio-presencial-a-la-nova-sala-de-formacio-actecir\/#article\",\"isPartOf\":{\"@id\":\"https:\/\/www.actecir.cat\/es\/curs-aerotermia-ultima-sessio-presencial-a-la-nova-sala-de-formacio-actecir\/\"},\"author\":{\"name\":\"Soporte web\",\"@id\":\"https:\/\/www.actecir.cat\/#\/schema\/person\/42edd02f0b1d55e19444428c5d321413\"},\"headline\":\"Curso Aerotermia: Ultima sesi\u00f3n presencial en la nueva Sala de Formaci\u00f3n ACTECIR\",\"datePublished\":\"2022-07-15T13:57:10+00:00\",\"dateModified\":\"2023-04-14T14:14:43+00:00\",\"mainEntityOfPage\":{\"@id\":\"https:\/\/www.actecir.cat\/es\/curs-aerotermia-ultima-sessio-presencial-a-la-nova-sala-de-formacio-actecir\/\"},\"wordCount\":17,\"commentCount\":0,\"publisher\":{\"@id\":\"https:\/\/www.actecir.cat\/#organization\"},\"image\":{\"@id\":\"https:\/\/www.actecir.cat\/es\/curs-aerotermia-ultima-sessio-presencial-a-la-nova-sala-de-formacio-actecir\/#primaryimage\"},\"thumbnailUrl\":\"https:\/\/www.actecir.cat\/wp-content\/uploads\/2023\/04\/curs_aerotermia-03.jpg\",\"articleSection\":[\"Destacamos\"],\"inLanguage\":\"es\",\"potentialAction\":[{\"@type\":\"CommentAction\",\"name\":\"Comment\",\"target\":[\"https:\/\/www.actecir.cat\/es\/curs-aerotermia-ultima-sessio-presencial-a-la-nova-sala-de-formacio-actecir\/#respond\"]}]},{\"@type\":\"WebPage\",\"@id\":\"https:\/\/www.actecir.cat\/es\/curs-aerotermia-ultima-sessio-presencial-a-la-nova-sala-de-formacio-actecir\/\",\"url\":\"https:\/\/www.actecir.cat\/es\/curs-aerotermia-ultima-sessio-presencial-a-la-nova-sala-de-formacio-actecir\/\",\"name\":\"Curso Aerotermia: Ultima sesi\u00f3n presencial en la nueva Sala de Formaci\u00f3n ACTECIR - Actecir\",\"isPartOf\":{\"@id\":\"https:\/\/www.actecir.cat\/#website\"},\"primaryImageOfPage\":{\"@id\":\"https:\/\/www.actecir.cat\/es\/curs-aerotermia-ultima-sessio-presencial-a-la-nova-sala-de-formacio-actecir\/#primaryimage\"},\"image\":{\"@id\":\"https:\/\/www.actecir.cat\/es\/curs-aerotermia-ultima-sessio-presencial-a-la-nova-sala-de-formacio-actecir\/#primaryimage\"},\"thumbnailUrl\":\"https:\/\/www.actecir.cat\/wp-content\/uploads\/2023\/04\/curs_aerotermia-03.jpg\",\"datePublished\":\"2022-07-15T13:57:10+00:00\",\"dateModified\":\"2023-04-14T14:14:43+00:00\",\"breadcrumb\":{\"@id\":\"https:\/\/www.actecir.cat\/es\/curs-aerotermia-ultima-sessio-presencial-a-la-nova-sala-de-formacio-actecir\/#breadcrumb\"},\"inLanguage\":\"es\",\"potentialAction\":[{\"@type\":\"ReadAction\",\"target\":[\"https:\/\/www.actecir.cat\/es\/curs-aerotermia-ultima-sessio-presencial-a-la-nova-sala-de-formacio-actecir\/\"]}]},{\"@type\":\"ImageObject\",\"inLanguage\":\"es\",\"@id\":\"https:\/\/www.actecir.cat\/es\/curs-aerotermia-ultima-sessio-presencial-a-la-nova-sala-de-formacio-actecir\/#primaryimage\",\"url\":\"https:\/\/www.actecir.cat\/wp-content\/uploads\/2023\/04\/curs_aerotermia-03.jpg\",\"contentUrl\":\"https:\/\/www.actecir.cat\/wp-content\/uploads\/2023\/04\/curs_aerotermia-03.jpg\",\"width\":2501,\"height\":1667},{\"@type\":\"BreadcrumbList\",\"@id\":\"https:\/\/www.actecir.cat\/es\/curs-aerotermia-ultima-sessio-presencial-a-la-nova-sala-de-formacio-actecir\/#breadcrumb\",\"itemListElement\":[{\"@type\":\"ListItem\",\"position\":1,\"name\":\"Inici\",\"item\":\"https:\/\/www.actecir.cat\/es\/\"},{\"@type\":\"ListItem\",\"position\":2,\"name\":\"Curso Aerotermia: Ultima sesi\u00f3n presencial en la nueva Sala de Formaci\u00f3n ACTECIR\"}]},{\"@type\":\"WebSite\",\"@id\":\"https:\/\/www.actecir.cat\/#website\",\"url\":\"https:\/\/www.actecir.cat\/\",\"name\":\"Actecir\",\"description\":\"Associaci\u00f3 Catalana de T\u00e8cnics en Energia, Climatitzaci\u00f3 i Refrigeraci\u00f3\",\"publisher\":{\"@id\":\"https:\/\/www.actecir.cat\/#organization\"},\"potentialAction\":[{\"@type\":\"SearchAction\",\"target\":{\"@type\":\"EntryPoint\",\"urlTemplate\":\"https:\/\/www.actecir.cat\/?s={search_term_string}\"},\"query-input\":{\"@type\":\"PropertyValueSpecification\",\"valueRequired\":true,\"valueName\":\"search_term_string\"}}],\"inLanguage\":\"es\"},{\"@type\":\"Organization\",\"@id\":\"https:\/\/www.actecir.cat\/#organization\",\"name\":\"Actecir\",\"url\":\"https:\/\/www.actecir.cat\/\",\"logo\":{\"@type\":\"ImageObject\",\"inLanguage\":\"es\",\"@id\":\"https:\/\/www.actecir.cat\/#\/schema\/logo\/image\/\",\"url\":\"https:\/\/www.actecir.cat\/wp-content\/uploads\/2023\/04\/cropped-logo_actecir_60_alto.png\",\"contentUrl\":\"https:\/\/www.actecir.cat\/wp-content\/uploads\/2023\/04\/cropped-logo_actecir_60_alto.png\",\"width\":283,\"height\":80,\"caption\":\"Actecir\"},\"image\":{\"@id\":\"https:\/\/www.actecir.cat\/#\/schema\/logo\/image\/\"},\"sameAs\":[\"https:\/\/x.com\/actecir\",\"https:\/\/www.linkedin.com\/company\/actecir\"]},{\"@type\":\"Person\",\"@id\":\"https:\/\/www.actecir.cat\/#\/schema\/person\/42edd02f0b1d55e19444428c5d321413\",\"name\":\"Soporte web\",\"sameAs\":[\"https:\/\/www.actecir.cat\"],\"url\":\"https:\/\/www.actecir.cat\/es\/author\/maensystems\/\"}]}<\/script>\n<!-- \/ Yoast SEO plugin. -->","yoast_head_json":{"title":"Curso Aerotermia: Ultima sesi\u00f3n presencial en la nueva Sala de Formaci\u00f3n ACTECIR - Actecir","robots":{"index":"index","follow":"follow","max-snippet":"max-snippet:-1","max-image-preview":"max-image-preview:large","max-video-preview":"max-video-preview:-1"},"canonical":"https:\/\/www.actecir.cat\/es\/curs-aerotermia-ultima-sessio-presencial-a-la-nova-sala-de-formacio-actecir\/","og_locale":"es_ES","og_type":"article","og_title":"Curso Aerotermia: Ultima sesi\u00f3n presencial en la nueva Sala de Formaci\u00f3n ACTECIR - Actecir","og_description":"Fecha: 14 de julio","og_url":"https:\/\/www.actecir.cat\/es\/curs-aerotermia-ultima-sessio-presencial-a-la-nova-sala-de-formacio-actecir\/","og_site_name":"Actecir","article_published_time":"2022-07-15T13:57:10+00:00","article_modified_time":"2023-04-14T14:14:43+00:00","og_image":[{"width":2501,"height":1667,"url":"https:\/\/www.actecir.cat\/wp-content\/uploads\/2023\/04\/curs_aerotermia-03.jpg","type":"image\/jpeg"}],"author":"Soporte web","twitter_card":"summary_large_image","twitter_creator":"@actecir","twitter_site":"@actecir","twitter_misc":{"Escrito por":"Soporte web"},"schema":{"@context":"https:\/\/schema.org","@graph":[{"@type":"Article","@id":"https:\/\/www.actecir.cat\/es\/curs-aerotermia-ultima-sessio-presencial-a-la-nova-sala-de-formacio-actecir\/#article","isPartOf":{"@id":"https:\/\/www.actecir.cat\/es\/curs-aerotermia-ultima-sessio-presencial-a-la-nova-sala-de-formacio-actecir\/"},"author":{"name":"Soporte web","@id":"https:\/\/www.actecir.cat\/#\/schema\/person\/42edd02f0b1d55e19444428c5d321413"},"headline":"Curso Aerotermia: Ultima sesi\u00f3n presencial en la nueva Sala de Formaci\u00f3n ACTECIR","datePublished":"2022-07-15T13:57:10+00:00","dateModified":"2023-04-14T14:14:43+00:00","mainEntityOfPage":{"@id":"https:\/\/www.actecir.cat\/es\/curs-aerotermia-ultima-sessio-presencial-a-la-nova-sala-de-formacio-actecir\/"},"wordCount":17,"commentCount":0,"publisher":{"@id":"https:\/\/www.actecir.cat\/#organization"},"image":{"@id":"https:\/\/www.actecir.cat\/es\/curs-aerotermia-ultima-sessio-presencial-a-la-nova-sala-de-formacio-actecir\/#primaryimage"},"thumbnailUrl":"https:\/\/www.actecir.cat\/wp-content\/uploads\/2023\/04\/curs_aerotermia-03.jpg","articleSection":["Destacamos"],"inLanguage":"es","potentialAction":[{"@type":"CommentAction","name":"Comment","target":["https:\/\/www.actecir.cat\/es\/curs-aerotermia-ultima-sessio-presencial-a-la-nova-sala-de-formacio-actecir\/#respond"]}]},{"@type":"WebPage","@id":"https:\/\/www.actecir.cat\/es\/curs-aerotermia-ultima-sessio-presencial-a-la-nova-sala-de-formacio-actecir\/","url":"https:\/\/www.actecir.cat\/es\/curs-aerotermia-ultima-sessio-presencial-a-la-nova-sala-de-formacio-actecir\/","name":"Curso Aerotermia: Ultima sesi\u00f3n presencial en la nueva Sala de Formaci\u00f3n ACTECIR - Actecir","isPartOf":{"@id":"https:\/\/www.actecir.cat\/#website"},"primaryImageOfPage":{"@id":"https:\/\/www.actecir.cat\/es\/curs-aerotermia-ultima-sessio-presencial-a-la-nova-sala-de-formacio-actecir\/#primaryimage"},"image":{"@id":"https:\/\/www.actecir.cat\/es\/curs-aerotermia-ultima-sessio-presencial-a-la-nova-sala-de-formacio-actecir\/#primaryimage"},"thumbnailUrl":"https:\/\/www.actecir.cat\/wp-content\/uploads\/2023\/04\/curs_aerotermia-03.jpg","datePublished":"2022-07-15T13:57:10+00:00","dateModified":"2023-04-14T14:14:43+00:00","breadcrumb":{"@id":"https:\/\/www.actecir.cat\/es\/curs-aerotermia-ultima-sessio-presencial-a-la-nova-sala-de-formacio-actecir\/#breadcrumb"},"inLanguage":"es","potentialAction":[{"@type":"ReadAction","target":["https:\/\/www.actecir.cat\/es\/curs-aerotermia-ultima-sessio-presencial-a-la-nova-sala-de-formacio-actecir\/"]}]},{"@type":"ImageObject","inLanguage":"es","@id":"https:\/\/www.actecir.cat\/es\/curs-aerotermia-ultima-sessio-presencial-a-la-nova-sala-de-formacio-actecir\/#primaryimage","url":"https:\/\/www.actecir.cat\/wp-content\/uploads\/2023\/04\/curs_aerotermia-03.jpg","contentUrl":"https:\/\/www.actecir.cat\/wp-content\/uploads\/2023\/04\/curs_aerotermia-03.jpg","width":2501,"height":1667},{"@type":"BreadcrumbList","@id":"https:\/\/www.actecir.cat\/es\/curs-aerotermia-ultima-sessio-presencial-a-la-nova-sala-de-formacio-actecir\/#breadcrumb","itemListElement":[{"@type":"ListItem","position":1,"name":"Inici","item":"https:\/\/www.actecir.cat\/es\/"},{"@type":"ListItem","position":2,"name":"Curso Aerotermia: Ultima sesi\u00f3n presencial en la nueva Sala de Formaci\u00f3n ACTECIR"}]},{"@type":"WebSite","@id":"https:\/\/www.actecir.cat\/#website","url":"https:\/\/www.actecir.cat\/","name":"Actecir","description":"Associaci\u00f3 Catalana de T\u00e8cnics en Energia, Climatitzaci\u00f3 i Refrigeraci\u00f3","publisher":{"@id":"https:\/\/www.actecir.cat\/#organization"},"potentialAction":[{"@type":"SearchAction","target":{"@type":"EntryPoint","urlTemplate":"https:\/\/www.actecir.cat\/?s={search_term_string}"},"query-input":{"@type":"PropertyValueSpecification","valueRequired":true,"valueName":"search_term_string"}}],"inLanguage":"es"},{"@type":"Organization","@id":"https:\/\/www.actecir.cat\/#organization","name":"Actecir","url":"https:\/\/www.actecir.cat\/","logo":{"@type":"ImageObject","inLanguage":"es","@id":"https:\/\/www.actecir.cat\/#\/schema\/logo\/image\/","url":"https:\/\/www.actecir.cat\/wp-content\/uploads\/2023\/04\/cropped-logo_actecir_60_alto.png","contentUrl":"https:\/\/www.actecir.cat\/wp-content\/uploads\/2023\/04\/cropped-logo_actecir_60_alto.png","width":283,"height":80,"caption":"Actecir"},"image":{"@id":"https:\/\/www.actecir.cat\/#\/schema\/logo\/image\/"},"sameAs":["https:\/\/x.com\/actecir","https:\/\/www.linkedin.com\/company\/actecir"]},{"@type":"Person","@id":"https:\/\/www.actecir.cat\/#\/schema\/person\/42edd02f0b1d55e19444428c5d321413","name":"Soporte web","sameAs":["https:\/\/www.actecir.cat"],"url":"https:\/\/www.actecir.cat\/es\/author\/maensystems\/"}]}},"_links":{"self":[{"href":"https:\/\/www.actecir.cat\/es\/wp-json\/wp\/v2\/posts\/3172","targetHints":{"allow":["GET"]}}],"collection":[{"href":"https:\/\/www.actecir.cat\/es\/wp-json\/wp\/v2\/posts"}],"about":[{"href":"https:\/\/www.actecir.cat\/es\/wp-json\/wp\/v2\/types\/post"}],"author":[{"embeddable":true,"href":"https:\/\/www.actecir.cat\/es\/wp-json\/wp\/v2\/users\/1"}],"replies":[{"embeddable":true,"href":"https:\/\/www.actecir.cat\/es\/wp-json\/wp\/v2\/comments?post=3172"}],"version-history":[{"count":2,"href":"https:\/\/www.actecir.cat\/es\/wp-json\/wp\/v2\/posts\/3172\/revisions"}],"predecessor-version":[{"id":3191,"href":"https:\/\/www.actecir.cat\/es\/wp-json\/wp\/v2\/posts\/3172\/revisions\/3191"}],"wp:featuredmedia":[{"embeddable":true,"href":"https:\/\/www.actecir.cat\/es\/wp-json\/wp\/v2\/media\/3183"}],"wp:attachment":[{"href":"https:\/\/www.actecir.cat\/es\/wp-json\/wp\/v2\/media?parent=3172"}],"wp:term":[{"taxonomy":"category","embeddable":true,"href":"https:\/\/www.actecir.cat\/es\/wp-json\/wp\/v2\/categories?post=3172"},{"taxonomy":"post_tag","embeddable":true,"href":"https:\/\/www.actecir.cat\/es\/wp-json\/wp\/v2\/tags?post=3172"}],"curies":[{"name":"wp","href":"https:\/\/api.w.org\/{rel}","templated":true}]}}