{"id":3219,"date":"2022-06-20T14:35:00","date_gmt":"2022-06-20T14:35:00","guid":{"rendered":"https:\/\/www.actecir.cat\/?p=3219"},"modified":"2023-04-14T14:46:15","modified_gmt":"2023-04-14T14:46:15","slug":"dia-mundial-de-la-refrigeracion","status":"publish","type":"post","link":"https:\/\/www.actecir.cat\/es\/dia-mundial-de-la-refrigeracion\/","title":{"rendered":"D\u00eda Mundial de la Refrigeraci\u00f3n"},"content":{"rendered":"\n<p>Fecha: 27 de junio<\/p>\n\n\n\n<p><strong>Dia Mundial de la Refrigeraci\u00f3n<\/strong><\/p>\n\n\n\n<p>Por cuarto a\u00f1o consecutivo, el 26 de junio se conmemora el D\u00eda Mundial de la Refrigeraci\u00f3n con el apoyo del Programa de las Naciones Unidas para el Medio Ambiente. Para ello, Asociaciones Sectoriales y Organismos Profesionales de todo el mundo van a festejar la mencionada fecha, con el fin de resaltar la importancia que la refrigeraci\u00f3n, el acondicionamiento de aire y las bombas de calor tienen en el bienestar de la sociedad.<\/p>\n\n\n\n<p>Con este motivo, las Asociaciones\u00a0<strong>AEFYT\u00a0<\/strong>(Asociaci\u00f3n de Empresas del Fr\u00edo y sus Tecnolog\u00edas),\u00a0<strong>AFAR<\/strong>\u00a0(Asociaci\u00f3n de Fabricantes Andaluces de Refrigeraci\u00f3n) y\u00a0<strong>AFEC\u00a0<\/strong>(Asociaci\u00f3n de Fabricantes de Equipos de Climatizaci\u00f3n), celebrar\u00e1n una Jornada Virtual conmemorativa que tendr\u00e1 lugar el d\u00eda\u00a0<strong>27 de junio de 2022 ,\u00a0\u00a0<\/strong>de la cual<strong>\u00a0,\u00a0<\/strong>nuestra asociaci\u00f3n<a rel=\"noreferrer noopener\" href=\"http:\/\/diamundialdelarefrigeracion.com\/entidades-colaboradoras\/\" target=\"_blank\"><strong>\u00a0ACTECIR\u00a0<\/strong>es una de las<strong>\u00a0Entidades Colaboradoras.<\/strong><\/a><\/p>\n\n\n\n<p><strong>Haz click en la imagen para acceder a toda la informaci\u00f3n:<\/strong><\/p>\n\n\n\n<p><a href=\"http:\/\/diamundialdelarefrigeracion.com\/\" target=\"_blank\" rel=\"noreferrer noopener\"><\/a><\/p>\n\n\n\n<figure class=\"wp-block-image size-full\"><a href=\"http:\/\/diamundialdelarefrigeracion.com\/\"><img fetchpriority=\"high\" decoding=\"async\" width=\"600\" height=\"400\" src=\"https:\/\/www.actecir.cat\/wp-content\/uploads\/2023\/04\/diarefrigeracion.jpg\" alt=\"\" class=\"wp-image-3217\" srcset=\"https:\/\/www.actecir.cat\/wp-content\/uploads\/2023\/04\/diarefrigeracion.jpg 600w, https:\/\/www.actecir.cat\/wp-content\/uploads\/2023\/04\/diarefrigeracion-300x200.jpg 300w\" sizes=\"(max-width: 600px) 100vw, 600px\" \/><\/a><\/figure>\n","protected":false},"excerpt":{"rendered":"<p>Fecha: 27 de junio<\/p>\n","protected":false},"author":1,"featured_media":3217,"comment_status":"open","ping_status":"open","sticky":false,"template":"","format":"standard","meta":{"footnotes":""},"categories":[23],"tags":[],"class_list":["post-3219","post","type-post","status-publish","format-standard","has-post-thumbnail","hentry","category-destacamos"],"yoast_head":"<!-- This site is optimized with the Yoast SEO plugin v27.2 - https:\/\/yoast.com\/product\/yoast-seo-wordpress\/ -->\n<title>D\u00eda Mundial de la Refrigeraci\u00f3n - Actecir<\/title>\n<meta name=\"robots\" content=\"index, follow, max-snippet:-1, max-image-preview:large, max-video-preview:-1\" \/>\n<link rel=\"canonical\" href=\"https:\/\/www.actecir.cat\/es\/dia-mundial-de-la-refrigeracion\/\" \/>\n<meta property=\"og:locale\" content=\"es_ES\" \/>\n<meta property=\"og:type\" content=\"article\" \/>\n<meta property=\"og:title\" content=\"D\u00eda Mundial de la Refrigeraci\u00f3n - Actecir\" \/>\n<meta property=\"og:description\" content=\"Fecha: 27 de junio\" \/>\n<meta property=\"og:url\" content=\"https:\/\/www.actecir.cat\/es\/dia-mundial-de-la-refrigeracion\/\" \/>\n<meta property=\"og:site_name\" content=\"Actecir\" \/>\n<meta property=\"article:published_time\" content=\"2022-06-20T14:35:00+00:00\" \/>\n<meta property=\"article:modified_time\" content=\"2023-04-14T14:46:15+00:00\" \/>\n<meta property=\"og:image\" content=\"https:\/\/www.actecir.cat\/wp-content\/uploads\/2023\/04\/diarefrigeracion.jpg\" \/>\n\t<meta property=\"og:image:width\" content=\"600\" \/>\n\t<meta property=\"og:image:height\" content=\"400\" \/>\n\t<meta property=\"og:image:type\" content=\"image\/jpeg\" \/>\n<meta name=\"author\" content=\"Soporte web\" \/>\n<meta name=\"twitter:card\" content=\"summary_large_image\" \/>\n<meta name=\"twitter:creator\" content=\"@actecir\" \/>\n<meta name=\"twitter:site\" content=\"@actecir\" \/>\n<meta name=\"twitter:label1\" content=\"Escrito por\" \/>\n\t<meta name=\"twitter:data1\" content=\"Soporte web\" \/>\n\t<meta name=\"twitter:label2\" content=\"Tiempo de lectura\" \/>\n\t<meta name=\"twitter:data2\" content=\"1 minuto\" \/>\n<script type=\"application\/ld+json\" class=\"yoast-schema-graph\">{\"@context\":\"https:\/\/schema.org\",\"@graph\":[{\"@type\":\"Article\",\"@id\":\"https:\/\/www.actecir.cat\/es\/dia-mundial-de-la-refrigeracion\/#article\",\"isPartOf\":{\"@id\":\"https:\/\/www.actecir.cat\/es\/dia-mundial-de-la-refrigeracion\/\"},\"author\":{\"name\":\"Soporte web\",\"@id\":\"https:\/\/www.actecir.cat\/#\/schema\/person\/42edd02f0b1d55e19444428c5d321413\"},\"headline\":\"D\u00eda Mundial de la Refrigeraci\u00f3n\",\"datePublished\":\"2022-06-20T14:35:00+00:00\",\"dateModified\":\"2023-04-14T14:46:15+00:00\",\"mainEntityOfPage\":{\"@id\":\"https:\/\/www.actecir.cat\/es\/dia-mundial-de-la-refrigeracion\/\"},\"wordCount\":168,\"commentCount\":0,\"publisher\":{\"@id\":\"https:\/\/www.actecir.cat\/#organization\"},\"image\":{\"@id\":\"https:\/\/www.actecir.cat\/es\/dia-mundial-de-la-refrigeracion\/#primaryimage\"},\"thumbnailUrl\":\"https:\/\/www.actecir.cat\/wp-content\/uploads\/2023\/04\/diarefrigeracion.jpg\",\"articleSection\":[\"Destacamos\"],\"inLanguage\":\"es\",\"potentialAction\":[{\"@type\":\"CommentAction\",\"name\":\"Comment\",\"target\":[\"https:\/\/www.actecir.cat\/es\/dia-mundial-de-la-refrigeracion\/#respond\"]}]},{\"@type\":\"WebPage\",\"@id\":\"https:\/\/www.actecir.cat\/es\/dia-mundial-de-la-refrigeracion\/\",\"url\":\"https:\/\/www.actecir.cat\/es\/dia-mundial-de-la-refrigeracion\/\",\"name\":\"D\u00eda Mundial de la Refrigeraci\u00f3n - Actecir\",\"isPartOf\":{\"@id\":\"https:\/\/www.actecir.cat\/#website\"},\"primaryImageOfPage\":{\"@id\":\"https:\/\/www.actecir.cat\/es\/dia-mundial-de-la-refrigeracion\/#primaryimage\"},\"image\":{\"@id\":\"https:\/\/www.actecir.cat\/es\/dia-mundial-de-la-refrigeracion\/#primaryimage\"},\"thumbnailUrl\":\"https:\/\/www.actecir.cat\/wp-content\/uploads\/2023\/04\/diarefrigeracion.jpg\",\"datePublished\":\"2022-06-20T14:35:00+00:00\",\"dateModified\":\"2023-04-14T14:46:15+00:00\",\"breadcrumb\":{\"@id\":\"https:\/\/www.actecir.cat\/es\/dia-mundial-de-la-refrigeracion\/#breadcrumb\"},\"inLanguage\":\"es\",\"potentialAction\":[{\"@type\":\"ReadAction\",\"target\":[\"https:\/\/www.actecir.cat\/es\/dia-mundial-de-la-refrigeracion\/\"]}]},{\"@type\":\"ImageObject\",\"inLanguage\":\"es\",\"@id\":\"https:\/\/www.actecir.cat\/es\/dia-mundial-de-la-refrigeracion\/#primaryimage\",\"url\":\"https:\/\/www.actecir.cat\/wp-content\/uploads\/2023\/04\/diarefrigeracion.jpg\",\"contentUrl\":\"https:\/\/www.actecir.cat\/wp-content\/uploads\/2023\/04\/diarefrigeracion.jpg\",\"width\":600,\"height\":400},{\"@type\":\"BreadcrumbList\",\"@id\":\"https:\/\/www.actecir.cat\/es\/dia-mundial-de-la-refrigeracion\/#breadcrumb\",\"itemListElement\":[{\"@type\":\"ListItem\",\"position\":1,\"name\":\"Inici\",\"item\":\"https:\/\/www.actecir.cat\/es\/\"},{\"@type\":\"ListItem\",\"position\":2,\"name\":\"D\u00eda Mundial de la Refrigeraci\u00f3n\"}]},{\"@type\":\"WebSite\",\"@id\":\"https:\/\/www.actecir.cat\/#website\",\"url\":\"https:\/\/www.actecir.cat\/\",\"name\":\"Actecir\",\"description\":\"Associaci\u00f3 Catalana de T\u00e8cnics en Energia, Climatitzaci\u00f3 i Refrigeraci\u00f3\",\"publisher\":{\"@id\":\"https:\/\/www.actecir.cat\/#organization\"},\"potentialAction\":[{\"@type\":\"SearchAction\",\"target\":{\"@type\":\"EntryPoint\",\"urlTemplate\":\"https:\/\/www.actecir.cat\/?s={search_term_string}\"},\"query-input\":{\"@type\":\"PropertyValueSpecification\",\"valueRequired\":true,\"valueName\":\"search_term_string\"}}],\"inLanguage\":\"es\"},{\"@type\":\"Organization\",\"@id\":\"https:\/\/www.actecir.cat\/#organization\",\"name\":\"Actecir\",\"url\":\"https:\/\/www.actecir.cat\/\",\"logo\":{\"@type\":\"ImageObject\",\"inLanguage\":\"es\",\"@id\":\"https:\/\/www.actecir.cat\/#\/schema\/logo\/image\/\",\"url\":\"https:\/\/www.actecir.cat\/wp-content\/uploads\/2023\/04\/cropped-logo_actecir_60_alto.png\",\"contentUrl\":\"https:\/\/www.actecir.cat\/wp-content\/uploads\/2023\/04\/cropped-logo_actecir_60_alto.png\",\"width\":283,\"height\":80,\"caption\":\"Actecir\"},\"image\":{\"@id\":\"https:\/\/www.actecir.cat\/#\/schema\/logo\/image\/\"},\"sameAs\":[\"https:\/\/x.com\/actecir\",\"https:\/\/www.linkedin.com\/company\/actecir\"]},{\"@type\":\"Person\",\"@id\":\"https:\/\/www.actecir.cat\/#\/schema\/person\/42edd02f0b1d55e19444428c5d321413\",\"name\":\"Soporte web\",\"sameAs\":[\"https:\/\/www.actecir.cat\"],\"url\":\"https:\/\/www.actecir.cat\/es\/author\/maensystems\/\"}]}<\/script>\n<!-- \/ Yoast SEO plugin. -->","yoast_head_json":{"title":"D\u00eda Mundial de la Refrigeraci\u00f3n - Actecir","robots":{"index":"index","follow":"follow","max-snippet":"max-snippet:-1","max-image-preview":"max-image-preview:large","max-video-preview":"max-video-preview:-1"},"canonical":"https:\/\/www.actecir.cat\/es\/dia-mundial-de-la-refrigeracion\/","og_locale":"es_ES","og_type":"article","og_title":"D\u00eda Mundial de la Refrigeraci\u00f3n - Actecir","og_description":"Fecha: 27 de junio","og_url":"https:\/\/www.actecir.cat\/es\/dia-mundial-de-la-refrigeracion\/","og_site_name":"Actecir","article_published_time":"2022-06-20T14:35:00+00:00","article_modified_time":"2023-04-14T14:46:15+00:00","og_image":[{"width":600,"height":400,"url":"https:\/\/www.actecir.cat\/wp-content\/uploads\/2023\/04\/diarefrigeracion.jpg","type":"image\/jpeg"}],"author":"Soporte web","twitter_card":"summary_large_image","twitter_creator":"@actecir","twitter_site":"@actecir","twitter_misc":{"Escrito por":"Soporte web","Tiempo de lectura":"1 minuto"},"schema":{"@context":"https:\/\/schema.org","@graph":[{"@type":"Article","@id":"https:\/\/www.actecir.cat\/es\/dia-mundial-de-la-refrigeracion\/#article","isPartOf":{"@id":"https:\/\/www.actecir.cat\/es\/dia-mundial-de-la-refrigeracion\/"},"author":{"name":"Soporte web","@id":"https:\/\/www.actecir.cat\/#\/schema\/person\/42edd02f0b1d55e19444428c5d321413"},"headline":"D\u00eda Mundial de la Refrigeraci\u00f3n","datePublished":"2022-06-20T14:35:00+00:00","dateModified":"2023-04-14T14:46:15+00:00","mainEntityOfPage":{"@id":"https:\/\/www.actecir.cat\/es\/dia-mundial-de-la-refrigeracion\/"},"wordCount":168,"commentCount":0,"publisher":{"@id":"https:\/\/www.actecir.cat\/#organization"},"image":{"@id":"https:\/\/www.actecir.cat\/es\/dia-mundial-de-la-refrigeracion\/#primaryimage"},"thumbnailUrl":"https:\/\/www.actecir.cat\/wp-content\/uploads\/2023\/04\/diarefrigeracion.jpg","articleSection":["Destacamos"],"inLanguage":"es","potentialAction":[{"@type":"CommentAction","name":"Comment","target":["https:\/\/www.actecir.cat\/es\/dia-mundial-de-la-refrigeracion\/#respond"]}]},{"@type":"WebPage","@id":"https:\/\/www.actecir.cat\/es\/dia-mundial-de-la-refrigeracion\/","url":"https:\/\/www.actecir.cat\/es\/dia-mundial-de-la-refrigeracion\/","name":"D\u00eda Mundial de la Refrigeraci\u00f3n - Actecir","isPartOf":{"@id":"https:\/\/www.actecir.cat\/#website"},"primaryImageOfPage":{"@id":"https:\/\/www.actecir.cat\/es\/dia-mundial-de-la-refrigeracion\/#primaryimage"},"image":{"@id":"https:\/\/www.actecir.cat\/es\/dia-mundial-de-la-refrigeracion\/#primaryimage"},"thumbnailUrl":"https:\/\/www.actecir.cat\/wp-content\/uploads\/2023\/04\/diarefrigeracion.jpg","datePublished":"2022-06-20T14:35:00+00:00","dateModified":"2023-04-14T14:46:15+00:00","breadcrumb":{"@id":"https:\/\/www.actecir.cat\/es\/dia-mundial-de-la-refrigeracion\/#breadcrumb"},"inLanguage":"es","potentialAction":[{"@type":"ReadAction","target":["https:\/\/www.actecir.cat\/es\/dia-mundial-de-la-refrigeracion\/"]}]},{"@type":"ImageObject","inLanguage":"es","@id":"https:\/\/www.actecir.cat\/es\/dia-mundial-de-la-refrigeracion\/#primaryimage","url":"https:\/\/www.actecir.cat\/wp-content\/uploads\/2023\/04\/diarefrigeracion.jpg","contentUrl":"https:\/\/www.actecir.cat\/wp-content\/uploads\/2023\/04\/diarefrigeracion.jpg","width":600,"height":400},{"@type":"BreadcrumbList","@id":"https:\/\/www.actecir.cat\/es\/dia-mundial-de-la-refrigeracion\/#breadcrumb","itemListElement":[{"@type":"ListItem","position":1,"name":"Inici","item":"https:\/\/www.actecir.cat\/es\/"},{"@type":"ListItem","position":2,"name":"D\u00eda Mundial de la Refrigeraci\u00f3n"}]},{"@type":"WebSite","@id":"https:\/\/www.actecir.cat\/#website","url":"https:\/\/www.actecir.cat\/","name":"Actecir","description":"Associaci\u00f3 Catalana de T\u00e8cnics en Energia, Climatitzaci\u00f3 i Refrigeraci\u00f3","publisher":{"@id":"https:\/\/www.actecir.cat\/#organization"},"potentialAction":[{"@type":"SearchAction","target":{"@type":"EntryPoint","urlTemplate":"https:\/\/www.actecir.cat\/?s={search_term_string}"},"query-input":{"@type":"PropertyValueSpecification","valueRequired":true,"valueName":"search_term_string"}}],"inLanguage":"es"},{"@type":"Organization","@id":"https:\/\/www.actecir.cat\/#organization","name":"Actecir","url":"https:\/\/www.actecir.cat\/","logo":{"@type":"ImageObject","inLanguage":"es","@id":"https:\/\/www.actecir.cat\/#\/schema\/logo\/image\/","url":"https:\/\/www.actecir.cat\/wp-content\/uploads\/2023\/04\/cropped-logo_actecir_60_alto.png","contentUrl":"https:\/\/www.actecir.cat\/wp-content\/uploads\/2023\/04\/cropped-logo_actecir_60_alto.png","width":283,"height":80,"caption":"Actecir"},"image":{"@id":"https:\/\/www.actecir.cat\/#\/schema\/logo\/image\/"},"sameAs":["https:\/\/x.com\/actecir","https:\/\/www.linkedin.com\/company\/actecir"]},{"@type":"Person","@id":"https:\/\/www.actecir.cat\/#\/schema\/person\/42edd02f0b1d55e19444428c5d321413","name":"Soporte web","sameAs":["https:\/\/www.actecir.cat"],"url":"https:\/\/www.actecir.cat\/es\/author\/maensystems\/"}]}},"_links":{"self":[{"href":"https:\/\/www.actecir.cat\/es\/wp-json\/wp\/v2\/posts\/3219","targetHints":{"allow":["GET"]}}],"collection":[{"href":"https:\/\/www.actecir.cat\/es\/wp-json\/wp\/v2\/posts"}],"about":[{"href":"https:\/\/www.actecir.cat\/es\/wp-json\/wp\/v2\/types\/post"}],"author":[{"embeddable":true,"href":"https:\/\/www.actecir.cat\/es\/wp-json\/wp\/v2\/users\/1"}],"replies":[{"embeddable":true,"href":"https:\/\/www.actecir.cat\/es\/wp-json\/wp\/v2\/comments?post=3219"}],"version-history":[{"count":1,"href":"https:\/\/www.actecir.cat\/es\/wp-json\/wp\/v2\/posts\/3219\/revisions"}],"predecessor-version":[{"id":3220,"href":"https:\/\/www.actecir.cat\/es\/wp-json\/wp\/v2\/posts\/3219\/revisions\/3220"}],"wp:featuredmedia":[{"embeddable":true,"href":"https:\/\/www.actecir.cat\/es\/wp-json\/wp\/v2\/media\/3217"}],"wp:attachment":[{"href":"https:\/\/www.actecir.cat\/es\/wp-json\/wp\/v2\/media?parent=3219"}],"wp:term":[{"taxonomy":"category","embeddable":true,"href":"https:\/\/www.actecir.cat\/es\/wp-json\/wp\/v2\/categories?post=3219"},{"taxonomy":"post_tag","embeddable":true,"href":"https:\/\/www.actecir.cat\/es\/wp-json\/wp\/v2\/tags?post=3219"}],"curies":[{"name":"wp","href":"https:\/\/api.w.org\/{rel}","templated":true}]}}