{"id":3233,"date":"2022-05-30T15:38:00","date_gmt":"2022-05-30T13:38:00","guid":{"rendered":"https:\/\/www.actecir.cat\/?p=3233"},"modified":"2023-07-07T15:58:22","modified_gmt":"2023-07-07T13:58:22","slug":"novedad-curso-aerotermia-actecir","status":"publish","type":"post","link":"https:\/\/www.actecir.cat\/es\/novedad-curso-aerotermia-actecir\/","title":{"rendered":"NOVEDAD: Curso Aerotermia ACTECIR"},"content":{"rendered":"\n<p>Fechas: 16, 21, 30 junio &#8211; 7 y 14 julio<\/p>\n\n\n\n<p><strong>Curso AEROTERMIA<\/strong><\/p>\n\n\n\n<ul class=\"wp-block-list\">\n<li><strong>Curso online 21 horas:<\/strong><br>Modulo online: 6 horas<br>Modulo directo: 15 hores seg\u00fan el siguiente calendario.<\/li>\n\n\n\n<li><strong>Fechas:<br><\/strong>Junio: 16, 21 y 30<br>Julio: 7 y 14&nbsp;&nbsp;<em>(\u00faltima jornada presencial)<\/em><\/li>\n\n\n\n<li><strong>Horario:&nbsp;<\/strong>de 18:00 a 21:00 h<\/li>\n<\/ul>\n\n\n\n<p><strong>Ponentes:<\/strong><\/p>\n\n\n\n<ul class=\"wp-block-list\">\n<li>Alicia L\u00f3pez Camacho (Product Manager Aerotermia y Baja Temperatura, Salvador Escoda, S.A.)<\/li>\n<\/ul>\n\n\n\n<p><strong>Programa:<\/strong><\/p>\n\n\n\n<ul class=\"wp-block-list\">\n<li><strong>1.-Bomba de calor<\/strong>:\n<ul class=\"wp-block-list\">\n<li>Definici\u00f3n<\/li>\n\n\n\n<li>Tipologia de bomba de calor, expansi\u00f3n, circuito refrigerante.<\/li>\n\n\n\n<li>Esquema general de tipolog\u00edas.<\/li>\n<\/ul>\n<\/li>\n\n\n\n<li><strong>2..-Aerotermia<\/strong>\n<ul class=\"wp-block-list\">\n<li>Aerot\u00e8rmia como concepto, transporte de calor, proporci\u00f3n energia entregada&nbsp; y consumida.<\/li>\n\n\n\n<li>Expansi\u00f3n directa vs indirecta<\/li>\n<\/ul>\n<\/li>\n\n\n\n<li><strong>3.- Aerotermia como energ\u00eda renovable<\/strong>\n<ul class=\"wp-block-list\">\n<li>&nbsp;Concepto<\/li>\n\n\n\n<li>Rendimientos (SPF, SCOP, SEER, COP, EER)<\/li>\n<\/ul>\n<\/li>\n\n\n\n<li><strong>4.- Eficiencia energ\u00e9tica y emisiones de CO2<\/strong><\/li>\n\n\n\n<li><strong>5.- Tipos<\/strong><\/li>\n\n\n\n<li><strong>6.- Refrigerantes<\/strong><\/li>\n\n\n\n<li><strong>7.- Aplicaciones<\/strong><\/li>\n\n\n\n<li><strong>8.- Aplicaciones II<\/strong><\/li>\n\n\n\n<li><strong>9.- Normativa medioambiental<\/strong>\n<ul class=\"wp-block-list\">\n<li>Cumplimentaci\u00f3n de documentaci\u00f3n, legislaci\u00f3n y ayudas.<\/li>\n<\/ul>\n<\/li>\n\n\n\n<li><strong>10.- Ejemplos pr\u00e1ctics<\/strong><\/li>\n<\/ul>\n\n\n\n<ul class=\"wp-block-list\">\n<li><strong>Matricula:<\/strong>\n<ul class=\"wp-block-list\">\n<li>Precio Socio ACTECIR: 225\u20ac<\/li>\n\n\n\n<li>Precio NO Socio: 300 \u20ac<\/li>\n<\/ul>\n<\/li>\n<\/ul>\n\n\n\n<p><\/p>\n\n\n\n<p><strong>Informaci\u00f3:\u00a0<\/strong>Per m\u00e9s informaci\u00f3: Tel\u00e8fon: 639 465 899 Mail:\u00a0<a href=\"mailto:actecir@actecir.cat\"><\/a><a href=\"mailto:actecir@actecir.cat\">actecir@actecir.cat<\/a>\u00a0web:\u00a0<a href=\"https:\/\/www.actecir.cat\/\">www.actecir.cat<\/a><\/p>\n\n\n\n<p><a rel=\"noreferrer noopener\" href=\"https:\/\/docs.google.com\/forms\/d\/e\/1FAIpQLSdL1SSodgI-WZIudLN0eCxFRO2H7ufY2peHqR7Zpb0L7Yhn4w\/closedform\" target=\"_blank\"><\/a><\/p>\n\n\n\n<div style=\"height:40px\" aria-hidden=\"true\" class=\"wp-block-spacer\"><\/div>\n\n\n\n<figure class=\"wp-block-image size-full is-resized\"><a href=\"https:\/\/docs.google.com\/forms\/d\/e\/1FAIpQLSdL1SSodgI-WZIudLN0eCxFRO2H7ufY2peHqR7Zpb0L7Yhn4w\/closedform\"><img decoding=\"async\" src=\"https:\/\/www.actecir.cat\/wp-content\/uploads\/2023\/04\/formulario_inscripcion.jpg\" alt=\"\" class=\"wp-image-2946\" width=\"601\" height=\"55\" srcset=\"https:\/\/www.actecir.cat\/wp-content\/uploads\/2023\/04\/formulario_inscripcion.jpg 827w, https:\/\/www.actecir.cat\/wp-content\/uploads\/2023\/04\/formulario_inscripcion-300x27.jpg 300w, https:\/\/www.actecir.cat\/wp-content\/uploads\/2023\/04\/formulario_inscripcion-768x70.jpg 768w\" sizes=\"(max-width: 601px) 100vw, 601px\" \/><\/a><\/figure>\n\n\n\n<p><strong>Haz click en la imagen para descargar el d\u00edptico del curso:<\/strong><\/p>\n\n\n\n<figure class=\"wp-block-image size-full\"><a href=\"https:\/\/www.actecir.cat\/wp-content\/uploads\/2023\/04\/Aerotermia_15h_juny2022_cast_op.pdf\"><img fetchpriority=\"high\" decoding=\"async\" width=\"600\" height=\"400\" src=\"https:\/\/www.actecir.cat\/wp-content\/uploads\/2023\/04\/CURS_AEROTERMIA_2022_cast_web.jpg\" alt=\"\" class=\"wp-image-3234\" srcset=\"https:\/\/www.actecir.cat\/wp-content\/uploads\/2023\/04\/CURS_AEROTERMIA_2022_cast_web.jpg 600w, https:\/\/www.actecir.cat\/wp-content\/uploads\/2023\/04\/CURS_AEROTERMIA_2022_cast_web-300x200.jpg 300w\" sizes=\"(max-width: 600px) 100vw, 600px\" \/><\/a><\/figure>\n","protected":false},"excerpt":{"rendered":"<p>Fechas: 16, 21, 30 junio &#8211; 7 y 14 julio<\/p>\n","protected":false},"author":1,"featured_media":3234,"comment_status":"open","ping_status":"open","sticky":false,"template":"","format":"standard","meta":{"footnotes":""},"categories":[23],"tags":[],"class_list":["post-3233","post","type-post","status-publish","format-standard","has-post-thumbnail","hentry","category-destacamos"],"yoast_head":"<!-- This site is optimized with the Yoast SEO plugin v27.2 - https:\/\/yoast.com\/product\/yoast-seo-wordpress\/ -->\n<title>NOVEDAD: Curso Aerotermia ACTECIR - Actecir<\/title>\n<meta name=\"robots\" content=\"index, follow, max-snippet:-1, max-image-preview:large, max-video-preview:-1\" \/>\n<link rel=\"canonical\" href=\"https:\/\/www.actecir.cat\/es\/novedad-curso-aerotermia-actecir\/\" \/>\n<meta property=\"og:locale\" content=\"es_ES\" \/>\n<meta property=\"og:type\" content=\"article\" \/>\n<meta property=\"og:title\" content=\"NOVEDAD: Curso Aerotermia ACTECIR - Actecir\" \/>\n<meta property=\"og:description\" content=\"Fechas: 16, 21, 30 junio - 7 y 14 julio\" \/>\n<meta property=\"og:url\" content=\"https:\/\/www.actecir.cat\/es\/novedad-curso-aerotermia-actecir\/\" \/>\n<meta property=\"og:site_name\" content=\"Actecir\" \/>\n<meta property=\"article:published_time\" content=\"2022-05-30T13:38:00+00:00\" \/>\n<meta property=\"article:modified_time\" content=\"2023-07-07T13:58:22+00:00\" \/>\n<meta property=\"og:image\" content=\"https:\/\/www.actecir.cat\/wp-content\/uploads\/2023\/04\/CURS_AEROTERMIA_2022_cast_web.jpg\" \/>\n\t<meta property=\"og:image:width\" content=\"600\" \/>\n\t<meta property=\"og:image:height\" content=\"400\" \/>\n\t<meta property=\"og:image:type\" content=\"image\/jpeg\" \/>\n<meta name=\"author\" content=\"Soporte web\" \/>\n<meta name=\"twitter:card\" content=\"summary_large_image\" \/>\n<meta name=\"twitter:creator\" content=\"@actecir\" \/>\n<meta name=\"twitter:site\" content=\"@actecir\" \/>\n<meta name=\"twitter:label1\" content=\"Escrito por\" \/>\n\t<meta name=\"twitter:data1\" content=\"Soporte web\" \/>\n\t<meta name=\"twitter:label2\" content=\"Tiempo de lectura\" \/>\n\t<meta name=\"twitter:data2\" content=\"1 minuto\" \/>\n<script type=\"application\/ld+json\" class=\"yoast-schema-graph\">{\"@context\":\"https:\/\/schema.org\",\"@graph\":[{\"@type\":\"Article\",\"@id\":\"https:\/\/www.actecir.cat\/es\/novedad-curso-aerotermia-actecir\/#article\",\"isPartOf\":{\"@id\":\"https:\/\/www.actecir.cat\/es\/novedad-curso-aerotermia-actecir\/\"},\"author\":{\"name\":\"Soporte web\",\"@id\":\"https:\/\/www.actecir.cat\/#\/schema\/person\/42edd02f0b1d55e19444428c5d321413\"},\"headline\":\"NOVEDAD: Curso Aerotermia ACTECIR\",\"datePublished\":\"2022-05-30T13:38:00+00:00\",\"dateModified\":\"2023-07-07T13:58:22+00:00\",\"mainEntityOfPage\":{\"@id\":\"https:\/\/www.actecir.cat\/es\/novedad-curso-aerotermia-actecir\/\"},\"wordCount\":175,\"commentCount\":0,\"publisher\":{\"@id\":\"https:\/\/www.actecir.cat\/#organization\"},\"image\":{\"@id\":\"https:\/\/www.actecir.cat\/es\/novedad-curso-aerotermia-actecir\/#primaryimage\"},\"thumbnailUrl\":\"https:\/\/www.actecir.cat\/wp-content\/uploads\/2023\/04\/CURS_AEROTERMIA_2022_cast_web.jpg\",\"articleSection\":[\"Destacamos\"],\"inLanguage\":\"es\",\"potentialAction\":[{\"@type\":\"CommentAction\",\"name\":\"Comment\",\"target\":[\"https:\/\/www.actecir.cat\/es\/novedad-curso-aerotermia-actecir\/#respond\"]}]},{\"@type\":\"WebPage\",\"@id\":\"https:\/\/www.actecir.cat\/es\/novedad-curso-aerotermia-actecir\/\",\"url\":\"https:\/\/www.actecir.cat\/es\/novedad-curso-aerotermia-actecir\/\",\"name\":\"NOVEDAD: Curso Aerotermia ACTECIR - Actecir\",\"isPartOf\":{\"@id\":\"https:\/\/www.actecir.cat\/#website\"},\"primaryImageOfPage\":{\"@id\":\"https:\/\/www.actecir.cat\/es\/novedad-curso-aerotermia-actecir\/#primaryimage\"},\"image\":{\"@id\":\"https:\/\/www.actecir.cat\/es\/novedad-curso-aerotermia-actecir\/#primaryimage\"},\"thumbnailUrl\":\"https:\/\/www.actecir.cat\/wp-content\/uploads\/2023\/04\/CURS_AEROTERMIA_2022_cast_web.jpg\",\"datePublished\":\"2022-05-30T13:38:00+00:00\",\"dateModified\":\"2023-07-07T13:58:22+00:00\",\"breadcrumb\":{\"@id\":\"https:\/\/www.actecir.cat\/es\/novedad-curso-aerotermia-actecir\/#breadcrumb\"},\"inLanguage\":\"es\",\"potentialAction\":[{\"@type\":\"ReadAction\",\"target\":[\"https:\/\/www.actecir.cat\/es\/novedad-curso-aerotermia-actecir\/\"]}]},{\"@type\":\"ImageObject\",\"inLanguage\":\"es\",\"@id\":\"https:\/\/www.actecir.cat\/es\/novedad-curso-aerotermia-actecir\/#primaryimage\",\"url\":\"https:\/\/www.actecir.cat\/wp-content\/uploads\/2023\/04\/CURS_AEROTERMIA_2022_cast_web.jpg\",\"contentUrl\":\"https:\/\/www.actecir.cat\/wp-content\/uploads\/2023\/04\/CURS_AEROTERMIA_2022_cast_web.jpg\",\"width\":600,\"height\":400},{\"@type\":\"BreadcrumbList\",\"@id\":\"https:\/\/www.actecir.cat\/es\/novedad-curso-aerotermia-actecir\/#breadcrumb\",\"itemListElement\":[{\"@type\":\"ListItem\",\"position\":1,\"name\":\"Inici\",\"item\":\"https:\/\/www.actecir.cat\/es\/\"},{\"@type\":\"ListItem\",\"position\":2,\"name\":\"NOVEDAD: Curso Aerotermia ACTECIR\"}]},{\"@type\":\"WebSite\",\"@id\":\"https:\/\/www.actecir.cat\/#website\",\"url\":\"https:\/\/www.actecir.cat\/\",\"name\":\"Actecir\",\"description\":\"Associaci\u00f3 Catalana de T\u00e8cnics en Energia, Climatitzaci\u00f3 i Refrigeraci\u00f3\",\"publisher\":{\"@id\":\"https:\/\/www.actecir.cat\/#organization\"},\"potentialAction\":[{\"@type\":\"SearchAction\",\"target\":{\"@type\":\"EntryPoint\",\"urlTemplate\":\"https:\/\/www.actecir.cat\/?s={search_term_string}\"},\"query-input\":{\"@type\":\"PropertyValueSpecification\",\"valueRequired\":true,\"valueName\":\"search_term_string\"}}],\"inLanguage\":\"es\"},{\"@type\":\"Organization\",\"@id\":\"https:\/\/www.actecir.cat\/#organization\",\"name\":\"Actecir\",\"url\":\"https:\/\/www.actecir.cat\/\",\"logo\":{\"@type\":\"ImageObject\",\"inLanguage\":\"es\",\"@id\":\"https:\/\/www.actecir.cat\/#\/schema\/logo\/image\/\",\"url\":\"https:\/\/www.actecir.cat\/wp-content\/uploads\/2023\/04\/cropped-logo_actecir_60_alto.png\",\"contentUrl\":\"https:\/\/www.actecir.cat\/wp-content\/uploads\/2023\/04\/cropped-logo_actecir_60_alto.png\",\"width\":283,\"height\":80,\"caption\":\"Actecir\"},\"image\":{\"@id\":\"https:\/\/www.actecir.cat\/#\/schema\/logo\/image\/\"},\"sameAs\":[\"https:\/\/x.com\/actecir\",\"https:\/\/www.linkedin.com\/company\/actecir\"]},{\"@type\":\"Person\",\"@id\":\"https:\/\/www.actecir.cat\/#\/schema\/person\/42edd02f0b1d55e19444428c5d321413\",\"name\":\"Soporte web\",\"sameAs\":[\"https:\/\/www.actecir.cat\"],\"url\":\"https:\/\/www.actecir.cat\/es\/author\/maensystems\/\"}]}<\/script>\n<!-- \/ Yoast SEO plugin. -->","yoast_head_json":{"title":"NOVEDAD: Curso Aerotermia ACTECIR - Actecir","robots":{"index":"index","follow":"follow","max-snippet":"max-snippet:-1","max-image-preview":"max-image-preview:large","max-video-preview":"max-video-preview:-1"},"canonical":"https:\/\/www.actecir.cat\/es\/novedad-curso-aerotermia-actecir\/","og_locale":"es_ES","og_type":"article","og_title":"NOVEDAD: Curso Aerotermia ACTECIR - Actecir","og_description":"Fechas: 16, 21, 30 junio - 7 y 14 julio","og_url":"https:\/\/www.actecir.cat\/es\/novedad-curso-aerotermia-actecir\/","og_site_name":"Actecir","article_published_time":"2022-05-30T13:38:00+00:00","article_modified_time":"2023-07-07T13:58:22+00:00","og_image":[{"width":600,"height":400,"url":"https:\/\/www.actecir.cat\/wp-content\/uploads\/2023\/04\/CURS_AEROTERMIA_2022_cast_web.jpg","type":"image\/jpeg"}],"author":"Soporte web","twitter_card":"summary_large_image","twitter_creator":"@actecir","twitter_site":"@actecir","twitter_misc":{"Escrito por":"Soporte web","Tiempo de lectura":"1 minuto"},"schema":{"@context":"https:\/\/schema.org","@graph":[{"@type":"Article","@id":"https:\/\/www.actecir.cat\/es\/novedad-curso-aerotermia-actecir\/#article","isPartOf":{"@id":"https:\/\/www.actecir.cat\/es\/novedad-curso-aerotermia-actecir\/"},"author":{"name":"Soporte web","@id":"https:\/\/www.actecir.cat\/#\/schema\/person\/42edd02f0b1d55e19444428c5d321413"},"headline":"NOVEDAD: Curso Aerotermia ACTECIR","datePublished":"2022-05-30T13:38:00+00:00","dateModified":"2023-07-07T13:58:22+00:00","mainEntityOfPage":{"@id":"https:\/\/www.actecir.cat\/es\/novedad-curso-aerotermia-actecir\/"},"wordCount":175,"commentCount":0,"publisher":{"@id":"https:\/\/www.actecir.cat\/#organization"},"image":{"@id":"https:\/\/www.actecir.cat\/es\/novedad-curso-aerotermia-actecir\/#primaryimage"},"thumbnailUrl":"https:\/\/www.actecir.cat\/wp-content\/uploads\/2023\/04\/CURS_AEROTERMIA_2022_cast_web.jpg","articleSection":["Destacamos"],"inLanguage":"es","potentialAction":[{"@type":"CommentAction","name":"Comment","target":["https:\/\/www.actecir.cat\/es\/novedad-curso-aerotermia-actecir\/#respond"]}]},{"@type":"WebPage","@id":"https:\/\/www.actecir.cat\/es\/novedad-curso-aerotermia-actecir\/","url":"https:\/\/www.actecir.cat\/es\/novedad-curso-aerotermia-actecir\/","name":"NOVEDAD: Curso Aerotermia ACTECIR - Actecir","isPartOf":{"@id":"https:\/\/www.actecir.cat\/#website"},"primaryImageOfPage":{"@id":"https:\/\/www.actecir.cat\/es\/novedad-curso-aerotermia-actecir\/#primaryimage"},"image":{"@id":"https:\/\/www.actecir.cat\/es\/novedad-curso-aerotermia-actecir\/#primaryimage"},"thumbnailUrl":"https:\/\/www.actecir.cat\/wp-content\/uploads\/2023\/04\/CURS_AEROTERMIA_2022_cast_web.jpg","datePublished":"2022-05-30T13:38:00+00:00","dateModified":"2023-07-07T13:58:22+00:00","breadcrumb":{"@id":"https:\/\/www.actecir.cat\/es\/novedad-curso-aerotermia-actecir\/#breadcrumb"},"inLanguage":"es","potentialAction":[{"@type":"ReadAction","target":["https:\/\/www.actecir.cat\/es\/novedad-curso-aerotermia-actecir\/"]}]},{"@type":"ImageObject","inLanguage":"es","@id":"https:\/\/www.actecir.cat\/es\/novedad-curso-aerotermia-actecir\/#primaryimage","url":"https:\/\/www.actecir.cat\/wp-content\/uploads\/2023\/04\/CURS_AEROTERMIA_2022_cast_web.jpg","contentUrl":"https:\/\/www.actecir.cat\/wp-content\/uploads\/2023\/04\/CURS_AEROTERMIA_2022_cast_web.jpg","width":600,"height":400},{"@type":"BreadcrumbList","@id":"https:\/\/www.actecir.cat\/es\/novedad-curso-aerotermia-actecir\/#breadcrumb","itemListElement":[{"@type":"ListItem","position":1,"name":"Inici","item":"https:\/\/www.actecir.cat\/es\/"},{"@type":"ListItem","position":2,"name":"NOVEDAD: Curso Aerotermia ACTECIR"}]},{"@type":"WebSite","@id":"https:\/\/www.actecir.cat\/#website","url":"https:\/\/www.actecir.cat\/","name":"Actecir","description":"Associaci\u00f3 Catalana de T\u00e8cnics en Energia, Climatitzaci\u00f3 i Refrigeraci\u00f3","publisher":{"@id":"https:\/\/www.actecir.cat\/#organization"},"potentialAction":[{"@type":"SearchAction","target":{"@type":"EntryPoint","urlTemplate":"https:\/\/www.actecir.cat\/?s={search_term_string}"},"query-input":{"@type":"PropertyValueSpecification","valueRequired":true,"valueName":"search_term_string"}}],"inLanguage":"es"},{"@type":"Organization","@id":"https:\/\/www.actecir.cat\/#organization","name":"Actecir","url":"https:\/\/www.actecir.cat\/","logo":{"@type":"ImageObject","inLanguage":"es","@id":"https:\/\/www.actecir.cat\/#\/schema\/logo\/image\/","url":"https:\/\/www.actecir.cat\/wp-content\/uploads\/2023\/04\/cropped-logo_actecir_60_alto.png","contentUrl":"https:\/\/www.actecir.cat\/wp-content\/uploads\/2023\/04\/cropped-logo_actecir_60_alto.png","width":283,"height":80,"caption":"Actecir"},"image":{"@id":"https:\/\/www.actecir.cat\/#\/schema\/logo\/image\/"},"sameAs":["https:\/\/x.com\/actecir","https:\/\/www.linkedin.com\/company\/actecir"]},{"@type":"Person","@id":"https:\/\/www.actecir.cat\/#\/schema\/person\/42edd02f0b1d55e19444428c5d321413","name":"Soporte web","sameAs":["https:\/\/www.actecir.cat"],"url":"https:\/\/www.actecir.cat\/es\/author\/maensystems\/"}]}},"_links":{"self":[{"href":"https:\/\/www.actecir.cat\/es\/wp-json\/wp\/v2\/posts\/3233","targetHints":{"allow":["GET"]}}],"collection":[{"href":"https:\/\/www.actecir.cat\/es\/wp-json\/wp\/v2\/posts"}],"about":[{"href":"https:\/\/www.actecir.cat\/es\/wp-json\/wp\/v2\/types\/post"}],"author":[{"embeddable":true,"href":"https:\/\/www.actecir.cat\/es\/wp-json\/wp\/v2\/users\/1"}],"replies":[{"embeddable":true,"href":"https:\/\/www.actecir.cat\/es\/wp-json\/wp\/v2\/comments?post=3233"}],"version-history":[{"count":4,"href":"https:\/\/www.actecir.cat\/es\/wp-json\/wp\/v2\/posts\/3233\/revisions"}],"predecessor-version":[{"id":11404,"href":"https:\/\/www.actecir.cat\/es\/wp-json\/wp\/v2\/posts\/3233\/revisions\/11404"}],"wp:featuredmedia":[{"embeddable":true,"href":"https:\/\/www.actecir.cat\/es\/wp-json\/wp\/v2\/media\/3234"}],"wp:attachment":[{"href":"https:\/\/www.actecir.cat\/es\/wp-json\/wp\/v2\/media?parent=3233"}],"wp:term":[{"taxonomy":"category","embeddable":true,"href":"https:\/\/www.actecir.cat\/es\/wp-json\/wp\/v2\/categories?post=3233"},{"taxonomy":"post_tag","embeddable":true,"href":"https:\/\/www.actecir.cat\/es\/wp-json\/wp\/v2\/tags?post=3233"}],"curies":[{"name":"wp","href":"https:\/\/api.w.org\/{rel}","templated":true}]}}