{"id":3352,"date":"2022-03-18T08:00:00","date_gmt":"2022-03-18T08:00:00","guid":{"rendered":"https:\/\/www.actecir.cat\/?p=3352"},"modified":"2023-04-27T08:05:34","modified_gmt":"2023-04-27T08:05:34","slug":"curso-r32-en-instalaciones-de-clima","status":"publish","type":"post","link":"https:\/\/www.actecir.cat\/es\/curso-r32-en-instalaciones-de-clima\/","title":{"rendered":"Curso: R32 en Instalaciones de clima"},"content":{"rendered":"\n<p>Fecha: 24 de marzo de 16:00 a 20:00 horas<\/p>\n\n\n\n<p>Curso Online de 4 horas<\/p>\n\n\n\n<p><strong>Ponentes:<\/strong><\/p>\n\n\n\n<ul class=\"wp-block-list\">\n<li>C\u00e9sar Garc\u00eda\u00a0(T\u00e9cnico de Control Calidad Seguridad Industrial. Docente y formador con 20 a\u00f1os de experiencia \/ Instalaciones, Mantenimiento)<\/li>\n<\/ul>\n\n\n\n<p><\/p>\n\n\n\n<p><strong>Programa:<\/strong><\/p>\n\n\n\n<ul class=\"wp-block-list\">\n<li>Introducci\u00f3n<br><\/li>\n\n\n\n<li>Reglamento de seguridad por instalaciones frigor\u00edficas RD552\/2019<br><\/li>\n\n\n\n<li>Reglamento UE 517\/2014, del parlamento europeo<br><\/li>\n\n\n\n<li>Real Decreto 1027\/2007, de 20 de julio, por el que se aprueba el reglamento de instalaciones t\u00e9rmicas en los edificios.<br><\/li>\n\n\n\n<li>Clasificaci\u00f3n A2L de los gases<br><\/li>\n\n\n\n<li>Seguridad, Toxicidad e inflamabilidad, Presiones Problemas de escapes, Restricciones de uso<br><\/li>\n\n\n\n<li>Comparativa R32&nbsp;vs&nbsp;R410A<br><\/li>\n\n\n\n<li>C\u00e1lculo volumen m\u00ednimo. Calcular y llenar el informe de l\u00edmites admisibles de carga de refrigerante a la instalaci\u00f3n.<br><\/li>\n\n\n\n<li>Aspectos t\u00e9cnicos y pr\u00e1cticos a tener en cuenta en la instalaci\u00f3n de equipos:<br>\n<ul class=\"wp-block-list\">\n<li>Documentaci\u00f3n requerida a la empresa&nbsp;RITE&nbsp;o&nbsp;RSF&nbsp;nivel I.<\/li>\n\n\n\n<li>L\u00edmites de instalaci\u00f3n y mantenimiento por empresa&nbsp;RITE&nbsp;o&nbsp;RSF&nbsp;nivel I.<\/li>\n\n\n\n<li>Documentaci\u00f3n a entregar al titular de la instalaci\u00f3n de R-32<\/li>\n\n\n\n<li>Descripci\u00f3n y uso de herramientas espec\u00edficas.<br><\/li>\n<\/ul>\n<\/li>\n\n\n\n<li>Instalaci\u00f3n de equipos de aire&nbsp;acondicionat, Comportamiento y condiciones de Servicio.<br><\/li>\n\n\n\n<li>Preguntas frecuentes sobre el R-32<\/li>\n<\/ul>\n\n\n\n<p><\/p>\n\n\n\n<p><strong>Matricula:<\/strong><\/p>\n\n\n\n<ul class=\"wp-block-list\">\n<li>Precio socio de ACTECIR: Gratuito<br><\/li>\n\n\n\n<li>Precio NO socio: 60 \u20ac<\/li>\n<\/ul>\n\n\n\n<p><\/p>\n\n\n\n<p><strong>Informaci\u00f3n:<\/strong><\/p>\n\n\n\n<p>Para m\u00e1s informaci\u00f3n: Tel\u00e8fono: 639 465 899 Mail:&nbsp;<a href=\"mailto:actecir@actecir.cat\"><\/a><a href=\"mailto:actecir@actecir.cat\">actecir@actecir.cat<\/a>&nbsp;Web:&nbsp;<a href=\"https:\/\/www.actecir.cat\/\">www.actecir.cat<\/a><\/p>\n\n\n\n<figure class=\"wp-block-image size-full is-resized\"><a href=\"https:\/\/docs.google.com\/forms\/d\/e\/1FAIpQLSdZz0VQJgrnF48WymsHix2s4992CzVoOJqvf6XitA-WpPZu1Q\/closedform\"><img decoding=\"async\" src=\"https:\/\/www.actecir.cat\/wp-content\/uploads\/2023\/04\/formulario_inscripcion.jpg\" alt=\"\" class=\"wp-image-2946\" width=\"603\" height=\"55\" srcset=\"https:\/\/www.actecir.cat\/wp-content\/uploads\/2023\/04\/formulario_inscripcion.jpg 827w, https:\/\/www.actecir.cat\/wp-content\/uploads\/2023\/04\/formulario_inscripcion-300x27.jpg 300w, https:\/\/www.actecir.cat\/wp-content\/uploads\/2023\/04\/formulario_inscripcion-768x70.jpg 768w\" sizes=\"(max-width: 603px) 100vw, 603px\" \/><\/a><\/figure>\n\n\n\n<p><strong>Haz click para descargar la informaci\u00f3n del folleto informativo<\/strong><\/p>\n\n\n\n<figure class=\"wp-block-image size-full\"><a href=\"https:\/\/www.actecir.cat\/wp-content\/uploads\/2023\/04\/Curso_R32_marzo2022.pdf\"><img fetchpriority=\"high\" decoding=\"async\" width=\"600\" height=\"400\" src=\"https:\/\/www.actecir.cat\/wp-content\/uploads\/2023\/04\/CURS_R32_castellano_web.jpg\" alt=\"\" class=\"wp-image-3353\" srcset=\"https:\/\/www.actecir.cat\/wp-content\/uploads\/2023\/04\/CURS_R32_castellano_web.jpg 600w, https:\/\/www.actecir.cat\/wp-content\/uploads\/2023\/04\/CURS_R32_castellano_web-300x200.jpg 300w\" sizes=\"(max-width: 600px) 100vw, 600px\" \/><\/a><\/figure>\n","protected":false},"excerpt":{"rendered":"<p>Fecha: 24 de marzo de 16:00 a 20:00 horas<\/p>\n","protected":false},"author":1,"featured_media":3353,"comment_status":"open","ping_status":"open","sticky":false,"template":"","format":"standard","meta":{"footnotes":""},"categories":[23],"tags":[],"class_list":["post-3352","post","type-post","status-publish","format-standard","has-post-thumbnail","hentry","category-destacamos"],"yoast_head":"<!-- This site is optimized with the Yoast SEO plugin v27.2 - https:\/\/yoast.com\/product\/yoast-seo-wordpress\/ -->\n<title>Curso: R32 en Instalaciones de clima - Actecir<\/title>\n<meta name=\"robots\" content=\"index, follow, max-snippet:-1, max-image-preview:large, max-video-preview:-1\" \/>\n<link rel=\"canonical\" href=\"https:\/\/www.actecir.cat\/es\/curso-r32-en-instalaciones-de-clima\/\" \/>\n<meta property=\"og:locale\" content=\"es_ES\" \/>\n<meta property=\"og:type\" content=\"article\" \/>\n<meta property=\"og:title\" content=\"Curso: R32 en Instalaciones de clima - Actecir\" \/>\n<meta property=\"og:description\" content=\"Fecha: 24 de marzo de 16:00 a 20:00 horas\" \/>\n<meta property=\"og:url\" content=\"https:\/\/www.actecir.cat\/es\/curso-r32-en-instalaciones-de-clima\/\" \/>\n<meta property=\"og:site_name\" content=\"Actecir\" \/>\n<meta property=\"article:published_time\" content=\"2022-03-18T08:00:00+00:00\" \/>\n<meta property=\"article:modified_time\" content=\"2023-04-27T08:05:34+00:00\" \/>\n<meta property=\"og:image\" content=\"https:\/\/www.actecir.cat\/wp-content\/uploads\/2023\/04\/CURS_R32_castellano_web.jpg\" \/>\n\t<meta property=\"og:image:width\" content=\"600\" \/>\n\t<meta property=\"og:image:height\" content=\"400\" \/>\n\t<meta property=\"og:image:type\" content=\"image\/jpeg\" \/>\n<meta name=\"author\" content=\"Soporte web\" \/>\n<meta name=\"twitter:card\" content=\"summary_large_image\" \/>\n<meta name=\"twitter:creator\" content=\"@actecir\" \/>\n<meta name=\"twitter:site\" content=\"@actecir\" \/>\n<meta name=\"twitter:label1\" content=\"Escrito por\" \/>\n\t<meta name=\"twitter:data1\" content=\"Soporte web\" \/>\n\t<meta name=\"twitter:label2\" content=\"Tiempo de lectura\" \/>\n\t<meta name=\"twitter:data2\" content=\"1 minuto\" \/>\n<script type=\"application\/ld+json\" class=\"yoast-schema-graph\">{\"@context\":\"https:\/\/schema.org\",\"@graph\":[{\"@type\":\"Article\",\"@id\":\"https:\/\/www.actecir.cat\/es\/curso-r32-en-instalaciones-de-clima\/#article\",\"isPartOf\":{\"@id\":\"https:\/\/www.actecir.cat\/es\/curso-r32-en-instalaciones-de-clima\/\"},\"author\":{\"name\":\"Soporte web\",\"@id\":\"https:\/\/www.actecir.cat\/#\/schema\/person\/42edd02f0b1d55e19444428c5d321413\"},\"headline\":\"Curso: R32 en Instalaciones de clima\",\"datePublished\":\"2022-03-18T08:00:00+00:00\",\"dateModified\":\"2023-04-27T08:05:34+00:00\",\"mainEntityOfPage\":{\"@id\":\"https:\/\/www.actecir.cat\/es\/curso-r32-en-instalaciones-de-clima\/\"},\"wordCount\":246,\"commentCount\":0,\"publisher\":{\"@id\":\"https:\/\/www.actecir.cat\/#organization\"},\"image\":{\"@id\":\"https:\/\/www.actecir.cat\/es\/curso-r32-en-instalaciones-de-clima\/#primaryimage\"},\"thumbnailUrl\":\"https:\/\/www.actecir.cat\/wp-content\/uploads\/2023\/04\/CURS_R32_castellano_web.jpg\",\"articleSection\":[\"Destacamos\"],\"inLanguage\":\"es\",\"potentialAction\":[{\"@type\":\"CommentAction\",\"name\":\"Comment\",\"target\":[\"https:\/\/www.actecir.cat\/es\/curso-r32-en-instalaciones-de-clima\/#respond\"]}]},{\"@type\":\"WebPage\",\"@id\":\"https:\/\/www.actecir.cat\/es\/curso-r32-en-instalaciones-de-clima\/\",\"url\":\"https:\/\/www.actecir.cat\/es\/curso-r32-en-instalaciones-de-clima\/\",\"name\":\"Curso: R32 en Instalaciones de clima - Actecir\",\"isPartOf\":{\"@id\":\"https:\/\/www.actecir.cat\/#website\"},\"primaryImageOfPage\":{\"@id\":\"https:\/\/www.actecir.cat\/es\/curso-r32-en-instalaciones-de-clima\/#primaryimage\"},\"image\":{\"@id\":\"https:\/\/www.actecir.cat\/es\/curso-r32-en-instalaciones-de-clima\/#primaryimage\"},\"thumbnailUrl\":\"https:\/\/www.actecir.cat\/wp-content\/uploads\/2023\/04\/CURS_R32_castellano_web.jpg\",\"datePublished\":\"2022-03-18T08:00:00+00:00\",\"dateModified\":\"2023-04-27T08:05:34+00:00\",\"breadcrumb\":{\"@id\":\"https:\/\/www.actecir.cat\/es\/curso-r32-en-instalaciones-de-clima\/#breadcrumb\"},\"inLanguage\":\"es\",\"potentialAction\":[{\"@type\":\"ReadAction\",\"target\":[\"https:\/\/www.actecir.cat\/es\/curso-r32-en-instalaciones-de-clima\/\"]}]},{\"@type\":\"ImageObject\",\"inLanguage\":\"es\",\"@id\":\"https:\/\/www.actecir.cat\/es\/curso-r32-en-instalaciones-de-clima\/#primaryimage\",\"url\":\"https:\/\/www.actecir.cat\/wp-content\/uploads\/2023\/04\/CURS_R32_castellano_web.jpg\",\"contentUrl\":\"https:\/\/www.actecir.cat\/wp-content\/uploads\/2023\/04\/CURS_R32_castellano_web.jpg\",\"width\":600,\"height\":400},{\"@type\":\"BreadcrumbList\",\"@id\":\"https:\/\/www.actecir.cat\/es\/curso-r32-en-instalaciones-de-clima\/#breadcrumb\",\"itemListElement\":[{\"@type\":\"ListItem\",\"position\":1,\"name\":\"Inici\",\"item\":\"https:\/\/www.actecir.cat\/es\/\"},{\"@type\":\"ListItem\",\"position\":2,\"name\":\"Curso: R32 en Instalaciones de clima\"}]},{\"@type\":\"WebSite\",\"@id\":\"https:\/\/www.actecir.cat\/#website\",\"url\":\"https:\/\/www.actecir.cat\/\",\"name\":\"Actecir\",\"description\":\"Associaci\u00f3 Catalana de T\u00e8cnics en Energia, Climatitzaci\u00f3 i Refrigeraci\u00f3\",\"publisher\":{\"@id\":\"https:\/\/www.actecir.cat\/#organization\"},\"potentialAction\":[{\"@type\":\"SearchAction\",\"target\":{\"@type\":\"EntryPoint\",\"urlTemplate\":\"https:\/\/www.actecir.cat\/?s={search_term_string}\"},\"query-input\":{\"@type\":\"PropertyValueSpecification\",\"valueRequired\":true,\"valueName\":\"search_term_string\"}}],\"inLanguage\":\"es\"},{\"@type\":\"Organization\",\"@id\":\"https:\/\/www.actecir.cat\/#organization\",\"name\":\"Actecir\",\"url\":\"https:\/\/www.actecir.cat\/\",\"logo\":{\"@type\":\"ImageObject\",\"inLanguage\":\"es\",\"@id\":\"https:\/\/www.actecir.cat\/#\/schema\/logo\/image\/\",\"url\":\"https:\/\/www.actecir.cat\/wp-content\/uploads\/2023\/04\/cropped-logo_actecir_60_alto.png\",\"contentUrl\":\"https:\/\/www.actecir.cat\/wp-content\/uploads\/2023\/04\/cropped-logo_actecir_60_alto.png\",\"width\":283,\"height\":80,\"caption\":\"Actecir\"},\"image\":{\"@id\":\"https:\/\/www.actecir.cat\/#\/schema\/logo\/image\/\"},\"sameAs\":[\"https:\/\/x.com\/actecir\",\"https:\/\/www.linkedin.com\/company\/actecir\"]},{\"@type\":\"Person\",\"@id\":\"https:\/\/www.actecir.cat\/#\/schema\/person\/42edd02f0b1d55e19444428c5d321413\",\"name\":\"Soporte web\",\"sameAs\":[\"https:\/\/www.actecir.cat\"],\"url\":\"https:\/\/www.actecir.cat\/es\/author\/maensystems\/\"}]}<\/script>\n<!-- \/ Yoast SEO plugin. -->","yoast_head_json":{"title":"Curso: R32 en Instalaciones de clima - Actecir","robots":{"index":"index","follow":"follow","max-snippet":"max-snippet:-1","max-image-preview":"max-image-preview:large","max-video-preview":"max-video-preview:-1"},"canonical":"https:\/\/www.actecir.cat\/es\/curso-r32-en-instalaciones-de-clima\/","og_locale":"es_ES","og_type":"article","og_title":"Curso: R32 en Instalaciones de clima - Actecir","og_description":"Fecha: 24 de marzo de 16:00 a 20:00 horas","og_url":"https:\/\/www.actecir.cat\/es\/curso-r32-en-instalaciones-de-clima\/","og_site_name":"Actecir","article_published_time":"2022-03-18T08:00:00+00:00","article_modified_time":"2023-04-27T08:05:34+00:00","og_image":[{"width":600,"height":400,"url":"https:\/\/www.actecir.cat\/wp-content\/uploads\/2023\/04\/CURS_R32_castellano_web.jpg","type":"image\/jpeg"}],"author":"Soporte web","twitter_card":"summary_large_image","twitter_creator":"@actecir","twitter_site":"@actecir","twitter_misc":{"Escrito por":"Soporte web","Tiempo de lectura":"1 minuto"},"schema":{"@context":"https:\/\/schema.org","@graph":[{"@type":"Article","@id":"https:\/\/www.actecir.cat\/es\/curso-r32-en-instalaciones-de-clima\/#article","isPartOf":{"@id":"https:\/\/www.actecir.cat\/es\/curso-r32-en-instalaciones-de-clima\/"},"author":{"name":"Soporte web","@id":"https:\/\/www.actecir.cat\/#\/schema\/person\/42edd02f0b1d55e19444428c5d321413"},"headline":"Curso: R32 en Instalaciones de clima","datePublished":"2022-03-18T08:00:00+00:00","dateModified":"2023-04-27T08:05:34+00:00","mainEntityOfPage":{"@id":"https:\/\/www.actecir.cat\/es\/curso-r32-en-instalaciones-de-clima\/"},"wordCount":246,"commentCount":0,"publisher":{"@id":"https:\/\/www.actecir.cat\/#organization"},"image":{"@id":"https:\/\/www.actecir.cat\/es\/curso-r32-en-instalaciones-de-clima\/#primaryimage"},"thumbnailUrl":"https:\/\/www.actecir.cat\/wp-content\/uploads\/2023\/04\/CURS_R32_castellano_web.jpg","articleSection":["Destacamos"],"inLanguage":"es","potentialAction":[{"@type":"CommentAction","name":"Comment","target":["https:\/\/www.actecir.cat\/es\/curso-r32-en-instalaciones-de-clima\/#respond"]}]},{"@type":"WebPage","@id":"https:\/\/www.actecir.cat\/es\/curso-r32-en-instalaciones-de-clima\/","url":"https:\/\/www.actecir.cat\/es\/curso-r32-en-instalaciones-de-clima\/","name":"Curso: R32 en Instalaciones de clima - Actecir","isPartOf":{"@id":"https:\/\/www.actecir.cat\/#website"},"primaryImageOfPage":{"@id":"https:\/\/www.actecir.cat\/es\/curso-r32-en-instalaciones-de-clima\/#primaryimage"},"image":{"@id":"https:\/\/www.actecir.cat\/es\/curso-r32-en-instalaciones-de-clima\/#primaryimage"},"thumbnailUrl":"https:\/\/www.actecir.cat\/wp-content\/uploads\/2023\/04\/CURS_R32_castellano_web.jpg","datePublished":"2022-03-18T08:00:00+00:00","dateModified":"2023-04-27T08:05:34+00:00","breadcrumb":{"@id":"https:\/\/www.actecir.cat\/es\/curso-r32-en-instalaciones-de-clima\/#breadcrumb"},"inLanguage":"es","potentialAction":[{"@type":"ReadAction","target":["https:\/\/www.actecir.cat\/es\/curso-r32-en-instalaciones-de-clima\/"]}]},{"@type":"ImageObject","inLanguage":"es","@id":"https:\/\/www.actecir.cat\/es\/curso-r32-en-instalaciones-de-clima\/#primaryimage","url":"https:\/\/www.actecir.cat\/wp-content\/uploads\/2023\/04\/CURS_R32_castellano_web.jpg","contentUrl":"https:\/\/www.actecir.cat\/wp-content\/uploads\/2023\/04\/CURS_R32_castellano_web.jpg","width":600,"height":400},{"@type":"BreadcrumbList","@id":"https:\/\/www.actecir.cat\/es\/curso-r32-en-instalaciones-de-clima\/#breadcrumb","itemListElement":[{"@type":"ListItem","position":1,"name":"Inici","item":"https:\/\/www.actecir.cat\/es\/"},{"@type":"ListItem","position":2,"name":"Curso: R32 en Instalaciones de clima"}]},{"@type":"WebSite","@id":"https:\/\/www.actecir.cat\/#website","url":"https:\/\/www.actecir.cat\/","name":"Actecir","description":"Associaci\u00f3 Catalana de T\u00e8cnics en Energia, Climatitzaci\u00f3 i Refrigeraci\u00f3","publisher":{"@id":"https:\/\/www.actecir.cat\/#organization"},"potentialAction":[{"@type":"SearchAction","target":{"@type":"EntryPoint","urlTemplate":"https:\/\/www.actecir.cat\/?s={search_term_string}"},"query-input":{"@type":"PropertyValueSpecification","valueRequired":true,"valueName":"search_term_string"}}],"inLanguage":"es"},{"@type":"Organization","@id":"https:\/\/www.actecir.cat\/#organization","name":"Actecir","url":"https:\/\/www.actecir.cat\/","logo":{"@type":"ImageObject","inLanguage":"es","@id":"https:\/\/www.actecir.cat\/#\/schema\/logo\/image\/","url":"https:\/\/www.actecir.cat\/wp-content\/uploads\/2023\/04\/cropped-logo_actecir_60_alto.png","contentUrl":"https:\/\/www.actecir.cat\/wp-content\/uploads\/2023\/04\/cropped-logo_actecir_60_alto.png","width":283,"height":80,"caption":"Actecir"},"image":{"@id":"https:\/\/www.actecir.cat\/#\/schema\/logo\/image\/"},"sameAs":["https:\/\/x.com\/actecir","https:\/\/www.linkedin.com\/company\/actecir"]},{"@type":"Person","@id":"https:\/\/www.actecir.cat\/#\/schema\/person\/42edd02f0b1d55e19444428c5d321413","name":"Soporte web","sameAs":["https:\/\/www.actecir.cat"],"url":"https:\/\/www.actecir.cat\/es\/author\/maensystems\/"}]}},"_links":{"self":[{"href":"https:\/\/www.actecir.cat\/es\/wp-json\/wp\/v2\/posts\/3352","targetHints":{"allow":["GET"]}}],"collection":[{"href":"https:\/\/www.actecir.cat\/es\/wp-json\/wp\/v2\/posts"}],"about":[{"href":"https:\/\/www.actecir.cat\/es\/wp-json\/wp\/v2\/types\/post"}],"author":[{"embeddable":true,"href":"https:\/\/www.actecir.cat\/es\/wp-json\/wp\/v2\/users\/1"}],"replies":[{"embeddable":true,"href":"https:\/\/www.actecir.cat\/es\/wp-json\/wp\/v2\/comments?post=3352"}],"version-history":[{"count":2,"href":"https:\/\/www.actecir.cat\/es\/wp-json\/wp\/v2\/posts\/3352\/revisions"}],"predecessor-version":[{"id":3358,"href":"https:\/\/www.actecir.cat\/es\/wp-json\/wp\/v2\/posts\/3352\/revisions\/3358"}],"wp:featuredmedia":[{"embeddable":true,"href":"https:\/\/www.actecir.cat\/es\/wp-json\/wp\/v2\/media\/3353"}],"wp:attachment":[{"href":"https:\/\/www.actecir.cat\/es\/wp-json\/wp\/v2\/media?parent=3352"}],"wp:term":[{"taxonomy":"category","embeddable":true,"href":"https:\/\/www.actecir.cat\/es\/wp-json\/wp\/v2\/categories?post=3352"},{"taxonomy":"post_tag","embeddable":true,"href":"https:\/\/www.actecir.cat\/es\/wp-json\/wp\/v2\/tags?post=3352"}],"curies":[{"name":"wp","href":"https:\/\/api.w.org\/{rel}","templated":true}]}}