{"id":3391,"date":"2022-01-19T10:49:00","date_gmt":"2022-01-19T09:49:00","guid":{"rendered":"https:\/\/www.actecir.cat\/?p=3391"},"modified":"2023-06-22T13:35:24","modified_gmt":"2023-06-22T11:35:24","slug":"4o-curso-de-instalaciones-frigorificas-de-co2","status":"publish","type":"post","link":"https:\/\/www.actecir.cat\/es\/4o-curso-de-instalaciones-frigorificas-de-co2\/","title":{"rendered":"4\u00ba Curso de Instalaciones Frigor\u00edficas de CO2"},"content":{"rendered":"\r\n<p>Fechas: del 2 de marzo al 27 de abril 2022<\/p>\r\n\r\n\r\n\r\n<p><strong>4\u00ba CURSO DE INSTALACIONES FRIGOR\u00cdFICAS DE CO2<\/strong><\/p>\r\n\r\n\r\n\r\n<ul class=\"wp-block-list\">\r\n<li>Organitzado por: ACTECIR y AEFYT<\/li>\r\n\r\n\r\n\r\n<li>Modalidad: Mixta<\/li>\r\n\r\n\r\n\r\n<li>Fechas: del 2 de marzo al 27 de abril.<\/li>\r\n\r\n\r\n\r\n<li>CURSO BONIFICABLE<\/li>\r\n<\/ul>\r\n\r\n\r\n\r\n<p>&nbsp;<\/p>\r\n\r\n\r\n\r\n<p>\u00a0<strong>CALENDARIO:<\/strong><\/p>\r\n\r\n\r\n\r\n<ul class=\"wp-block-list\">\r\n<li><strong>M\u00f3dulo on-line: 20 horas.<br \/><\/strong><\/li>\r\n\r\n\r\n\r\n<li><strong>M\u00f3dulo en directo: consta de 30 horas<\/strong>, seg\u00fan elsiguiente calendario y en horario de 16:00 a 20:00 horas.<\/li>\r\n\r\n\r\n\r\n<li>Mi\u00e9rcoles 02 de marzo de 2022<\/li>\r\n\r\n\r\n\r\n<li>Mi\u00e9rcoles 09 de marzo de 2022<\/li>\r\n\r\n\r\n\r\n<li>Mi\u00e9rcoles 16 de marzo de 2022<\/li>\r\n\r\n\r\n\r\n<li>Mi\u00e9rcoles 23 de marzo de 2022<\/li>\r\n\r\n\r\n\r\n<li>Mi\u00e9rcoles 30 de marzo de 2022<\/li>\r\n\r\n\r\n\r\n<li>Mi\u00e9rcoles 06 de abril de 2022<\/li>\r\n\r\n\r\n\r\n<li>Mi\u00e9rcoles 20 de abril de 2022<\/li>\r\n\r\n\r\n\r\n<li>Mi\u00e9rcoles 27 de abril de 2022<\/li>\r\n<\/ul>\r\n\r\n\r\n\r\n<p>&nbsp;<\/p>\r\n\r\n\r\n\r\n<p><strong>DIRIGIDO A:<\/strong><\/p>\r\n\r\n\r\n\r\n<ul class=\"wp-block-list\">\r\n<li>Ingenieros proyectistas de instalaciones frigor\u00edficas.<\/li>\r\n\r\n\r\n\r\n<li>Jefes de ingenier\u00edas.<\/li>\r\n\r\n\r\n\r\n<li>Instaladores frigoristas habilitados.<\/li>\r\n\r\n\r\n\r\n<li>Responsables de mantenimiento y Responsables de seguridad de instalaciones frigor\u00edficas de Almacenes frigor\u00edficos polivalentes, f\u00e1bricas de hielo, centrales lecheras e industrias l\u00e1cteas, etc.\u2026<\/li>\r\n<\/ul>\r\n\r\n\r\n\r\n<p>&nbsp;<\/p>\r\n\r\n\r\n\r\n<p><strong>PROFESOR:<\/strong><\/p>\r\n\r\n\r\n\r\n<p>Ser\u00e1 impartido por un reconocido experto en la materia,\u00a0D. Ricardo Gim\u00e9nez L\u00f3pez, Ingeniero, con acreditada experiencia t\u00e9cnica y docente, avalada por su labor profesional en los departamentos de ingenier\u00eda de grandes empresas Instaladoras de Fr\u00edo y como Profesor de Fr\u00edo Industrial en la Escuela T\u00e9cnica Profesional del Clot.<\/p>\r\n\r\n\r\n\r\n<p>Integrante del Grupo de Trabajo redactor del RSIF y autor de diversas publicaciones relacionadas con la tecnolog\u00eda frigor\u00edfca.<\/p>\r\n\r\n\r\n\r\n<p>DIRECTOR-COORDINADOR:\u00a0D. Manuel Lam\u00faa Soldevilla, Gerente de AEFYT<\/p>\r\n\r\n\r\n\r\n<p><strong>PRECIO:<\/strong>\u00a0<\/p>\r\n\r\n\r\n\r\n<ul class=\"wp-block-list\">\r\n<li>Precio por inscripci\u00f3n de personal de Empresa Asociada a ACTECIR-AEFYT: 550\u20ac<br \/>(como extensi\u00f3n de cuota por formaci\u00f3n).<\/li>\r\n\r\n\r\n\r\n<li>Precio por inscripci\u00f3n de personal de Empresa NO Asociada a ACTECIR-AEFYT:\u00a0 750 \u20ac<\/li>\r\n<\/ul>\r\n\r\n\r\n\r\n<p>&nbsp;<\/p>\r\n\r\n\r\n\r\n<p><strong>INFORMACI\u00d3N:<\/strong><\/p>\r\n\r\n\r\n\r\n<p>Para m\u00e1s informaci\u00f3n llamar o enviar mail: Tel: 639 465 899 \/ 915 635 992<\/p>\r\n\r\n\r\n\r\n<p>\u00a0<a href=\"mailto:actecir@actecir.cat\">actecir@actecir.cat<\/a>\u00a0\/\u00a0<a href=\"mailto:aefitinfo@aefyt.es\">aefytinfo@aefyt.es<\/a>\u00a0<\/p>\r\n\r\n\r\n\r\n<div class=\"wp-block-spacer\" style=\"height: 37px;\" aria-hidden=\"true\">\u00a0<\/div>\r\n\r\n\r\n\r\n<figure class=\"wp-block-image size-full\"><a href=\"https:\/\/www.actecir.cat\/wp-content\/uploads\/2023\/04\/PROGRAMA_4_CO2.pdf\"><img fetchpriority=\"high\" decoding=\"async\" width=\"600\" height=\"400\" class=\"wp-image-3392\" src=\"https:\/\/www.actecir.cat\/wp-content\/uploads\/2023\/04\/curso_CO2_2022_web_castellano.jpg\" alt=\"\" srcset=\"https:\/\/www.actecir.cat\/wp-content\/uploads\/2023\/04\/curso_CO2_2022_web_castellano.jpg 600w, https:\/\/www.actecir.cat\/wp-content\/uploads\/2023\/04\/curso_CO2_2022_web_castellano-300x200.jpg 300w\" sizes=\"(max-width: 600px) 100vw, 600px\" \/><\/a><\/figure>\r\n\r\n\r\n\r\n<figure class=\"wp-block-image size-full\"><a href=\"https:\/\/docs.google.com\/forms\/d\/e\/1FAIpQLSczSBuOryVptQzrVHdlXLSf27md0MDZ0ufi6Ib6Uix521V3nQ\/viewform\"><img decoding=\"async\" width=\"607\" height=\"72\" class=\"wp-image-3303\" src=\"https:\/\/www.actecir.cat\/wp-content\/uploads\/2023\/04\/informacion.jpg\" alt=\"\" srcset=\"https:\/\/www.actecir.cat\/wp-content\/uploads\/2023\/04\/informacion.jpg 607w, https:\/\/www.actecir.cat\/wp-content\/uploads\/2023\/04\/informacion-300x36.jpg 300w\" sizes=\"(max-width: 607px) 100vw, 607px\" \/><\/a><\/figure>\r\n\r\n\r\n\r\n<div class=\"wp-block-spacer\" style=\"height: 37px;\" aria-hidden=\"true\">\u00a0<\/div>\r\n\r\n\r\n\r\n<p><strong>TEMARIO<\/strong><\/p>\r\n\r\n\r\n\r\n<ul class=\"wp-block-list\">\r\n<li><strong>Tema 1. Introducci\u00f3n al anh\u00eddrido carb\u00f3nico<br \/><\/strong>Generalidades. Obtenci\u00f3n. Utilizaci\u00f3n. Propiedades. Historia. Efecto invernadero. Disminuci\u00f3n de gases efecto invernadero. Comparaci\u00f3n de refrigerantes. Diagrama ent\u00e1lpico. Cambio de fases.<\/li>\r\n\r\n\r\n\r\n<li><strong>Tema 2. Utilizaci\u00f3n<br \/><\/strong>CO<sub>2<\/sub>\u00a0y el agua. Aceite y CO<sub>2<\/sub>. Recuperaci\u00f3n de aceite. Almacenamiento del CO<sub>2<\/sub>.<\/li>\r\n\r\n\r\n\r\n<li><strong>Tema 3. Seguridad<br \/><\/strong>Generalidades. Conocimientos b\u00e1sicos. Evaluaci\u00f3n de riesgos. Medidas de seguridad. Aplicaci\u00f3n reglamentos. Verificaci\u00f3n.<\/li>\r\n\r\n\r\n\r\n<li><strong>Tema 4. Sistemas<br \/><\/strong>Introducci\u00f3n. Ciclo transcr\u00edtico. Presi\u00f3n descarga \u00f3ptima. Ciclo transcr\u00edtico dos etapas. Ciclo transcr\u00edtico con eyector.<\/li>\r\n\r\n\r\n\r\n<li><strong>Tema 5. Ciclo subcr\u00edtico<br \/><\/strong>Introducci\u00f3n. Instalaci\u00f3n en cascada. C\u00e1lculo fusi\u00f3n escarcha con calor latente y calor sensible. Maniobra y control.<\/li>\r\n\r\n\r\n\r\n<li><strong>Tema 6. Equipos<br \/><\/strong>Introducci\u00f3n. Compresores. Separadores de aceite. Separadores aspiraci\u00f3n. Gas cooler.Condensadores. Evaporadores. Dispositivos de expansi\u00f3n.<\/li>\r\n\r\n\r\n\r\n<li><strong>Tema 7. Tuber\u00eda y Valvuler\u00eda<br \/><\/strong>Montaje tuber\u00eda. Velocidades recomendadas. Real Decreto 709\/2015. Normativa aplicable. Tubo de cobre. Tubo de acero. V\u00e1lvulas de seguridad.<\/li>\r\n\r\n\r\n\r\n<li><strong>Tema 8. Circuitos<br \/><\/strong>Fluido secundario. Bombas de refrigerante. Sistema mixto. M\u00e9todos desescarche.<\/li>\r\n\r\n\r\n\r\n<li><strong>Tema 9. Montaje y mantenimiento<br \/><\/strong>Recepci\u00f3n de materiales. Limpieza. Emplazamiento. Ejecuci\u00f3n. V\u00e1lvulas. Pruebas presi\u00f3n. Procedimiento de vac\u00edo. Puesta en marcha. Mantenimiento.<\/li>\r\n\r\n\r\n\r\n<li><strong>Tema 10. Eficiencia Energ\u00e9tica<br \/><\/strong>Instalaciones transcr\u00edticas. COP en instalaciones transcr\u00edticas. Bombas de calor. Instalaciones subcr\u00edticas. COP en instalaciones subcr\u00edticas. Recuperaci\u00f3n de calor.<\/li>\r\n\r\n\r\n\r\n<li><strong>Tema 11. Casos pr\u00e1cticos<\/strong>\r\n<ul class=\"wp-block-list\">\r\n<li>Ejercicio 1 Transcr\u00edtico dos etapas<\/li>\r\n\r\n\r\n\r\n<li>Ejercicio 2 Transcr\u00edtico con eyector<\/li>\r\n\r\n\r\n\r\n<li>Ejercicio 3 Subcr\u00edtico<\/li>\r\n\r\n\r\n\r\n<li>Con dimensionado de los distintos componentes, automatismos y tuber\u00edas<\/li>\r\n<\/ul>\r\n<\/li>\r\n<\/ul>\r\n","protected":false},"excerpt":{"rendered":"<p>Fechas: del 2 de marzo al 27 de abril 2022<\/p>\n","protected":false},"author":1,"featured_media":3392,"comment_status":"open","ping_status":"open","sticky":false,"template":"","format":"standard","meta":{"footnotes":""},"categories":[23],"tags":[],"class_list":["post-3391","post","type-post","status-publish","format-standard","has-post-thumbnail","hentry","category-destacamos"],"yoast_head":"<!-- This site is optimized with the Yoast SEO plugin v27.2 - https:\/\/yoast.com\/product\/yoast-seo-wordpress\/ -->\n<title>4\u00ba Curso de Instalaciones Frigor\u00edficas de CO2 - Actecir<\/title>\n<meta name=\"robots\" content=\"index, follow, max-snippet:-1, max-image-preview:large, max-video-preview:-1\" \/>\n<link rel=\"canonical\" href=\"https:\/\/www.actecir.cat\/es\/4o-curso-de-instalaciones-frigorificas-de-co2\/\" \/>\n<meta property=\"og:locale\" content=\"es_ES\" \/>\n<meta property=\"og:type\" content=\"article\" \/>\n<meta property=\"og:title\" content=\"4\u00ba Curso de Instalaciones Frigor\u00edficas de CO2 - Actecir\" \/>\n<meta property=\"og:description\" content=\"Fechas: del 2 de marzo al 27 de abril 2022\" \/>\n<meta property=\"og:url\" content=\"https:\/\/www.actecir.cat\/es\/4o-curso-de-instalaciones-frigorificas-de-co2\/\" \/>\n<meta property=\"og:site_name\" content=\"Actecir\" \/>\n<meta property=\"article:published_time\" content=\"2022-01-19T09:49:00+00:00\" \/>\n<meta property=\"article:modified_time\" content=\"2023-06-22T11:35:24+00:00\" \/>\n<meta property=\"og:image\" content=\"https:\/\/www.actecir.cat\/wp-content\/uploads\/2023\/04\/curso_CO2_2022_web_castellano.jpg\" \/>\n\t<meta property=\"og:image:width\" content=\"600\" \/>\n\t<meta property=\"og:image:height\" content=\"400\" \/>\n\t<meta property=\"og:image:type\" content=\"image\/jpeg\" \/>\n<meta name=\"author\" content=\"Soporte web\" \/>\n<meta name=\"twitter:card\" content=\"summary_large_image\" \/>\n<meta name=\"twitter:creator\" content=\"@actecir\" \/>\n<meta name=\"twitter:site\" content=\"@actecir\" \/>\n<meta name=\"twitter:label1\" content=\"Escrito por\" \/>\n\t<meta name=\"twitter:data1\" content=\"Soporte web\" \/>\n\t<meta name=\"twitter:label2\" content=\"Tiempo de lectura\" \/>\n\t<meta name=\"twitter:data2\" content=\"3 minutos\" \/>\n<script type=\"application\/ld+json\" class=\"yoast-schema-graph\">{\"@context\":\"https:\/\/schema.org\",\"@graph\":[{\"@type\":\"Article\",\"@id\":\"https:\/\/www.actecir.cat\/es\/4o-curso-de-instalaciones-frigorificas-de-co2\/#article\",\"isPartOf\":{\"@id\":\"https:\/\/www.actecir.cat\/es\/4o-curso-de-instalaciones-frigorificas-de-co2\/\"},\"author\":{\"name\":\"Soporte web\",\"@id\":\"https:\/\/www.actecir.cat\/#\/schema\/person\/42edd02f0b1d55e19444428c5d321413\"},\"headline\":\"4\u00ba Curso de Instalaciones Frigor\u00edficas de CO2\",\"datePublished\":\"2022-01-19T09:49:00+00:00\",\"dateModified\":\"2023-06-22T11:35:24+00:00\",\"mainEntityOfPage\":{\"@id\":\"https:\/\/www.actecir.cat\/es\/4o-curso-de-instalaciones-frigorificas-de-co2\/\"},\"wordCount\":530,\"commentCount\":0,\"publisher\":{\"@id\":\"https:\/\/www.actecir.cat\/#organization\"},\"image\":{\"@id\":\"https:\/\/www.actecir.cat\/es\/4o-curso-de-instalaciones-frigorificas-de-co2\/#primaryimage\"},\"thumbnailUrl\":\"https:\/\/www.actecir.cat\/wp-content\/uploads\/2023\/04\/curso_CO2_2022_web_castellano.jpg\",\"articleSection\":[\"Destacamos\"],\"inLanguage\":\"es\",\"potentialAction\":[{\"@type\":\"CommentAction\",\"name\":\"Comment\",\"target\":[\"https:\/\/www.actecir.cat\/es\/4o-curso-de-instalaciones-frigorificas-de-co2\/#respond\"]}]},{\"@type\":\"WebPage\",\"@id\":\"https:\/\/www.actecir.cat\/es\/4o-curso-de-instalaciones-frigorificas-de-co2\/\",\"url\":\"https:\/\/www.actecir.cat\/es\/4o-curso-de-instalaciones-frigorificas-de-co2\/\",\"name\":\"4\u00ba Curso de Instalaciones Frigor\u00edficas de CO2 - Actecir\",\"isPartOf\":{\"@id\":\"https:\/\/www.actecir.cat\/#website\"},\"primaryImageOfPage\":{\"@id\":\"https:\/\/www.actecir.cat\/es\/4o-curso-de-instalaciones-frigorificas-de-co2\/#primaryimage\"},\"image\":{\"@id\":\"https:\/\/www.actecir.cat\/es\/4o-curso-de-instalaciones-frigorificas-de-co2\/#primaryimage\"},\"thumbnailUrl\":\"https:\/\/www.actecir.cat\/wp-content\/uploads\/2023\/04\/curso_CO2_2022_web_castellano.jpg\",\"datePublished\":\"2022-01-19T09:49:00+00:00\",\"dateModified\":\"2023-06-22T11:35:24+00:00\",\"breadcrumb\":{\"@id\":\"https:\/\/www.actecir.cat\/es\/4o-curso-de-instalaciones-frigorificas-de-co2\/#breadcrumb\"},\"inLanguage\":\"es\",\"potentialAction\":[{\"@type\":\"ReadAction\",\"target\":[\"https:\/\/www.actecir.cat\/es\/4o-curso-de-instalaciones-frigorificas-de-co2\/\"]}]},{\"@type\":\"ImageObject\",\"inLanguage\":\"es\",\"@id\":\"https:\/\/www.actecir.cat\/es\/4o-curso-de-instalaciones-frigorificas-de-co2\/#primaryimage\",\"url\":\"https:\/\/www.actecir.cat\/wp-content\/uploads\/2023\/04\/curso_CO2_2022_web_castellano.jpg\",\"contentUrl\":\"https:\/\/www.actecir.cat\/wp-content\/uploads\/2023\/04\/curso_CO2_2022_web_castellano.jpg\",\"width\":600,\"height\":400},{\"@type\":\"BreadcrumbList\",\"@id\":\"https:\/\/www.actecir.cat\/es\/4o-curso-de-instalaciones-frigorificas-de-co2\/#breadcrumb\",\"itemListElement\":[{\"@type\":\"ListItem\",\"position\":1,\"name\":\"Inici\",\"item\":\"https:\/\/www.actecir.cat\/es\/\"},{\"@type\":\"ListItem\",\"position\":2,\"name\":\"4\u00ba Curso de Instalaciones Frigor\u00edficas de CO2\"}]},{\"@type\":\"WebSite\",\"@id\":\"https:\/\/www.actecir.cat\/#website\",\"url\":\"https:\/\/www.actecir.cat\/\",\"name\":\"Actecir\",\"description\":\"Associaci\u00f3 Catalana de T\u00e8cnics en Energia, Climatitzaci\u00f3 i Refrigeraci\u00f3\",\"publisher\":{\"@id\":\"https:\/\/www.actecir.cat\/#organization\"},\"potentialAction\":[{\"@type\":\"SearchAction\",\"target\":{\"@type\":\"EntryPoint\",\"urlTemplate\":\"https:\/\/www.actecir.cat\/?s={search_term_string}\"},\"query-input\":{\"@type\":\"PropertyValueSpecification\",\"valueRequired\":true,\"valueName\":\"search_term_string\"}}],\"inLanguage\":\"es\"},{\"@type\":\"Organization\",\"@id\":\"https:\/\/www.actecir.cat\/#organization\",\"name\":\"Actecir\",\"url\":\"https:\/\/www.actecir.cat\/\",\"logo\":{\"@type\":\"ImageObject\",\"inLanguage\":\"es\",\"@id\":\"https:\/\/www.actecir.cat\/#\/schema\/logo\/image\/\",\"url\":\"https:\/\/www.actecir.cat\/wp-content\/uploads\/2023\/04\/cropped-logo_actecir_60_alto.png\",\"contentUrl\":\"https:\/\/www.actecir.cat\/wp-content\/uploads\/2023\/04\/cropped-logo_actecir_60_alto.png\",\"width\":283,\"height\":80,\"caption\":\"Actecir\"},\"image\":{\"@id\":\"https:\/\/www.actecir.cat\/#\/schema\/logo\/image\/\"},\"sameAs\":[\"https:\/\/x.com\/actecir\",\"https:\/\/www.linkedin.com\/company\/actecir\"]},{\"@type\":\"Person\",\"@id\":\"https:\/\/www.actecir.cat\/#\/schema\/person\/42edd02f0b1d55e19444428c5d321413\",\"name\":\"Soporte web\",\"sameAs\":[\"https:\/\/www.actecir.cat\"],\"url\":\"https:\/\/www.actecir.cat\/es\/author\/maensystems\/\"}]}<\/script>\n<!-- \/ Yoast SEO plugin. -->","yoast_head_json":{"title":"4\u00ba Curso de Instalaciones Frigor\u00edficas de CO2 - Actecir","robots":{"index":"index","follow":"follow","max-snippet":"max-snippet:-1","max-image-preview":"max-image-preview:large","max-video-preview":"max-video-preview:-1"},"canonical":"https:\/\/www.actecir.cat\/es\/4o-curso-de-instalaciones-frigorificas-de-co2\/","og_locale":"es_ES","og_type":"article","og_title":"4\u00ba Curso de Instalaciones Frigor\u00edficas de CO2 - Actecir","og_description":"Fechas: del 2 de marzo al 27 de abril 2022","og_url":"https:\/\/www.actecir.cat\/es\/4o-curso-de-instalaciones-frigorificas-de-co2\/","og_site_name":"Actecir","article_published_time":"2022-01-19T09:49:00+00:00","article_modified_time":"2023-06-22T11:35:24+00:00","og_image":[{"width":600,"height":400,"url":"https:\/\/www.actecir.cat\/wp-content\/uploads\/2023\/04\/curso_CO2_2022_web_castellano.jpg","type":"image\/jpeg"}],"author":"Soporte web","twitter_card":"summary_large_image","twitter_creator":"@actecir","twitter_site":"@actecir","twitter_misc":{"Escrito por":"Soporte web","Tiempo de lectura":"3 minutos"},"schema":{"@context":"https:\/\/schema.org","@graph":[{"@type":"Article","@id":"https:\/\/www.actecir.cat\/es\/4o-curso-de-instalaciones-frigorificas-de-co2\/#article","isPartOf":{"@id":"https:\/\/www.actecir.cat\/es\/4o-curso-de-instalaciones-frigorificas-de-co2\/"},"author":{"name":"Soporte web","@id":"https:\/\/www.actecir.cat\/#\/schema\/person\/42edd02f0b1d55e19444428c5d321413"},"headline":"4\u00ba Curso de Instalaciones Frigor\u00edficas de CO2","datePublished":"2022-01-19T09:49:00+00:00","dateModified":"2023-06-22T11:35:24+00:00","mainEntityOfPage":{"@id":"https:\/\/www.actecir.cat\/es\/4o-curso-de-instalaciones-frigorificas-de-co2\/"},"wordCount":530,"commentCount":0,"publisher":{"@id":"https:\/\/www.actecir.cat\/#organization"},"image":{"@id":"https:\/\/www.actecir.cat\/es\/4o-curso-de-instalaciones-frigorificas-de-co2\/#primaryimage"},"thumbnailUrl":"https:\/\/www.actecir.cat\/wp-content\/uploads\/2023\/04\/curso_CO2_2022_web_castellano.jpg","articleSection":["Destacamos"],"inLanguage":"es","potentialAction":[{"@type":"CommentAction","name":"Comment","target":["https:\/\/www.actecir.cat\/es\/4o-curso-de-instalaciones-frigorificas-de-co2\/#respond"]}]},{"@type":"WebPage","@id":"https:\/\/www.actecir.cat\/es\/4o-curso-de-instalaciones-frigorificas-de-co2\/","url":"https:\/\/www.actecir.cat\/es\/4o-curso-de-instalaciones-frigorificas-de-co2\/","name":"4\u00ba Curso de Instalaciones Frigor\u00edficas de CO2 - Actecir","isPartOf":{"@id":"https:\/\/www.actecir.cat\/#website"},"primaryImageOfPage":{"@id":"https:\/\/www.actecir.cat\/es\/4o-curso-de-instalaciones-frigorificas-de-co2\/#primaryimage"},"image":{"@id":"https:\/\/www.actecir.cat\/es\/4o-curso-de-instalaciones-frigorificas-de-co2\/#primaryimage"},"thumbnailUrl":"https:\/\/www.actecir.cat\/wp-content\/uploads\/2023\/04\/curso_CO2_2022_web_castellano.jpg","datePublished":"2022-01-19T09:49:00+00:00","dateModified":"2023-06-22T11:35:24+00:00","breadcrumb":{"@id":"https:\/\/www.actecir.cat\/es\/4o-curso-de-instalaciones-frigorificas-de-co2\/#breadcrumb"},"inLanguage":"es","potentialAction":[{"@type":"ReadAction","target":["https:\/\/www.actecir.cat\/es\/4o-curso-de-instalaciones-frigorificas-de-co2\/"]}]},{"@type":"ImageObject","inLanguage":"es","@id":"https:\/\/www.actecir.cat\/es\/4o-curso-de-instalaciones-frigorificas-de-co2\/#primaryimage","url":"https:\/\/www.actecir.cat\/wp-content\/uploads\/2023\/04\/curso_CO2_2022_web_castellano.jpg","contentUrl":"https:\/\/www.actecir.cat\/wp-content\/uploads\/2023\/04\/curso_CO2_2022_web_castellano.jpg","width":600,"height":400},{"@type":"BreadcrumbList","@id":"https:\/\/www.actecir.cat\/es\/4o-curso-de-instalaciones-frigorificas-de-co2\/#breadcrumb","itemListElement":[{"@type":"ListItem","position":1,"name":"Inici","item":"https:\/\/www.actecir.cat\/es\/"},{"@type":"ListItem","position":2,"name":"4\u00ba Curso de Instalaciones Frigor\u00edficas de CO2"}]},{"@type":"WebSite","@id":"https:\/\/www.actecir.cat\/#website","url":"https:\/\/www.actecir.cat\/","name":"Actecir","description":"Associaci\u00f3 Catalana de T\u00e8cnics en Energia, Climatitzaci\u00f3 i Refrigeraci\u00f3","publisher":{"@id":"https:\/\/www.actecir.cat\/#organization"},"potentialAction":[{"@type":"SearchAction","target":{"@type":"EntryPoint","urlTemplate":"https:\/\/www.actecir.cat\/?s={search_term_string}"},"query-input":{"@type":"PropertyValueSpecification","valueRequired":true,"valueName":"search_term_string"}}],"inLanguage":"es"},{"@type":"Organization","@id":"https:\/\/www.actecir.cat\/#organization","name":"Actecir","url":"https:\/\/www.actecir.cat\/","logo":{"@type":"ImageObject","inLanguage":"es","@id":"https:\/\/www.actecir.cat\/#\/schema\/logo\/image\/","url":"https:\/\/www.actecir.cat\/wp-content\/uploads\/2023\/04\/cropped-logo_actecir_60_alto.png","contentUrl":"https:\/\/www.actecir.cat\/wp-content\/uploads\/2023\/04\/cropped-logo_actecir_60_alto.png","width":283,"height":80,"caption":"Actecir"},"image":{"@id":"https:\/\/www.actecir.cat\/#\/schema\/logo\/image\/"},"sameAs":["https:\/\/x.com\/actecir","https:\/\/www.linkedin.com\/company\/actecir"]},{"@type":"Person","@id":"https:\/\/www.actecir.cat\/#\/schema\/person\/42edd02f0b1d55e19444428c5d321413","name":"Soporte web","sameAs":["https:\/\/www.actecir.cat"],"url":"https:\/\/www.actecir.cat\/es\/author\/maensystems\/"}]}},"_links":{"self":[{"href":"https:\/\/www.actecir.cat\/es\/wp-json\/wp\/v2\/posts\/3391","targetHints":{"allow":["GET"]}}],"collection":[{"href":"https:\/\/www.actecir.cat\/es\/wp-json\/wp\/v2\/posts"}],"about":[{"href":"https:\/\/www.actecir.cat\/es\/wp-json\/wp\/v2\/types\/post"}],"author":[{"embeddable":true,"href":"https:\/\/www.actecir.cat\/es\/wp-json\/wp\/v2\/users\/1"}],"replies":[{"embeddable":true,"href":"https:\/\/www.actecir.cat\/es\/wp-json\/wp\/v2\/comments?post=3391"}],"version-history":[{"count":2,"href":"https:\/\/www.actecir.cat\/es\/wp-json\/wp\/v2\/posts\/3391\/revisions"}],"predecessor-version":[{"id":9564,"href":"https:\/\/www.actecir.cat\/es\/wp-json\/wp\/v2\/posts\/3391\/revisions\/9564"}],"wp:featuredmedia":[{"embeddable":true,"href":"https:\/\/www.actecir.cat\/es\/wp-json\/wp\/v2\/media\/3392"}],"wp:attachment":[{"href":"https:\/\/www.actecir.cat\/es\/wp-json\/wp\/v2\/media?parent=3391"}],"wp:term":[{"taxonomy":"category","embeddable":true,"href":"https:\/\/www.actecir.cat\/es\/wp-json\/wp\/v2\/categories?post=3391"},{"taxonomy":"post_tag","embeddable":true,"href":"https:\/\/www.actecir.cat\/es\/wp-json\/wp\/v2\/tags?post=3391"}],"curies":[{"name":"wp","href":"https:\/\/api.w.org\/{rel}","templated":true}]}}