{"id":3430,"date":"2021-12-02T11:26:00","date_gmt":"2021-12-02T11:26:00","guid":{"rendered":"https:\/\/www.actecir.cat\/?p=3430"},"modified":"2023-04-27T11:29:59","modified_gmt":"2023-04-27T11:29:59","slug":"mitsubishi-electric-se-une-a-save-the-children-en-la-accion-ninguna-familia-sin-navidad","status":"publish","type":"post","link":"https:\/\/www.actecir.cat\/es\/mitsubishi-electric-se-une-a-save-the-children-en-la-accion-ninguna-familia-sin-navidad\/","title":{"rendered":"Mitsubishi Electric se une a Save the Children en la acci\u00f3n \u201cNinguna familia sin Navidad\u201d"},"content":{"rendered":"\n<p>Campa\u00f1a Navidad Mitsubishi Electric<\/p>\n\n\n\n<p><strong>Mitsubishi Electric se une a Save the Children en la acci\u00f3n \u201cNinguna familia sin Navidad\u201d<\/strong><\/p>\n\n\n\n<ul class=\"wp-block-list\">\n<li><strong>Los empleados de la firma japonesa se involucran en la acci\u00f3n demostrando su compromiso de contribuir a una mejor sociedad. La Compa\u00f1\u00eda, adem\u00e1s, doblar\u00e1 las aportaciones directas de todos sus empleados.<\/strong><\/li>\n\n\n\n<li><strong>Esta donaci\u00f3n se enmarca dentro del \u201cPlan de Ayudas COVID-19\u201d impulsado por Mitsubishi Electric.<\/strong><\/li>\n<\/ul>\n\n\n\n<p>Madrid, 14 de diciembre de 2021. Se acerca la navidad,&nbsp;<strong>una fecha que suele ser sin\u00f3nimo de magia para todos los ni\u00f1os.<\/strong>&nbsp;Sin embargo, la crisis econ\u00f3mica y social provocada por la COVID-19 est\u00e1 afectando a las familias m\u00e1s vulnerables, que, adem\u00e1s en estas fechas, se enfrentan a costes adicionales, a los que se suman las vacaciones escolares o la interrupci\u00f3n del servicio de las becas comedor.<\/p>\n\n\n\n<p>Por todo ello, desde&nbsp;<a href=\"https:\/\/es.mitsubishielectric.com\/es\/\">Mitsubishi Electric<\/a>, con el prop\u00f3sito de contribuir a una mejor sociedad, colaborar\u00e1 en la Campa\u00f1a de &nbsp;<a href=\"https:\/\/www.savethechildren.es\/\">Save the Children<\/a>,&nbsp;<strong>\u201cNinguna Familia sin Navidad\u201d, invitando a todos sus empleados a participar en ella con sus donaciones.&nbsp;<\/strong>&nbsp;&nbsp;Adicionalmente a esta aportaci\u00f3n, la firma invitar\u00e1 a participar a todos sus empleados a trav\u00e9s de una donaci\u00f3n.<\/p>\n\n\n\n<p>El reto empez\u00f3 el pasado 13 de diciembre y finalizar\u00e1 el 10 de enero.<\/p>\n\n\n\n<p>La recaudaci\u00f3n \u00edntegra ir\u00e1 destinada a las familias m\u00e1s vulnerables que necesitan estas ayudas para llegar a fin de mes y cubrir necesidades b\u00e1sicas en alimentaci\u00f3n, higiene y salud, adem\u00e1s de material escolar.<\/p>\n\n\n\n<p><strong>\u201cPlan de ayudas COVID19\u201d de Mitsubishi Electric<\/strong><\/p>\n\n\n\n<p><strong>Esta colaboraci\u00f3n se suma a las realizadas por<\/strong>&nbsp;la firma con otras entidades de car\u00e1cter social, como parte de su \u201cPlan de Ayudas COVID19\u201d, que comenzaron en 2020 con la donaci\u00f3n de equipos de climatizaci\u00f3n de la mano del&nbsp;<strong>Plan Cruz Roja Responde<\/strong>;&nbsp;<strong>Save The Children<\/strong>;&nbsp;<strong>Aldeas infantiles SOS<\/strong>, con la entrega de equipos para Aldeas, Escuelas infantiles y Centros de d\u00eda de diferentes ciudades de Espa\u00f1a. Adem\u00e1s, la firma ha realizado donaciones de purificadores al Intercambiador Plaza de Castilla para la realizaci\u00f3n de test de ant\u00edgenos y a centros educativos y colegios; como la realizada al&nbsp;<strong>Instituto Tierno Galv\u00e1n<\/strong>, en Parla (Madrid), a la Asociaci\u00f3n ASPERGER &#8211; TEA de SEVILLA o a la Asociaci\u00f3n Down Espa\u00f1a anteriormente.<\/p>\n\n\n\n<p>M\u00e1s informaci\u00f3n en&nbsp;<a href=\"https:\/\/www.savethechildren.es\/retos\/mitsubishi\/ninguna-familia-sin-navidad-0\"><\/a><a href=\"https:\/\/www.savethechildren.es\/retos\/mitsubishi\/ninguna-familia-sin-navidad-0\">https:\/\/www.savethechildren.es\/retos\/mitsubishi\/ninguna-familia-sin-navidad-0<\/a><\/p>\n","protected":false},"excerpt":{"rendered":"<p>Campa\u00f1a Navidad Mitsubishi Electric<\/p>\n","protected":false},"author":1,"featured_media":3428,"comment_status":"open","ping_status":"open","sticky":false,"template":"","format":"standard","meta":{"footnotes":""},"categories":[23],"tags":[],"class_list":["post-3430","post","type-post","status-publish","format-standard","has-post-thumbnail","hentry","category-destacamos"],"yoast_head":"<!-- This site is optimized with the Yoast SEO plugin v27.2 - https:\/\/yoast.com\/product\/yoast-seo-wordpress\/ -->\n<title>Mitsubishi Electric se une a Save the Children en la acci\u00f3n \u201cNinguna familia sin Navidad\u201d - Actecir<\/title>\n<meta name=\"robots\" content=\"index, follow, max-snippet:-1, max-image-preview:large, max-video-preview:-1\" \/>\n<link rel=\"canonical\" href=\"https:\/\/www.actecir.cat\/es\/mitsubishi-electric-se-une-a-save-the-children-en-la-accion-ninguna-familia-sin-navidad\/\" \/>\n<meta property=\"og:locale\" content=\"es_ES\" \/>\n<meta property=\"og:type\" content=\"article\" \/>\n<meta property=\"og:title\" content=\"Mitsubishi Electric se une a Save the Children en la acci\u00f3n \u201cNinguna familia sin Navidad\u201d - Actecir\" \/>\n<meta property=\"og:description\" content=\"Campa\u00f1a Navidad Mitsubishi Electric\" \/>\n<meta property=\"og:url\" content=\"https:\/\/www.actecir.cat\/es\/mitsubishi-electric-se-une-a-save-the-children-en-la-accion-ninguna-familia-sin-navidad\/\" \/>\n<meta property=\"og:site_name\" content=\"Actecir\" \/>\n<meta property=\"article:published_time\" content=\"2021-12-02T11:26:00+00:00\" \/>\n<meta property=\"article:modified_time\" content=\"2023-04-27T11:29:59+00:00\" \/>\n<meta property=\"og:image\" content=\"https:\/\/www.actecir.cat\/wp-content\/uploads\/2023\/04\/Mitsubishi-Electric_-Ninguna-Familia-sin-Navidad_web.jpg\" \/>\n\t<meta property=\"og:image:width\" content=\"600\" \/>\n\t<meta property=\"og:image:height\" content=\"400\" \/>\n\t<meta property=\"og:image:type\" content=\"image\/jpeg\" \/>\n<meta name=\"author\" content=\"Soporte web\" \/>\n<meta name=\"twitter:card\" content=\"summary_large_image\" \/>\n<meta name=\"twitter:creator\" content=\"@actecir\" \/>\n<meta name=\"twitter:site\" content=\"@actecir\" \/>\n<meta name=\"twitter:label1\" content=\"Escrito por\" \/>\n\t<meta name=\"twitter:data1\" content=\"Soporte web\" \/>\n\t<meta name=\"twitter:label2\" content=\"Tiempo de lectura\" \/>\n\t<meta name=\"twitter:data2\" content=\"2 minutos\" \/>\n<script type=\"application\/ld+json\" class=\"yoast-schema-graph\">{\"@context\":\"https:\/\/schema.org\",\"@graph\":[{\"@type\":\"Article\",\"@id\":\"https:\/\/www.actecir.cat\/es\/mitsubishi-electric-se-une-a-save-the-children-en-la-accion-ninguna-familia-sin-navidad\/#article\",\"isPartOf\":{\"@id\":\"https:\/\/www.actecir.cat\/es\/mitsubishi-electric-se-une-a-save-the-children-en-la-accion-ninguna-familia-sin-navidad\/\"},\"author\":{\"name\":\"Soporte web\",\"@id\":\"https:\/\/www.actecir.cat\/#\/schema\/person\/42edd02f0b1d55e19444428c5d321413\"},\"headline\":\"Mitsubishi Electric se une a Save the Children en la acci\u00f3n \u201cNinguna familia sin Navidad\u201d\",\"datePublished\":\"2021-12-02T11:26:00+00:00\",\"dateModified\":\"2023-04-27T11:29:59+00:00\",\"mainEntityOfPage\":{\"@id\":\"https:\/\/www.actecir.cat\/es\/mitsubishi-electric-se-une-a-save-the-children-en-la-accion-ninguna-familia-sin-navidad\/\"},\"wordCount\":432,\"commentCount\":0,\"publisher\":{\"@id\":\"https:\/\/www.actecir.cat\/#organization\"},\"image\":{\"@id\":\"https:\/\/www.actecir.cat\/es\/mitsubishi-electric-se-une-a-save-the-children-en-la-accion-ninguna-familia-sin-navidad\/#primaryimage\"},\"thumbnailUrl\":\"https:\/\/www.actecir.cat\/wp-content\/uploads\/2023\/04\/Mitsubishi-Electric_-Ninguna-Familia-sin-Navidad_web.jpg\",\"articleSection\":[\"Destacamos\"],\"inLanguage\":\"es\",\"potentialAction\":[{\"@type\":\"CommentAction\",\"name\":\"Comment\",\"target\":[\"https:\/\/www.actecir.cat\/es\/mitsubishi-electric-se-une-a-save-the-children-en-la-accion-ninguna-familia-sin-navidad\/#respond\"]}]},{\"@type\":\"WebPage\",\"@id\":\"https:\/\/www.actecir.cat\/es\/mitsubishi-electric-se-une-a-save-the-children-en-la-accion-ninguna-familia-sin-navidad\/\",\"url\":\"https:\/\/www.actecir.cat\/es\/mitsubishi-electric-se-une-a-save-the-children-en-la-accion-ninguna-familia-sin-navidad\/\",\"name\":\"Mitsubishi Electric se une a Save the Children en la acci\u00f3n \u201cNinguna familia sin Navidad\u201d - Actecir\",\"isPartOf\":{\"@id\":\"https:\/\/www.actecir.cat\/#website\"},\"primaryImageOfPage\":{\"@id\":\"https:\/\/www.actecir.cat\/es\/mitsubishi-electric-se-une-a-save-the-children-en-la-accion-ninguna-familia-sin-navidad\/#primaryimage\"},\"image\":{\"@id\":\"https:\/\/www.actecir.cat\/es\/mitsubishi-electric-se-une-a-save-the-children-en-la-accion-ninguna-familia-sin-navidad\/#primaryimage\"},\"thumbnailUrl\":\"https:\/\/www.actecir.cat\/wp-content\/uploads\/2023\/04\/Mitsubishi-Electric_-Ninguna-Familia-sin-Navidad_web.jpg\",\"datePublished\":\"2021-12-02T11:26:00+00:00\",\"dateModified\":\"2023-04-27T11:29:59+00:00\",\"breadcrumb\":{\"@id\":\"https:\/\/www.actecir.cat\/es\/mitsubishi-electric-se-une-a-save-the-children-en-la-accion-ninguna-familia-sin-navidad\/#breadcrumb\"},\"inLanguage\":\"es\",\"potentialAction\":[{\"@type\":\"ReadAction\",\"target\":[\"https:\/\/www.actecir.cat\/es\/mitsubishi-electric-se-une-a-save-the-children-en-la-accion-ninguna-familia-sin-navidad\/\"]}]},{\"@type\":\"ImageObject\",\"inLanguage\":\"es\",\"@id\":\"https:\/\/www.actecir.cat\/es\/mitsubishi-electric-se-une-a-save-the-children-en-la-accion-ninguna-familia-sin-navidad\/#primaryimage\",\"url\":\"https:\/\/www.actecir.cat\/wp-content\/uploads\/2023\/04\/Mitsubishi-Electric_-Ninguna-Familia-sin-Navidad_web.jpg\",\"contentUrl\":\"https:\/\/www.actecir.cat\/wp-content\/uploads\/2023\/04\/Mitsubishi-Electric_-Ninguna-Familia-sin-Navidad_web.jpg\",\"width\":600,\"height\":400},{\"@type\":\"BreadcrumbList\",\"@id\":\"https:\/\/www.actecir.cat\/es\/mitsubishi-electric-se-une-a-save-the-children-en-la-accion-ninguna-familia-sin-navidad\/#breadcrumb\",\"itemListElement\":[{\"@type\":\"ListItem\",\"position\":1,\"name\":\"Inici\",\"item\":\"https:\/\/www.actecir.cat\/es\/\"},{\"@type\":\"ListItem\",\"position\":2,\"name\":\"Mitsubishi Electric se une a Save the Children en la acci\u00f3n \u201cNinguna familia sin Navidad\u201d\"}]},{\"@type\":\"WebSite\",\"@id\":\"https:\/\/www.actecir.cat\/#website\",\"url\":\"https:\/\/www.actecir.cat\/\",\"name\":\"Actecir\",\"description\":\"Associaci\u00f3 Catalana de T\u00e8cnics en Energia, Climatitzaci\u00f3 i Refrigeraci\u00f3\",\"publisher\":{\"@id\":\"https:\/\/www.actecir.cat\/#organization\"},\"potentialAction\":[{\"@type\":\"SearchAction\",\"target\":{\"@type\":\"EntryPoint\",\"urlTemplate\":\"https:\/\/www.actecir.cat\/?s={search_term_string}\"},\"query-input\":{\"@type\":\"PropertyValueSpecification\",\"valueRequired\":true,\"valueName\":\"search_term_string\"}}],\"inLanguage\":\"es\"},{\"@type\":\"Organization\",\"@id\":\"https:\/\/www.actecir.cat\/#organization\",\"name\":\"Actecir\",\"url\":\"https:\/\/www.actecir.cat\/\",\"logo\":{\"@type\":\"ImageObject\",\"inLanguage\":\"es\",\"@id\":\"https:\/\/www.actecir.cat\/#\/schema\/logo\/image\/\",\"url\":\"https:\/\/www.actecir.cat\/wp-content\/uploads\/2023\/04\/cropped-logo_actecir_60_alto.png\",\"contentUrl\":\"https:\/\/www.actecir.cat\/wp-content\/uploads\/2023\/04\/cropped-logo_actecir_60_alto.png\",\"width\":283,\"height\":80,\"caption\":\"Actecir\"},\"image\":{\"@id\":\"https:\/\/www.actecir.cat\/#\/schema\/logo\/image\/\"},\"sameAs\":[\"https:\/\/x.com\/actecir\",\"https:\/\/www.linkedin.com\/company\/actecir\"]},{\"@type\":\"Person\",\"@id\":\"https:\/\/www.actecir.cat\/#\/schema\/person\/42edd02f0b1d55e19444428c5d321413\",\"name\":\"Soporte web\",\"sameAs\":[\"https:\/\/www.actecir.cat\"],\"url\":\"https:\/\/www.actecir.cat\/es\/author\/maensystems\/\"}]}<\/script>\n<!-- \/ Yoast SEO plugin. -->","yoast_head_json":{"title":"Mitsubishi Electric se une a Save the Children en la acci\u00f3n \u201cNinguna familia sin Navidad\u201d - Actecir","robots":{"index":"index","follow":"follow","max-snippet":"max-snippet:-1","max-image-preview":"max-image-preview:large","max-video-preview":"max-video-preview:-1"},"canonical":"https:\/\/www.actecir.cat\/es\/mitsubishi-electric-se-une-a-save-the-children-en-la-accion-ninguna-familia-sin-navidad\/","og_locale":"es_ES","og_type":"article","og_title":"Mitsubishi Electric se une a Save the Children en la acci\u00f3n \u201cNinguna familia sin Navidad\u201d - Actecir","og_description":"Campa\u00f1a Navidad Mitsubishi Electric","og_url":"https:\/\/www.actecir.cat\/es\/mitsubishi-electric-se-une-a-save-the-children-en-la-accion-ninguna-familia-sin-navidad\/","og_site_name":"Actecir","article_published_time":"2021-12-02T11:26:00+00:00","article_modified_time":"2023-04-27T11:29:59+00:00","og_image":[{"width":600,"height":400,"url":"https:\/\/www.actecir.cat\/wp-content\/uploads\/2023\/04\/Mitsubishi-Electric_-Ninguna-Familia-sin-Navidad_web.jpg","type":"image\/jpeg"}],"author":"Soporte web","twitter_card":"summary_large_image","twitter_creator":"@actecir","twitter_site":"@actecir","twitter_misc":{"Escrito por":"Soporte web","Tiempo de lectura":"2 minutos"},"schema":{"@context":"https:\/\/schema.org","@graph":[{"@type":"Article","@id":"https:\/\/www.actecir.cat\/es\/mitsubishi-electric-se-une-a-save-the-children-en-la-accion-ninguna-familia-sin-navidad\/#article","isPartOf":{"@id":"https:\/\/www.actecir.cat\/es\/mitsubishi-electric-se-une-a-save-the-children-en-la-accion-ninguna-familia-sin-navidad\/"},"author":{"name":"Soporte web","@id":"https:\/\/www.actecir.cat\/#\/schema\/person\/42edd02f0b1d55e19444428c5d321413"},"headline":"Mitsubishi Electric se une a Save the Children en la acci\u00f3n \u201cNinguna familia sin Navidad\u201d","datePublished":"2021-12-02T11:26:00+00:00","dateModified":"2023-04-27T11:29:59+00:00","mainEntityOfPage":{"@id":"https:\/\/www.actecir.cat\/es\/mitsubishi-electric-se-une-a-save-the-children-en-la-accion-ninguna-familia-sin-navidad\/"},"wordCount":432,"commentCount":0,"publisher":{"@id":"https:\/\/www.actecir.cat\/#organization"},"image":{"@id":"https:\/\/www.actecir.cat\/es\/mitsubishi-electric-se-une-a-save-the-children-en-la-accion-ninguna-familia-sin-navidad\/#primaryimage"},"thumbnailUrl":"https:\/\/www.actecir.cat\/wp-content\/uploads\/2023\/04\/Mitsubishi-Electric_-Ninguna-Familia-sin-Navidad_web.jpg","articleSection":["Destacamos"],"inLanguage":"es","potentialAction":[{"@type":"CommentAction","name":"Comment","target":["https:\/\/www.actecir.cat\/es\/mitsubishi-electric-se-une-a-save-the-children-en-la-accion-ninguna-familia-sin-navidad\/#respond"]}]},{"@type":"WebPage","@id":"https:\/\/www.actecir.cat\/es\/mitsubishi-electric-se-une-a-save-the-children-en-la-accion-ninguna-familia-sin-navidad\/","url":"https:\/\/www.actecir.cat\/es\/mitsubishi-electric-se-une-a-save-the-children-en-la-accion-ninguna-familia-sin-navidad\/","name":"Mitsubishi Electric se une a Save the Children en la acci\u00f3n \u201cNinguna familia sin Navidad\u201d - Actecir","isPartOf":{"@id":"https:\/\/www.actecir.cat\/#website"},"primaryImageOfPage":{"@id":"https:\/\/www.actecir.cat\/es\/mitsubishi-electric-se-une-a-save-the-children-en-la-accion-ninguna-familia-sin-navidad\/#primaryimage"},"image":{"@id":"https:\/\/www.actecir.cat\/es\/mitsubishi-electric-se-une-a-save-the-children-en-la-accion-ninguna-familia-sin-navidad\/#primaryimage"},"thumbnailUrl":"https:\/\/www.actecir.cat\/wp-content\/uploads\/2023\/04\/Mitsubishi-Electric_-Ninguna-Familia-sin-Navidad_web.jpg","datePublished":"2021-12-02T11:26:00+00:00","dateModified":"2023-04-27T11:29:59+00:00","breadcrumb":{"@id":"https:\/\/www.actecir.cat\/es\/mitsubishi-electric-se-une-a-save-the-children-en-la-accion-ninguna-familia-sin-navidad\/#breadcrumb"},"inLanguage":"es","potentialAction":[{"@type":"ReadAction","target":["https:\/\/www.actecir.cat\/es\/mitsubishi-electric-se-une-a-save-the-children-en-la-accion-ninguna-familia-sin-navidad\/"]}]},{"@type":"ImageObject","inLanguage":"es","@id":"https:\/\/www.actecir.cat\/es\/mitsubishi-electric-se-une-a-save-the-children-en-la-accion-ninguna-familia-sin-navidad\/#primaryimage","url":"https:\/\/www.actecir.cat\/wp-content\/uploads\/2023\/04\/Mitsubishi-Electric_-Ninguna-Familia-sin-Navidad_web.jpg","contentUrl":"https:\/\/www.actecir.cat\/wp-content\/uploads\/2023\/04\/Mitsubishi-Electric_-Ninguna-Familia-sin-Navidad_web.jpg","width":600,"height":400},{"@type":"BreadcrumbList","@id":"https:\/\/www.actecir.cat\/es\/mitsubishi-electric-se-une-a-save-the-children-en-la-accion-ninguna-familia-sin-navidad\/#breadcrumb","itemListElement":[{"@type":"ListItem","position":1,"name":"Inici","item":"https:\/\/www.actecir.cat\/es\/"},{"@type":"ListItem","position":2,"name":"Mitsubishi Electric se une a Save the Children en la acci\u00f3n \u201cNinguna familia sin Navidad\u201d"}]},{"@type":"WebSite","@id":"https:\/\/www.actecir.cat\/#website","url":"https:\/\/www.actecir.cat\/","name":"Actecir","description":"Associaci\u00f3 Catalana de T\u00e8cnics en Energia, Climatitzaci\u00f3 i Refrigeraci\u00f3","publisher":{"@id":"https:\/\/www.actecir.cat\/#organization"},"potentialAction":[{"@type":"SearchAction","target":{"@type":"EntryPoint","urlTemplate":"https:\/\/www.actecir.cat\/?s={search_term_string}"},"query-input":{"@type":"PropertyValueSpecification","valueRequired":true,"valueName":"search_term_string"}}],"inLanguage":"es"},{"@type":"Organization","@id":"https:\/\/www.actecir.cat\/#organization","name":"Actecir","url":"https:\/\/www.actecir.cat\/","logo":{"@type":"ImageObject","inLanguage":"es","@id":"https:\/\/www.actecir.cat\/#\/schema\/logo\/image\/","url":"https:\/\/www.actecir.cat\/wp-content\/uploads\/2023\/04\/cropped-logo_actecir_60_alto.png","contentUrl":"https:\/\/www.actecir.cat\/wp-content\/uploads\/2023\/04\/cropped-logo_actecir_60_alto.png","width":283,"height":80,"caption":"Actecir"},"image":{"@id":"https:\/\/www.actecir.cat\/#\/schema\/logo\/image\/"},"sameAs":["https:\/\/x.com\/actecir","https:\/\/www.linkedin.com\/company\/actecir"]},{"@type":"Person","@id":"https:\/\/www.actecir.cat\/#\/schema\/person\/42edd02f0b1d55e19444428c5d321413","name":"Soporte web","sameAs":["https:\/\/www.actecir.cat"],"url":"https:\/\/www.actecir.cat\/es\/author\/maensystems\/"}]}},"_links":{"self":[{"href":"https:\/\/www.actecir.cat\/es\/wp-json\/wp\/v2\/posts\/3430","targetHints":{"allow":["GET"]}}],"collection":[{"href":"https:\/\/www.actecir.cat\/es\/wp-json\/wp\/v2\/posts"}],"about":[{"href":"https:\/\/www.actecir.cat\/es\/wp-json\/wp\/v2\/types\/post"}],"author":[{"embeddable":true,"href":"https:\/\/www.actecir.cat\/es\/wp-json\/wp\/v2\/users\/1"}],"replies":[{"embeddable":true,"href":"https:\/\/www.actecir.cat\/es\/wp-json\/wp\/v2\/comments?post=3430"}],"version-history":[{"count":1,"href":"https:\/\/www.actecir.cat\/es\/wp-json\/wp\/v2\/posts\/3430\/revisions"}],"predecessor-version":[{"id":3431,"href":"https:\/\/www.actecir.cat\/es\/wp-json\/wp\/v2\/posts\/3430\/revisions\/3431"}],"wp:featuredmedia":[{"embeddable":true,"href":"https:\/\/www.actecir.cat\/es\/wp-json\/wp\/v2\/media\/3428"}],"wp:attachment":[{"href":"https:\/\/www.actecir.cat\/es\/wp-json\/wp\/v2\/media?parent=3430"}],"wp:term":[{"taxonomy":"category","embeddable":true,"href":"https:\/\/www.actecir.cat\/es\/wp-json\/wp\/v2\/categories?post=3430"},{"taxonomy":"post_tag","embeddable":true,"href":"https:\/\/www.actecir.cat\/es\/wp-json\/wp\/v2\/tags?post=3430"}],"curies":[{"name":"wp","href":"https:\/\/api.w.org\/{rel}","templated":true}]}}