{"id":3436,"date":"2021-11-06T11:30:00","date_gmt":"2021-11-06T11:30:00","guid":{"rendered":"https:\/\/www.actecir.cat\/?p=3436"},"modified":"2023-04-27T11:39:01","modified_gmt":"2023-04-27T11:39:01","slug":"fira-barcelona-building-construmat","status":"publish","type":"post","link":"https:\/\/www.actecir.cat\/es\/fira-barcelona-building-construmat\/","title":{"rendered":"Fira Barcelona Building Construmat"},"content":{"rendered":"\n<p>Fecha: 29 noviembre al 2 de diciembre<\/p>\n\n\n\n<p><a href=\"https:\/\/www.firabarcelona.com\/nota-premsa\/piscina_s046\/bbconstrumat-i-piscina-wellness-barcelona-se-celebraran-conjuntament-el-2021\/\" target=\"_blank\" rel=\"noreferrer noopener\">BBConstrumat y&nbsp; Piscina &amp; Wellness Barcelona se celebran&nbsp; conjuntamente el 2021<\/a><\/p>\n\n\n\n<p>Barcelona Building Construmat y Piscina &amp; Wellness Barcelona tendr\u00e1n lugar de manera simult\u00e1nea del 29 de noviembre al 2 de diciembre de 2021 en el recinto de Gran Via con el objetivo de contribuir a la recuperaci\u00f3n de dos sectores fundamentales para la econom\u00eda. Organizados por Fira de Barcelona, estos salones suman esfuerzos para aportar mayor valor a\u00f1adido a su oferta en una plataforma al servicio de la industria de la construcci\u00f3n y de la piscina y el wellness.<\/p>\n\n\n\n<p>Ambos eventos se desarrollar\u00e1n bajo formato h\u00edbrido, con una oferta presencial complementada por la virtual, en una iniciativa que pone de manifiesto la voluntad de Fira de Barcelona de ayudar a la reactivaci\u00f3n econ\u00f3mica.<\/p>\n\n\n\n<p>Con su celebraci\u00f3n conjunta, BBConstrumat y Piscina &amp; Wellness Barcelona permiten incrementar el n\u00famero de oportunidades de negocio que se pueden establecer en el marco de los salones al llegar a un p\u00fablico profesional potencial m\u00e1s amplio, que va desde los constructores y los instaladores hasta los gestores de instalaciones hoteleras o deportivas, c\u00e1mpings y parques acu\u00e1ticos, pasando por arquitectos, interioristas, paisajistas o ingenieros.<\/p>\n\n\n\n<p>En este sentido, BBConstrumat est\u00e1, en estos momentos, en conversaciones con otros organizadores de eventos para incorporarlos a su oferta con el objetivo de configurar en 2021 una gran plataforma multisectorial.<\/p>\n\n\n\n<p>Adem\u00e1s de reunir una amplia oferta comercial, estos eventos contar\u00e1n con su propio programa de actividades. As\u00ed, BBConstrumat volver\u00e1 a dar protagonismo a la sostenibilidad, la industrializaci\u00f3n de procesos y la digitalizaci\u00f3n y se vertebrar\u00e1 alrededor de los espacios tem\u00e1ticos BBC Exhibition, BBC Talks, BBC Meetings y TechEstate. Mientras, Piscina &amp; Wellness Barcelona, el sal\u00f3n europeo con mayor internacionalidad de su especialidad, mostrar\u00e1 las mejores iniciativas, experiencias y soluciones en los espacios Wellness Experience, la Innovation Zone o los Premios Piscina &amp; Wellness y promover\u00e1 el debate sectorial a trav\u00e9s sus Jornadas Profesionales, entre otras actividades.<\/p>\n\n\n\n<p>La presidenta de BBConstrumat, Ana Vall\u00e9s, afirma que&nbsp;<em>\u201ccon la celebraci\u00f3n conjunta con Piscina &amp; Wellness Barcelona y la incorporaci\u00f3n de otros eventos sectoriales, estamos definiendo la pr\u00f3xima edici\u00f3n de BBConstrumat como la de una plataforma transversal que ofrezca una oferta atractiva y de calidad a todos los profesionales vinculados al sector de la construcci\u00f3n, apostando, asimismo, por la sostenibilidad, la industrializaci\u00f3n y la digitalizaci\u00f3n como los grandes pilares de la reactivaci\u00f3n econ\u00f3mica del sector<\/em>\u201d.<\/p>\n\n\n\n<p>Por su parte, el presidente de Piscina &amp; Wellness Barcelona, Eloi Planes, considera&nbsp;<em>\u201cla oferta de esta doble cita ferial supone un hecho diferencial y de alto valor a\u00f1adido respecto a otros eventos de la misma especialidad, generando importantes sinergias a la hora de atraer nuevos perfiles profesionales interesados en conocer soluciones constructivas y posibilidades de equipamiento de instalaciones acu\u00e1ticas, tanto de car\u00e1cter residencial como de uso p\u00fablico en \u00e1mbitos como el deportivo, el turismo o la salud y el ocio\u201d.<\/em>&nbsp;Planes remarca que \u201c<em>el formato h\u00edbrido e interactivo para concertar reuniones de negocio aumentar\u00e1 el potencial de cada sal\u00f3n por separado para alcanzar una mayor audiencia, sobre todo internacional\u201d.<\/em><\/p>\n\n\n\n<p>En esta edici\u00f3n, al igual que lo llevan haciendo desde los \u00faltimos a\u00f1os, BBConstrumat y Piscina &amp; Wellness Barcelona seguir\u00e1n apostando de manera decidida por la innovaci\u00f3n y la sostenibilidad como ejes de desarrollo no solo de sus contenidos sino tambi\u00e9n de sus respectivos sectores.<\/p>\n","protected":false},"excerpt":{"rendered":"<p>Fecha: 29 noviembre al 2 de diciembre<\/p>\n","protected":false},"author":1,"featured_media":3434,"comment_status":"open","ping_status":"open","sticky":false,"template":"","format":"standard","meta":{"footnotes":""},"categories":[23],"tags":[],"class_list":["post-3436","post","type-post","status-publish","format-standard","has-post-thumbnail","hentry","category-destacamos"],"yoast_head":"<!-- This site is optimized with the Yoast SEO plugin v27.2 - https:\/\/yoast.com\/product\/yoast-seo-wordpress\/ -->\n<title>Fira Barcelona Building Construmat - Actecir<\/title>\n<meta name=\"robots\" content=\"index, follow, max-snippet:-1, max-image-preview:large, max-video-preview:-1\" \/>\n<link rel=\"canonical\" href=\"https:\/\/www.actecir.cat\/es\/fira-barcelona-building-construmat\/\" \/>\n<meta property=\"og:locale\" content=\"es_ES\" \/>\n<meta property=\"og:type\" content=\"article\" \/>\n<meta property=\"og:title\" content=\"Fira Barcelona Building Construmat - Actecir\" \/>\n<meta property=\"og:description\" content=\"Fecha: 29 noviembre al 2 de diciembre\" \/>\n<meta property=\"og:url\" content=\"https:\/\/www.actecir.cat\/es\/fira-barcelona-building-construmat\/\" \/>\n<meta property=\"og:site_name\" content=\"Actecir\" \/>\n<meta property=\"article:published_time\" content=\"2021-11-06T11:30:00+00:00\" \/>\n<meta property=\"article:modified_time\" content=\"2023-04-27T11:39:01+00:00\" \/>\n<meta property=\"og:image\" content=\"https:\/\/www.actecir.cat\/wp-content\/uploads\/2023\/04\/Construcina2.jpg\" \/>\n\t<meta property=\"og:image:width\" content=\"600\" \/>\n\t<meta property=\"og:image:height\" content=\"400\" \/>\n\t<meta property=\"og:image:type\" content=\"image\/jpeg\" \/>\n<meta name=\"author\" content=\"Soporte web\" \/>\n<meta name=\"twitter:card\" content=\"summary_large_image\" \/>\n<meta name=\"twitter:creator\" content=\"@actecir\" \/>\n<meta name=\"twitter:site\" content=\"@actecir\" \/>\n<meta name=\"twitter:label1\" content=\"Escrito por\" \/>\n\t<meta name=\"twitter:data1\" content=\"Soporte web\" \/>\n\t<meta name=\"twitter:label2\" content=\"Tiempo de lectura\" \/>\n\t<meta name=\"twitter:data2\" content=\"3 minutos\" \/>\n<script type=\"application\/ld+json\" class=\"yoast-schema-graph\">{\"@context\":\"https:\/\/schema.org\",\"@graph\":[{\"@type\":\"Article\",\"@id\":\"https:\/\/www.actecir.cat\/es\/fira-barcelona-building-construmat\/#article\",\"isPartOf\":{\"@id\":\"https:\/\/www.actecir.cat\/es\/fira-barcelona-building-construmat\/\"},\"author\":{\"name\":\"Soporte web\",\"@id\":\"https:\/\/www.actecir.cat\/#\/schema\/person\/42edd02f0b1d55e19444428c5d321413\"},\"headline\":\"Fira Barcelona Building Construmat\",\"datePublished\":\"2021-11-06T11:30:00+00:00\",\"dateModified\":\"2023-04-27T11:39:01+00:00\",\"mainEntityOfPage\":{\"@id\":\"https:\/\/www.actecir.cat\/es\/fira-barcelona-building-construmat\/\"},\"wordCount\":598,\"commentCount\":0,\"publisher\":{\"@id\":\"https:\/\/www.actecir.cat\/#organization\"},\"image\":{\"@id\":\"https:\/\/www.actecir.cat\/es\/fira-barcelona-building-construmat\/#primaryimage\"},\"thumbnailUrl\":\"https:\/\/www.actecir.cat\/wp-content\/uploads\/2023\/04\/Construcina2.jpg\",\"articleSection\":[\"Destacamos\"],\"inLanguage\":\"es\",\"potentialAction\":[{\"@type\":\"CommentAction\",\"name\":\"Comment\",\"target\":[\"https:\/\/www.actecir.cat\/es\/fira-barcelona-building-construmat\/#respond\"]}]},{\"@type\":\"WebPage\",\"@id\":\"https:\/\/www.actecir.cat\/es\/fira-barcelona-building-construmat\/\",\"url\":\"https:\/\/www.actecir.cat\/es\/fira-barcelona-building-construmat\/\",\"name\":\"Fira Barcelona Building Construmat - Actecir\",\"isPartOf\":{\"@id\":\"https:\/\/www.actecir.cat\/#website\"},\"primaryImageOfPage\":{\"@id\":\"https:\/\/www.actecir.cat\/es\/fira-barcelona-building-construmat\/#primaryimage\"},\"image\":{\"@id\":\"https:\/\/www.actecir.cat\/es\/fira-barcelona-building-construmat\/#primaryimage\"},\"thumbnailUrl\":\"https:\/\/www.actecir.cat\/wp-content\/uploads\/2023\/04\/Construcina2.jpg\",\"datePublished\":\"2021-11-06T11:30:00+00:00\",\"dateModified\":\"2023-04-27T11:39:01+00:00\",\"breadcrumb\":{\"@id\":\"https:\/\/www.actecir.cat\/es\/fira-barcelona-building-construmat\/#breadcrumb\"},\"inLanguage\":\"es\",\"potentialAction\":[{\"@type\":\"ReadAction\",\"target\":[\"https:\/\/www.actecir.cat\/es\/fira-barcelona-building-construmat\/\"]}]},{\"@type\":\"ImageObject\",\"inLanguage\":\"es\",\"@id\":\"https:\/\/www.actecir.cat\/es\/fira-barcelona-building-construmat\/#primaryimage\",\"url\":\"https:\/\/www.actecir.cat\/wp-content\/uploads\/2023\/04\/Construcina2.jpg\",\"contentUrl\":\"https:\/\/www.actecir.cat\/wp-content\/uploads\/2023\/04\/Construcina2.jpg\",\"width\":600,\"height\":400},{\"@type\":\"BreadcrumbList\",\"@id\":\"https:\/\/www.actecir.cat\/es\/fira-barcelona-building-construmat\/#breadcrumb\",\"itemListElement\":[{\"@type\":\"ListItem\",\"position\":1,\"name\":\"Inici\",\"item\":\"https:\/\/www.actecir.cat\/es\/\"},{\"@type\":\"ListItem\",\"position\":2,\"name\":\"Fira Barcelona Building Construmat\"}]},{\"@type\":\"WebSite\",\"@id\":\"https:\/\/www.actecir.cat\/#website\",\"url\":\"https:\/\/www.actecir.cat\/\",\"name\":\"Actecir\",\"description\":\"Associaci\u00f3 Catalana de T\u00e8cnics en Energia, Climatitzaci\u00f3 i Refrigeraci\u00f3\",\"publisher\":{\"@id\":\"https:\/\/www.actecir.cat\/#organization\"},\"potentialAction\":[{\"@type\":\"SearchAction\",\"target\":{\"@type\":\"EntryPoint\",\"urlTemplate\":\"https:\/\/www.actecir.cat\/?s={search_term_string}\"},\"query-input\":{\"@type\":\"PropertyValueSpecification\",\"valueRequired\":true,\"valueName\":\"search_term_string\"}}],\"inLanguage\":\"es\"},{\"@type\":\"Organization\",\"@id\":\"https:\/\/www.actecir.cat\/#organization\",\"name\":\"Actecir\",\"url\":\"https:\/\/www.actecir.cat\/\",\"logo\":{\"@type\":\"ImageObject\",\"inLanguage\":\"es\",\"@id\":\"https:\/\/www.actecir.cat\/#\/schema\/logo\/image\/\",\"url\":\"https:\/\/www.actecir.cat\/wp-content\/uploads\/2023\/04\/cropped-logo_actecir_60_alto.png\",\"contentUrl\":\"https:\/\/www.actecir.cat\/wp-content\/uploads\/2023\/04\/cropped-logo_actecir_60_alto.png\",\"width\":283,\"height\":80,\"caption\":\"Actecir\"},\"image\":{\"@id\":\"https:\/\/www.actecir.cat\/#\/schema\/logo\/image\/\"},\"sameAs\":[\"https:\/\/x.com\/actecir\",\"https:\/\/www.linkedin.com\/company\/actecir\"]},{\"@type\":\"Person\",\"@id\":\"https:\/\/www.actecir.cat\/#\/schema\/person\/42edd02f0b1d55e19444428c5d321413\",\"name\":\"Soporte web\",\"sameAs\":[\"https:\/\/www.actecir.cat\"],\"url\":\"https:\/\/www.actecir.cat\/es\/author\/maensystems\/\"}]}<\/script>\n<!-- \/ Yoast SEO plugin. -->","yoast_head_json":{"title":"Fira Barcelona Building Construmat - Actecir","robots":{"index":"index","follow":"follow","max-snippet":"max-snippet:-1","max-image-preview":"max-image-preview:large","max-video-preview":"max-video-preview:-1"},"canonical":"https:\/\/www.actecir.cat\/es\/fira-barcelona-building-construmat\/","og_locale":"es_ES","og_type":"article","og_title":"Fira Barcelona Building Construmat - Actecir","og_description":"Fecha: 29 noviembre al 2 de diciembre","og_url":"https:\/\/www.actecir.cat\/es\/fira-barcelona-building-construmat\/","og_site_name":"Actecir","article_published_time":"2021-11-06T11:30:00+00:00","article_modified_time":"2023-04-27T11:39:01+00:00","og_image":[{"width":600,"height":400,"url":"https:\/\/www.actecir.cat\/wp-content\/uploads\/2023\/04\/Construcina2.jpg","type":"image\/jpeg"}],"author":"Soporte web","twitter_card":"summary_large_image","twitter_creator":"@actecir","twitter_site":"@actecir","twitter_misc":{"Escrito por":"Soporte web","Tiempo de lectura":"3 minutos"},"schema":{"@context":"https:\/\/schema.org","@graph":[{"@type":"Article","@id":"https:\/\/www.actecir.cat\/es\/fira-barcelona-building-construmat\/#article","isPartOf":{"@id":"https:\/\/www.actecir.cat\/es\/fira-barcelona-building-construmat\/"},"author":{"name":"Soporte web","@id":"https:\/\/www.actecir.cat\/#\/schema\/person\/42edd02f0b1d55e19444428c5d321413"},"headline":"Fira Barcelona Building Construmat","datePublished":"2021-11-06T11:30:00+00:00","dateModified":"2023-04-27T11:39:01+00:00","mainEntityOfPage":{"@id":"https:\/\/www.actecir.cat\/es\/fira-barcelona-building-construmat\/"},"wordCount":598,"commentCount":0,"publisher":{"@id":"https:\/\/www.actecir.cat\/#organization"},"image":{"@id":"https:\/\/www.actecir.cat\/es\/fira-barcelona-building-construmat\/#primaryimage"},"thumbnailUrl":"https:\/\/www.actecir.cat\/wp-content\/uploads\/2023\/04\/Construcina2.jpg","articleSection":["Destacamos"],"inLanguage":"es","potentialAction":[{"@type":"CommentAction","name":"Comment","target":["https:\/\/www.actecir.cat\/es\/fira-barcelona-building-construmat\/#respond"]}]},{"@type":"WebPage","@id":"https:\/\/www.actecir.cat\/es\/fira-barcelona-building-construmat\/","url":"https:\/\/www.actecir.cat\/es\/fira-barcelona-building-construmat\/","name":"Fira Barcelona Building Construmat - Actecir","isPartOf":{"@id":"https:\/\/www.actecir.cat\/#website"},"primaryImageOfPage":{"@id":"https:\/\/www.actecir.cat\/es\/fira-barcelona-building-construmat\/#primaryimage"},"image":{"@id":"https:\/\/www.actecir.cat\/es\/fira-barcelona-building-construmat\/#primaryimage"},"thumbnailUrl":"https:\/\/www.actecir.cat\/wp-content\/uploads\/2023\/04\/Construcina2.jpg","datePublished":"2021-11-06T11:30:00+00:00","dateModified":"2023-04-27T11:39:01+00:00","breadcrumb":{"@id":"https:\/\/www.actecir.cat\/es\/fira-barcelona-building-construmat\/#breadcrumb"},"inLanguage":"es","potentialAction":[{"@type":"ReadAction","target":["https:\/\/www.actecir.cat\/es\/fira-barcelona-building-construmat\/"]}]},{"@type":"ImageObject","inLanguage":"es","@id":"https:\/\/www.actecir.cat\/es\/fira-barcelona-building-construmat\/#primaryimage","url":"https:\/\/www.actecir.cat\/wp-content\/uploads\/2023\/04\/Construcina2.jpg","contentUrl":"https:\/\/www.actecir.cat\/wp-content\/uploads\/2023\/04\/Construcina2.jpg","width":600,"height":400},{"@type":"BreadcrumbList","@id":"https:\/\/www.actecir.cat\/es\/fira-barcelona-building-construmat\/#breadcrumb","itemListElement":[{"@type":"ListItem","position":1,"name":"Inici","item":"https:\/\/www.actecir.cat\/es\/"},{"@type":"ListItem","position":2,"name":"Fira Barcelona Building Construmat"}]},{"@type":"WebSite","@id":"https:\/\/www.actecir.cat\/#website","url":"https:\/\/www.actecir.cat\/","name":"Actecir","description":"Associaci\u00f3 Catalana de T\u00e8cnics en Energia, Climatitzaci\u00f3 i Refrigeraci\u00f3","publisher":{"@id":"https:\/\/www.actecir.cat\/#organization"},"potentialAction":[{"@type":"SearchAction","target":{"@type":"EntryPoint","urlTemplate":"https:\/\/www.actecir.cat\/?s={search_term_string}"},"query-input":{"@type":"PropertyValueSpecification","valueRequired":true,"valueName":"search_term_string"}}],"inLanguage":"es"},{"@type":"Organization","@id":"https:\/\/www.actecir.cat\/#organization","name":"Actecir","url":"https:\/\/www.actecir.cat\/","logo":{"@type":"ImageObject","inLanguage":"es","@id":"https:\/\/www.actecir.cat\/#\/schema\/logo\/image\/","url":"https:\/\/www.actecir.cat\/wp-content\/uploads\/2023\/04\/cropped-logo_actecir_60_alto.png","contentUrl":"https:\/\/www.actecir.cat\/wp-content\/uploads\/2023\/04\/cropped-logo_actecir_60_alto.png","width":283,"height":80,"caption":"Actecir"},"image":{"@id":"https:\/\/www.actecir.cat\/#\/schema\/logo\/image\/"},"sameAs":["https:\/\/x.com\/actecir","https:\/\/www.linkedin.com\/company\/actecir"]},{"@type":"Person","@id":"https:\/\/www.actecir.cat\/#\/schema\/person\/42edd02f0b1d55e19444428c5d321413","name":"Soporte web","sameAs":["https:\/\/www.actecir.cat"],"url":"https:\/\/www.actecir.cat\/es\/author\/maensystems\/"}]}},"_links":{"self":[{"href":"https:\/\/www.actecir.cat\/es\/wp-json\/wp\/v2\/posts\/3436","targetHints":{"allow":["GET"]}}],"collection":[{"href":"https:\/\/www.actecir.cat\/es\/wp-json\/wp\/v2\/posts"}],"about":[{"href":"https:\/\/www.actecir.cat\/es\/wp-json\/wp\/v2\/types\/post"}],"author":[{"embeddable":true,"href":"https:\/\/www.actecir.cat\/es\/wp-json\/wp\/v2\/users\/1"}],"replies":[{"embeddable":true,"href":"https:\/\/www.actecir.cat\/es\/wp-json\/wp\/v2\/comments?post=3436"}],"version-history":[{"count":1,"href":"https:\/\/www.actecir.cat\/es\/wp-json\/wp\/v2\/posts\/3436\/revisions"}],"predecessor-version":[{"id":3437,"href":"https:\/\/www.actecir.cat\/es\/wp-json\/wp\/v2\/posts\/3436\/revisions\/3437"}],"wp:featuredmedia":[{"embeddable":true,"href":"https:\/\/www.actecir.cat\/es\/wp-json\/wp\/v2\/media\/3434"}],"wp:attachment":[{"href":"https:\/\/www.actecir.cat\/es\/wp-json\/wp\/v2\/media?parent=3436"}],"wp:term":[{"taxonomy":"category","embeddable":true,"href":"https:\/\/www.actecir.cat\/es\/wp-json\/wp\/v2\/categories?post=3436"},{"taxonomy":"post_tag","embeddable":true,"href":"https:\/\/www.actecir.cat\/es\/wp-json\/wp\/v2\/tags?post=3436"}],"curies":[{"name":"wp","href":"https:\/\/api.w.org\/{rel}","templated":true}]}}