{"id":3524,"date":"2021-06-10T14:31:00","date_gmt":"2021-06-10T12:31:00","guid":{"rendered":"https:\/\/www.actecir.cat\/?p=3524"},"modified":"2023-07-07T16:00:07","modified_gmt":"2023-07-07T14:00:07","slug":"seminario-actecir-modificaciones-del-nuevo-rite-y-cte-y-sus-repercusiones-en-la-edificacion","status":"publish","type":"post","link":"https:\/\/www.actecir.cat\/es\/seminario-actecir-modificaciones-del-nuevo-rite-y-cte-y-sus-repercusiones-en-la-edificacion\/","title":{"rendered":"Seminario Actecir: Modificaciones del nuevo RITE y CTE y sus repercusiones en la edificaci\u00f3n."},"content":{"rendered":"\n<p>Fecha: 17 de junio de 16:00 a 18:30 horas<\/p>\n\n\n\n<p><strong>Seminario ACTECIR&nbsp;Modificaciones del nuevo RITE y CTE y sus repercusiones en la edificaci\u00f3n.<\/strong><\/p>\n\n\n\n<ul class=\"wp-block-list\">\n<li>Fecha: jueves 17 de junio<\/li>\n\n\n\n<li>Hora: 16:00 a 18:30&nbsp;<\/li>\n\n\n\n<li>Duraci\u00f3n: 2 horas y 30 minutos<\/li>\n\n\n\n<li>Formato: Online ( via Zoom)<\/li>\n<\/ul>\n\n\n\n<p><\/p>\n\n\n\n<p><strong>Ponentes:<\/strong><\/p>\n\n\n\n<ul class=\"wp-block-list\">\n<li>Gaspar Mart\u00edn&nbsp;<strong>(Groupe Atlantic)<\/strong><\/li>\n\n\n\n<li>Sergi Asensio&nbsp;<strong>(Hitachi)<\/strong><\/li>\n\n\n\n<li>Pedro Garc\u00eda&nbsp;<strong>(Salvador Escoda)<\/strong><\/li>\n\n\n\n<li>Jes\u00fas Feliu<strong>\u00a0(Daikin)<\/strong><\/li>\n<\/ul>\n\n\n\n<p><\/p>\n\n\n\n<p><strong>Director &#8211; Coordinador:&nbsp;<\/strong>El\u00edas Mart\u00ednez Nogueroles&nbsp;<strong>(Presidente de ACTECIR)<br><br>Temario:<\/strong><\/p>\n\n\n\n<ul class=\"wp-block-list\">\n<li>16:00h &#8211; 16:10h. Presentaci\u00f3n oficial del seminario.&nbsp;<strong>(Elias Mart\u00ednez)<\/strong><\/li>\n\n\n\n<li>16:10h &#8211; 17:00h. Modificaci\u00f3n del RITE seg\u00fan RD 178\/2021&nbsp;<strong>(Gaspar Mart\u00edn)<\/strong><\/li>\n\n\n\n<li>17:00h &#8211; 17:40h. Modificaci\u00f3 del CTE seg\u00fan RD 732\/2019&nbsp;<strong>(Sergi Asensio)<\/strong><\/li>\n\n\n\n<li>17:40h &#8211; 18:00h. Repercusi\u00f3n de estos cambios normativos en la edificaci\u00f3n de tipo residencial<strong>&nbsp;(Pedro Garc\u00eda)&nbsp;&nbsp;&nbsp;&nbsp;&nbsp;&nbsp;&nbsp;&nbsp;&nbsp;&nbsp;&nbsp;<\/strong>&nbsp;&nbsp;&nbsp;&nbsp;&nbsp;&nbsp;&nbsp;&nbsp;&nbsp;&nbsp;&nbsp;&nbsp;&nbsp;&nbsp;<\/li>\n\n\n\n<li>18:00h &#8211; 18:20h. Repercusi\u00f3n de estos cambios normativos en la&nbsp; edificaci\u00f3n de tipo terciario.&nbsp;<strong>(Jes\u00fas Feliu)<\/strong><\/li>\n\n\n\n<li>18:20h &#8211; 18:30h. Conclusiones y valoraciones<\/li>\n<\/ul>\n\n\n\n<p><\/p>\n\n\n\n<p><strong>Matricula:&nbsp;<\/strong>:<\/p>\n\n\n\n<ul class=\"wp-block-list\">\n<li>Socio ACTECIR gratuito<\/li>\n\n\n\n<li>Precio NO socio: 60 \u20ac<\/li>\n<\/ul>\n\n\n\n<p><\/p>\n\n\n\n<p><strong>Informaci\u00f3n:\u00a0<\/strong><br>Tel\u00e9fono: 639 465 899<br>Mail:\u00a0<a href=\"mailto:actecir@actecir.cat\">actecir@actecir.cat<\/a><br>Web:\u00a0<a rel=\"noreferrer noopener\" href=\"https:\/\/www.actecir.cat\/\" target=\"_blank\">www.actecir.cat<\/a><\/p>\n\n\n\n<div style=\"height:59px\" aria-hidden=\"true\" class=\"wp-block-spacer\"><\/div>\n\n\n\n<p><strong><a rel=\"noreferrer noopener\" href=\"https:\/\/docs.google.com\/forms\/d\/e\/1FAIpQLSfOlCDUlrshURalYAK9o087vOq4bKekmDjYVCh3PTkzDM6PNw\/closedform\" target=\"_blank\">Formulario de inscripci\u00f3n<\/a><\/strong><\/p>\n\n\n\n<p><strong>Descarga el folleto haciendo click en la imagen:<\/strong><\/p>\n\n\n\n<p><a href=\"https:\/\/www.actecir.cat\/wp-content\/uploads\/2023\/04\/Seminari_RITE_juny_2021.pdf\" target=\"_blank\" rel=\"noreferrer noopener\"><\/a><\/p>\n\n\n\n<figure class=\"wp-block-image size-full\"><a href=\"https:\/\/www.actecir.cat\/wp-content\/uploads\/2023\/04\/Seminari_RITE_juny_2021.pdf\"><img fetchpriority=\"high\" decoding=\"async\" width=\"600\" height=\"400\" src=\"https:\/\/www.actecir.cat\/wp-content\/uploads\/2023\/04\/rite_web_castellano.jpg\" alt=\"\" class=\"wp-image-3525\" srcset=\"https:\/\/www.actecir.cat\/wp-content\/uploads\/2023\/04\/rite_web_castellano.jpg 600w, https:\/\/www.actecir.cat\/wp-content\/uploads\/2023\/04\/rite_web_castellano-300x200.jpg 300w\" sizes=\"(max-width: 600px) 100vw, 600px\" \/><\/a><\/figure>\n","protected":false},"excerpt":{"rendered":"<p>Fecha: 17 de junio de 16:00 a 18:30 horas<\/p>\n","protected":false},"author":1,"featured_media":3525,"comment_status":"open","ping_status":"open","sticky":false,"template":"","format":"standard","meta":{"footnotes":""},"categories":[23],"tags":[],"class_list":["post-3524","post","type-post","status-publish","format-standard","has-post-thumbnail","hentry","category-destacamos"],"yoast_head":"<!-- This site is optimized with the Yoast SEO plugin v27.2 - https:\/\/yoast.com\/product\/yoast-seo-wordpress\/ -->\n<title>Seminario Actecir: Modificaciones del nuevo RITE y CTE y sus repercusiones en la edificaci\u00f3n. - Actecir<\/title>\n<meta name=\"robots\" content=\"index, follow, max-snippet:-1, max-image-preview:large, max-video-preview:-1\" \/>\n<link rel=\"canonical\" href=\"https:\/\/www.actecir.cat\/es\/seminario-actecir-modificaciones-del-nuevo-rite-y-cte-y-sus-repercusiones-en-la-edificacion\/\" \/>\n<meta property=\"og:locale\" content=\"es_ES\" \/>\n<meta property=\"og:type\" content=\"article\" \/>\n<meta property=\"og:title\" content=\"Seminario Actecir: Modificaciones del nuevo RITE y CTE y sus repercusiones en la edificaci\u00f3n. - Actecir\" \/>\n<meta property=\"og:description\" content=\"Fecha: 17 de junio de 16:00 a 18:30 horas\" \/>\n<meta property=\"og:url\" content=\"https:\/\/www.actecir.cat\/es\/seminario-actecir-modificaciones-del-nuevo-rite-y-cte-y-sus-repercusiones-en-la-edificacion\/\" \/>\n<meta property=\"og:site_name\" content=\"Actecir\" \/>\n<meta property=\"article:published_time\" content=\"2021-06-10T12:31:00+00:00\" \/>\n<meta property=\"article:modified_time\" content=\"2023-07-07T14:00:07+00:00\" \/>\n<meta property=\"og:image\" content=\"https:\/\/www.actecir.cat\/wp-content\/uploads\/2023\/04\/rite_web_castellano.jpg\" \/>\n\t<meta property=\"og:image:width\" content=\"600\" \/>\n\t<meta property=\"og:image:height\" content=\"400\" \/>\n\t<meta property=\"og:image:type\" content=\"image\/jpeg\" \/>\n<meta name=\"author\" content=\"Soporte web\" \/>\n<meta name=\"twitter:card\" content=\"summary_large_image\" \/>\n<meta name=\"twitter:creator\" content=\"@actecir\" \/>\n<meta name=\"twitter:site\" content=\"@actecir\" \/>\n<meta name=\"twitter:label1\" content=\"Escrito por\" \/>\n\t<meta name=\"twitter:data1\" content=\"Soporte web\" \/>\n\t<meta name=\"twitter:label2\" content=\"Tiempo de lectura\" \/>\n\t<meta name=\"twitter:data2\" content=\"1 minuto\" \/>\n<script type=\"application\/ld+json\" class=\"yoast-schema-graph\">{\"@context\":\"https:\/\/schema.org\",\"@graph\":[{\"@type\":\"Article\",\"@id\":\"https:\/\/www.actecir.cat\/es\/seminario-actecir-modificaciones-del-nuevo-rite-y-cte-y-sus-repercusiones-en-la-edificacion\/#article\",\"isPartOf\":{\"@id\":\"https:\/\/www.actecir.cat\/es\/seminario-actecir-modificaciones-del-nuevo-rite-y-cte-y-sus-repercusiones-en-la-edificacion\/\"},\"author\":{\"name\":\"Soporte web\",\"@id\":\"https:\/\/www.actecir.cat\/#\/schema\/person\/42edd02f0b1d55e19444428c5d321413\"},\"headline\":\"Seminario Actecir: Modificaciones del nuevo RITE y CTE y sus repercusiones en la edificaci\u00f3n.\",\"datePublished\":\"2021-06-10T12:31:00+00:00\",\"dateModified\":\"2023-07-07T14:00:07+00:00\",\"mainEntityOfPage\":{\"@id\":\"https:\/\/www.actecir.cat\/es\/seminario-actecir-modificaciones-del-nuevo-rite-y-cte-y-sus-repercusiones-en-la-edificacion\/\"},\"wordCount\":230,\"commentCount\":0,\"publisher\":{\"@id\":\"https:\/\/www.actecir.cat\/#organization\"},\"image\":{\"@id\":\"https:\/\/www.actecir.cat\/es\/seminario-actecir-modificaciones-del-nuevo-rite-y-cte-y-sus-repercusiones-en-la-edificacion\/#primaryimage\"},\"thumbnailUrl\":\"https:\/\/www.actecir.cat\/wp-content\/uploads\/2023\/04\/rite_web_castellano.jpg\",\"articleSection\":[\"Destacamos\"],\"inLanguage\":\"es\",\"potentialAction\":[{\"@type\":\"CommentAction\",\"name\":\"Comment\",\"target\":[\"https:\/\/www.actecir.cat\/es\/seminario-actecir-modificaciones-del-nuevo-rite-y-cte-y-sus-repercusiones-en-la-edificacion\/#respond\"]}]},{\"@type\":\"WebPage\",\"@id\":\"https:\/\/www.actecir.cat\/es\/seminario-actecir-modificaciones-del-nuevo-rite-y-cte-y-sus-repercusiones-en-la-edificacion\/\",\"url\":\"https:\/\/www.actecir.cat\/es\/seminario-actecir-modificaciones-del-nuevo-rite-y-cte-y-sus-repercusiones-en-la-edificacion\/\",\"name\":\"Seminario Actecir: Modificaciones del nuevo RITE y CTE y sus repercusiones en la edificaci\u00f3n. - Actecir\",\"isPartOf\":{\"@id\":\"https:\/\/www.actecir.cat\/#website\"},\"primaryImageOfPage\":{\"@id\":\"https:\/\/www.actecir.cat\/es\/seminario-actecir-modificaciones-del-nuevo-rite-y-cte-y-sus-repercusiones-en-la-edificacion\/#primaryimage\"},\"image\":{\"@id\":\"https:\/\/www.actecir.cat\/es\/seminario-actecir-modificaciones-del-nuevo-rite-y-cte-y-sus-repercusiones-en-la-edificacion\/#primaryimage\"},\"thumbnailUrl\":\"https:\/\/www.actecir.cat\/wp-content\/uploads\/2023\/04\/rite_web_castellano.jpg\",\"datePublished\":\"2021-06-10T12:31:00+00:00\",\"dateModified\":\"2023-07-07T14:00:07+00:00\",\"breadcrumb\":{\"@id\":\"https:\/\/www.actecir.cat\/es\/seminario-actecir-modificaciones-del-nuevo-rite-y-cte-y-sus-repercusiones-en-la-edificacion\/#breadcrumb\"},\"inLanguage\":\"es\",\"potentialAction\":[{\"@type\":\"ReadAction\",\"target\":[\"https:\/\/www.actecir.cat\/es\/seminario-actecir-modificaciones-del-nuevo-rite-y-cte-y-sus-repercusiones-en-la-edificacion\/\"]}]},{\"@type\":\"ImageObject\",\"inLanguage\":\"es\",\"@id\":\"https:\/\/www.actecir.cat\/es\/seminario-actecir-modificaciones-del-nuevo-rite-y-cte-y-sus-repercusiones-en-la-edificacion\/#primaryimage\",\"url\":\"https:\/\/www.actecir.cat\/wp-content\/uploads\/2023\/04\/rite_web_castellano.jpg\",\"contentUrl\":\"https:\/\/www.actecir.cat\/wp-content\/uploads\/2023\/04\/rite_web_castellano.jpg\",\"width\":600,\"height\":400},{\"@type\":\"BreadcrumbList\",\"@id\":\"https:\/\/www.actecir.cat\/es\/seminario-actecir-modificaciones-del-nuevo-rite-y-cte-y-sus-repercusiones-en-la-edificacion\/#breadcrumb\",\"itemListElement\":[{\"@type\":\"ListItem\",\"position\":1,\"name\":\"Inici\",\"item\":\"https:\/\/www.actecir.cat\/es\/\"},{\"@type\":\"ListItem\",\"position\":2,\"name\":\"Seminario Actecir: Modificaciones del nuevo RITE y CTE y sus repercusiones en la edificaci\u00f3n.\"}]},{\"@type\":\"WebSite\",\"@id\":\"https:\/\/www.actecir.cat\/#website\",\"url\":\"https:\/\/www.actecir.cat\/\",\"name\":\"Actecir\",\"description\":\"Associaci\u00f3 Catalana de T\u00e8cnics en Energia, Climatitzaci\u00f3 i Refrigeraci\u00f3\",\"publisher\":{\"@id\":\"https:\/\/www.actecir.cat\/#organization\"},\"potentialAction\":[{\"@type\":\"SearchAction\",\"target\":{\"@type\":\"EntryPoint\",\"urlTemplate\":\"https:\/\/www.actecir.cat\/?s={search_term_string}\"},\"query-input\":{\"@type\":\"PropertyValueSpecification\",\"valueRequired\":true,\"valueName\":\"search_term_string\"}}],\"inLanguage\":\"es\"},{\"@type\":\"Organization\",\"@id\":\"https:\/\/www.actecir.cat\/#organization\",\"name\":\"Actecir\",\"url\":\"https:\/\/www.actecir.cat\/\",\"logo\":{\"@type\":\"ImageObject\",\"inLanguage\":\"es\",\"@id\":\"https:\/\/www.actecir.cat\/#\/schema\/logo\/image\/\",\"url\":\"https:\/\/www.actecir.cat\/wp-content\/uploads\/2023\/04\/cropped-logo_actecir_60_alto.png\",\"contentUrl\":\"https:\/\/www.actecir.cat\/wp-content\/uploads\/2023\/04\/cropped-logo_actecir_60_alto.png\",\"width\":283,\"height\":80,\"caption\":\"Actecir\"},\"image\":{\"@id\":\"https:\/\/www.actecir.cat\/#\/schema\/logo\/image\/\"},\"sameAs\":[\"https:\/\/x.com\/actecir\",\"https:\/\/www.linkedin.com\/company\/actecir\"]},{\"@type\":\"Person\",\"@id\":\"https:\/\/www.actecir.cat\/#\/schema\/person\/42edd02f0b1d55e19444428c5d321413\",\"name\":\"Soporte web\",\"sameAs\":[\"https:\/\/www.actecir.cat\"],\"url\":\"https:\/\/www.actecir.cat\/es\/author\/maensystems\/\"}]}<\/script>\n<!-- \/ Yoast SEO plugin. -->","yoast_head_json":{"title":"Seminario Actecir: Modificaciones del nuevo RITE y CTE y sus repercusiones en la edificaci\u00f3n. - Actecir","robots":{"index":"index","follow":"follow","max-snippet":"max-snippet:-1","max-image-preview":"max-image-preview:large","max-video-preview":"max-video-preview:-1"},"canonical":"https:\/\/www.actecir.cat\/es\/seminario-actecir-modificaciones-del-nuevo-rite-y-cte-y-sus-repercusiones-en-la-edificacion\/","og_locale":"es_ES","og_type":"article","og_title":"Seminario Actecir: Modificaciones del nuevo RITE y CTE y sus repercusiones en la edificaci\u00f3n. - Actecir","og_description":"Fecha: 17 de junio de 16:00 a 18:30 horas","og_url":"https:\/\/www.actecir.cat\/es\/seminario-actecir-modificaciones-del-nuevo-rite-y-cte-y-sus-repercusiones-en-la-edificacion\/","og_site_name":"Actecir","article_published_time":"2021-06-10T12:31:00+00:00","article_modified_time":"2023-07-07T14:00:07+00:00","og_image":[{"width":600,"height":400,"url":"https:\/\/www.actecir.cat\/wp-content\/uploads\/2023\/04\/rite_web_castellano.jpg","type":"image\/jpeg"}],"author":"Soporte web","twitter_card":"summary_large_image","twitter_creator":"@actecir","twitter_site":"@actecir","twitter_misc":{"Escrito por":"Soporte web","Tiempo de lectura":"1 minuto"},"schema":{"@context":"https:\/\/schema.org","@graph":[{"@type":"Article","@id":"https:\/\/www.actecir.cat\/es\/seminario-actecir-modificaciones-del-nuevo-rite-y-cte-y-sus-repercusiones-en-la-edificacion\/#article","isPartOf":{"@id":"https:\/\/www.actecir.cat\/es\/seminario-actecir-modificaciones-del-nuevo-rite-y-cte-y-sus-repercusiones-en-la-edificacion\/"},"author":{"name":"Soporte web","@id":"https:\/\/www.actecir.cat\/#\/schema\/person\/42edd02f0b1d55e19444428c5d321413"},"headline":"Seminario Actecir: Modificaciones del nuevo RITE y CTE y sus repercusiones en la edificaci\u00f3n.","datePublished":"2021-06-10T12:31:00+00:00","dateModified":"2023-07-07T14:00:07+00:00","mainEntityOfPage":{"@id":"https:\/\/www.actecir.cat\/es\/seminario-actecir-modificaciones-del-nuevo-rite-y-cte-y-sus-repercusiones-en-la-edificacion\/"},"wordCount":230,"commentCount":0,"publisher":{"@id":"https:\/\/www.actecir.cat\/#organization"},"image":{"@id":"https:\/\/www.actecir.cat\/es\/seminario-actecir-modificaciones-del-nuevo-rite-y-cte-y-sus-repercusiones-en-la-edificacion\/#primaryimage"},"thumbnailUrl":"https:\/\/www.actecir.cat\/wp-content\/uploads\/2023\/04\/rite_web_castellano.jpg","articleSection":["Destacamos"],"inLanguage":"es","potentialAction":[{"@type":"CommentAction","name":"Comment","target":["https:\/\/www.actecir.cat\/es\/seminario-actecir-modificaciones-del-nuevo-rite-y-cte-y-sus-repercusiones-en-la-edificacion\/#respond"]}]},{"@type":"WebPage","@id":"https:\/\/www.actecir.cat\/es\/seminario-actecir-modificaciones-del-nuevo-rite-y-cte-y-sus-repercusiones-en-la-edificacion\/","url":"https:\/\/www.actecir.cat\/es\/seminario-actecir-modificaciones-del-nuevo-rite-y-cte-y-sus-repercusiones-en-la-edificacion\/","name":"Seminario Actecir: Modificaciones del nuevo RITE y CTE y sus repercusiones en la edificaci\u00f3n. - Actecir","isPartOf":{"@id":"https:\/\/www.actecir.cat\/#website"},"primaryImageOfPage":{"@id":"https:\/\/www.actecir.cat\/es\/seminario-actecir-modificaciones-del-nuevo-rite-y-cte-y-sus-repercusiones-en-la-edificacion\/#primaryimage"},"image":{"@id":"https:\/\/www.actecir.cat\/es\/seminario-actecir-modificaciones-del-nuevo-rite-y-cte-y-sus-repercusiones-en-la-edificacion\/#primaryimage"},"thumbnailUrl":"https:\/\/www.actecir.cat\/wp-content\/uploads\/2023\/04\/rite_web_castellano.jpg","datePublished":"2021-06-10T12:31:00+00:00","dateModified":"2023-07-07T14:00:07+00:00","breadcrumb":{"@id":"https:\/\/www.actecir.cat\/es\/seminario-actecir-modificaciones-del-nuevo-rite-y-cte-y-sus-repercusiones-en-la-edificacion\/#breadcrumb"},"inLanguage":"es","potentialAction":[{"@type":"ReadAction","target":["https:\/\/www.actecir.cat\/es\/seminario-actecir-modificaciones-del-nuevo-rite-y-cte-y-sus-repercusiones-en-la-edificacion\/"]}]},{"@type":"ImageObject","inLanguage":"es","@id":"https:\/\/www.actecir.cat\/es\/seminario-actecir-modificaciones-del-nuevo-rite-y-cte-y-sus-repercusiones-en-la-edificacion\/#primaryimage","url":"https:\/\/www.actecir.cat\/wp-content\/uploads\/2023\/04\/rite_web_castellano.jpg","contentUrl":"https:\/\/www.actecir.cat\/wp-content\/uploads\/2023\/04\/rite_web_castellano.jpg","width":600,"height":400},{"@type":"BreadcrumbList","@id":"https:\/\/www.actecir.cat\/es\/seminario-actecir-modificaciones-del-nuevo-rite-y-cte-y-sus-repercusiones-en-la-edificacion\/#breadcrumb","itemListElement":[{"@type":"ListItem","position":1,"name":"Inici","item":"https:\/\/www.actecir.cat\/es\/"},{"@type":"ListItem","position":2,"name":"Seminario Actecir: Modificaciones del nuevo RITE y CTE y sus repercusiones en la edificaci\u00f3n."}]},{"@type":"WebSite","@id":"https:\/\/www.actecir.cat\/#website","url":"https:\/\/www.actecir.cat\/","name":"Actecir","description":"Associaci\u00f3 Catalana de T\u00e8cnics en Energia, Climatitzaci\u00f3 i Refrigeraci\u00f3","publisher":{"@id":"https:\/\/www.actecir.cat\/#organization"},"potentialAction":[{"@type":"SearchAction","target":{"@type":"EntryPoint","urlTemplate":"https:\/\/www.actecir.cat\/?s={search_term_string}"},"query-input":{"@type":"PropertyValueSpecification","valueRequired":true,"valueName":"search_term_string"}}],"inLanguage":"es"},{"@type":"Organization","@id":"https:\/\/www.actecir.cat\/#organization","name":"Actecir","url":"https:\/\/www.actecir.cat\/","logo":{"@type":"ImageObject","inLanguage":"es","@id":"https:\/\/www.actecir.cat\/#\/schema\/logo\/image\/","url":"https:\/\/www.actecir.cat\/wp-content\/uploads\/2023\/04\/cropped-logo_actecir_60_alto.png","contentUrl":"https:\/\/www.actecir.cat\/wp-content\/uploads\/2023\/04\/cropped-logo_actecir_60_alto.png","width":283,"height":80,"caption":"Actecir"},"image":{"@id":"https:\/\/www.actecir.cat\/#\/schema\/logo\/image\/"},"sameAs":["https:\/\/x.com\/actecir","https:\/\/www.linkedin.com\/company\/actecir"]},{"@type":"Person","@id":"https:\/\/www.actecir.cat\/#\/schema\/person\/42edd02f0b1d55e19444428c5d321413","name":"Soporte web","sameAs":["https:\/\/www.actecir.cat"],"url":"https:\/\/www.actecir.cat\/es\/author\/maensystems\/"}]}},"_links":{"self":[{"href":"https:\/\/www.actecir.cat\/es\/wp-json\/wp\/v2\/posts\/3524","targetHints":{"allow":["GET"]}}],"collection":[{"href":"https:\/\/www.actecir.cat\/es\/wp-json\/wp\/v2\/posts"}],"about":[{"href":"https:\/\/www.actecir.cat\/es\/wp-json\/wp\/v2\/types\/post"}],"author":[{"embeddable":true,"href":"https:\/\/www.actecir.cat\/es\/wp-json\/wp\/v2\/users\/1"}],"replies":[{"embeddable":true,"href":"https:\/\/www.actecir.cat\/es\/wp-json\/wp\/v2\/comments?post=3524"}],"version-history":[{"count":3,"href":"https:\/\/www.actecir.cat\/es\/wp-json\/wp\/v2\/posts\/3524\/revisions"}],"predecessor-version":[{"id":11419,"href":"https:\/\/www.actecir.cat\/es\/wp-json\/wp\/v2\/posts\/3524\/revisions\/11419"}],"wp:featuredmedia":[{"embeddable":true,"href":"https:\/\/www.actecir.cat\/es\/wp-json\/wp\/v2\/media\/3525"}],"wp:attachment":[{"href":"https:\/\/www.actecir.cat\/es\/wp-json\/wp\/v2\/media?parent=3524"}],"wp:term":[{"taxonomy":"category","embeddable":true,"href":"https:\/\/www.actecir.cat\/es\/wp-json\/wp\/v2\/categories?post=3524"},{"taxonomy":"post_tag","embeddable":true,"href":"https:\/\/www.actecir.cat\/es\/wp-json\/wp\/v2\/tags?post=3524"}],"curies":[{"name":"wp","href":"https:\/\/api.w.org\/{rel}","templated":true}]}}