{"id":3567,"date":"2021-06-26T14:54:00","date_gmt":"2021-06-26T14:54:00","guid":{"rendered":"https:\/\/www.actecir.cat\/?p=3567"},"modified":"2023-04-27T15:02:31","modified_gmt":"2023-04-27T15:02:31","slug":"trane-amplia-su-gama-de-enfriadoras-bombas-de-calor-y-rooftops","status":"publish","type":"post","link":"https:\/\/www.actecir.cat\/es\/trane-amplia-su-gama-de-enfriadoras-bombas-de-calor-y-rooftops\/","title":{"rendered":"TRANE amplia su gama de enfriadoras, bombas de calor y rooftops"},"content":{"rendered":"\n<p>\u00a0PUBLICADO: 26 MAYO 2021<\/p>\n\n\n\n<p>Ampliaci\u00f3n Gama TRANE<\/p>\n\n\n\n<p>TRANE AMPL\u00cdA SU GAMA DE ENFRIADORAS, BOMBAS DE CALOR SCROLL Y ROOFTOPS CON R-454B DE BAJO PCA (467) PARA ESTE A\u00d1O 2021.<\/p>\n\n\n\n<p>TRANE apuesta en su gama SCROLL por el gas&nbsp;<strong>R-454B<\/strong>&nbsp;por ofrecer<\/p>\n\n\n\n<ul class=\"wp-block-list\">\n<li>El\u00a0<strong>HFC con<\/strong>\u00a0<strong>PCA m\u00e1s bajo posible para Scroll en la actualidad<\/strong>\u00a0(76 % de reducci\u00f3n sobre el R-410A y 31% de reducci\u00f3n sobre el R-32).<\/li>\n<\/ul>\n\n\n\n<figure class=\"wp-block-image size-full\"><img fetchpriority=\"high\" decoding=\"async\" width=\"409\" height=\"234\" src=\"https:\/\/www.actecir.cat\/wp-content\/uploads\/2023\/04\/da7778b5-5a68-9b16-c54b-57c7cb151583.png\" alt=\"\" class=\"wp-image-3563\" srcset=\"https:\/\/www.actecir.cat\/wp-content\/uploads\/2023\/04\/da7778b5-5a68-9b16-c54b-57c7cb151583.png 409w, https:\/\/www.actecir.cat\/wp-content\/uploads\/2023\/04\/da7778b5-5a68-9b16-c54b-57c7cb151583-300x172.png 300w\" sizes=\"(max-width: 409px) 100vw, 409px\" \/><\/figure>\n\n\n\n<ul class=\"wp-block-list\">\n<li>La\u00a0<strong>tasa impositiva m\u00e1s baja<\/strong>\u00a0para la gama Scroll.<\/li>\n\n\n\n<li>Una eficiencia COP un\u00a0<strong>4% por encima del R-410A y un 8% por encima del R-32<\/strong>. Adem\u00e1s, la carga de refrigerante es casi un 10% menor que con el R-410A<\/li>\n\n\n\n<li>Un deslizamiento de temperatura muy bajo que permite una\u00a0<strong>recarga directa<\/strong>\u00a0de refrigerante en caso de fuga.<\/li>\n<\/ul>\n\n\n\n<p>Por otro lado, TRANE sigue apostando por el\u00a0<strong>R-513a<\/strong>\u00a0<strong>(<\/strong>PCA 600) y\u00a0<strong>R-1234ze<\/strong>\u00a0(PCA nulo) en su gama tornillo y por el\u00a0<strong>R-1233zd(E)<\/strong>\u00a0(PCA nulo) en su gama centr\u00edfuga:<\/p>\n\n\n\n<figure class=\"wp-block-image size-large\"><img decoding=\"async\" width=\"1024\" height=\"318\" src=\"https:\/\/www.actecir.cat\/wp-content\/uploads\/2023\/04\/7b14ddf2-e561-03d9-4618-4e357972e160-1024x318.png\" alt=\"\" class=\"wp-image-3561\" srcset=\"https:\/\/www.actecir.cat\/wp-content\/uploads\/2023\/04\/7b14ddf2-e561-03d9-4618-4e357972e160-1024x318.png 1024w, https:\/\/www.actecir.cat\/wp-content\/uploads\/2023\/04\/7b14ddf2-e561-03d9-4618-4e357972e160-300x93.png 300w, https:\/\/www.actecir.cat\/wp-content\/uploads\/2023\/04\/7b14ddf2-e561-03d9-4618-4e357972e160-768x239.png 768w, https:\/\/www.actecir.cat\/wp-content\/uploads\/2023\/04\/7b14ddf2-e561-03d9-4618-4e357972e160.png 1149w\" sizes=\"(max-width: 1024px) 100vw, 1024px\" \/><\/figure>\n","protected":false},"excerpt":{"rendered":"<p>Ampliaci\u00f3n Gama TRANE<\/p>\n","protected":false},"author":1,"featured_media":3565,"comment_status":"open","ping_status":"open","sticky":false,"template":"","format":"standard","meta":{"footnotes":""},"categories":[23],"tags":[],"class_list":["post-3567","post","type-post","status-publish","format-standard","has-post-thumbnail","hentry","category-destacamos"],"yoast_head":"<!-- This site is optimized with the Yoast SEO plugin v27.2 - https:\/\/yoast.com\/product\/yoast-seo-wordpress\/ -->\n<title>TRANE amplia su gama de enfriadoras, bombas de calor y rooftops - Actecir<\/title>\n<meta name=\"robots\" content=\"index, follow, max-snippet:-1, max-image-preview:large, max-video-preview:-1\" \/>\n<link rel=\"canonical\" href=\"https:\/\/www.actecir.cat\/es\/trane-amplia-su-gama-de-enfriadoras-bombas-de-calor-y-rooftops\/\" \/>\n<meta property=\"og:locale\" content=\"es_ES\" \/>\n<meta property=\"og:type\" content=\"article\" \/>\n<meta property=\"og:title\" content=\"TRANE amplia su gama de enfriadoras, bombas de calor y rooftops - Actecir\" \/>\n<meta property=\"og:description\" content=\"Ampliaci\u00f3n Gama TRANE\" \/>\n<meta property=\"og:url\" content=\"https:\/\/www.actecir.cat\/es\/trane-amplia-su-gama-de-enfriadoras-bombas-de-calor-y-rooftops\/\" \/>\n<meta property=\"og:site_name\" content=\"Actecir\" \/>\n<meta property=\"article:published_time\" content=\"2021-06-26T14:54:00+00:00\" \/>\n<meta property=\"article:modified_time\" content=\"2023-04-27T15:02:31+00:00\" \/>\n<meta property=\"og:image\" content=\"https:\/\/www.actecir.cat\/wp-content\/uploads\/2023\/04\/trane.png\" \/>\n\t<meta property=\"og:image:width\" content=\"600\" \/>\n\t<meta property=\"og:image:height\" content=\"400\" \/>\n\t<meta property=\"og:image:type\" content=\"image\/png\" \/>\n<meta name=\"author\" content=\"Soporte web\" \/>\n<meta name=\"twitter:card\" content=\"summary_large_image\" \/>\n<meta name=\"twitter:creator\" content=\"@actecir\" \/>\n<meta name=\"twitter:site\" content=\"@actecir\" \/>\n<meta name=\"twitter:label1\" content=\"Escrito por\" \/>\n\t<meta name=\"twitter:data1\" content=\"Soporte web\" \/>\n\t<meta name=\"twitter:label2\" content=\"Tiempo de lectura\" \/>\n\t<meta name=\"twitter:data2\" content=\"1 minuto\" \/>\n<script type=\"application\/ld+json\" class=\"yoast-schema-graph\">{\"@context\":\"https:\/\/schema.org\",\"@graph\":[{\"@type\":\"Article\",\"@id\":\"https:\/\/www.actecir.cat\/es\/trane-amplia-su-gama-de-enfriadoras-bombas-de-calor-y-rooftops\/#article\",\"isPartOf\":{\"@id\":\"https:\/\/www.actecir.cat\/es\/trane-amplia-su-gama-de-enfriadoras-bombas-de-calor-y-rooftops\/\"},\"author\":{\"name\":\"Soporte web\",\"@id\":\"https:\/\/www.actecir.cat\/#\/schema\/person\/42edd02f0b1d55e19444428c5d321413\"},\"headline\":\"TRANE amplia su gama de enfriadoras, bombas de calor y rooftops\",\"datePublished\":\"2021-06-26T14:54:00+00:00\",\"dateModified\":\"2023-04-27T15:02:31+00:00\",\"mainEntityOfPage\":{\"@id\":\"https:\/\/www.actecir.cat\/es\/trane-amplia-su-gama-de-enfriadoras-bombas-de-calor-y-rooftops\/\"},\"wordCount\":172,\"commentCount\":0,\"publisher\":{\"@id\":\"https:\/\/www.actecir.cat\/#organization\"},\"image\":{\"@id\":\"https:\/\/www.actecir.cat\/es\/trane-amplia-su-gama-de-enfriadoras-bombas-de-calor-y-rooftops\/#primaryimage\"},\"thumbnailUrl\":\"https:\/\/www.actecir.cat\/wp-content\/uploads\/2023\/04\/trane.png\",\"articleSection\":[\"Destacamos\"],\"inLanguage\":\"es\",\"potentialAction\":[{\"@type\":\"CommentAction\",\"name\":\"Comment\",\"target\":[\"https:\/\/www.actecir.cat\/es\/trane-amplia-su-gama-de-enfriadoras-bombas-de-calor-y-rooftops\/#respond\"]}]},{\"@type\":\"WebPage\",\"@id\":\"https:\/\/www.actecir.cat\/es\/trane-amplia-su-gama-de-enfriadoras-bombas-de-calor-y-rooftops\/\",\"url\":\"https:\/\/www.actecir.cat\/es\/trane-amplia-su-gama-de-enfriadoras-bombas-de-calor-y-rooftops\/\",\"name\":\"TRANE amplia su gama de enfriadoras, bombas de calor y rooftops - Actecir\",\"isPartOf\":{\"@id\":\"https:\/\/www.actecir.cat\/#website\"},\"primaryImageOfPage\":{\"@id\":\"https:\/\/www.actecir.cat\/es\/trane-amplia-su-gama-de-enfriadoras-bombas-de-calor-y-rooftops\/#primaryimage\"},\"image\":{\"@id\":\"https:\/\/www.actecir.cat\/es\/trane-amplia-su-gama-de-enfriadoras-bombas-de-calor-y-rooftops\/#primaryimage\"},\"thumbnailUrl\":\"https:\/\/www.actecir.cat\/wp-content\/uploads\/2023\/04\/trane.png\",\"datePublished\":\"2021-06-26T14:54:00+00:00\",\"dateModified\":\"2023-04-27T15:02:31+00:00\",\"breadcrumb\":{\"@id\":\"https:\/\/www.actecir.cat\/es\/trane-amplia-su-gama-de-enfriadoras-bombas-de-calor-y-rooftops\/#breadcrumb\"},\"inLanguage\":\"es\",\"potentialAction\":[{\"@type\":\"ReadAction\",\"target\":[\"https:\/\/www.actecir.cat\/es\/trane-amplia-su-gama-de-enfriadoras-bombas-de-calor-y-rooftops\/\"]}]},{\"@type\":\"ImageObject\",\"inLanguage\":\"es\",\"@id\":\"https:\/\/www.actecir.cat\/es\/trane-amplia-su-gama-de-enfriadoras-bombas-de-calor-y-rooftops\/#primaryimage\",\"url\":\"https:\/\/www.actecir.cat\/wp-content\/uploads\/2023\/04\/trane.png\",\"contentUrl\":\"https:\/\/www.actecir.cat\/wp-content\/uploads\/2023\/04\/trane.png\",\"width\":600,\"height\":400},{\"@type\":\"BreadcrumbList\",\"@id\":\"https:\/\/www.actecir.cat\/es\/trane-amplia-su-gama-de-enfriadoras-bombas-de-calor-y-rooftops\/#breadcrumb\",\"itemListElement\":[{\"@type\":\"ListItem\",\"position\":1,\"name\":\"Inici\",\"item\":\"https:\/\/www.actecir.cat\/es\/\"},{\"@type\":\"ListItem\",\"position\":2,\"name\":\"TRANE amplia su gama de enfriadoras, bombas de calor y rooftops\"}]},{\"@type\":\"WebSite\",\"@id\":\"https:\/\/www.actecir.cat\/#website\",\"url\":\"https:\/\/www.actecir.cat\/\",\"name\":\"Actecir\",\"description\":\"Associaci\u00f3 Catalana de T\u00e8cnics en Energia, Climatitzaci\u00f3 i Refrigeraci\u00f3\",\"publisher\":{\"@id\":\"https:\/\/www.actecir.cat\/#organization\"},\"potentialAction\":[{\"@type\":\"SearchAction\",\"target\":{\"@type\":\"EntryPoint\",\"urlTemplate\":\"https:\/\/www.actecir.cat\/?s={search_term_string}\"},\"query-input\":{\"@type\":\"PropertyValueSpecification\",\"valueRequired\":true,\"valueName\":\"search_term_string\"}}],\"inLanguage\":\"es\"},{\"@type\":\"Organization\",\"@id\":\"https:\/\/www.actecir.cat\/#organization\",\"name\":\"Actecir\",\"url\":\"https:\/\/www.actecir.cat\/\",\"logo\":{\"@type\":\"ImageObject\",\"inLanguage\":\"es\",\"@id\":\"https:\/\/www.actecir.cat\/#\/schema\/logo\/image\/\",\"url\":\"https:\/\/www.actecir.cat\/wp-content\/uploads\/2023\/04\/cropped-logo_actecir_60_alto.png\",\"contentUrl\":\"https:\/\/www.actecir.cat\/wp-content\/uploads\/2023\/04\/cropped-logo_actecir_60_alto.png\",\"width\":283,\"height\":80,\"caption\":\"Actecir\"},\"image\":{\"@id\":\"https:\/\/www.actecir.cat\/#\/schema\/logo\/image\/\"},\"sameAs\":[\"https:\/\/x.com\/actecir\",\"https:\/\/www.linkedin.com\/company\/actecir\"]},{\"@type\":\"Person\",\"@id\":\"https:\/\/www.actecir.cat\/#\/schema\/person\/42edd02f0b1d55e19444428c5d321413\",\"name\":\"Soporte web\",\"sameAs\":[\"https:\/\/www.actecir.cat\"],\"url\":\"https:\/\/www.actecir.cat\/es\/author\/maensystems\/\"}]}<\/script>\n<!-- \/ Yoast SEO plugin. -->","yoast_head_json":{"title":"TRANE amplia su gama de enfriadoras, bombas de calor y rooftops - Actecir","robots":{"index":"index","follow":"follow","max-snippet":"max-snippet:-1","max-image-preview":"max-image-preview:large","max-video-preview":"max-video-preview:-1"},"canonical":"https:\/\/www.actecir.cat\/es\/trane-amplia-su-gama-de-enfriadoras-bombas-de-calor-y-rooftops\/","og_locale":"es_ES","og_type":"article","og_title":"TRANE amplia su gama de enfriadoras, bombas de calor y rooftops - Actecir","og_description":"Ampliaci\u00f3n Gama TRANE","og_url":"https:\/\/www.actecir.cat\/es\/trane-amplia-su-gama-de-enfriadoras-bombas-de-calor-y-rooftops\/","og_site_name":"Actecir","article_published_time":"2021-06-26T14:54:00+00:00","article_modified_time":"2023-04-27T15:02:31+00:00","og_image":[{"width":600,"height":400,"url":"https:\/\/www.actecir.cat\/wp-content\/uploads\/2023\/04\/trane.png","type":"image\/png"}],"author":"Soporte web","twitter_card":"summary_large_image","twitter_creator":"@actecir","twitter_site":"@actecir","twitter_misc":{"Escrito por":"Soporte web","Tiempo de lectura":"1 minuto"},"schema":{"@context":"https:\/\/schema.org","@graph":[{"@type":"Article","@id":"https:\/\/www.actecir.cat\/es\/trane-amplia-su-gama-de-enfriadoras-bombas-de-calor-y-rooftops\/#article","isPartOf":{"@id":"https:\/\/www.actecir.cat\/es\/trane-amplia-su-gama-de-enfriadoras-bombas-de-calor-y-rooftops\/"},"author":{"name":"Soporte web","@id":"https:\/\/www.actecir.cat\/#\/schema\/person\/42edd02f0b1d55e19444428c5d321413"},"headline":"TRANE amplia su gama de enfriadoras, bombas de calor y rooftops","datePublished":"2021-06-26T14:54:00+00:00","dateModified":"2023-04-27T15:02:31+00:00","mainEntityOfPage":{"@id":"https:\/\/www.actecir.cat\/es\/trane-amplia-su-gama-de-enfriadoras-bombas-de-calor-y-rooftops\/"},"wordCount":172,"commentCount":0,"publisher":{"@id":"https:\/\/www.actecir.cat\/#organization"},"image":{"@id":"https:\/\/www.actecir.cat\/es\/trane-amplia-su-gama-de-enfriadoras-bombas-de-calor-y-rooftops\/#primaryimage"},"thumbnailUrl":"https:\/\/www.actecir.cat\/wp-content\/uploads\/2023\/04\/trane.png","articleSection":["Destacamos"],"inLanguage":"es","potentialAction":[{"@type":"CommentAction","name":"Comment","target":["https:\/\/www.actecir.cat\/es\/trane-amplia-su-gama-de-enfriadoras-bombas-de-calor-y-rooftops\/#respond"]}]},{"@type":"WebPage","@id":"https:\/\/www.actecir.cat\/es\/trane-amplia-su-gama-de-enfriadoras-bombas-de-calor-y-rooftops\/","url":"https:\/\/www.actecir.cat\/es\/trane-amplia-su-gama-de-enfriadoras-bombas-de-calor-y-rooftops\/","name":"TRANE amplia su gama de enfriadoras, bombas de calor y rooftops - Actecir","isPartOf":{"@id":"https:\/\/www.actecir.cat\/#website"},"primaryImageOfPage":{"@id":"https:\/\/www.actecir.cat\/es\/trane-amplia-su-gama-de-enfriadoras-bombas-de-calor-y-rooftops\/#primaryimage"},"image":{"@id":"https:\/\/www.actecir.cat\/es\/trane-amplia-su-gama-de-enfriadoras-bombas-de-calor-y-rooftops\/#primaryimage"},"thumbnailUrl":"https:\/\/www.actecir.cat\/wp-content\/uploads\/2023\/04\/trane.png","datePublished":"2021-06-26T14:54:00+00:00","dateModified":"2023-04-27T15:02:31+00:00","breadcrumb":{"@id":"https:\/\/www.actecir.cat\/es\/trane-amplia-su-gama-de-enfriadoras-bombas-de-calor-y-rooftops\/#breadcrumb"},"inLanguage":"es","potentialAction":[{"@type":"ReadAction","target":["https:\/\/www.actecir.cat\/es\/trane-amplia-su-gama-de-enfriadoras-bombas-de-calor-y-rooftops\/"]}]},{"@type":"ImageObject","inLanguage":"es","@id":"https:\/\/www.actecir.cat\/es\/trane-amplia-su-gama-de-enfriadoras-bombas-de-calor-y-rooftops\/#primaryimage","url":"https:\/\/www.actecir.cat\/wp-content\/uploads\/2023\/04\/trane.png","contentUrl":"https:\/\/www.actecir.cat\/wp-content\/uploads\/2023\/04\/trane.png","width":600,"height":400},{"@type":"BreadcrumbList","@id":"https:\/\/www.actecir.cat\/es\/trane-amplia-su-gama-de-enfriadoras-bombas-de-calor-y-rooftops\/#breadcrumb","itemListElement":[{"@type":"ListItem","position":1,"name":"Inici","item":"https:\/\/www.actecir.cat\/es\/"},{"@type":"ListItem","position":2,"name":"TRANE amplia su gama de enfriadoras, bombas de calor y rooftops"}]},{"@type":"WebSite","@id":"https:\/\/www.actecir.cat\/#website","url":"https:\/\/www.actecir.cat\/","name":"Actecir","description":"Associaci\u00f3 Catalana de T\u00e8cnics en Energia, Climatitzaci\u00f3 i Refrigeraci\u00f3","publisher":{"@id":"https:\/\/www.actecir.cat\/#organization"},"potentialAction":[{"@type":"SearchAction","target":{"@type":"EntryPoint","urlTemplate":"https:\/\/www.actecir.cat\/?s={search_term_string}"},"query-input":{"@type":"PropertyValueSpecification","valueRequired":true,"valueName":"search_term_string"}}],"inLanguage":"es"},{"@type":"Organization","@id":"https:\/\/www.actecir.cat\/#organization","name":"Actecir","url":"https:\/\/www.actecir.cat\/","logo":{"@type":"ImageObject","inLanguage":"es","@id":"https:\/\/www.actecir.cat\/#\/schema\/logo\/image\/","url":"https:\/\/www.actecir.cat\/wp-content\/uploads\/2023\/04\/cropped-logo_actecir_60_alto.png","contentUrl":"https:\/\/www.actecir.cat\/wp-content\/uploads\/2023\/04\/cropped-logo_actecir_60_alto.png","width":283,"height":80,"caption":"Actecir"},"image":{"@id":"https:\/\/www.actecir.cat\/#\/schema\/logo\/image\/"},"sameAs":["https:\/\/x.com\/actecir","https:\/\/www.linkedin.com\/company\/actecir"]},{"@type":"Person","@id":"https:\/\/www.actecir.cat\/#\/schema\/person\/42edd02f0b1d55e19444428c5d321413","name":"Soporte web","sameAs":["https:\/\/www.actecir.cat"],"url":"https:\/\/www.actecir.cat\/es\/author\/maensystems\/"}]}},"_links":{"self":[{"href":"https:\/\/www.actecir.cat\/es\/wp-json\/wp\/v2\/posts\/3567","targetHints":{"allow":["GET"]}}],"collection":[{"href":"https:\/\/www.actecir.cat\/es\/wp-json\/wp\/v2\/posts"}],"about":[{"href":"https:\/\/www.actecir.cat\/es\/wp-json\/wp\/v2\/types\/post"}],"author":[{"embeddable":true,"href":"https:\/\/www.actecir.cat\/es\/wp-json\/wp\/v2\/users\/1"}],"replies":[{"embeddable":true,"href":"https:\/\/www.actecir.cat\/es\/wp-json\/wp\/v2\/comments?post=3567"}],"version-history":[{"count":1,"href":"https:\/\/www.actecir.cat\/es\/wp-json\/wp\/v2\/posts\/3567\/revisions"}],"predecessor-version":[{"id":3568,"href":"https:\/\/www.actecir.cat\/es\/wp-json\/wp\/v2\/posts\/3567\/revisions\/3568"}],"wp:featuredmedia":[{"embeddable":true,"href":"https:\/\/www.actecir.cat\/es\/wp-json\/wp\/v2\/media\/3565"}],"wp:attachment":[{"href":"https:\/\/www.actecir.cat\/es\/wp-json\/wp\/v2\/media?parent=3567"}],"wp:term":[{"taxonomy":"category","embeddable":true,"href":"https:\/\/www.actecir.cat\/es\/wp-json\/wp\/v2\/categories?post=3567"},{"taxonomy":"post_tag","embeddable":true,"href":"https:\/\/www.actecir.cat\/es\/wp-json\/wp\/v2\/tags?post=3567"}],"curies":[{"name":"wp","href":"https:\/\/api.w.org\/{rel}","templated":true}]}}