{"id":3602,"date":"2021-05-14T15:21:00","date_gmt":"2021-05-14T13:21:00","guid":{"rendered":"https:\/\/www.actecir.cat\/?p=3602"},"modified":"2023-07-07T16:00:08","modified_gmt":"2023-07-07T14:00:08","slug":"entrevista-gaspar-martin-director-tecnico-de-groupe-atlantic-en-el-tv-studio-rebuild","status":"publish","type":"post","link":"https:\/\/www.actecir.cat\/es\/entrevista-gaspar-martin-director-tecnico-de-groupe-atlantic-en-el-tv-studio-rebuild\/","title":{"rendered":"Entrevista Gaspar Martin, Director T\u00e9cnico de Groupe Atlantic, en el TV Studio Rebuild"},"content":{"rendered":"\n<p>Entrevista Gaspar Mart\u00edn<\/p>\n\n\n\n<p>Entrevista Gaspar Martin, Director T\u00e9cnico de Groupe Atlantic<\/p>\n\n\n\n<p><strong><a href=\"https:\/\/www.youtube.com\/channel\/UCkMdgTwdyT0N2DjwyLEM-IA\/featured?cbrd=1&amp;ucbcb=1\" target=\"_blank\" rel=\"noreferrer noopener\">Link entrevista<\/a><\/strong><\/p>\n","protected":false},"excerpt":{"rendered":"<p>Entrevista Gaspar Mart\u00edn<\/p>\n","protected":false},"author":1,"featured_media":3600,"comment_status":"open","ping_status":"open","sticky":false,"template":"","format":"standard","meta":{"footnotes":""},"categories":[23],"tags":[],"class_list":["post-3602","post","type-post","status-publish","format-standard","has-post-thumbnail","hentry","category-destacamos"],"yoast_head":"<!-- This site is optimized with the Yoast SEO plugin v27.2 - https:\/\/yoast.com\/product\/yoast-seo-wordpress\/ -->\n<title>Entrevista Gaspar Martin, Director T\u00e9cnico de Groupe Atlantic, en el TV Studio Rebuild - Actecir<\/title>\n<meta name=\"robots\" content=\"index, follow, max-snippet:-1, max-image-preview:large, max-video-preview:-1\" \/>\n<link rel=\"canonical\" href=\"https:\/\/www.actecir.cat\/es\/entrevista-gaspar-martin-director-tecnico-de-groupe-atlantic-en-el-tv-studio-rebuild\/\" \/>\n<meta property=\"og:locale\" content=\"es_ES\" \/>\n<meta property=\"og:type\" content=\"article\" \/>\n<meta property=\"og:title\" content=\"Entrevista Gaspar Martin, Director T\u00e9cnico de Groupe Atlantic, en el TV Studio Rebuild - Actecir\" \/>\n<meta property=\"og:description\" content=\"Entrevista Gaspar Mart\u00edn\" \/>\n<meta property=\"og:url\" content=\"https:\/\/www.actecir.cat\/es\/entrevista-gaspar-martin-director-tecnico-de-groupe-atlantic-en-el-tv-studio-rebuild\/\" \/>\n<meta property=\"og:site_name\" content=\"Actecir\" \/>\n<meta property=\"article:published_time\" content=\"2021-05-14T13:21:00+00:00\" \/>\n<meta property=\"article:modified_time\" content=\"2023-07-07T14:00:08+00:00\" \/>\n<meta property=\"og:image\" content=\"https:\/\/www.actecir.cat\/wp-content\/uploads\/2023\/04\/entrevista_gaspar.jpg\" \/>\n\t<meta property=\"og:image:width\" content=\"600\" \/>\n\t<meta property=\"og:image:height\" content=\"400\" \/>\n\t<meta property=\"og:image:type\" content=\"image\/jpeg\" \/>\n<meta name=\"author\" content=\"Soporte web\" \/>\n<meta name=\"twitter:card\" content=\"summary_large_image\" \/>\n<meta name=\"twitter:creator\" content=\"@actecir\" \/>\n<meta name=\"twitter:site\" content=\"@actecir\" \/>\n<meta name=\"twitter:label1\" content=\"Escrito por\" \/>\n\t<meta name=\"twitter:data1\" content=\"Soporte web\" \/>\n<script type=\"application\/ld+json\" class=\"yoast-schema-graph\">{\"@context\":\"https:\/\/schema.org\",\"@graph\":[{\"@type\":\"Article\",\"@id\":\"https:\/\/www.actecir.cat\/es\/entrevista-gaspar-martin-director-tecnico-de-groupe-atlantic-en-el-tv-studio-rebuild\/#article\",\"isPartOf\":{\"@id\":\"https:\/\/www.actecir.cat\/es\/entrevista-gaspar-martin-director-tecnico-de-groupe-atlantic-en-el-tv-studio-rebuild\/\"},\"author\":{\"name\":\"Soporte web\",\"@id\":\"https:\/\/www.actecir.cat\/#\/schema\/person\/42edd02f0b1d55e19444428c5d321413\"},\"headline\":\"Entrevista Gaspar Martin, Director T\u00e9cnico de Groupe Atlantic, en el TV Studio Rebuild\",\"datePublished\":\"2021-05-14T13:21:00+00:00\",\"dateModified\":\"2023-07-07T14:00:08+00:00\",\"mainEntityOfPage\":{\"@id\":\"https:\/\/www.actecir.cat\/es\/entrevista-gaspar-martin-director-tecnico-de-groupe-atlantic-en-el-tv-studio-rebuild\/\"},\"wordCount\":29,\"commentCount\":0,\"publisher\":{\"@id\":\"https:\/\/www.actecir.cat\/#organization\"},\"image\":{\"@id\":\"https:\/\/www.actecir.cat\/es\/entrevista-gaspar-martin-director-tecnico-de-groupe-atlantic-en-el-tv-studio-rebuild\/#primaryimage\"},\"thumbnailUrl\":\"https:\/\/www.actecir.cat\/wp-content\/uploads\/2023\/04\/entrevista_gaspar.jpg\",\"articleSection\":[\"Destacamos\"],\"inLanguage\":\"es\",\"potentialAction\":[{\"@type\":\"CommentAction\",\"name\":\"Comment\",\"target\":[\"https:\/\/www.actecir.cat\/es\/entrevista-gaspar-martin-director-tecnico-de-groupe-atlantic-en-el-tv-studio-rebuild\/#respond\"]}]},{\"@type\":\"WebPage\",\"@id\":\"https:\/\/www.actecir.cat\/es\/entrevista-gaspar-martin-director-tecnico-de-groupe-atlantic-en-el-tv-studio-rebuild\/\",\"url\":\"https:\/\/www.actecir.cat\/es\/entrevista-gaspar-martin-director-tecnico-de-groupe-atlantic-en-el-tv-studio-rebuild\/\",\"name\":\"Entrevista Gaspar Martin, Director T\u00e9cnico de Groupe Atlantic, en el TV Studio Rebuild - Actecir\",\"isPartOf\":{\"@id\":\"https:\/\/www.actecir.cat\/#website\"},\"primaryImageOfPage\":{\"@id\":\"https:\/\/www.actecir.cat\/es\/entrevista-gaspar-martin-director-tecnico-de-groupe-atlantic-en-el-tv-studio-rebuild\/#primaryimage\"},\"image\":{\"@id\":\"https:\/\/www.actecir.cat\/es\/entrevista-gaspar-martin-director-tecnico-de-groupe-atlantic-en-el-tv-studio-rebuild\/#primaryimage\"},\"thumbnailUrl\":\"https:\/\/www.actecir.cat\/wp-content\/uploads\/2023\/04\/entrevista_gaspar.jpg\",\"datePublished\":\"2021-05-14T13:21:00+00:00\",\"dateModified\":\"2023-07-07T14:00:08+00:00\",\"breadcrumb\":{\"@id\":\"https:\/\/www.actecir.cat\/es\/entrevista-gaspar-martin-director-tecnico-de-groupe-atlantic-en-el-tv-studio-rebuild\/#breadcrumb\"},\"inLanguage\":\"es\",\"potentialAction\":[{\"@type\":\"ReadAction\",\"target\":[\"https:\/\/www.actecir.cat\/es\/entrevista-gaspar-martin-director-tecnico-de-groupe-atlantic-en-el-tv-studio-rebuild\/\"]}]},{\"@type\":\"ImageObject\",\"inLanguage\":\"es\",\"@id\":\"https:\/\/www.actecir.cat\/es\/entrevista-gaspar-martin-director-tecnico-de-groupe-atlantic-en-el-tv-studio-rebuild\/#primaryimage\",\"url\":\"https:\/\/www.actecir.cat\/wp-content\/uploads\/2023\/04\/entrevista_gaspar.jpg\",\"contentUrl\":\"https:\/\/www.actecir.cat\/wp-content\/uploads\/2023\/04\/entrevista_gaspar.jpg\",\"width\":600,\"height\":400},{\"@type\":\"BreadcrumbList\",\"@id\":\"https:\/\/www.actecir.cat\/es\/entrevista-gaspar-martin-director-tecnico-de-groupe-atlantic-en-el-tv-studio-rebuild\/#breadcrumb\",\"itemListElement\":[{\"@type\":\"ListItem\",\"position\":1,\"name\":\"Inici\",\"item\":\"https:\/\/www.actecir.cat\/es\/\"},{\"@type\":\"ListItem\",\"position\":2,\"name\":\"Entrevista Gaspar Martin, Director T\u00e9cnico de Groupe Atlantic, en el TV Studio Rebuild\"}]},{\"@type\":\"WebSite\",\"@id\":\"https:\/\/www.actecir.cat\/#website\",\"url\":\"https:\/\/www.actecir.cat\/\",\"name\":\"Actecir\",\"description\":\"Associaci\u00f3 Catalana de T\u00e8cnics en Energia, Climatitzaci\u00f3 i Refrigeraci\u00f3\",\"publisher\":{\"@id\":\"https:\/\/www.actecir.cat\/#organization\"},\"potentialAction\":[{\"@type\":\"SearchAction\",\"target\":{\"@type\":\"EntryPoint\",\"urlTemplate\":\"https:\/\/www.actecir.cat\/?s={search_term_string}\"},\"query-input\":{\"@type\":\"PropertyValueSpecification\",\"valueRequired\":true,\"valueName\":\"search_term_string\"}}],\"inLanguage\":\"es\"},{\"@type\":\"Organization\",\"@id\":\"https:\/\/www.actecir.cat\/#organization\",\"name\":\"Actecir\",\"url\":\"https:\/\/www.actecir.cat\/\",\"logo\":{\"@type\":\"ImageObject\",\"inLanguage\":\"es\",\"@id\":\"https:\/\/www.actecir.cat\/#\/schema\/logo\/image\/\",\"url\":\"https:\/\/www.actecir.cat\/wp-content\/uploads\/2023\/04\/cropped-logo_actecir_60_alto.png\",\"contentUrl\":\"https:\/\/www.actecir.cat\/wp-content\/uploads\/2023\/04\/cropped-logo_actecir_60_alto.png\",\"width\":283,\"height\":80,\"caption\":\"Actecir\"},\"image\":{\"@id\":\"https:\/\/www.actecir.cat\/#\/schema\/logo\/image\/\"},\"sameAs\":[\"https:\/\/x.com\/actecir\",\"https:\/\/www.linkedin.com\/company\/actecir\"]},{\"@type\":\"Person\",\"@id\":\"https:\/\/www.actecir.cat\/#\/schema\/person\/42edd02f0b1d55e19444428c5d321413\",\"name\":\"Soporte web\",\"sameAs\":[\"https:\/\/www.actecir.cat\"],\"url\":\"https:\/\/www.actecir.cat\/es\/author\/maensystems\/\"}]}<\/script>\n<!-- \/ Yoast SEO plugin. -->","yoast_head_json":{"title":"Entrevista Gaspar Martin, Director T\u00e9cnico de Groupe Atlantic, en el TV Studio Rebuild - Actecir","robots":{"index":"index","follow":"follow","max-snippet":"max-snippet:-1","max-image-preview":"max-image-preview:large","max-video-preview":"max-video-preview:-1"},"canonical":"https:\/\/www.actecir.cat\/es\/entrevista-gaspar-martin-director-tecnico-de-groupe-atlantic-en-el-tv-studio-rebuild\/","og_locale":"es_ES","og_type":"article","og_title":"Entrevista Gaspar Martin, Director T\u00e9cnico de Groupe Atlantic, en el TV Studio Rebuild - Actecir","og_description":"Entrevista Gaspar Mart\u00edn","og_url":"https:\/\/www.actecir.cat\/es\/entrevista-gaspar-martin-director-tecnico-de-groupe-atlantic-en-el-tv-studio-rebuild\/","og_site_name":"Actecir","article_published_time":"2021-05-14T13:21:00+00:00","article_modified_time":"2023-07-07T14:00:08+00:00","og_image":[{"width":600,"height":400,"url":"https:\/\/www.actecir.cat\/wp-content\/uploads\/2023\/04\/entrevista_gaspar.jpg","type":"image\/jpeg"}],"author":"Soporte web","twitter_card":"summary_large_image","twitter_creator":"@actecir","twitter_site":"@actecir","twitter_misc":{"Escrito por":"Soporte web"},"schema":{"@context":"https:\/\/schema.org","@graph":[{"@type":"Article","@id":"https:\/\/www.actecir.cat\/es\/entrevista-gaspar-martin-director-tecnico-de-groupe-atlantic-en-el-tv-studio-rebuild\/#article","isPartOf":{"@id":"https:\/\/www.actecir.cat\/es\/entrevista-gaspar-martin-director-tecnico-de-groupe-atlantic-en-el-tv-studio-rebuild\/"},"author":{"name":"Soporte web","@id":"https:\/\/www.actecir.cat\/#\/schema\/person\/42edd02f0b1d55e19444428c5d321413"},"headline":"Entrevista Gaspar Martin, Director T\u00e9cnico de Groupe Atlantic, en el TV Studio Rebuild","datePublished":"2021-05-14T13:21:00+00:00","dateModified":"2023-07-07T14:00:08+00:00","mainEntityOfPage":{"@id":"https:\/\/www.actecir.cat\/es\/entrevista-gaspar-martin-director-tecnico-de-groupe-atlantic-en-el-tv-studio-rebuild\/"},"wordCount":29,"commentCount":0,"publisher":{"@id":"https:\/\/www.actecir.cat\/#organization"},"image":{"@id":"https:\/\/www.actecir.cat\/es\/entrevista-gaspar-martin-director-tecnico-de-groupe-atlantic-en-el-tv-studio-rebuild\/#primaryimage"},"thumbnailUrl":"https:\/\/www.actecir.cat\/wp-content\/uploads\/2023\/04\/entrevista_gaspar.jpg","articleSection":["Destacamos"],"inLanguage":"es","potentialAction":[{"@type":"CommentAction","name":"Comment","target":["https:\/\/www.actecir.cat\/es\/entrevista-gaspar-martin-director-tecnico-de-groupe-atlantic-en-el-tv-studio-rebuild\/#respond"]}]},{"@type":"WebPage","@id":"https:\/\/www.actecir.cat\/es\/entrevista-gaspar-martin-director-tecnico-de-groupe-atlantic-en-el-tv-studio-rebuild\/","url":"https:\/\/www.actecir.cat\/es\/entrevista-gaspar-martin-director-tecnico-de-groupe-atlantic-en-el-tv-studio-rebuild\/","name":"Entrevista Gaspar Martin, Director T\u00e9cnico de Groupe Atlantic, en el TV Studio Rebuild - Actecir","isPartOf":{"@id":"https:\/\/www.actecir.cat\/#website"},"primaryImageOfPage":{"@id":"https:\/\/www.actecir.cat\/es\/entrevista-gaspar-martin-director-tecnico-de-groupe-atlantic-en-el-tv-studio-rebuild\/#primaryimage"},"image":{"@id":"https:\/\/www.actecir.cat\/es\/entrevista-gaspar-martin-director-tecnico-de-groupe-atlantic-en-el-tv-studio-rebuild\/#primaryimage"},"thumbnailUrl":"https:\/\/www.actecir.cat\/wp-content\/uploads\/2023\/04\/entrevista_gaspar.jpg","datePublished":"2021-05-14T13:21:00+00:00","dateModified":"2023-07-07T14:00:08+00:00","breadcrumb":{"@id":"https:\/\/www.actecir.cat\/es\/entrevista-gaspar-martin-director-tecnico-de-groupe-atlantic-en-el-tv-studio-rebuild\/#breadcrumb"},"inLanguage":"es","potentialAction":[{"@type":"ReadAction","target":["https:\/\/www.actecir.cat\/es\/entrevista-gaspar-martin-director-tecnico-de-groupe-atlantic-en-el-tv-studio-rebuild\/"]}]},{"@type":"ImageObject","inLanguage":"es","@id":"https:\/\/www.actecir.cat\/es\/entrevista-gaspar-martin-director-tecnico-de-groupe-atlantic-en-el-tv-studio-rebuild\/#primaryimage","url":"https:\/\/www.actecir.cat\/wp-content\/uploads\/2023\/04\/entrevista_gaspar.jpg","contentUrl":"https:\/\/www.actecir.cat\/wp-content\/uploads\/2023\/04\/entrevista_gaspar.jpg","width":600,"height":400},{"@type":"BreadcrumbList","@id":"https:\/\/www.actecir.cat\/es\/entrevista-gaspar-martin-director-tecnico-de-groupe-atlantic-en-el-tv-studio-rebuild\/#breadcrumb","itemListElement":[{"@type":"ListItem","position":1,"name":"Inici","item":"https:\/\/www.actecir.cat\/es\/"},{"@type":"ListItem","position":2,"name":"Entrevista Gaspar Martin, Director T\u00e9cnico de Groupe Atlantic, en el TV Studio Rebuild"}]},{"@type":"WebSite","@id":"https:\/\/www.actecir.cat\/#website","url":"https:\/\/www.actecir.cat\/","name":"Actecir","description":"Associaci\u00f3 Catalana de T\u00e8cnics en Energia, Climatitzaci\u00f3 i Refrigeraci\u00f3","publisher":{"@id":"https:\/\/www.actecir.cat\/#organization"},"potentialAction":[{"@type":"SearchAction","target":{"@type":"EntryPoint","urlTemplate":"https:\/\/www.actecir.cat\/?s={search_term_string}"},"query-input":{"@type":"PropertyValueSpecification","valueRequired":true,"valueName":"search_term_string"}}],"inLanguage":"es"},{"@type":"Organization","@id":"https:\/\/www.actecir.cat\/#organization","name":"Actecir","url":"https:\/\/www.actecir.cat\/","logo":{"@type":"ImageObject","inLanguage":"es","@id":"https:\/\/www.actecir.cat\/#\/schema\/logo\/image\/","url":"https:\/\/www.actecir.cat\/wp-content\/uploads\/2023\/04\/cropped-logo_actecir_60_alto.png","contentUrl":"https:\/\/www.actecir.cat\/wp-content\/uploads\/2023\/04\/cropped-logo_actecir_60_alto.png","width":283,"height":80,"caption":"Actecir"},"image":{"@id":"https:\/\/www.actecir.cat\/#\/schema\/logo\/image\/"},"sameAs":["https:\/\/x.com\/actecir","https:\/\/www.linkedin.com\/company\/actecir"]},{"@type":"Person","@id":"https:\/\/www.actecir.cat\/#\/schema\/person\/42edd02f0b1d55e19444428c5d321413","name":"Soporte web","sameAs":["https:\/\/www.actecir.cat"],"url":"https:\/\/www.actecir.cat\/es\/author\/maensystems\/"}]}},"_links":{"self":[{"href":"https:\/\/www.actecir.cat\/es\/wp-json\/wp\/v2\/posts\/3602","targetHints":{"allow":["GET"]}}],"collection":[{"href":"https:\/\/www.actecir.cat\/es\/wp-json\/wp\/v2\/posts"}],"about":[{"href":"https:\/\/www.actecir.cat\/es\/wp-json\/wp\/v2\/types\/post"}],"author":[{"embeddable":true,"href":"https:\/\/www.actecir.cat\/es\/wp-json\/wp\/v2\/users\/1"}],"replies":[{"embeddable":true,"href":"https:\/\/www.actecir.cat\/es\/wp-json\/wp\/v2\/comments?post=3602"}],"version-history":[{"count":2,"href":"https:\/\/www.actecir.cat\/es\/wp-json\/wp\/v2\/posts\/3602\/revisions"}],"predecessor-version":[{"id":11424,"href":"https:\/\/www.actecir.cat\/es\/wp-json\/wp\/v2\/posts\/3602\/revisions\/11424"}],"wp:featuredmedia":[{"embeddable":true,"href":"https:\/\/www.actecir.cat\/es\/wp-json\/wp\/v2\/media\/3600"}],"wp:attachment":[{"href":"https:\/\/www.actecir.cat\/es\/wp-json\/wp\/v2\/media?parent=3602"}],"wp:term":[{"taxonomy":"category","embeddable":true,"href":"https:\/\/www.actecir.cat\/es\/wp-json\/wp\/v2\/categories?post=3602"},{"taxonomy":"post_tag","embeddable":true,"href":"https:\/\/www.actecir.cat\/es\/wp-json\/wp\/v2\/tags?post=3602"}],"curies":[{"name":"wp","href":"https:\/\/api.w.org\/{rel}","templated":true}]}}