{"id":3655,"date":"2021-03-15T15:51:00","date_gmt":"2021-03-15T14:51:00","guid":{"rendered":"https:\/\/www.actecir.cat\/?p=3655"},"modified":"2023-07-07T12:43:46","modified_gmt":"2023-07-07T10:43:46","slug":"webinar-testo-principios-basicos-de-termografia-con-la-camara-testo-883","status":"publish","type":"post","link":"https:\/\/www.actecir.cat\/es\/webinar-testo-principios-basicos-de-termografia-con-la-camara-testo-883\/","title":{"rendered":"Webinar TESTO: Principios b\u00e1sicos de termograf\u00eda con la c\u00e1mara testo 883"},"content":{"rendered":"\n<p>Fecha: 6 de abril a las 16:00 horas<\/p>\n\n\n\n<p><strong>Haz click en la imagen para acceder formulario de la webinar:<\/strong><\/p>\n\n\n\n<figure class=\"wp-block-image size-large\"><img fetchpriority=\"high\" decoding=\"async\" width=\"1024\" height=\"576\" src=\"https:\/\/www.actecir.cat\/wp-content\/uploads\/2023\/04\/maxresdefault-1024x576.jpg\" alt=\"\" class=\"wp-image-3653\" srcset=\"https:\/\/www.actecir.cat\/wp-content\/uploads\/2023\/04\/maxresdefault-1024x576.jpg 1024w, https:\/\/www.actecir.cat\/wp-content\/uploads\/2023\/04\/maxresdefault-300x169.jpg 300w, https:\/\/www.actecir.cat\/wp-content\/uploads\/2023\/04\/maxresdefault-768x432.jpg 768w, https:\/\/www.actecir.cat\/wp-content\/uploads\/2023\/04\/maxresdefault.jpg 1280w\" sizes=\"(max-width: 1024px) 100vw, 1024px\" \/><\/figure>\n","protected":false},"excerpt":{"rendered":"<p>Fecha: 6 de abril a las 16:00 horas<\/p>\n","protected":false},"author":1,"featured_media":3653,"comment_status":"open","ping_status":"open","sticky":false,"template":"","format":"standard","meta":{"footnotes":""},"categories":[23],"tags":[],"class_list":["post-3655","post","type-post","status-publish","format-standard","has-post-thumbnail","hentry","category-destacamos"],"yoast_head":"<!-- This site is optimized with the Yoast SEO plugin v27.2 - https:\/\/yoast.com\/product\/yoast-seo-wordpress\/ -->\n<title>Webinar TESTO: Principios b\u00e1sicos de termograf\u00eda con la c\u00e1mara testo 883 - Actecir<\/title>\n<meta name=\"robots\" content=\"index, follow, max-snippet:-1, max-image-preview:large, max-video-preview:-1\" \/>\n<link rel=\"canonical\" href=\"https:\/\/www.actecir.cat\/es\/webinar-testo-principios-basicos-de-termografia-con-la-camara-testo-883\/\" \/>\n<meta property=\"og:locale\" content=\"es_ES\" \/>\n<meta property=\"og:type\" content=\"article\" \/>\n<meta property=\"og:title\" content=\"Webinar TESTO: Principios b\u00e1sicos de termograf\u00eda con la c\u00e1mara testo 883 - Actecir\" \/>\n<meta property=\"og:description\" content=\"Fecha: 6 de abril a las 16:00 horas\" \/>\n<meta property=\"og:url\" content=\"https:\/\/www.actecir.cat\/es\/webinar-testo-principios-basicos-de-termografia-con-la-camara-testo-883\/\" \/>\n<meta property=\"og:site_name\" content=\"Actecir\" \/>\n<meta property=\"article:published_time\" content=\"2021-03-15T14:51:00+00:00\" \/>\n<meta property=\"article:modified_time\" content=\"2023-07-07T10:43:46+00:00\" \/>\n<meta property=\"og:image\" content=\"https:\/\/www.actecir.cat\/wp-content\/uploads\/2023\/04\/maxresdefault.jpg\" \/>\n\t<meta property=\"og:image:width\" content=\"1280\" \/>\n\t<meta property=\"og:image:height\" content=\"720\" \/>\n\t<meta property=\"og:image:type\" content=\"image\/jpeg\" \/>\n<meta name=\"author\" content=\"Soporte web\" \/>\n<meta name=\"twitter:card\" content=\"summary_large_image\" \/>\n<meta name=\"twitter:creator\" content=\"@actecir\" \/>\n<meta name=\"twitter:site\" content=\"@actecir\" \/>\n<meta name=\"twitter:label1\" content=\"Escrito por\" \/>\n\t<meta name=\"twitter:data1\" content=\"Soporte web\" \/>\n<script type=\"application\/ld+json\" class=\"yoast-schema-graph\">{\"@context\":\"https:\/\/schema.org\",\"@graph\":[{\"@type\":\"Article\",\"@id\":\"https:\/\/www.actecir.cat\/es\/webinar-testo-principios-basicos-de-termografia-con-la-camara-testo-883\/#article\",\"isPartOf\":{\"@id\":\"https:\/\/www.actecir.cat\/es\/webinar-testo-principios-basicos-de-termografia-con-la-camara-testo-883\/\"},\"author\":{\"name\":\"Soporte web\",\"@id\":\"https:\/\/www.actecir.cat\/#\/schema\/person\/42edd02f0b1d55e19444428c5d321413\"},\"headline\":\"Webinar TESTO: Principios b\u00e1sicos de termograf\u00eda con la c\u00e1mara testo 883\",\"datePublished\":\"2021-03-15T14:51:00+00:00\",\"dateModified\":\"2023-07-07T10:43:46+00:00\",\"mainEntityOfPage\":{\"@id\":\"https:\/\/www.actecir.cat\/es\/webinar-testo-principios-basicos-de-termografia-con-la-camara-testo-883\/\"},\"wordCount\":30,\"commentCount\":0,\"publisher\":{\"@id\":\"https:\/\/www.actecir.cat\/#organization\"},\"image\":{\"@id\":\"https:\/\/www.actecir.cat\/es\/webinar-testo-principios-basicos-de-termografia-con-la-camara-testo-883\/#primaryimage\"},\"thumbnailUrl\":\"https:\/\/www.actecir.cat\/wp-content\/uploads\/2023\/04\/maxresdefault.jpg\",\"articleSection\":[\"Destacamos\"],\"inLanguage\":\"es\",\"potentialAction\":[{\"@type\":\"CommentAction\",\"name\":\"Comment\",\"target\":[\"https:\/\/www.actecir.cat\/es\/webinar-testo-principios-basicos-de-termografia-con-la-camara-testo-883\/#respond\"]}]},{\"@type\":\"WebPage\",\"@id\":\"https:\/\/www.actecir.cat\/es\/webinar-testo-principios-basicos-de-termografia-con-la-camara-testo-883\/\",\"url\":\"https:\/\/www.actecir.cat\/es\/webinar-testo-principios-basicos-de-termografia-con-la-camara-testo-883\/\",\"name\":\"Webinar TESTO: Principios b\u00e1sicos de termograf\u00eda con la c\u00e1mara testo 883 - Actecir\",\"isPartOf\":{\"@id\":\"https:\/\/www.actecir.cat\/#website\"},\"primaryImageOfPage\":{\"@id\":\"https:\/\/www.actecir.cat\/es\/webinar-testo-principios-basicos-de-termografia-con-la-camara-testo-883\/#primaryimage\"},\"image\":{\"@id\":\"https:\/\/www.actecir.cat\/es\/webinar-testo-principios-basicos-de-termografia-con-la-camara-testo-883\/#primaryimage\"},\"thumbnailUrl\":\"https:\/\/www.actecir.cat\/wp-content\/uploads\/2023\/04\/maxresdefault.jpg\",\"datePublished\":\"2021-03-15T14:51:00+00:00\",\"dateModified\":\"2023-07-07T10:43:46+00:00\",\"breadcrumb\":{\"@id\":\"https:\/\/www.actecir.cat\/es\/webinar-testo-principios-basicos-de-termografia-con-la-camara-testo-883\/#breadcrumb\"},\"inLanguage\":\"es\",\"potentialAction\":[{\"@type\":\"ReadAction\",\"target\":[\"https:\/\/www.actecir.cat\/es\/webinar-testo-principios-basicos-de-termografia-con-la-camara-testo-883\/\"]}]},{\"@type\":\"ImageObject\",\"inLanguage\":\"es\",\"@id\":\"https:\/\/www.actecir.cat\/es\/webinar-testo-principios-basicos-de-termografia-con-la-camara-testo-883\/#primaryimage\",\"url\":\"https:\/\/www.actecir.cat\/wp-content\/uploads\/2023\/04\/maxresdefault.jpg\",\"contentUrl\":\"https:\/\/www.actecir.cat\/wp-content\/uploads\/2023\/04\/maxresdefault.jpg\",\"width\":1280,\"height\":720},{\"@type\":\"BreadcrumbList\",\"@id\":\"https:\/\/www.actecir.cat\/es\/webinar-testo-principios-basicos-de-termografia-con-la-camara-testo-883\/#breadcrumb\",\"itemListElement\":[{\"@type\":\"ListItem\",\"position\":1,\"name\":\"Inici\",\"item\":\"https:\/\/www.actecir.cat\/es\/\"},{\"@type\":\"ListItem\",\"position\":2,\"name\":\"Webinar TESTO: Principios b\u00e1sicos de termograf\u00eda con la c\u00e1mara testo 883\"}]},{\"@type\":\"WebSite\",\"@id\":\"https:\/\/www.actecir.cat\/#website\",\"url\":\"https:\/\/www.actecir.cat\/\",\"name\":\"Actecir\",\"description\":\"Associaci\u00f3 Catalana de T\u00e8cnics en Energia, Climatitzaci\u00f3 i Refrigeraci\u00f3\",\"publisher\":{\"@id\":\"https:\/\/www.actecir.cat\/#organization\"},\"potentialAction\":[{\"@type\":\"SearchAction\",\"target\":{\"@type\":\"EntryPoint\",\"urlTemplate\":\"https:\/\/www.actecir.cat\/?s={search_term_string}\"},\"query-input\":{\"@type\":\"PropertyValueSpecification\",\"valueRequired\":true,\"valueName\":\"search_term_string\"}}],\"inLanguage\":\"es\"},{\"@type\":\"Organization\",\"@id\":\"https:\/\/www.actecir.cat\/#organization\",\"name\":\"Actecir\",\"url\":\"https:\/\/www.actecir.cat\/\",\"logo\":{\"@type\":\"ImageObject\",\"inLanguage\":\"es\",\"@id\":\"https:\/\/www.actecir.cat\/#\/schema\/logo\/image\/\",\"url\":\"https:\/\/www.actecir.cat\/wp-content\/uploads\/2023\/04\/cropped-logo_actecir_60_alto.png\",\"contentUrl\":\"https:\/\/www.actecir.cat\/wp-content\/uploads\/2023\/04\/cropped-logo_actecir_60_alto.png\",\"width\":283,\"height\":80,\"caption\":\"Actecir\"},\"image\":{\"@id\":\"https:\/\/www.actecir.cat\/#\/schema\/logo\/image\/\"},\"sameAs\":[\"https:\/\/x.com\/actecir\",\"https:\/\/www.linkedin.com\/company\/actecir\"]},{\"@type\":\"Person\",\"@id\":\"https:\/\/www.actecir.cat\/#\/schema\/person\/42edd02f0b1d55e19444428c5d321413\",\"name\":\"Soporte web\",\"sameAs\":[\"https:\/\/www.actecir.cat\"],\"url\":\"https:\/\/www.actecir.cat\/es\/author\/maensystems\/\"}]}<\/script>\n<!-- \/ Yoast SEO plugin. -->","yoast_head_json":{"title":"Webinar TESTO: Principios b\u00e1sicos de termograf\u00eda con la c\u00e1mara testo 883 - Actecir","robots":{"index":"index","follow":"follow","max-snippet":"max-snippet:-1","max-image-preview":"max-image-preview:large","max-video-preview":"max-video-preview:-1"},"canonical":"https:\/\/www.actecir.cat\/es\/webinar-testo-principios-basicos-de-termografia-con-la-camara-testo-883\/","og_locale":"es_ES","og_type":"article","og_title":"Webinar TESTO: Principios b\u00e1sicos de termograf\u00eda con la c\u00e1mara testo 883 - Actecir","og_description":"Fecha: 6 de abril a las 16:00 horas","og_url":"https:\/\/www.actecir.cat\/es\/webinar-testo-principios-basicos-de-termografia-con-la-camara-testo-883\/","og_site_name":"Actecir","article_published_time":"2021-03-15T14:51:00+00:00","article_modified_time":"2023-07-07T10:43:46+00:00","og_image":[{"width":1280,"height":720,"url":"https:\/\/www.actecir.cat\/wp-content\/uploads\/2023\/04\/maxresdefault.jpg","type":"image\/jpeg"}],"author":"Soporte web","twitter_card":"summary_large_image","twitter_creator":"@actecir","twitter_site":"@actecir","twitter_misc":{"Escrito por":"Soporte web"},"schema":{"@context":"https:\/\/schema.org","@graph":[{"@type":"Article","@id":"https:\/\/www.actecir.cat\/es\/webinar-testo-principios-basicos-de-termografia-con-la-camara-testo-883\/#article","isPartOf":{"@id":"https:\/\/www.actecir.cat\/es\/webinar-testo-principios-basicos-de-termografia-con-la-camara-testo-883\/"},"author":{"name":"Soporte web","@id":"https:\/\/www.actecir.cat\/#\/schema\/person\/42edd02f0b1d55e19444428c5d321413"},"headline":"Webinar TESTO: Principios b\u00e1sicos de termograf\u00eda con la c\u00e1mara testo 883","datePublished":"2021-03-15T14:51:00+00:00","dateModified":"2023-07-07T10:43:46+00:00","mainEntityOfPage":{"@id":"https:\/\/www.actecir.cat\/es\/webinar-testo-principios-basicos-de-termografia-con-la-camara-testo-883\/"},"wordCount":30,"commentCount":0,"publisher":{"@id":"https:\/\/www.actecir.cat\/#organization"},"image":{"@id":"https:\/\/www.actecir.cat\/es\/webinar-testo-principios-basicos-de-termografia-con-la-camara-testo-883\/#primaryimage"},"thumbnailUrl":"https:\/\/www.actecir.cat\/wp-content\/uploads\/2023\/04\/maxresdefault.jpg","articleSection":["Destacamos"],"inLanguage":"es","potentialAction":[{"@type":"CommentAction","name":"Comment","target":["https:\/\/www.actecir.cat\/es\/webinar-testo-principios-basicos-de-termografia-con-la-camara-testo-883\/#respond"]}]},{"@type":"WebPage","@id":"https:\/\/www.actecir.cat\/es\/webinar-testo-principios-basicos-de-termografia-con-la-camara-testo-883\/","url":"https:\/\/www.actecir.cat\/es\/webinar-testo-principios-basicos-de-termografia-con-la-camara-testo-883\/","name":"Webinar TESTO: Principios b\u00e1sicos de termograf\u00eda con la c\u00e1mara testo 883 - Actecir","isPartOf":{"@id":"https:\/\/www.actecir.cat\/#website"},"primaryImageOfPage":{"@id":"https:\/\/www.actecir.cat\/es\/webinar-testo-principios-basicos-de-termografia-con-la-camara-testo-883\/#primaryimage"},"image":{"@id":"https:\/\/www.actecir.cat\/es\/webinar-testo-principios-basicos-de-termografia-con-la-camara-testo-883\/#primaryimage"},"thumbnailUrl":"https:\/\/www.actecir.cat\/wp-content\/uploads\/2023\/04\/maxresdefault.jpg","datePublished":"2021-03-15T14:51:00+00:00","dateModified":"2023-07-07T10:43:46+00:00","breadcrumb":{"@id":"https:\/\/www.actecir.cat\/es\/webinar-testo-principios-basicos-de-termografia-con-la-camara-testo-883\/#breadcrumb"},"inLanguage":"es","potentialAction":[{"@type":"ReadAction","target":["https:\/\/www.actecir.cat\/es\/webinar-testo-principios-basicos-de-termografia-con-la-camara-testo-883\/"]}]},{"@type":"ImageObject","inLanguage":"es","@id":"https:\/\/www.actecir.cat\/es\/webinar-testo-principios-basicos-de-termografia-con-la-camara-testo-883\/#primaryimage","url":"https:\/\/www.actecir.cat\/wp-content\/uploads\/2023\/04\/maxresdefault.jpg","contentUrl":"https:\/\/www.actecir.cat\/wp-content\/uploads\/2023\/04\/maxresdefault.jpg","width":1280,"height":720},{"@type":"BreadcrumbList","@id":"https:\/\/www.actecir.cat\/es\/webinar-testo-principios-basicos-de-termografia-con-la-camara-testo-883\/#breadcrumb","itemListElement":[{"@type":"ListItem","position":1,"name":"Inici","item":"https:\/\/www.actecir.cat\/es\/"},{"@type":"ListItem","position":2,"name":"Webinar TESTO: Principios b\u00e1sicos de termograf\u00eda con la c\u00e1mara testo 883"}]},{"@type":"WebSite","@id":"https:\/\/www.actecir.cat\/#website","url":"https:\/\/www.actecir.cat\/","name":"Actecir","description":"Associaci\u00f3 Catalana de T\u00e8cnics en Energia, Climatitzaci\u00f3 i Refrigeraci\u00f3","publisher":{"@id":"https:\/\/www.actecir.cat\/#organization"},"potentialAction":[{"@type":"SearchAction","target":{"@type":"EntryPoint","urlTemplate":"https:\/\/www.actecir.cat\/?s={search_term_string}"},"query-input":{"@type":"PropertyValueSpecification","valueRequired":true,"valueName":"search_term_string"}}],"inLanguage":"es"},{"@type":"Organization","@id":"https:\/\/www.actecir.cat\/#organization","name":"Actecir","url":"https:\/\/www.actecir.cat\/","logo":{"@type":"ImageObject","inLanguage":"es","@id":"https:\/\/www.actecir.cat\/#\/schema\/logo\/image\/","url":"https:\/\/www.actecir.cat\/wp-content\/uploads\/2023\/04\/cropped-logo_actecir_60_alto.png","contentUrl":"https:\/\/www.actecir.cat\/wp-content\/uploads\/2023\/04\/cropped-logo_actecir_60_alto.png","width":283,"height":80,"caption":"Actecir"},"image":{"@id":"https:\/\/www.actecir.cat\/#\/schema\/logo\/image\/"},"sameAs":["https:\/\/x.com\/actecir","https:\/\/www.linkedin.com\/company\/actecir"]},{"@type":"Person","@id":"https:\/\/www.actecir.cat\/#\/schema\/person\/42edd02f0b1d55e19444428c5d321413","name":"Soporte web","sameAs":["https:\/\/www.actecir.cat"],"url":"https:\/\/www.actecir.cat\/es\/author\/maensystems\/"}]}},"_links":{"self":[{"href":"https:\/\/www.actecir.cat\/es\/wp-json\/wp\/v2\/posts\/3655","targetHints":{"allow":["GET"]}}],"collection":[{"href":"https:\/\/www.actecir.cat\/es\/wp-json\/wp\/v2\/posts"}],"about":[{"href":"https:\/\/www.actecir.cat\/es\/wp-json\/wp\/v2\/types\/post"}],"author":[{"embeddable":true,"href":"https:\/\/www.actecir.cat\/es\/wp-json\/wp\/v2\/users\/1"}],"replies":[{"embeddable":true,"href":"https:\/\/www.actecir.cat\/es\/wp-json\/wp\/v2\/comments?post=3655"}],"version-history":[{"count":2,"href":"https:\/\/www.actecir.cat\/es\/wp-json\/wp\/v2\/posts\/3655\/revisions"}],"predecessor-version":[{"id":10891,"href":"https:\/\/www.actecir.cat\/es\/wp-json\/wp\/v2\/posts\/3655\/revisions\/10891"}],"wp:featuredmedia":[{"embeddable":true,"href":"https:\/\/www.actecir.cat\/es\/wp-json\/wp\/v2\/media\/3653"}],"wp:attachment":[{"href":"https:\/\/www.actecir.cat\/es\/wp-json\/wp\/v2\/media?parent=3655"}],"wp:term":[{"taxonomy":"category","embeddable":true,"href":"https:\/\/www.actecir.cat\/es\/wp-json\/wp\/v2\/categories?post=3655"},{"taxonomy":"post_tag","embeddable":true,"href":"https:\/\/www.actecir.cat\/es\/wp-json\/wp\/v2\/tags?post=3655"}],"curies":[{"name":"wp","href":"https:\/\/api.w.org\/{rel}","templated":true}]}}