{"id":3661,"date":"2021-03-15T15:55:00","date_gmt":"2021-03-15T14:55:00","guid":{"rendered":"https:\/\/www.actecir.cat\/?p=3661"},"modified":"2023-07-07T12:44:05","modified_gmt":"2023-07-07T10:44:05","slug":"utilizacion-de-equipos-de-medicion-en-sistemas-de-calefaccion-analisis-de-combustion-con-testo-300ll","status":"publish","type":"post","link":"https:\/\/www.actecir.cat\/es\/utilizacion-de-equipos-de-medicion-en-sistemas-de-calefaccion-analisis-de-combustion-con-testo-300ll\/","title":{"rendered":"Utilizaci\u00f3n de equipos\u00a0 de medici\u00f3n en sistemas de Calefacci\u00f3n : An\u00e1lisis de combusti\u00f3n con testo 300LL"},"content":{"rendered":"\n<p>Fecha: 23 marzo a las 16:00 horas<\/p>\n\n\n\n<p><strong>Utilizaci\u00f3n de equipos&nbsp; de medici\u00f3n en sistemas de Calefacci\u00f3n : An\u00e1lisis de combusti\u00f3n con testo 300LL<\/strong><\/p>\n\n\n\n<p><strong>Haz click en la imagen para acceder al formulario de inscripci\u00f3n<\/strong><\/p>\n\n\n\n<figure class=\"wp-block-image size-full\"><img fetchpriority=\"high\" decoding=\"async\" width=\"800\" height=\"400\" src=\"https:\/\/www.actecir.cat\/wp-content\/uploads\/2023\/04\/instrumentos-testo-webinar-mediciones-combustion-calefaccion-aire-acondicionado-climatizacion-dest.png\" alt=\"\" class=\"wp-image-3659\" srcset=\"https:\/\/www.actecir.cat\/wp-content\/uploads\/2023\/04\/instrumentos-testo-webinar-mediciones-combustion-calefaccion-aire-acondicionado-climatizacion-dest.png 800w, https:\/\/www.actecir.cat\/wp-content\/uploads\/2023\/04\/instrumentos-testo-webinar-mediciones-combustion-calefaccion-aire-acondicionado-climatizacion-dest-300x150.png 300w, https:\/\/www.actecir.cat\/wp-content\/uploads\/2023\/04\/instrumentos-testo-webinar-mediciones-combustion-calefaccion-aire-acondicionado-climatizacion-dest-768x384.png 768w\" sizes=\"(max-width: 800px) 100vw, 800px\" \/><\/figure>\n","protected":false},"excerpt":{"rendered":"<p>Fecha: 23 marzo a las 16:00 horas<\/p>\n","protected":false},"author":1,"featured_media":3659,"comment_status":"open","ping_status":"open","sticky":false,"template":"","format":"standard","meta":{"footnotes":""},"categories":[23],"tags":[],"class_list":["post-3661","post","type-post","status-publish","format-standard","has-post-thumbnail","hentry","category-destacamos"],"yoast_head":"<!-- This site is optimized with the Yoast SEO plugin v27.2 - https:\/\/yoast.com\/product\/yoast-seo-wordpress\/ -->\n<title>Utilizaci\u00f3n de equipos\u00a0 de medici\u00f3n en sistemas de Calefacci\u00f3n : An\u00e1lisis de combusti\u00f3n con testo 300LL - Actecir<\/title>\n<meta name=\"robots\" content=\"index, follow, max-snippet:-1, max-image-preview:large, max-video-preview:-1\" \/>\n<link rel=\"canonical\" href=\"https:\/\/www.actecir.cat\/es\/utilizacion-de-equipos-de-medicion-en-sistemas-de-calefaccion-analisis-de-combustion-con-testo-300ll\/\" \/>\n<meta property=\"og:locale\" content=\"es_ES\" \/>\n<meta property=\"og:type\" content=\"article\" \/>\n<meta property=\"og:title\" content=\"Utilizaci\u00f3n de equipos\u00a0 de medici\u00f3n en sistemas de Calefacci\u00f3n : An\u00e1lisis de combusti\u00f3n con testo 300LL - Actecir\" \/>\n<meta property=\"og:description\" content=\"Fecha: 23 marzo a las 16:00 horas\" \/>\n<meta property=\"og:url\" content=\"https:\/\/www.actecir.cat\/es\/utilizacion-de-equipos-de-medicion-en-sistemas-de-calefaccion-analisis-de-combustion-con-testo-300ll\/\" \/>\n<meta property=\"og:site_name\" content=\"Actecir\" \/>\n<meta property=\"article:published_time\" content=\"2021-03-15T14:55:00+00:00\" \/>\n<meta property=\"article:modified_time\" content=\"2023-07-07T10:44:05+00:00\" \/>\n<meta property=\"og:image\" content=\"https:\/\/www.actecir.cat\/wp-content\/uploads\/2023\/04\/instrumentos-testo-webinar-mediciones-combustion-calefaccion-aire-acondicionado-climatizacion-dest.png\" \/>\n\t<meta property=\"og:image:width\" content=\"800\" \/>\n\t<meta property=\"og:image:height\" content=\"400\" \/>\n\t<meta property=\"og:image:type\" content=\"image\/png\" \/>\n<meta name=\"author\" content=\"Soporte web\" \/>\n<meta name=\"twitter:card\" content=\"summary_large_image\" \/>\n<meta name=\"twitter:creator\" content=\"@actecir\" \/>\n<meta name=\"twitter:site\" content=\"@actecir\" \/>\n<meta name=\"twitter:label1\" content=\"Escrito por\" \/>\n\t<meta name=\"twitter:data1\" content=\"Soporte web\" \/>\n<script type=\"application\/ld+json\" class=\"yoast-schema-graph\">{\"@context\":\"https:\/\/schema.org\",\"@graph\":[{\"@type\":\"Article\",\"@id\":\"https:\/\/www.actecir.cat\/es\/utilizacion-de-equipos-de-medicion-en-sistemas-de-calefaccion-analisis-de-combustion-con-testo-300ll\/#article\",\"isPartOf\":{\"@id\":\"https:\/\/www.actecir.cat\/es\/utilizacion-de-equipos-de-medicion-en-sistemas-de-calefaccion-analisis-de-combustion-con-testo-300ll\/\"},\"author\":{\"name\":\"Soporte web\",\"@id\":\"https:\/\/www.actecir.cat\/#\/schema\/person\/42edd02f0b1d55e19444428c5d321413\"},\"headline\":\"Utilizaci\u00f3n de equipos\u00a0 de medici\u00f3n en sistemas de Calefacci\u00f3n : An\u00e1lisis de combusti\u00f3n con testo 300LL\",\"datePublished\":\"2021-03-15T14:55:00+00:00\",\"dateModified\":\"2023-07-07T10:44:05+00:00\",\"mainEntityOfPage\":{\"@id\":\"https:\/\/www.actecir.cat\/es\/utilizacion-de-equipos-de-medicion-en-sistemas-de-calefaccion-analisis-de-combustion-con-testo-300ll\/\"},\"wordCount\":58,\"commentCount\":0,\"publisher\":{\"@id\":\"https:\/\/www.actecir.cat\/#organization\"},\"image\":{\"@id\":\"https:\/\/www.actecir.cat\/es\/utilizacion-de-equipos-de-medicion-en-sistemas-de-calefaccion-analisis-de-combustion-con-testo-300ll\/#primaryimage\"},\"thumbnailUrl\":\"https:\/\/www.actecir.cat\/wp-content\/uploads\/2023\/04\/instrumentos-testo-webinar-mediciones-combustion-calefaccion-aire-acondicionado-climatizacion-dest.png\",\"articleSection\":[\"Destacamos\"],\"inLanguage\":\"es\",\"potentialAction\":[{\"@type\":\"CommentAction\",\"name\":\"Comment\",\"target\":[\"https:\/\/www.actecir.cat\/es\/utilizacion-de-equipos-de-medicion-en-sistemas-de-calefaccion-analisis-de-combustion-con-testo-300ll\/#respond\"]}]},{\"@type\":\"WebPage\",\"@id\":\"https:\/\/www.actecir.cat\/es\/utilizacion-de-equipos-de-medicion-en-sistemas-de-calefaccion-analisis-de-combustion-con-testo-300ll\/\",\"url\":\"https:\/\/www.actecir.cat\/es\/utilizacion-de-equipos-de-medicion-en-sistemas-de-calefaccion-analisis-de-combustion-con-testo-300ll\/\",\"name\":\"Utilizaci\u00f3n de equipos\u00a0 de medici\u00f3n en sistemas de Calefacci\u00f3n : An\u00e1lisis de combusti\u00f3n con testo 300LL - Actecir\",\"isPartOf\":{\"@id\":\"https:\/\/www.actecir.cat\/#website\"},\"primaryImageOfPage\":{\"@id\":\"https:\/\/www.actecir.cat\/es\/utilizacion-de-equipos-de-medicion-en-sistemas-de-calefaccion-analisis-de-combustion-con-testo-300ll\/#primaryimage\"},\"image\":{\"@id\":\"https:\/\/www.actecir.cat\/es\/utilizacion-de-equipos-de-medicion-en-sistemas-de-calefaccion-analisis-de-combustion-con-testo-300ll\/#primaryimage\"},\"thumbnailUrl\":\"https:\/\/www.actecir.cat\/wp-content\/uploads\/2023\/04\/instrumentos-testo-webinar-mediciones-combustion-calefaccion-aire-acondicionado-climatizacion-dest.png\",\"datePublished\":\"2021-03-15T14:55:00+00:00\",\"dateModified\":\"2023-07-07T10:44:05+00:00\",\"breadcrumb\":{\"@id\":\"https:\/\/www.actecir.cat\/es\/utilizacion-de-equipos-de-medicion-en-sistemas-de-calefaccion-analisis-de-combustion-con-testo-300ll\/#breadcrumb\"},\"inLanguage\":\"es\",\"potentialAction\":[{\"@type\":\"ReadAction\",\"target\":[\"https:\/\/www.actecir.cat\/es\/utilizacion-de-equipos-de-medicion-en-sistemas-de-calefaccion-analisis-de-combustion-con-testo-300ll\/\"]}]},{\"@type\":\"ImageObject\",\"inLanguage\":\"es\",\"@id\":\"https:\/\/www.actecir.cat\/es\/utilizacion-de-equipos-de-medicion-en-sistemas-de-calefaccion-analisis-de-combustion-con-testo-300ll\/#primaryimage\",\"url\":\"https:\/\/www.actecir.cat\/wp-content\/uploads\/2023\/04\/instrumentos-testo-webinar-mediciones-combustion-calefaccion-aire-acondicionado-climatizacion-dest.png\",\"contentUrl\":\"https:\/\/www.actecir.cat\/wp-content\/uploads\/2023\/04\/instrumentos-testo-webinar-mediciones-combustion-calefaccion-aire-acondicionado-climatizacion-dest.png\",\"width\":800,\"height\":400},{\"@type\":\"BreadcrumbList\",\"@id\":\"https:\/\/www.actecir.cat\/es\/utilizacion-de-equipos-de-medicion-en-sistemas-de-calefaccion-analisis-de-combustion-con-testo-300ll\/#breadcrumb\",\"itemListElement\":[{\"@type\":\"ListItem\",\"position\":1,\"name\":\"Inici\",\"item\":\"https:\/\/www.actecir.cat\/es\/\"},{\"@type\":\"ListItem\",\"position\":2,\"name\":\"Utilizaci\u00f3n de equipos\u00a0 de medici\u00f3n en sistemas de Calefacci\u00f3n : An\u00e1lisis de combusti\u00f3n con testo 300LL\"}]},{\"@type\":\"WebSite\",\"@id\":\"https:\/\/www.actecir.cat\/#website\",\"url\":\"https:\/\/www.actecir.cat\/\",\"name\":\"Actecir\",\"description\":\"Associaci\u00f3 Catalana de T\u00e8cnics en Energia, Climatitzaci\u00f3 i Refrigeraci\u00f3\",\"publisher\":{\"@id\":\"https:\/\/www.actecir.cat\/#organization\"},\"potentialAction\":[{\"@type\":\"SearchAction\",\"target\":{\"@type\":\"EntryPoint\",\"urlTemplate\":\"https:\/\/www.actecir.cat\/?s={search_term_string}\"},\"query-input\":{\"@type\":\"PropertyValueSpecification\",\"valueRequired\":true,\"valueName\":\"search_term_string\"}}],\"inLanguage\":\"es\"},{\"@type\":\"Organization\",\"@id\":\"https:\/\/www.actecir.cat\/#organization\",\"name\":\"Actecir\",\"url\":\"https:\/\/www.actecir.cat\/\",\"logo\":{\"@type\":\"ImageObject\",\"inLanguage\":\"es\",\"@id\":\"https:\/\/www.actecir.cat\/#\/schema\/logo\/image\/\",\"url\":\"https:\/\/www.actecir.cat\/wp-content\/uploads\/2023\/04\/cropped-logo_actecir_60_alto.png\",\"contentUrl\":\"https:\/\/www.actecir.cat\/wp-content\/uploads\/2023\/04\/cropped-logo_actecir_60_alto.png\",\"width\":283,\"height\":80,\"caption\":\"Actecir\"},\"image\":{\"@id\":\"https:\/\/www.actecir.cat\/#\/schema\/logo\/image\/\"},\"sameAs\":[\"https:\/\/x.com\/actecir\",\"https:\/\/www.linkedin.com\/company\/actecir\"]},{\"@type\":\"Person\",\"@id\":\"https:\/\/www.actecir.cat\/#\/schema\/person\/42edd02f0b1d55e19444428c5d321413\",\"name\":\"Soporte web\",\"sameAs\":[\"https:\/\/www.actecir.cat\"],\"url\":\"https:\/\/www.actecir.cat\/es\/author\/maensystems\/\"}]}<\/script>\n<!-- \/ Yoast SEO plugin. -->","yoast_head_json":{"title":"Utilizaci\u00f3n de equipos\u00a0 de medici\u00f3n en sistemas de Calefacci\u00f3n : An\u00e1lisis de combusti\u00f3n con testo 300LL - Actecir","robots":{"index":"index","follow":"follow","max-snippet":"max-snippet:-1","max-image-preview":"max-image-preview:large","max-video-preview":"max-video-preview:-1"},"canonical":"https:\/\/www.actecir.cat\/es\/utilizacion-de-equipos-de-medicion-en-sistemas-de-calefaccion-analisis-de-combustion-con-testo-300ll\/","og_locale":"es_ES","og_type":"article","og_title":"Utilizaci\u00f3n de equipos\u00a0 de medici\u00f3n en sistemas de Calefacci\u00f3n : An\u00e1lisis de combusti\u00f3n con testo 300LL - Actecir","og_description":"Fecha: 23 marzo a las 16:00 horas","og_url":"https:\/\/www.actecir.cat\/es\/utilizacion-de-equipos-de-medicion-en-sistemas-de-calefaccion-analisis-de-combustion-con-testo-300ll\/","og_site_name":"Actecir","article_published_time":"2021-03-15T14:55:00+00:00","article_modified_time":"2023-07-07T10:44:05+00:00","og_image":[{"width":800,"height":400,"url":"https:\/\/www.actecir.cat\/wp-content\/uploads\/2023\/04\/instrumentos-testo-webinar-mediciones-combustion-calefaccion-aire-acondicionado-climatizacion-dest.png","type":"image\/png"}],"author":"Soporte web","twitter_card":"summary_large_image","twitter_creator":"@actecir","twitter_site":"@actecir","twitter_misc":{"Escrito por":"Soporte web"},"schema":{"@context":"https:\/\/schema.org","@graph":[{"@type":"Article","@id":"https:\/\/www.actecir.cat\/es\/utilizacion-de-equipos-de-medicion-en-sistemas-de-calefaccion-analisis-de-combustion-con-testo-300ll\/#article","isPartOf":{"@id":"https:\/\/www.actecir.cat\/es\/utilizacion-de-equipos-de-medicion-en-sistemas-de-calefaccion-analisis-de-combustion-con-testo-300ll\/"},"author":{"name":"Soporte web","@id":"https:\/\/www.actecir.cat\/#\/schema\/person\/42edd02f0b1d55e19444428c5d321413"},"headline":"Utilizaci\u00f3n de equipos\u00a0 de medici\u00f3n en sistemas de Calefacci\u00f3n : An\u00e1lisis de combusti\u00f3n con testo 300LL","datePublished":"2021-03-15T14:55:00+00:00","dateModified":"2023-07-07T10:44:05+00:00","mainEntityOfPage":{"@id":"https:\/\/www.actecir.cat\/es\/utilizacion-de-equipos-de-medicion-en-sistemas-de-calefaccion-analisis-de-combustion-con-testo-300ll\/"},"wordCount":58,"commentCount":0,"publisher":{"@id":"https:\/\/www.actecir.cat\/#organization"},"image":{"@id":"https:\/\/www.actecir.cat\/es\/utilizacion-de-equipos-de-medicion-en-sistemas-de-calefaccion-analisis-de-combustion-con-testo-300ll\/#primaryimage"},"thumbnailUrl":"https:\/\/www.actecir.cat\/wp-content\/uploads\/2023\/04\/instrumentos-testo-webinar-mediciones-combustion-calefaccion-aire-acondicionado-climatizacion-dest.png","articleSection":["Destacamos"],"inLanguage":"es","potentialAction":[{"@type":"CommentAction","name":"Comment","target":["https:\/\/www.actecir.cat\/es\/utilizacion-de-equipos-de-medicion-en-sistemas-de-calefaccion-analisis-de-combustion-con-testo-300ll\/#respond"]}]},{"@type":"WebPage","@id":"https:\/\/www.actecir.cat\/es\/utilizacion-de-equipos-de-medicion-en-sistemas-de-calefaccion-analisis-de-combustion-con-testo-300ll\/","url":"https:\/\/www.actecir.cat\/es\/utilizacion-de-equipos-de-medicion-en-sistemas-de-calefaccion-analisis-de-combustion-con-testo-300ll\/","name":"Utilizaci\u00f3n de equipos\u00a0 de medici\u00f3n en sistemas de Calefacci\u00f3n : An\u00e1lisis de combusti\u00f3n con testo 300LL - Actecir","isPartOf":{"@id":"https:\/\/www.actecir.cat\/#website"},"primaryImageOfPage":{"@id":"https:\/\/www.actecir.cat\/es\/utilizacion-de-equipos-de-medicion-en-sistemas-de-calefaccion-analisis-de-combustion-con-testo-300ll\/#primaryimage"},"image":{"@id":"https:\/\/www.actecir.cat\/es\/utilizacion-de-equipos-de-medicion-en-sistemas-de-calefaccion-analisis-de-combustion-con-testo-300ll\/#primaryimage"},"thumbnailUrl":"https:\/\/www.actecir.cat\/wp-content\/uploads\/2023\/04\/instrumentos-testo-webinar-mediciones-combustion-calefaccion-aire-acondicionado-climatizacion-dest.png","datePublished":"2021-03-15T14:55:00+00:00","dateModified":"2023-07-07T10:44:05+00:00","breadcrumb":{"@id":"https:\/\/www.actecir.cat\/es\/utilizacion-de-equipos-de-medicion-en-sistemas-de-calefaccion-analisis-de-combustion-con-testo-300ll\/#breadcrumb"},"inLanguage":"es","potentialAction":[{"@type":"ReadAction","target":["https:\/\/www.actecir.cat\/es\/utilizacion-de-equipos-de-medicion-en-sistemas-de-calefaccion-analisis-de-combustion-con-testo-300ll\/"]}]},{"@type":"ImageObject","inLanguage":"es","@id":"https:\/\/www.actecir.cat\/es\/utilizacion-de-equipos-de-medicion-en-sistemas-de-calefaccion-analisis-de-combustion-con-testo-300ll\/#primaryimage","url":"https:\/\/www.actecir.cat\/wp-content\/uploads\/2023\/04\/instrumentos-testo-webinar-mediciones-combustion-calefaccion-aire-acondicionado-climatizacion-dest.png","contentUrl":"https:\/\/www.actecir.cat\/wp-content\/uploads\/2023\/04\/instrumentos-testo-webinar-mediciones-combustion-calefaccion-aire-acondicionado-climatizacion-dest.png","width":800,"height":400},{"@type":"BreadcrumbList","@id":"https:\/\/www.actecir.cat\/es\/utilizacion-de-equipos-de-medicion-en-sistemas-de-calefaccion-analisis-de-combustion-con-testo-300ll\/#breadcrumb","itemListElement":[{"@type":"ListItem","position":1,"name":"Inici","item":"https:\/\/www.actecir.cat\/es\/"},{"@type":"ListItem","position":2,"name":"Utilizaci\u00f3n de equipos\u00a0 de medici\u00f3n en sistemas de Calefacci\u00f3n : An\u00e1lisis de combusti\u00f3n con testo 300LL"}]},{"@type":"WebSite","@id":"https:\/\/www.actecir.cat\/#website","url":"https:\/\/www.actecir.cat\/","name":"Actecir","description":"Associaci\u00f3 Catalana de T\u00e8cnics en Energia, Climatitzaci\u00f3 i Refrigeraci\u00f3","publisher":{"@id":"https:\/\/www.actecir.cat\/#organization"},"potentialAction":[{"@type":"SearchAction","target":{"@type":"EntryPoint","urlTemplate":"https:\/\/www.actecir.cat\/?s={search_term_string}"},"query-input":{"@type":"PropertyValueSpecification","valueRequired":true,"valueName":"search_term_string"}}],"inLanguage":"es"},{"@type":"Organization","@id":"https:\/\/www.actecir.cat\/#organization","name":"Actecir","url":"https:\/\/www.actecir.cat\/","logo":{"@type":"ImageObject","inLanguage":"es","@id":"https:\/\/www.actecir.cat\/#\/schema\/logo\/image\/","url":"https:\/\/www.actecir.cat\/wp-content\/uploads\/2023\/04\/cropped-logo_actecir_60_alto.png","contentUrl":"https:\/\/www.actecir.cat\/wp-content\/uploads\/2023\/04\/cropped-logo_actecir_60_alto.png","width":283,"height":80,"caption":"Actecir"},"image":{"@id":"https:\/\/www.actecir.cat\/#\/schema\/logo\/image\/"},"sameAs":["https:\/\/x.com\/actecir","https:\/\/www.linkedin.com\/company\/actecir"]},{"@type":"Person","@id":"https:\/\/www.actecir.cat\/#\/schema\/person\/42edd02f0b1d55e19444428c5d321413","name":"Soporte web","sameAs":["https:\/\/www.actecir.cat"],"url":"https:\/\/www.actecir.cat\/es\/author\/maensystems\/"}]}},"_links":{"self":[{"href":"https:\/\/www.actecir.cat\/es\/wp-json\/wp\/v2\/posts\/3661","targetHints":{"allow":["GET"]}}],"collection":[{"href":"https:\/\/www.actecir.cat\/es\/wp-json\/wp\/v2\/posts"}],"about":[{"href":"https:\/\/www.actecir.cat\/es\/wp-json\/wp\/v2\/types\/post"}],"author":[{"embeddable":true,"href":"https:\/\/www.actecir.cat\/es\/wp-json\/wp\/v2\/users\/1"}],"replies":[{"embeddable":true,"href":"https:\/\/www.actecir.cat\/es\/wp-json\/wp\/v2\/comments?post=3661"}],"version-history":[{"count":2,"href":"https:\/\/www.actecir.cat\/es\/wp-json\/wp\/v2\/posts\/3661\/revisions"}],"predecessor-version":[{"id":10893,"href":"https:\/\/www.actecir.cat\/es\/wp-json\/wp\/v2\/posts\/3661\/revisions\/10893"}],"wp:featuredmedia":[{"embeddable":true,"href":"https:\/\/www.actecir.cat\/es\/wp-json\/wp\/v2\/media\/3659"}],"wp:attachment":[{"href":"https:\/\/www.actecir.cat\/es\/wp-json\/wp\/v2\/media?parent=3661"}],"wp:term":[{"taxonomy":"category","embeddable":true,"href":"https:\/\/www.actecir.cat\/es\/wp-json\/wp\/v2\/categories?post=3661"},{"taxonomy":"post_tag","embeddable":true,"href":"https:\/\/www.actecir.cat\/es\/wp-json\/wp\/v2\/tags?post=3661"}],"curies":[{"name":"wp","href":"https:\/\/api.w.org\/{rel}","templated":true}]}}