{"id":3688,"date":"2021-02-17T16:13:00","date_gmt":"2021-02-17T15:13:00","guid":{"rendered":"https:\/\/www.actecir.cat\/?p=3688"},"modified":"2023-07-07T16:00:09","modified_gmt":"2023-07-07T14:00:09","slug":"webinar-thermor-tendencias-en-instalaciones-de-tipo-residencial-ante-el-nuevo-cte","status":"publish","type":"post","link":"https:\/\/www.actecir.cat\/es\/webinar-thermor-tendencias-en-instalaciones-de-tipo-residencial-ante-el-nuevo-cte\/","title":{"rendered":"Webinar Thermor: \u201cTendencias en instalaciones de tipo residencial ante el nuevo CTE\u201d"},"content":{"rendered":"\n<p>Fecha: 11 de marzo a las 17:00 horas<\/p>\n\n\n\n<p><strong>Thermor<\/strong>, marca especialista en confort t\u00e9rmico, propone para estos d\u00edas de teletrabajo distintas sesiones de formaci\u00f3n online gratuitas enfocadas al profesional.<\/p>\n\n\n\n<p>Con el compromiso de continuar ofreciendo el mejor servicio a los clientes, el objetivo es actualizar a los profesionales de la edificaci\u00f3n en las \u00faltimas novedades del sector.<\/p>\n\n\n\n<p>La sesi\u00f3n estar\u00e1 dirigida por&nbsp;<strong>Gaspar Mart\u00edn, Director T\u00e9cnico de Groupe Atlantic Espa\u00f1a.<\/strong>&nbsp;La formaci\u00f3n se llevar\u00e1 a cabo el jueves&nbsp; 11 de marzo de 17 a 18 h, donde se presentar\u00e1n &#8220;las tendencias en instalaciones de tipo residencial ante el nuevo CTE&#8221;.<\/p>\n\n\n\n<p><strong>Link para inscripci\u00f3n webinar:&nbsp;<\/strong><\/p>\n\n\n\n<p><strong><a rel=\"noreferrer noopener\" class=\"\" href=\"https:\/\/docs.google.com\/forms\/d\/e\/1FAIpQLSebpTG4xccxOFidUybgVg45bcQNXNJfBUgJaVM0158WAx0YjQ\/closedform\" target=\"_blank\">Webinar Thermor: Tendencias en instalaciones de tipo residencial ante el nuevo CTE (google.com)<\/a><\/strong><\/p>\n\n\n\n<div style=\"height:42px\" aria-hidden=\"true\" class=\"wp-block-spacer\"><\/div>\n\n\n\n<figure class=\"wp-block-image size-full\"><img fetchpriority=\"high\" decoding=\"async\" width=\"577\" height=\"160\" src=\"https:\/\/www.actecir.cat\/wp-content\/uploads\/2023\/04\/thermor-actecir.png\" alt=\"\" class=\"wp-image-3686\" srcset=\"https:\/\/www.actecir.cat\/wp-content\/uploads\/2023\/04\/thermor-actecir.png 577w, https:\/\/www.actecir.cat\/wp-content\/uploads\/2023\/04\/thermor-actecir-300x83.png 300w\" sizes=\"(max-width: 577px) 100vw, 577px\" \/><\/figure>\n","protected":false},"excerpt":{"rendered":"<p>Fecha: 11 de marzo a las 17:00 horas<\/p>\n","protected":false},"author":1,"featured_media":3686,"comment_status":"open","ping_status":"open","sticky":false,"template":"","format":"standard","meta":{"footnotes":""},"categories":[23],"tags":[],"class_list":["post-3688","post","type-post","status-publish","format-standard","has-post-thumbnail","hentry","category-destacamos"],"yoast_head":"<!-- This site is optimized with the Yoast SEO plugin v27.2 - https:\/\/yoast.com\/product\/yoast-seo-wordpress\/ -->\n<title>Webinar Thermor: \u201cTendencias en instalaciones de tipo residencial ante el nuevo CTE\u201d - Actecir<\/title>\n<meta name=\"robots\" content=\"index, follow, max-snippet:-1, max-image-preview:large, max-video-preview:-1\" \/>\n<link rel=\"canonical\" href=\"https:\/\/www.actecir.cat\/es\/webinar-thermor-tendencias-en-instalaciones-de-tipo-residencial-ante-el-nuevo-cte\/\" \/>\n<meta property=\"og:locale\" content=\"es_ES\" \/>\n<meta property=\"og:type\" content=\"article\" \/>\n<meta property=\"og:title\" content=\"Webinar Thermor: \u201cTendencias en instalaciones de tipo residencial ante el nuevo CTE\u201d - Actecir\" \/>\n<meta property=\"og:description\" content=\"Fecha: 11 de marzo a las 17:00 horas\" \/>\n<meta property=\"og:url\" content=\"https:\/\/www.actecir.cat\/es\/webinar-thermor-tendencias-en-instalaciones-de-tipo-residencial-ante-el-nuevo-cte\/\" \/>\n<meta property=\"og:site_name\" content=\"Actecir\" \/>\n<meta property=\"article:published_time\" content=\"2021-02-17T15:13:00+00:00\" \/>\n<meta property=\"article:modified_time\" content=\"2023-07-07T14:00:09+00:00\" \/>\n<meta property=\"og:image\" content=\"https:\/\/www.actecir.cat\/wp-content\/uploads\/2023\/04\/thermor-actecir.png\" \/>\n\t<meta property=\"og:image:width\" content=\"577\" \/>\n\t<meta property=\"og:image:height\" content=\"160\" \/>\n\t<meta property=\"og:image:type\" content=\"image\/png\" \/>\n<meta name=\"author\" content=\"Soporte web\" \/>\n<meta name=\"twitter:card\" content=\"summary_large_image\" \/>\n<meta name=\"twitter:creator\" content=\"@actecir\" \/>\n<meta name=\"twitter:site\" content=\"@actecir\" \/>\n<meta name=\"twitter:label1\" content=\"Escrito por\" \/>\n\t<meta name=\"twitter:data1\" content=\"Soporte web\" \/>\n\t<meta name=\"twitter:label2\" content=\"Tiempo de lectura\" \/>\n\t<meta name=\"twitter:data2\" content=\"1 minuto\" \/>\n<script type=\"application\/ld+json\" class=\"yoast-schema-graph\">{\"@context\":\"https:\/\/schema.org\",\"@graph\":[{\"@type\":\"Article\",\"@id\":\"https:\/\/www.actecir.cat\/es\/webinar-thermor-tendencias-en-instalaciones-de-tipo-residencial-ante-el-nuevo-cte\/#article\",\"isPartOf\":{\"@id\":\"https:\/\/www.actecir.cat\/es\/webinar-thermor-tendencias-en-instalaciones-de-tipo-residencial-ante-el-nuevo-cte\/\"},\"author\":{\"name\":\"Soporte web\",\"@id\":\"https:\/\/www.actecir.cat\/#\/schema\/person\/42edd02f0b1d55e19444428c5d321413\"},\"headline\":\"Webinar Thermor: \u201cTendencias en instalaciones de tipo residencial ante el nuevo CTE\u201d\",\"datePublished\":\"2021-02-17T15:13:00+00:00\",\"dateModified\":\"2023-07-07T14:00:09+00:00\",\"mainEntityOfPage\":{\"@id\":\"https:\/\/www.actecir.cat\/es\/webinar-thermor-tendencias-en-instalaciones-de-tipo-residencial-ante-el-nuevo-cte\/\"},\"wordCount\":140,\"commentCount\":0,\"publisher\":{\"@id\":\"https:\/\/www.actecir.cat\/#organization\"},\"image\":{\"@id\":\"https:\/\/www.actecir.cat\/es\/webinar-thermor-tendencias-en-instalaciones-de-tipo-residencial-ante-el-nuevo-cte\/#primaryimage\"},\"thumbnailUrl\":\"https:\/\/www.actecir.cat\/wp-content\/uploads\/2023\/04\/thermor-actecir.png\",\"articleSection\":[\"Destacamos\"],\"inLanguage\":\"es\",\"potentialAction\":[{\"@type\":\"CommentAction\",\"name\":\"Comment\",\"target\":[\"https:\/\/www.actecir.cat\/es\/webinar-thermor-tendencias-en-instalaciones-de-tipo-residencial-ante-el-nuevo-cte\/#respond\"]}]},{\"@type\":\"WebPage\",\"@id\":\"https:\/\/www.actecir.cat\/es\/webinar-thermor-tendencias-en-instalaciones-de-tipo-residencial-ante-el-nuevo-cte\/\",\"url\":\"https:\/\/www.actecir.cat\/es\/webinar-thermor-tendencias-en-instalaciones-de-tipo-residencial-ante-el-nuevo-cte\/\",\"name\":\"Webinar Thermor: \u201cTendencias en instalaciones de tipo residencial ante el nuevo CTE\u201d - Actecir\",\"isPartOf\":{\"@id\":\"https:\/\/www.actecir.cat\/#website\"},\"primaryImageOfPage\":{\"@id\":\"https:\/\/www.actecir.cat\/es\/webinar-thermor-tendencias-en-instalaciones-de-tipo-residencial-ante-el-nuevo-cte\/#primaryimage\"},\"image\":{\"@id\":\"https:\/\/www.actecir.cat\/es\/webinar-thermor-tendencias-en-instalaciones-de-tipo-residencial-ante-el-nuevo-cte\/#primaryimage\"},\"thumbnailUrl\":\"https:\/\/www.actecir.cat\/wp-content\/uploads\/2023\/04\/thermor-actecir.png\",\"datePublished\":\"2021-02-17T15:13:00+00:00\",\"dateModified\":\"2023-07-07T14:00:09+00:00\",\"breadcrumb\":{\"@id\":\"https:\/\/www.actecir.cat\/es\/webinar-thermor-tendencias-en-instalaciones-de-tipo-residencial-ante-el-nuevo-cte\/#breadcrumb\"},\"inLanguage\":\"es\",\"potentialAction\":[{\"@type\":\"ReadAction\",\"target\":[\"https:\/\/www.actecir.cat\/es\/webinar-thermor-tendencias-en-instalaciones-de-tipo-residencial-ante-el-nuevo-cte\/\"]}]},{\"@type\":\"ImageObject\",\"inLanguage\":\"es\",\"@id\":\"https:\/\/www.actecir.cat\/es\/webinar-thermor-tendencias-en-instalaciones-de-tipo-residencial-ante-el-nuevo-cte\/#primaryimage\",\"url\":\"https:\/\/www.actecir.cat\/wp-content\/uploads\/2023\/04\/thermor-actecir.png\",\"contentUrl\":\"https:\/\/www.actecir.cat\/wp-content\/uploads\/2023\/04\/thermor-actecir.png\",\"width\":577,\"height\":160},{\"@type\":\"BreadcrumbList\",\"@id\":\"https:\/\/www.actecir.cat\/es\/webinar-thermor-tendencias-en-instalaciones-de-tipo-residencial-ante-el-nuevo-cte\/#breadcrumb\",\"itemListElement\":[{\"@type\":\"ListItem\",\"position\":1,\"name\":\"Inici\",\"item\":\"https:\/\/www.actecir.cat\/es\/\"},{\"@type\":\"ListItem\",\"position\":2,\"name\":\"Webinar Thermor: \u201cTendencias en instalaciones de tipo residencial ante el nuevo CTE\u201d\"}]},{\"@type\":\"WebSite\",\"@id\":\"https:\/\/www.actecir.cat\/#website\",\"url\":\"https:\/\/www.actecir.cat\/\",\"name\":\"Actecir\",\"description\":\"Associaci\u00f3 Catalana de T\u00e8cnics en Energia, Climatitzaci\u00f3 i Refrigeraci\u00f3\",\"publisher\":{\"@id\":\"https:\/\/www.actecir.cat\/#organization\"},\"potentialAction\":[{\"@type\":\"SearchAction\",\"target\":{\"@type\":\"EntryPoint\",\"urlTemplate\":\"https:\/\/www.actecir.cat\/?s={search_term_string}\"},\"query-input\":{\"@type\":\"PropertyValueSpecification\",\"valueRequired\":true,\"valueName\":\"search_term_string\"}}],\"inLanguage\":\"es\"},{\"@type\":\"Organization\",\"@id\":\"https:\/\/www.actecir.cat\/#organization\",\"name\":\"Actecir\",\"url\":\"https:\/\/www.actecir.cat\/\",\"logo\":{\"@type\":\"ImageObject\",\"inLanguage\":\"es\",\"@id\":\"https:\/\/www.actecir.cat\/#\/schema\/logo\/image\/\",\"url\":\"https:\/\/www.actecir.cat\/wp-content\/uploads\/2023\/04\/cropped-logo_actecir_60_alto.png\",\"contentUrl\":\"https:\/\/www.actecir.cat\/wp-content\/uploads\/2023\/04\/cropped-logo_actecir_60_alto.png\",\"width\":283,\"height\":80,\"caption\":\"Actecir\"},\"image\":{\"@id\":\"https:\/\/www.actecir.cat\/#\/schema\/logo\/image\/\"},\"sameAs\":[\"https:\/\/x.com\/actecir\",\"https:\/\/www.linkedin.com\/company\/actecir\"]},{\"@type\":\"Person\",\"@id\":\"https:\/\/www.actecir.cat\/#\/schema\/person\/42edd02f0b1d55e19444428c5d321413\",\"name\":\"Soporte web\",\"sameAs\":[\"https:\/\/www.actecir.cat\"],\"url\":\"https:\/\/www.actecir.cat\/es\/author\/maensystems\/\"}]}<\/script>\n<!-- \/ Yoast SEO plugin. -->","yoast_head_json":{"title":"Webinar Thermor: \u201cTendencias en instalaciones de tipo residencial ante el nuevo CTE\u201d - Actecir","robots":{"index":"index","follow":"follow","max-snippet":"max-snippet:-1","max-image-preview":"max-image-preview:large","max-video-preview":"max-video-preview:-1"},"canonical":"https:\/\/www.actecir.cat\/es\/webinar-thermor-tendencias-en-instalaciones-de-tipo-residencial-ante-el-nuevo-cte\/","og_locale":"es_ES","og_type":"article","og_title":"Webinar Thermor: \u201cTendencias en instalaciones de tipo residencial ante el nuevo CTE\u201d - Actecir","og_description":"Fecha: 11 de marzo a las 17:00 horas","og_url":"https:\/\/www.actecir.cat\/es\/webinar-thermor-tendencias-en-instalaciones-de-tipo-residencial-ante-el-nuevo-cte\/","og_site_name":"Actecir","article_published_time":"2021-02-17T15:13:00+00:00","article_modified_time":"2023-07-07T14:00:09+00:00","og_image":[{"width":577,"height":160,"url":"https:\/\/www.actecir.cat\/wp-content\/uploads\/2023\/04\/thermor-actecir.png","type":"image\/png"}],"author":"Soporte web","twitter_card":"summary_large_image","twitter_creator":"@actecir","twitter_site":"@actecir","twitter_misc":{"Escrito por":"Soporte web","Tiempo de lectura":"1 minuto"},"schema":{"@context":"https:\/\/schema.org","@graph":[{"@type":"Article","@id":"https:\/\/www.actecir.cat\/es\/webinar-thermor-tendencias-en-instalaciones-de-tipo-residencial-ante-el-nuevo-cte\/#article","isPartOf":{"@id":"https:\/\/www.actecir.cat\/es\/webinar-thermor-tendencias-en-instalaciones-de-tipo-residencial-ante-el-nuevo-cte\/"},"author":{"name":"Soporte web","@id":"https:\/\/www.actecir.cat\/#\/schema\/person\/42edd02f0b1d55e19444428c5d321413"},"headline":"Webinar Thermor: \u201cTendencias en instalaciones de tipo residencial ante el nuevo CTE\u201d","datePublished":"2021-02-17T15:13:00+00:00","dateModified":"2023-07-07T14:00:09+00:00","mainEntityOfPage":{"@id":"https:\/\/www.actecir.cat\/es\/webinar-thermor-tendencias-en-instalaciones-de-tipo-residencial-ante-el-nuevo-cte\/"},"wordCount":140,"commentCount":0,"publisher":{"@id":"https:\/\/www.actecir.cat\/#organization"},"image":{"@id":"https:\/\/www.actecir.cat\/es\/webinar-thermor-tendencias-en-instalaciones-de-tipo-residencial-ante-el-nuevo-cte\/#primaryimage"},"thumbnailUrl":"https:\/\/www.actecir.cat\/wp-content\/uploads\/2023\/04\/thermor-actecir.png","articleSection":["Destacamos"],"inLanguage":"es","potentialAction":[{"@type":"CommentAction","name":"Comment","target":["https:\/\/www.actecir.cat\/es\/webinar-thermor-tendencias-en-instalaciones-de-tipo-residencial-ante-el-nuevo-cte\/#respond"]}]},{"@type":"WebPage","@id":"https:\/\/www.actecir.cat\/es\/webinar-thermor-tendencias-en-instalaciones-de-tipo-residencial-ante-el-nuevo-cte\/","url":"https:\/\/www.actecir.cat\/es\/webinar-thermor-tendencias-en-instalaciones-de-tipo-residencial-ante-el-nuevo-cte\/","name":"Webinar Thermor: \u201cTendencias en instalaciones de tipo residencial ante el nuevo CTE\u201d - Actecir","isPartOf":{"@id":"https:\/\/www.actecir.cat\/#website"},"primaryImageOfPage":{"@id":"https:\/\/www.actecir.cat\/es\/webinar-thermor-tendencias-en-instalaciones-de-tipo-residencial-ante-el-nuevo-cte\/#primaryimage"},"image":{"@id":"https:\/\/www.actecir.cat\/es\/webinar-thermor-tendencias-en-instalaciones-de-tipo-residencial-ante-el-nuevo-cte\/#primaryimage"},"thumbnailUrl":"https:\/\/www.actecir.cat\/wp-content\/uploads\/2023\/04\/thermor-actecir.png","datePublished":"2021-02-17T15:13:00+00:00","dateModified":"2023-07-07T14:00:09+00:00","breadcrumb":{"@id":"https:\/\/www.actecir.cat\/es\/webinar-thermor-tendencias-en-instalaciones-de-tipo-residencial-ante-el-nuevo-cte\/#breadcrumb"},"inLanguage":"es","potentialAction":[{"@type":"ReadAction","target":["https:\/\/www.actecir.cat\/es\/webinar-thermor-tendencias-en-instalaciones-de-tipo-residencial-ante-el-nuevo-cte\/"]}]},{"@type":"ImageObject","inLanguage":"es","@id":"https:\/\/www.actecir.cat\/es\/webinar-thermor-tendencias-en-instalaciones-de-tipo-residencial-ante-el-nuevo-cte\/#primaryimage","url":"https:\/\/www.actecir.cat\/wp-content\/uploads\/2023\/04\/thermor-actecir.png","contentUrl":"https:\/\/www.actecir.cat\/wp-content\/uploads\/2023\/04\/thermor-actecir.png","width":577,"height":160},{"@type":"BreadcrumbList","@id":"https:\/\/www.actecir.cat\/es\/webinar-thermor-tendencias-en-instalaciones-de-tipo-residencial-ante-el-nuevo-cte\/#breadcrumb","itemListElement":[{"@type":"ListItem","position":1,"name":"Inici","item":"https:\/\/www.actecir.cat\/es\/"},{"@type":"ListItem","position":2,"name":"Webinar Thermor: \u201cTendencias en instalaciones de tipo residencial ante el nuevo CTE\u201d"}]},{"@type":"WebSite","@id":"https:\/\/www.actecir.cat\/#website","url":"https:\/\/www.actecir.cat\/","name":"Actecir","description":"Associaci\u00f3 Catalana de T\u00e8cnics en Energia, Climatitzaci\u00f3 i Refrigeraci\u00f3","publisher":{"@id":"https:\/\/www.actecir.cat\/#organization"},"potentialAction":[{"@type":"SearchAction","target":{"@type":"EntryPoint","urlTemplate":"https:\/\/www.actecir.cat\/?s={search_term_string}"},"query-input":{"@type":"PropertyValueSpecification","valueRequired":true,"valueName":"search_term_string"}}],"inLanguage":"es"},{"@type":"Organization","@id":"https:\/\/www.actecir.cat\/#organization","name":"Actecir","url":"https:\/\/www.actecir.cat\/","logo":{"@type":"ImageObject","inLanguage":"es","@id":"https:\/\/www.actecir.cat\/#\/schema\/logo\/image\/","url":"https:\/\/www.actecir.cat\/wp-content\/uploads\/2023\/04\/cropped-logo_actecir_60_alto.png","contentUrl":"https:\/\/www.actecir.cat\/wp-content\/uploads\/2023\/04\/cropped-logo_actecir_60_alto.png","width":283,"height":80,"caption":"Actecir"},"image":{"@id":"https:\/\/www.actecir.cat\/#\/schema\/logo\/image\/"},"sameAs":["https:\/\/x.com\/actecir","https:\/\/www.linkedin.com\/company\/actecir"]},{"@type":"Person","@id":"https:\/\/www.actecir.cat\/#\/schema\/person\/42edd02f0b1d55e19444428c5d321413","name":"Soporte web","sameAs":["https:\/\/www.actecir.cat"],"url":"https:\/\/www.actecir.cat\/es\/author\/maensystems\/"}]}},"_links":{"self":[{"href":"https:\/\/www.actecir.cat\/es\/wp-json\/wp\/v2\/posts\/3688","targetHints":{"allow":["GET"]}}],"collection":[{"href":"https:\/\/www.actecir.cat\/es\/wp-json\/wp\/v2\/posts"}],"about":[{"href":"https:\/\/www.actecir.cat\/es\/wp-json\/wp\/v2\/types\/post"}],"author":[{"embeddable":true,"href":"https:\/\/www.actecir.cat\/es\/wp-json\/wp\/v2\/users\/1"}],"replies":[{"embeddable":true,"href":"https:\/\/www.actecir.cat\/es\/wp-json\/wp\/v2\/comments?post=3688"}],"version-history":[{"count":2,"href":"https:\/\/www.actecir.cat\/es\/wp-json\/wp\/v2\/posts\/3688\/revisions"}],"predecessor-version":[{"id":11432,"href":"https:\/\/www.actecir.cat\/es\/wp-json\/wp\/v2\/posts\/3688\/revisions\/11432"}],"wp:featuredmedia":[{"embeddable":true,"href":"https:\/\/www.actecir.cat\/es\/wp-json\/wp\/v2\/media\/3686"}],"wp:attachment":[{"href":"https:\/\/www.actecir.cat\/es\/wp-json\/wp\/v2\/media?parent=3688"}],"wp:term":[{"taxonomy":"category","embeddable":true,"href":"https:\/\/www.actecir.cat\/es\/wp-json\/wp\/v2\/categories?post=3688"},{"taxonomy":"post_tag","embeddable":true,"href":"https:\/\/www.actecir.cat\/es\/wp-json\/wp\/v2\/tags?post=3688"}],"curies":[{"name":"wp","href":"https:\/\/api.w.org\/{rel}","templated":true}]}}