{"id":3694,"date":"2021-02-16T16:17:00","date_gmt":"2021-02-16T16:17:00","guid":{"rendered":"https:\/\/www.actecir.cat\/?p=3694"},"modified":"2023-04-27T16:18:37","modified_gmt":"2023-04-27T16:18:37","slug":"jornada-aefyt-como-combatir-el-coronavirus-estrategias-para-la-desinfeccion-en-instalaciones","status":"publish","type":"post","link":"https:\/\/www.actecir.cat\/es\/jornada-aefyt-como-combatir-el-coronavirus-estrategias-para-la-desinfeccion-en-instalaciones\/","title":{"rendered":"Jornada Aefyt: &#8220;Como combatir el coronavirus. Estrategias para la desinfecci\u00f3n en instalaciones&#8221;"},"content":{"rendered":"\n<p>Fecha:&nbsp; 25 febrero a las 17:00 horas<\/p>\n\n\n\n<p><strong>&#8220;C\u00f3mo combatir el coronavirus. Estrategias para la desinfecci\u00f3n en instalaciones y personas&#8221;<\/strong>&nbsp;por Ra\u00fal Cantero G\u00f3mez, responsable nacional S.P.P. de Optima Group<br>Plantear estrategias y sistemas que permitan una correcta desafecci\u00f3n de dependencias, instalaciones, maquinaria, \u00fatiles, as\u00ed como elementos que promuevan la reducci\u00f3n de riesgo de contaminaci\u00f3n por elementos personales.<\/p>\n\n\n\n<p><strong>&#8220;Prevenci\u00f3n de contagio por COVID en instalaciones de refrigeraci\u00f3n&#8221;&nbsp;<\/strong>por Maurizio Giuliani y Daniel Campa\u00f1a de Intarc\u00f3n.<\/p>\n\n\n\n<p>Casos de contagio por SARS &#8211; CoV-2 en las salas de trabajo de industria alimentaria. Influencia de la temperatura, humedad y escasa renovaci\u00f3n del aire como factor de riesgo para la transmisi\u00f3n. Influencia de los aerosoles en el contagio de la enfermedad. Factores de riesgo en las salas de manipulaci\u00f3n. Normativa y buenas pr\u00e1cticas sobre la ventilaci\u00f3n en salas de trabajo, etc&#8230;<\/p>\n\n\n\n<p><strong>link acceso jornada:&nbsp;<a href=\"https:\/\/aefyt.es\/index.php\/component\/icagenda\/54-como-combatir-el-coronavirus-estrategias-para-la-desinfeccion-en-instalaciones-y-personas-por-optima-grupo?Itemid=101&amp;date=2021-02-25-17-00\" target=\"_blank\" rel=\"noreferrer noopener\">AEFYT<\/a><\/strong><\/p>\n","protected":false},"excerpt":{"rendered":"<p>Fecha:\u00a0 25 febrero a las 17:00 horas<\/p>\n","protected":false},"author":1,"featured_media":3692,"comment_status":"open","ping_status":"open","sticky":false,"template":"","format":"standard","meta":{"footnotes":""},"categories":[23],"tags":[],"class_list":["post-3694","post","type-post","status-publish","format-standard","has-post-thumbnail","hentry","category-destacamos"],"yoast_head":"<!-- This site is optimized with the Yoast SEO plugin v27.2 - https:\/\/yoast.com\/product\/yoast-seo-wordpress\/ -->\n<title>Jornada Aefyt: &quot;Como combatir el coronavirus. Estrategias para la desinfecci\u00f3n en instalaciones&quot; - Actecir<\/title>\n<meta name=\"robots\" content=\"index, follow, max-snippet:-1, max-image-preview:large, max-video-preview:-1\" \/>\n<link rel=\"canonical\" href=\"https:\/\/www.actecir.cat\/es\/jornada-aefyt-como-combatir-el-coronavirus-estrategias-para-la-desinfeccion-en-instalaciones\/\" \/>\n<meta property=\"og:locale\" content=\"es_ES\" \/>\n<meta property=\"og:type\" content=\"article\" \/>\n<meta property=\"og:title\" content=\"Jornada Aefyt: &quot;Como combatir el coronavirus. Estrategias para la desinfecci\u00f3n en instalaciones&quot; - Actecir\" \/>\n<meta property=\"og:description\" content=\"Fecha:\u00a0 25 febrero a las 17:00 horas\" \/>\n<meta property=\"og:url\" content=\"https:\/\/www.actecir.cat\/es\/jornada-aefyt-como-combatir-el-coronavirus-estrategias-para-la-desinfeccion-en-instalaciones\/\" \/>\n<meta property=\"og:site_name\" content=\"Actecir\" \/>\n<meta property=\"article:published_time\" content=\"2021-02-16T16:17:00+00:00\" \/>\n<meta property=\"article:modified_time\" content=\"2023-04-27T16:18:37+00:00\" \/>\n<meta property=\"og:image\" content=\"https:\/\/www.actecir.cat\/wp-content\/uploads\/2023\/04\/image001_AEFYT_JORNADA_COVID_web.png\" \/>\n\t<meta property=\"og:image:width\" content=\"600\" \/>\n\t<meta property=\"og:image:height\" content=\"400\" \/>\n\t<meta property=\"og:image:type\" content=\"image\/png\" \/>\n<meta name=\"author\" content=\"Soporte web\" \/>\n<meta name=\"twitter:card\" content=\"summary_large_image\" \/>\n<meta name=\"twitter:creator\" content=\"@actecir\" \/>\n<meta name=\"twitter:site\" content=\"@actecir\" \/>\n<meta name=\"twitter:label1\" content=\"Escrito por\" \/>\n\t<meta name=\"twitter:data1\" content=\"Soporte web\" \/>\n\t<meta name=\"twitter:label2\" content=\"Tiempo de lectura\" \/>\n\t<meta name=\"twitter:data2\" content=\"1 minuto\" \/>\n<script type=\"application\/ld+json\" class=\"yoast-schema-graph\">{\"@context\":\"https:\/\/schema.org\",\"@graph\":[{\"@type\":\"Article\",\"@id\":\"https:\/\/www.actecir.cat\/es\/jornada-aefyt-como-combatir-el-coronavirus-estrategias-para-la-desinfeccion-en-instalaciones\/#article\",\"isPartOf\":{\"@id\":\"https:\/\/www.actecir.cat\/es\/jornada-aefyt-como-combatir-el-coronavirus-estrategias-para-la-desinfeccion-en-instalaciones\/\"},\"author\":{\"name\":\"Soporte web\",\"@id\":\"https:\/\/www.actecir.cat\/#\/schema\/person\/42edd02f0b1d55e19444428c5d321413\"},\"headline\":\"Jornada Aefyt: &#8220;Como combatir el coronavirus. Estrategias para la desinfecci\u00f3n en instalaciones&#8221;\",\"datePublished\":\"2021-02-16T16:17:00+00:00\",\"dateModified\":\"2023-04-27T16:18:37+00:00\",\"mainEntityOfPage\":{\"@id\":\"https:\/\/www.actecir.cat\/es\/jornada-aefyt-como-combatir-el-coronavirus-estrategias-para-la-desinfeccion-en-instalaciones\/\"},\"wordCount\":172,\"commentCount\":0,\"publisher\":{\"@id\":\"https:\/\/www.actecir.cat\/#organization\"},\"image\":{\"@id\":\"https:\/\/www.actecir.cat\/es\/jornada-aefyt-como-combatir-el-coronavirus-estrategias-para-la-desinfeccion-en-instalaciones\/#primaryimage\"},\"thumbnailUrl\":\"https:\/\/www.actecir.cat\/wp-content\/uploads\/2023\/04\/image001_AEFYT_JORNADA_COVID_web.png\",\"articleSection\":[\"Destacamos\"],\"inLanguage\":\"es\",\"potentialAction\":[{\"@type\":\"CommentAction\",\"name\":\"Comment\",\"target\":[\"https:\/\/www.actecir.cat\/es\/jornada-aefyt-como-combatir-el-coronavirus-estrategias-para-la-desinfeccion-en-instalaciones\/#respond\"]}]},{\"@type\":\"WebPage\",\"@id\":\"https:\/\/www.actecir.cat\/es\/jornada-aefyt-como-combatir-el-coronavirus-estrategias-para-la-desinfeccion-en-instalaciones\/\",\"url\":\"https:\/\/www.actecir.cat\/es\/jornada-aefyt-como-combatir-el-coronavirus-estrategias-para-la-desinfeccion-en-instalaciones\/\",\"name\":\"Jornada Aefyt: \\\"Como combatir el coronavirus. Estrategias para la desinfecci\u00f3n en instalaciones\\\" - Actecir\",\"isPartOf\":{\"@id\":\"https:\/\/www.actecir.cat\/#website\"},\"primaryImageOfPage\":{\"@id\":\"https:\/\/www.actecir.cat\/es\/jornada-aefyt-como-combatir-el-coronavirus-estrategias-para-la-desinfeccion-en-instalaciones\/#primaryimage\"},\"image\":{\"@id\":\"https:\/\/www.actecir.cat\/es\/jornada-aefyt-como-combatir-el-coronavirus-estrategias-para-la-desinfeccion-en-instalaciones\/#primaryimage\"},\"thumbnailUrl\":\"https:\/\/www.actecir.cat\/wp-content\/uploads\/2023\/04\/image001_AEFYT_JORNADA_COVID_web.png\",\"datePublished\":\"2021-02-16T16:17:00+00:00\",\"dateModified\":\"2023-04-27T16:18:37+00:00\",\"breadcrumb\":{\"@id\":\"https:\/\/www.actecir.cat\/es\/jornada-aefyt-como-combatir-el-coronavirus-estrategias-para-la-desinfeccion-en-instalaciones\/#breadcrumb\"},\"inLanguage\":\"es\",\"potentialAction\":[{\"@type\":\"ReadAction\",\"target\":[\"https:\/\/www.actecir.cat\/es\/jornada-aefyt-como-combatir-el-coronavirus-estrategias-para-la-desinfeccion-en-instalaciones\/\"]}]},{\"@type\":\"ImageObject\",\"inLanguage\":\"es\",\"@id\":\"https:\/\/www.actecir.cat\/es\/jornada-aefyt-como-combatir-el-coronavirus-estrategias-para-la-desinfeccion-en-instalaciones\/#primaryimage\",\"url\":\"https:\/\/www.actecir.cat\/wp-content\/uploads\/2023\/04\/image001_AEFYT_JORNADA_COVID_web.png\",\"contentUrl\":\"https:\/\/www.actecir.cat\/wp-content\/uploads\/2023\/04\/image001_AEFYT_JORNADA_COVID_web.png\",\"width\":600,\"height\":400},{\"@type\":\"BreadcrumbList\",\"@id\":\"https:\/\/www.actecir.cat\/es\/jornada-aefyt-como-combatir-el-coronavirus-estrategias-para-la-desinfeccion-en-instalaciones\/#breadcrumb\",\"itemListElement\":[{\"@type\":\"ListItem\",\"position\":1,\"name\":\"Inici\",\"item\":\"https:\/\/www.actecir.cat\/es\/\"},{\"@type\":\"ListItem\",\"position\":2,\"name\":\"Jornada Aefyt: &#8220;Como combatir el coronavirus. Estrategias para la desinfecci\u00f3n en instalaciones&#8221;\"}]},{\"@type\":\"WebSite\",\"@id\":\"https:\/\/www.actecir.cat\/#website\",\"url\":\"https:\/\/www.actecir.cat\/\",\"name\":\"Actecir\",\"description\":\"Associaci\u00f3 Catalana de T\u00e8cnics en Energia, Climatitzaci\u00f3 i Refrigeraci\u00f3\",\"publisher\":{\"@id\":\"https:\/\/www.actecir.cat\/#organization\"},\"potentialAction\":[{\"@type\":\"SearchAction\",\"target\":{\"@type\":\"EntryPoint\",\"urlTemplate\":\"https:\/\/www.actecir.cat\/?s={search_term_string}\"},\"query-input\":{\"@type\":\"PropertyValueSpecification\",\"valueRequired\":true,\"valueName\":\"search_term_string\"}}],\"inLanguage\":\"es\"},{\"@type\":\"Organization\",\"@id\":\"https:\/\/www.actecir.cat\/#organization\",\"name\":\"Actecir\",\"url\":\"https:\/\/www.actecir.cat\/\",\"logo\":{\"@type\":\"ImageObject\",\"inLanguage\":\"es\",\"@id\":\"https:\/\/www.actecir.cat\/#\/schema\/logo\/image\/\",\"url\":\"https:\/\/www.actecir.cat\/wp-content\/uploads\/2023\/04\/cropped-logo_actecir_60_alto.png\",\"contentUrl\":\"https:\/\/www.actecir.cat\/wp-content\/uploads\/2023\/04\/cropped-logo_actecir_60_alto.png\",\"width\":283,\"height\":80,\"caption\":\"Actecir\"},\"image\":{\"@id\":\"https:\/\/www.actecir.cat\/#\/schema\/logo\/image\/\"},\"sameAs\":[\"https:\/\/x.com\/actecir\",\"https:\/\/www.linkedin.com\/company\/actecir\"]},{\"@type\":\"Person\",\"@id\":\"https:\/\/www.actecir.cat\/#\/schema\/person\/42edd02f0b1d55e19444428c5d321413\",\"name\":\"Soporte web\",\"sameAs\":[\"https:\/\/www.actecir.cat\"],\"url\":\"https:\/\/www.actecir.cat\/es\/author\/maensystems\/\"}]}<\/script>\n<!-- \/ Yoast SEO plugin. -->","yoast_head_json":{"title":"Jornada Aefyt: \"Como combatir el coronavirus. Estrategias para la desinfecci\u00f3n en instalaciones\" - Actecir","robots":{"index":"index","follow":"follow","max-snippet":"max-snippet:-1","max-image-preview":"max-image-preview:large","max-video-preview":"max-video-preview:-1"},"canonical":"https:\/\/www.actecir.cat\/es\/jornada-aefyt-como-combatir-el-coronavirus-estrategias-para-la-desinfeccion-en-instalaciones\/","og_locale":"es_ES","og_type":"article","og_title":"Jornada Aefyt: \"Como combatir el coronavirus. Estrategias para la desinfecci\u00f3n en instalaciones\" - Actecir","og_description":"Fecha:\u00a0 25 febrero a las 17:00 horas","og_url":"https:\/\/www.actecir.cat\/es\/jornada-aefyt-como-combatir-el-coronavirus-estrategias-para-la-desinfeccion-en-instalaciones\/","og_site_name":"Actecir","article_published_time":"2021-02-16T16:17:00+00:00","article_modified_time":"2023-04-27T16:18:37+00:00","og_image":[{"width":600,"height":400,"url":"https:\/\/www.actecir.cat\/wp-content\/uploads\/2023\/04\/image001_AEFYT_JORNADA_COVID_web.png","type":"image\/png"}],"author":"Soporte web","twitter_card":"summary_large_image","twitter_creator":"@actecir","twitter_site":"@actecir","twitter_misc":{"Escrito por":"Soporte web","Tiempo de lectura":"1 minuto"},"schema":{"@context":"https:\/\/schema.org","@graph":[{"@type":"Article","@id":"https:\/\/www.actecir.cat\/es\/jornada-aefyt-como-combatir-el-coronavirus-estrategias-para-la-desinfeccion-en-instalaciones\/#article","isPartOf":{"@id":"https:\/\/www.actecir.cat\/es\/jornada-aefyt-como-combatir-el-coronavirus-estrategias-para-la-desinfeccion-en-instalaciones\/"},"author":{"name":"Soporte web","@id":"https:\/\/www.actecir.cat\/#\/schema\/person\/42edd02f0b1d55e19444428c5d321413"},"headline":"Jornada Aefyt: &#8220;Como combatir el coronavirus. Estrategias para la desinfecci\u00f3n en instalaciones&#8221;","datePublished":"2021-02-16T16:17:00+00:00","dateModified":"2023-04-27T16:18:37+00:00","mainEntityOfPage":{"@id":"https:\/\/www.actecir.cat\/es\/jornada-aefyt-como-combatir-el-coronavirus-estrategias-para-la-desinfeccion-en-instalaciones\/"},"wordCount":172,"commentCount":0,"publisher":{"@id":"https:\/\/www.actecir.cat\/#organization"},"image":{"@id":"https:\/\/www.actecir.cat\/es\/jornada-aefyt-como-combatir-el-coronavirus-estrategias-para-la-desinfeccion-en-instalaciones\/#primaryimage"},"thumbnailUrl":"https:\/\/www.actecir.cat\/wp-content\/uploads\/2023\/04\/image001_AEFYT_JORNADA_COVID_web.png","articleSection":["Destacamos"],"inLanguage":"es","potentialAction":[{"@type":"CommentAction","name":"Comment","target":["https:\/\/www.actecir.cat\/es\/jornada-aefyt-como-combatir-el-coronavirus-estrategias-para-la-desinfeccion-en-instalaciones\/#respond"]}]},{"@type":"WebPage","@id":"https:\/\/www.actecir.cat\/es\/jornada-aefyt-como-combatir-el-coronavirus-estrategias-para-la-desinfeccion-en-instalaciones\/","url":"https:\/\/www.actecir.cat\/es\/jornada-aefyt-como-combatir-el-coronavirus-estrategias-para-la-desinfeccion-en-instalaciones\/","name":"Jornada Aefyt: \"Como combatir el coronavirus. Estrategias para la desinfecci\u00f3n en instalaciones\" - Actecir","isPartOf":{"@id":"https:\/\/www.actecir.cat\/#website"},"primaryImageOfPage":{"@id":"https:\/\/www.actecir.cat\/es\/jornada-aefyt-como-combatir-el-coronavirus-estrategias-para-la-desinfeccion-en-instalaciones\/#primaryimage"},"image":{"@id":"https:\/\/www.actecir.cat\/es\/jornada-aefyt-como-combatir-el-coronavirus-estrategias-para-la-desinfeccion-en-instalaciones\/#primaryimage"},"thumbnailUrl":"https:\/\/www.actecir.cat\/wp-content\/uploads\/2023\/04\/image001_AEFYT_JORNADA_COVID_web.png","datePublished":"2021-02-16T16:17:00+00:00","dateModified":"2023-04-27T16:18:37+00:00","breadcrumb":{"@id":"https:\/\/www.actecir.cat\/es\/jornada-aefyt-como-combatir-el-coronavirus-estrategias-para-la-desinfeccion-en-instalaciones\/#breadcrumb"},"inLanguage":"es","potentialAction":[{"@type":"ReadAction","target":["https:\/\/www.actecir.cat\/es\/jornada-aefyt-como-combatir-el-coronavirus-estrategias-para-la-desinfeccion-en-instalaciones\/"]}]},{"@type":"ImageObject","inLanguage":"es","@id":"https:\/\/www.actecir.cat\/es\/jornada-aefyt-como-combatir-el-coronavirus-estrategias-para-la-desinfeccion-en-instalaciones\/#primaryimage","url":"https:\/\/www.actecir.cat\/wp-content\/uploads\/2023\/04\/image001_AEFYT_JORNADA_COVID_web.png","contentUrl":"https:\/\/www.actecir.cat\/wp-content\/uploads\/2023\/04\/image001_AEFYT_JORNADA_COVID_web.png","width":600,"height":400},{"@type":"BreadcrumbList","@id":"https:\/\/www.actecir.cat\/es\/jornada-aefyt-como-combatir-el-coronavirus-estrategias-para-la-desinfeccion-en-instalaciones\/#breadcrumb","itemListElement":[{"@type":"ListItem","position":1,"name":"Inici","item":"https:\/\/www.actecir.cat\/es\/"},{"@type":"ListItem","position":2,"name":"Jornada Aefyt: &#8220;Como combatir el coronavirus. Estrategias para la desinfecci\u00f3n en instalaciones&#8221;"}]},{"@type":"WebSite","@id":"https:\/\/www.actecir.cat\/#website","url":"https:\/\/www.actecir.cat\/","name":"Actecir","description":"Associaci\u00f3 Catalana de T\u00e8cnics en Energia, Climatitzaci\u00f3 i Refrigeraci\u00f3","publisher":{"@id":"https:\/\/www.actecir.cat\/#organization"},"potentialAction":[{"@type":"SearchAction","target":{"@type":"EntryPoint","urlTemplate":"https:\/\/www.actecir.cat\/?s={search_term_string}"},"query-input":{"@type":"PropertyValueSpecification","valueRequired":true,"valueName":"search_term_string"}}],"inLanguage":"es"},{"@type":"Organization","@id":"https:\/\/www.actecir.cat\/#organization","name":"Actecir","url":"https:\/\/www.actecir.cat\/","logo":{"@type":"ImageObject","inLanguage":"es","@id":"https:\/\/www.actecir.cat\/#\/schema\/logo\/image\/","url":"https:\/\/www.actecir.cat\/wp-content\/uploads\/2023\/04\/cropped-logo_actecir_60_alto.png","contentUrl":"https:\/\/www.actecir.cat\/wp-content\/uploads\/2023\/04\/cropped-logo_actecir_60_alto.png","width":283,"height":80,"caption":"Actecir"},"image":{"@id":"https:\/\/www.actecir.cat\/#\/schema\/logo\/image\/"},"sameAs":["https:\/\/x.com\/actecir","https:\/\/www.linkedin.com\/company\/actecir"]},{"@type":"Person","@id":"https:\/\/www.actecir.cat\/#\/schema\/person\/42edd02f0b1d55e19444428c5d321413","name":"Soporte web","sameAs":["https:\/\/www.actecir.cat"],"url":"https:\/\/www.actecir.cat\/es\/author\/maensystems\/"}]}},"_links":{"self":[{"href":"https:\/\/www.actecir.cat\/es\/wp-json\/wp\/v2\/posts\/3694","targetHints":{"allow":["GET"]}}],"collection":[{"href":"https:\/\/www.actecir.cat\/es\/wp-json\/wp\/v2\/posts"}],"about":[{"href":"https:\/\/www.actecir.cat\/es\/wp-json\/wp\/v2\/types\/post"}],"author":[{"embeddable":true,"href":"https:\/\/www.actecir.cat\/es\/wp-json\/wp\/v2\/users\/1"}],"replies":[{"embeddable":true,"href":"https:\/\/www.actecir.cat\/es\/wp-json\/wp\/v2\/comments?post=3694"}],"version-history":[{"count":1,"href":"https:\/\/www.actecir.cat\/es\/wp-json\/wp\/v2\/posts\/3694\/revisions"}],"predecessor-version":[{"id":3695,"href":"https:\/\/www.actecir.cat\/es\/wp-json\/wp\/v2\/posts\/3694\/revisions\/3695"}],"wp:featuredmedia":[{"embeddable":true,"href":"https:\/\/www.actecir.cat\/es\/wp-json\/wp\/v2\/media\/3692"}],"wp:attachment":[{"href":"https:\/\/www.actecir.cat\/es\/wp-json\/wp\/v2\/media?parent=3694"}],"wp:term":[{"taxonomy":"category","embeddable":true,"href":"https:\/\/www.actecir.cat\/es\/wp-json\/wp\/v2\/categories?post=3694"},{"taxonomy":"post_tag","embeddable":true,"href":"https:\/\/www.actecir.cat\/es\/wp-json\/wp\/v2\/tags?post=3694"}],"curies":[{"name":"wp","href":"https:\/\/api.w.org\/{rel}","templated":true}]}}