{"id":3700,"date":"2021-02-15T16:19:00","date_gmt":"2021-02-15T15:19:00","guid":{"rendered":"https:\/\/www.actecir.cat\/?p=3700"},"modified":"2023-07-07T12:46:13","modified_gmt":"2023-07-07T10:46:13","slug":"3r-curso-de-instalaciones-frigorificas-de-co2","status":"publish","type":"post","link":"https:\/\/www.actecir.cat\/es\/3r-curso-de-instalaciones-frigorificas-de-co2\/","title":{"rendered":"3r CURSO DE INSTALACIONES FRIGOR\u00cdFICAS DE CO2"},"content":{"rendered":"\n<p>Fechas: del 2 de Marzo al 27 de Abril 2021<\/p>\n\n\n\n<p><strong>3r CURSO DE INSTALACIONES FRIGOR\u00cdFICAS DE CO2<\/strong><\/p>\n\n\n\n<ul class=\"wp-block-list\">\n<li>Organitzado por: ACTECIR y AEFYT<\/li>\n\n\n\n<li>Modalidat: Online<\/li>\n\n\n\n<li>Fechas: del 2 de Marzo al 27 de Abril&nbsp;<\/li>\n\n\n\n<li>Horario: de 16:00 a 20:00 horas<\/li>\n<\/ul>\n\n\n\n<p><\/p>\n\n\n\n<p>&nbsp;<strong>CALENDARIO:<\/strong><\/p>\n\n\n\n<p>Curso de 30 hores lectivas, distribuidas en 8 sesiones de 3h i 45 minutos cadauna. Cada sessi\u00f3n se&nbsp; impartir\u00e1 los martes seg\u00fan calendario de 16 a 20 horas.<\/p>\n\n\n\n<ul class=\"wp-block-list\">\n<li>Martes 02 marzo de 2021<\/li>\n\n\n\n<li>Martes 09 marzo de 2021<\/li>\n\n\n\n<li>Martes 16 marzo de 2021<\/li>\n\n\n\n<li>Martes 23 marzo de 2021<\/li>\n\n\n\n<li>Martes 06 abril de 2021<\/li>\n\n\n\n<li>Martes 13 abril de 2021<\/li>\n\n\n\n<li>Martes 20 abril de 2021<\/li>\n\n\n\n<li>Martes 27 abril de 2021<\/li>\n<\/ul>\n\n\n\n<p><\/p>\n\n\n\n<p><strong>DIRIGIDO A:<\/strong><\/p>\n\n\n\n<p>Va dirigido especialmente a personal de oficina t\u00e9cnica, puesta en marcha y mantenimento de empresas frigoristas y similares.<\/p>\n\n\n\n<p><strong>PROFESOR:<\/strong><\/p>\n\n\n\n<p>Ser\u00e1 impartido por un reconocido experto en la materia,&nbsp;<\/p>\n\n\n\n<p>D. Ricardo Gim\u00e9nez L\u00f3pez, Ingeniero, con acreditada experiencia t\u00e9cnica y docente, avalada por su labor profesional en los departamentos de ingenier\u00eda de grandes empresas Instaladoras de Fr\u00edo y como Profesor de Fr\u00edo Industrial en la Escuela T\u00e9cnica Profesional del Clot. Integrante del Grupo de Trabajo redactor del RSIF y autor de diversas publicaciones relacionadas con la tecnolog\u00eda frigor\u00edfica.<\/p>\n\n\n\n<p>DIRECTOR-COORDINADOR:&nbsp;D. Manuel Lam\u00faa Soldevilla, Gerente de AEFYT<\/p>\n\n\n\n<p><strong>PRECIO:<\/strong>&nbsp;<\/p>\n\n\n\n<ul class=\"wp-block-list\">\n<li>Precio por inscripci\u00f3n de personal de Empresa Asociada a ACTECIR-AEFYT:<br>500,00 \u20ac (como extensi\u00f3n de cuota por formaci\u00f3n).<\/li>\n\n\n\n<li>Precio por inscripci\u00f3n de personal de Empresa NO Asociada<br>a ACTECIR-AEFYT: 700,00 \u20ac<\/li>\n<\/ul>\n\n\n\n<p><\/p>\n\n\n\n<p><strong>INFORMACI\u00d3N:<\/strong><\/p>\n\n\n\n<p>Para m\u00e1s informaci\u00f3n llamar o enviar mail: Tel: 639 465 899 \/ 915 635 992<\/p>\n\n\n\n<p>&nbsp;<a href=\"mailto:actecir@actecir.cat\">actecir@actecir.cat<\/a>&nbsp;\/&nbsp;<a href=\"mailto:aefitinfo@aefyt.es\">aefytinfo@aefyt.es<\/a>&nbsp;<\/p>\n\n\n\n<p>Descarga el d\u00edptico informativo aqu\u00ed:&nbsp;<a href=\"https:\/\/www.actecir.cat\/wp-content\/uploads\/2023\/07\/DIPTICO_CO2_-_Marzo2021.pdf\">DIPTICO&nbsp; INFORMATIVO<\/a><\/p>\n\n\n\n<p><strong>TEMARIO:<\/strong><\/p>\n\n\n\n<ul class=\"wp-block-list\">\n<li><strong><em>Tema 1. Introducci\u00f3n al anh\u00eddrido carb\u00f3nico<br><\/em><\/strong><em>Generalidades. Obtenci\u00f3n. Utilizaci\u00f3n. Propiedades. Historia. Efecto invernadero. Disminuci\u00f3n de gases efecto invernadero. Comparaci\u00f3n de refrigerantes. Diagrama ent\u00e1lpico. Cambio de fases.<\/em><\/li>\n\n\n\n<li><em><\/em><strong><em>Tema 2. Utilizaci\u00f3n<br><\/em><\/strong><em>Co<sub>2<\/sub>&nbsp;y el agua. Aceite y CO<sub>2<\/sub>. Recuperaci\u00f3n de aceite. Almacenamiento del CO<sub>2<\/sub>.<\/em><\/li>\n\n\n\n<li><strong><em>Tema 3. Seguridad<br><\/em><\/strong><em>Generalidades. Conocimientos b\u00e1sicos. Evaluaci\u00f3n de riesgos. Medidas de seguridad. Aplicaci\u00f3n reglamentos. Verificaci\u00f3n.<\/em><\/li>\n\n\n\n<li><strong><em>Tema 4. Sistemas<br><\/em><\/strong><em>Introducci\u00f3n. Ciclo transcr\u00edtico. Presi\u00f3n descarga \u00f3ptima. Ciclo transcr\u00edtico dos etapas. Ciclo transcr\u00edtico con eyector.<\/em><\/li>\n\n\n\n<li><em><\/em><strong><em>Tema 5. Ciclo subcr\u00edtico<br><\/em><\/strong><em>Introducci\u00f3n. Instalaci\u00f3n en cascada. C\u00e1lculo fusi\u00f3n escarcha con calor latente y calor sensible. Maniobra y control.<\/em><\/li>\n\n\n\n<li><strong><em>Tema 6.&nbsp;<\/em><\/strong><strong>Equipos<br><\/strong>Introducci\u00f3n. Compresores. Separadores de aceite. Separadores aspiraci\u00f3n. Gas cooler. Condensadores. Evaporadores. Dispositivos de expansi\u00f3n.<\/li>\n\n\n\n<li><strong><em>Tema 7. Tuber\u00eda y Valvuler\u00eda<br><\/em><\/strong><em>Montaje tuber\u00eda. Velocidades recomendadas. Real Decreto 709\/2015. Normativa aplicable. Tubo de cobre. Tubo de acero. V\u00e1lvulas de seguridad.<\/em><\/li>\n\n\n\n<li><em><\/em><strong><em>Tema 8. Circuitos<br><\/em><\/strong><em>Fluido secundario. Bombas de refrigerante. Sistema mixto. M\u00e9todos desescarche.<\/em><\/li>\n\n\n\n<li><em><\/em><strong><em>Tema 9. Montaje y mantenimiento<br><\/em><\/strong><em>Recepci\u00f3n de materiales. Limpieza. Emplazamiento. Ejecuci\u00f3n. V\u00e1lvulas. Pruebas presi\u00f3n. Procedimiento de vac\u00edo. Puesta en marcha. Mantenimiento.<\/em><\/li>\n\n\n\n<li><em><\/em><strong><em>Tema 10. Eficiencia Energ\u00e9tica<br><\/em><\/strong><em>Instalaciones transcr\u00edticas. COP en instalaciones transcr\u00edticas. Bombas de calor. Instalaciones subcr\u00edticas. COP en instalaciones subcr\u00edticas. Recuperaci\u00f3n de calor.<\/em><\/li>\n\n\n\n<li><strong><em>Tema 11. Casos pr\u00e1cticos<br><\/em><\/strong><em>Ejercicio 1 Transcr\u00edtico dos etapas<br><\/em><em>Ejercicio 2 Transcr\u00edtico con eyector<br><\/em><em>Ejercicio 3 Subcr\u00edtico<\/em><\/li>\n\n\n\n<li><em>Con dimensionado de los distintos componentes, automatismos y tuber\u00edas<\/em><\/li>\n<\/ul>\n","protected":false},"excerpt":{"rendered":"<p>Fechas: del 2 de Marzo al 27 de Abril 2021<\/p>\n","protected":false},"author":1,"featured_media":3698,"comment_status":"open","ping_status":"open","sticky":false,"template":"","format":"standard","meta":{"footnotes":""},"categories":[23],"tags":[],"class_list":["post-3700","post","type-post","status-publish","format-standard","has-post-thumbnail","hentry","category-destacamos"],"yoast_head":"<!-- This site is optimized with the Yoast SEO plugin v27.2 - https:\/\/yoast.com\/product\/yoast-seo-wordpress\/ -->\n<title>3r CURSO DE INSTALACIONES FRIGOR\u00cdFICAS DE CO2 - Actecir<\/title>\n<meta name=\"robots\" content=\"index, follow, max-snippet:-1, max-image-preview:large, max-video-preview:-1\" \/>\n<link rel=\"canonical\" href=\"https:\/\/www.actecir.cat\/es\/3r-curso-de-instalaciones-frigorificas-de-co2\/\" \/>\n<meta property=\"og:locale\" content=\"es_ES\" \/>\n<meta property=\"og:type\" content=\"article\" \/>\n<meta property=\"og:title\" content=\"3r CURSO DE INSTALACIONES FRIGOR\u00cdFICAS DE CO2 - Actecir\" \/>\n<meta property=\"og:description\" content=\"Fechas: del 2 de Marzo al 27 de Abril 2021\" \/>\n<meta property=\"og:url\" content=\"https:\/\/www.actecir.cat\/es\/3r-curso-de-instalaciones-frigorificas-de-co2\/\" \/>\n<meta property=\"og:site_name\" content=\"Actecir\" \/>\n<meta property=\"article:published_time\" content=\"2021-02-15T15:19:00+00:00\" \/>\n<meta property=\"article:modified_time\" content=\"2023-07-07T10:46:13+00:00\" \/>\n<meta property=\"og:image\" content=\"https:\/\/www.actecir.cat\/wp-content\/uploads\/2023\/04\/foto-CO2_web_catalan.png\" \/>\n\t<meta property=\"og:image:width\" content=\"600\" \/>\n\t<meta property=\"og:image:height\" content=\"400\" \/>\n\t<meta property=\"og:image:type\" content=\"image\/png\" \/>\n<meta name=\"author\" content=\"Soporte web\" \/>\n<meta name=\"twitter:card\" content=\"summary_large_image\" \/>\n<meta name=\"twitter:creator\" content=\"@actecir\" \/>\n<meta name=\"twitter:site\" content=\"@actecir\" \/>\n<meta name=\"twitter:label1\" content=\"Escrito por\" \/>\n\t<meta name=\"twitter:data1\" content=\"Soporte web\" \/>\n\t<meta name=\"twitter:label2\" content=\"Tiempo de lectura\" \/>\n\t<meta name=\"twitter:data2\" content=\"2 minutos\" \/>\n<script type=\"application\/ld+json\" class=\"yoast-schema-graph\">{\"@context\":\"https:\/\/schema.org\",\"@graph\":[{\"@type\":\"Article\",\"@id\":\"https:\/\/www.actecir.cat\/es\/3r-curso-de-instalaciones-frigorificas-de-co2\/#article\",\"isPartOf\":{\"@id\":\"https:\/\/www.actecir.cat\/es\/3r-curso-de-instalaciones-frigorificas-de-co2\/\"},\"author\":{\"name\":\"Soporte web\",\"@id\":\"https:\/\/www.actecir.cat\/#\/schema\/person\/42edd02f0b1d55e19444428c5d321413\"},\"headline\":\"3r CURSO DE INSTALACIONES FRIGOR\u00cdFICAS DE CO2\",\"datePublished\":\"2021-02-15T15:19:00+00:00\",\"dateModified\":\"2023-07-07T10:46:13+00:00\",\"mainEntityOfPage\":{\"@id\":\"https:\/\/www.actecir.cat\/es\/3r-curso-de-instalaciones-frigorificas-de-co2\/\"},\"wordCount\":518,\"commentCount\":0,\"publisher\":{\"@id\":\"https:\/\/www.actecir.cat\/#organization\"},\"image\":{\"@id\":\"https:\/\/www.actecir.cat\/es\/3r-curso-de-instalaciones-frigorificas-de-co2\/#primaryimage\"},\"thumbnailUrl\":\"https:\/\/www.actecir.cat\/wp-content\/uploads\/2023\/04\/foto-CO2_web_catalan.png\",\"articleSection\":[\"Destacamos\"],\"inLanguage\":\"es\",\"potentialAction\":[{\"@type\":\"CommentAction\",\"name\":\"Comment\",\"target\":[\"https:\/\/www.actecir.cat\/es\/3r-curso-de-instalaciones-frigorificas-de-co2\/#respond\"]}]},{\"@type\":\"WebPage\",\"@id\":\"https:\/\/www.actecir.cat\/es\/3r-curso-de-instalaciones-frigorificas-de-co2\/\",\"url\":\"https:\/\/www.actecir.cat\/es\/3r-curso-de-instalaciones-frigorificas-de-co2\/\",\"name\":\"3r CURSO DE INSTALACIONES FRIGOR\u00cdFICAS DE CO2 - Actecir\",\"isPartOf\":{\"@id\":\"https:\/\/www.actecir.cat\/#website\"},\"primaryImageOfPage\":{\"@id\":\"https:\/\/www.actecir.cat\/es\/3r-curso-de-instalaciones-frigorificas-de-co2\/#primaryimage\"},\"image\":{\"@id\":\"https:\/\/www.actecir.cat\/es\/3r-curso-de-instalaciones-frigorificas-de-co2\/#primaryimage\"},\"thumbnailUrl\":\"https:\/\/www.actecir.cat\/wp-content\/uploads\/2023\/04\/foto-CO2_web_catalan.png\",\"datePublished\":\"2021-02-15T15:19:00+00:00\",\"dateModified\":\"2023-07-07T10:46:13+00:00\",\"breadcrumb\":{\"@id\":\"https:\/\/www.actecir.cat\/es\/3r-curso-de-instalaciones-frigorificas-de-co2\/#breadcrumb\"},\"inLanguage\":\"es\",\"potentialAction\":[{\"@type\":\"ReadAction\",\"target\":[\"https:\/\/www.actecir.cat\/es\/3r-curso-de-instalaciones-frigorificas-de-co2\/\"]}]},{\"@type\":\"ImageObject\",\"inLanguage\":\"es\",\"@id\":\"https:\/\/www.actecir.cat\/es\/3r-curso-de-instalaciones-frigorificas-de-co2\/#primaryimage\",\"url\":\"https:\/\/www.actecir.cat\/wp-content\/uploads\/2023\/04\/foto-CO2_web_catalan.png\",\"contentUrl\":\"https:\/\/www.actecir.cat\/wp-content\/uploads\/2023\/04\/foto-CO2_web_catalan.png\",\"width\":600,\"height\":400},{\"@type\":\"BreadcrumbList\",\"@id\":\"https:\/\/www.actecir.cat\/es\/3r-curso-de-instalaciones-frigorificas-de-co2\/#breadcrumb\",\"itemListElement\":[{\"@type\":\"ListItem\",\"position\":1,\"name\":\"Inici\",\"item\":\"https:\/\/www.actecir.cat\/es\/\"},{\"@type\":\"ListItem\",\"position\":2,\"name\":\"3r CURSO DE INSTALACIONES FRIGOR\u00cdFICAS DE CO2\"}]},{\"@type\":\"WebSite\",\"@id\":\"https:\/\/www.actecir.cat\/#website\",\"url\":\"https:\/\/www.actecir.cat\/\",\"name\":\"Actecir\",\"description\":\"Associaci\u00f3 Catalana de T\u00e8cnics en Energia, Climatitzaci\u00f3 i Refrigeraci\u00f3\",\"publisher\":{\"@id\":\"https:\/\/www.actecir.cat\/#organization\"},\"potentialAction\":[{\"@type\":\"SearchAction\",\"target\":{\"@type\":\"EntryPoint\",\"urlTemplate\":\"https:\/\/www.actecir.cat\/?s={search_term_string}\"},\"query-input\":{\"@type\":\"PropertyValueSpecification\",\"valueRequired\":true,\"valueName\":\"search_term_string\"}}],\"inLanguage\":\"es\"},{\"@type\":\"Organization\",\"@id\":\"https:\/\/www.actecir.cat\/#organization\",\"name\":\"Actecir\",\"url\":\"https:\/\/www.actecir.cat\/\",\"logo\":{\"@type\":\"ImageObject\",\"inLanguage\":\"es\",\"@id\":\"https:\/\/www.actecir.cat\/#\/schema\/logo\/image\/\",\"url\":\"https:\/\/www.actecir.cat\/wp-content\/uploads\/2023\/04\/cropped-logo_actecir_60_alto.png\",\"contentUrl\":\"https:\/\/www.actecir.cat\/wp-content\/uploads\/2023\/04\/cropped-logo_actecir_60_alto.png\",\"width\":283,\"height\":80,\"caption\":\"Actecir\"},\"image\":{\"@id\":\"https:\/\/www.actecir.cat\/#\/schema\/logo\/image\/\"},\"sameAs\":[\"https:\/\/x.com\/actecir\",\"https:\/\/www.linkedin.com\/company\/actecir\"]},{\"@type\":\"Person\",\"@id\":\"https:\/\/www.actecir.cat\/#\/schema\/person\/42edd02f0b1d55e19444428c5d321413\",\"name\":\"Soporte web\",\"sameAs\":[\"https:\/\/www.actecir.cat\"],\"url\":\"https:\/\/www.actecir.cat\/es\/author\/maensystems\/\"}]}<\/script>\n<!-- \/ Yoast SEO plugin. -->","yoast_head_json":{"title":"3r CURSO DE INSTALACIONES FRIGOR\u00cdFICAS DE CO2 - Actecir","robots":{"index":"index","follow":"follow","max-snippet":"max-snippet:-1","max-image-preview":"max-image-preview:large","max-video-preview":"max-video-preview:-1"},"canonical":"https:\/\/www.actecir.cat\/es\/3r-curso-de-instalaciones-frigorificas-de-co2\/","og_locale":"es_ES","og_type":"article","og_title":"3r CURSO DE INSTALACIONES FRIGOR\u00cdFICAS DE CO2 - Actecir","og_description":"Fechas: del 2 de Marzo al 27 de Abril 2021","og_url":"https:\/\/www.actecir.cat\/es\/3r-curso-de-instalaciones-frigorificas-de-co2\/","og_site_name":"Actecir","article_published_time":"2021-02-15T15:19:00+00:00","article_modified_time":"2023-07-07T10:46:13+00:00","og_image":[{"width":600,"height":400,"url":"https:\/\/www.actecir.cat\/wp-content\/uploads\/2023\/04\/foto-CO2_web_catalan.png","type":"image\/png"}],"author":"Soporte web","twitter_card":"summary_large_image","twitter_creator":"@actecir","twitter_site":"@actecir","twitter_misc":{"Escrito por":"Soporte web","Tiempo de lectura":"2 minutos"},"schema":{"@context":"https:\/\/schema.org","@graph":[{"@type":"Article","@id":"https:\/\/www.actecir.cat\/es\/3r-curso-de-instalaciones-frigorificas-de-co2\/#article","isPartOf":{"@id":"https:\/\/www.actecir.cat\/es\/3r-curso-de-instalaciones-frigorificas-de-co2\/"},"author":{"name":"Soporte web","@id":"https:\/\/www.actecir.cat\/#\/schema\/person\/42edd02f0b1d55e19444428c5d321413"},"headline":"3r CURSO DE INSTALACIONES FRIGOR\u00cdFICAS DE CO2","datePublished":"2021-02-15T15:19:00+00:00","dateModified":"2023-07-07T10:46:13+00:00","mainEntityOfPage":{"@id":"https:\/\/www.actecir.cat\/es\/3r-curso-de-instalaciones-frigorificas-de-co2\/"},"wordCount":518,"commentCount":0,"publisher":{"@id":"https:\/\/www.actecir.cat\/#organization"},"image":{"@id":"https:\/\/www.actecir.cat\/es\/3r-curso-de-instalaciones-frigorificas-de-co2\/#primaryimage"},"thumbnailUrl":"https:\/\/www.actecir.cat\/wp-content\/uploads\/2023\/04\/foto-CO2_web_catalan.png","articleSection":["Destacamos"],"inLanguage":"es","potentialAction":[{"@type":"CommentAction","name":"Comment","target":["https:\/\/www.actecir.cat\/es\/3r-curso-de-instalaciones-frigorificas-de-co2\/#respond"]}]},{"@type":"WebPage","@id":"https:\/\/www.actecir.cat\/es\/3r-curso-de-instalaciones-frigorificas-de-co2\/","url":"https:\/\/www.actecir.cat\/es\/3r-curso-de-instalaciones-frigorificas-de-co2\/","name":"3r CURSO DE INSTALACIONES FRIGOR\u00cdFICAS DE CO2 - Actecir","isPartOf":{"@id":"https:\/\/www.actecir.cat\/#website"},"primaryImageOfPage":{"@id":"https:\/\/www.actecir.cat\/es\/3r-curso-de-instalaciones-frigorificas-de-co2\/#primaryimage"},"image":{"@id":"https:\/\/www.actecir.cat\/es\/3r-curso-de-instalaciones-frigorificas-de-co2\/#primaryimage"},"thumbnailUrl":"https:\/\/www.actecir.cat\/wp-content\/uploads\/2023\/04\/foto-CO2_web_catalan.png","datePublished":"2021-02-15T15:19:00+00:00","dateModified":"2023-07-07T10:46:13+00:00","breadcrumb":{"@id":"https:\/\/www.actecir.cat\/es\/3r-curso-de-instalaciones-frigorificas-de-co2\/#breadcrumb"},"inLanguage":"es","potentialAction":[{"@type":"ReadAction","target":["https:\/\/www.actecir.cat\/es\/3r-curso-de-instalaciones-frigorificas-de-co2\/"]}]},{"@type":"ImageObject","inLanguage":"es","@id":"https:\/\/www.actecir.cat\/es\/3r-curso-de-instalaciones-frigorificas-de-co2\/#primaryimage","url":"https:\/\/www.actecir.cat\/wp-content\/uploads\/2023\/04\/foto-CO2_web_catalan.png","contentUrl":"https:\/\/www.actecir.cat\/wp-content\/uploads\/2023\/04\/foto-CO2_web_catalan.png","width":600,"height":400},{"@type":"BreadcrumbList","@id":"https:\/\/www.actecir.cat\/es\/3r-curso-de-instalaciones-frigorificas-de-co2\/#breadcrumb","itemListElement":[{"@type":"ListItem","position":1,"name":"Inici","item":"https:\/\/www.actecir.cat\/es\/"},{"@type":"ListItem","position":2,"name":"3r CURSO DE INSTALACIONES FRIGOR\u00cdFICAS DE CO2"}]},{"@type":"WebSite","@id":"https:\/\/www.actecir.cat\/#website","url":"https:\/\/www.actecir.cat\/","name":"Actecir","description":"Associaci\u00f3 Catalana de T\u00e8cnics en Energia, Climatitzaci\u00f3 i Refrigeraci\u00f3","publisher":{"@id":"https:\/\/www.actecir.cat\/#organization"},"potentialAction":[{"@type":"SearchAction","target":{"@type":"EntryPoint","urlTemplate":"https:\/\/www.actecir.cat\/?s={search_term_string}"},"query-input":{"@type":"PropertyValueSpecification","valueRequired":true,"valueName":"search_term_string"}}],"inLanguage":"es"},{"@type":"Organization","@id":"https:\/\/www.actecir.cat\/#organization","name":"Actecir","url":"https:\/\/www.actecir.cat\/","logo":{"@type":"ImageObject","inLanguage":"es","@id":"https:\/\/www.actecir.cat\/#\/schema\/logo\/image\/","url":"https:\/\/www.actecir.cat\/wp-content\/uploads\/2023\/04\/cropped-logo_actecir_60_alto.png","contentUrl":"https:\/\/www.actecir.cat\/wp-content\/uploads\/2023\/04\/cropped-logo_actecir_60_alto.png","width":283,"height":80,"caption":"Actecir"},"image":{"@id":"https:\/\/www.actecir.cat\/#\/schema\/logo\/image\/"},"sameAs":["https:\/\/x.com\/actecir","https:\/\/www.linkedin.com\/company\/actecir"]},{"@type":"Person","@id":"https:\/\/www.actecir.cat\/#\/schema\/person\/42edd02f0b1d55e19444428c5d321413","name":"Soporte web","sameAs":["https:\/\/www.actecir.cat"],"url":"https:\/\/www.actecir.cat\/es\/author\/maensystems\/"}]}},"_links":{"self":[{"href":"https:\/\/www.actecir.cat\/es\/wp-json\/wp\/v2\/posts\/3700","targetHints":{"allow":["GET"]}}],"collection":[{"href":"https:\/\/www.actecir.cat\/es\/wp-json\/wp\/v2\/posts"}],"about":[{"href":"https:\/\/www.actecir.cat\/es\/wp-json\/wp\/v2\/types\/post"}],"author":[{"embeddable":true,"href":"https:\/\/www.actecir.cat\/es\/wp-json\/wp\/v2\/users\/1"}],"replies":[{"embeddable":true,"href":"https:\/\/www.actecir.cat\/es\/wp-json\/wp\/v2\/comments?post=3700"}],"version-history":[{"count":2,"href":"https:\/\/www.actecir.cat\/es\/wp-json\/wp\/v2\/posts\/3700\/revisions"}],"predecessor-version":[{"id":10899,"href":"https:\/\/www.actecir.cat\/es\/wp-json\/wp\/v2\/posts\/3700\/revisions\/10899"}],"wp:featuredmedia":[{"embeddable":true,"href":"https:\/\/www.actecir.cat\/es\/wp-json\/wp\/v2\/media\/3698"}],"wp:attachment":[{"href":"https:\/\/www.actecir.cat\/es\/wp-json\/wp\/v2\/media?parent=3700"}],"wp:term":[{"taxonomy":"category","embeddable":true,"href":"https:\/\/www.actecir.cat\/es\/wp-json\/wp\/v2\/categories?post=3700"},{"taxonomy":"post_tag","embeddable":true,"href":"https:\/\/www.actecir.cat\/es\/wp-json\/wp\/v2\/tags?post=3700"}],"curies":[{"name":"wp","href":"https:\/\/api.w.org\/{rel}","templated":true}]}}