{"id":3706,"date":"2021-02-12T16:22:00","date_gmt":"2021-02-12T15:22:00","guid":{"rendered":"https:\/\/www.actecir.cat\/?p=3706"},"modified":"2023-07-07T16:00:10","modified_gmt":"2023-07-07T14:00:10","slug":"webinar-airzone-para-aerotermia-y-calefaccion","status":"publish","type":"post","link":"https:\/\/www.actecir.cat\/es\/webinar-airzone-para-aerotermia-y-calefaccion\/","title":{"rendered":"Webinar Airzone para aerotermia y calefacci\u00f3n"},"content":{"rendered":"\n<p>Fecha: 18 de febrero a las 16:00 horas<\/p>\n\n\n\n<p>Descubre las nuevas soluciones de control y productos de&nbsp;<strong>Airzone para Aerotermia y Calefacci\u00f3n,&nbsp;<\/strong>en este webinar que tendr\u00e1 lugar el pr\u00f3ximo&nbsp;<strong>Jueves 18 de Febrero a las 16:00h<\/strong>.&nbsp;<\/p>\n\n\n\n<p>Con Airzone es posible el control inteligente de la unidad de climatizaci\u00f3n centralizada o de equipos individuales.&nbsp;Ya sea una instalaci\u00f3n con&nbsp;<strong>suelo radiante<\/strong>&nbsp;o una con&nbsp;<strong>radiadores<\/strong>, Airzone te permite el control zonificado de tu calefacci\u00f3n adem\u00e1s de las siguientes ventajas:<\/p>\n\n\n\n<ul class=\"wp-block-list\">\n<li>Control a distancia<\/li>\n\n\n\n<li>Integraci\u00f3n dom\u00f3tica<\/li>\n\n\n\n<li>Soluci\u00f3n est\u00e9tica<\/li>\n\n\n\n<li>Gesti\u00f3n de la producci\u00f3n<\/li>\n<\/ul>\n\n\n\n<p><\/p>\n\n\n\n<p>Inscr\u00edbete aqu\u00ed:&nbsp;<a href=\"https:\/\/www.airzonecontrol.com\/ib\/es\/academy\/airzone-para-aerotermias-y-calefaccin\/251\/\" target=\"_blank\" rel=\"noreferrer noopener\">Airzone para Aerotermias y Calefacci\u00f3n | HVAC Control Solutions (airzonecontrol.com)<\/a><\/p>\n","protected":false},"excerpt":{"rendered":"<p>Fecha: 18 de febrero a las 16:00 horas<\/p>\n","protected":false},"author":1,"featured_media":3704,"comment_status":"open","ping_status":"open","sticky":false,"template":"","format":"standard","meta":{"footnotes":""},"categories":[23],"tags":[],"class_list":["post-3706","post","type-post","status-publish","format-standard","has-post-thumbnail","hentry","category-destacamos"],"yoast_head":"<!-- This site is optimized with the Yoast SEO plugin v27.2 - https:\/\/yoast.com\/product\/yoast-seo-wordpress\/ -->\n<title>Webinar Airzone para aerotermia y calefacci\u00f3n - Actecir<\/title>\n<meta name=\"robots\" content=\"index, follow, max-snippet:-1, max-image-preview:large, max-video-preview:-1\" \/>\n<link rel=\"canonical\" href=\"https:\/\/www.actecir.cat\/es\/webinar-airzone-para-aerotermia-y-calefaccion\/\" \/>\n<meta property=\"og:locale\" content=\"es_ES\" \/>\n<meta property=\"og:type\" content=\"article\" \/>\n<meta property=\"og:title\" content=\"Webinar Airzone para aerotermia y calefacci\u00f3n - Actecir\" \/>\n<meta property=\"og:description\" content=\"Fecha: 18 de febrero a las 16:00 horas\" \/>\n<meta property=\"og:url\" content=\"https:\/\/www.actecir.cat\/es\/webinar-airzone-para-aerotermia-y-calefaccion\/\" \/>\n<meta property=\"og:site_name\" content=\"Actecir\" \/>\n<meta property=\"article:published_time\" content=\"2021-02-12T15:22:00+00:00\" \/>\n<meta property=\"article:modified_time\" content=\"2023-07-07T14:00:10+00:00\" \/>\n<meta property=\"og:image\" content=\"https:\/\/www.actecir.cat\/wp-content\/uploads\/2023\/04\/webinar_airzone_web.jpg\" \/>\n\t<meta property=\"og:image:width\" content=\"600\" \/>\n\t<meta property=\"og:image:height\" content=\"400\" \/>\n\t<meta property=\"og:image:type\" content=\"image\/jpeg\" \/>\n<meta name=\"author\" content=\"Soporte web\" \/>\n<meta name=\"twitter:card\" content=\"summary_large_image\" \/>\n<meta name=\"twitter:creator\" content=\"@actecir\" \/>\n<meta name=\"twitter:site\" content=\"@actecir\" \/>\n<meta name=\"twitter:label1\" content=\"Escrito por\" \/>\n\t<meta name=\"twitter:data1\" content=\"Soporte web\" \/>\n\t<meta name=\"twitter:label2\" content=\"Tiempo de lectura\" \/>\n\t<meta name=\"twitter:data2\" content=\"1 minuto\" \/>\n<script type=\"application\/ld+json\" class=\"yoast-schema-graph\">{\"@context\":\"https:\/\/schema.org\",\"@graph\":[{\"@type\":\"Article\",\"@id\":\"https:\/\/www.actecir.cat\/es\/webinar-airzone-para-aerotermia-y-calefaccion\/#article\",\"isPartOf\":{\"@id\":\"https:\/\/www.actecir.cat\/es\/webinar-airzone-para-aerotermia-y-calefaccion\/\"},\"author\":{\"name\":\"Soporte web\",\"@id\":\"https:\/\/www.actecir.cat\/#\/schema\/person\/42edd02f0b1d55e19444428c5d321413\"},\"headline\":\"Webinar Airzone para aerotermia y calefacci\u00f3n\",\"datePublished\":\"2021-02-12T15:22:00+00:00\",\"dateModified\":\"2023-07-07T14:00:10+00:00\",\"mainEntityOfPage\":{\"@id\":\"https:\/\/www.actecir.cat\/es\/webinar-airzone-para-aerotermia-y-calefaccion\/\"},\"wordCount\":129,\"commentCount\":0,\"publisher\":{\"@id\":\"https:\/\/www.actecir.cat\/#organization\"},\"image\":{\"@id\":\"https:\/\/www.actecir.cat\/es\/webinar-airzone-para-aerotermia-y-calefaccion\/#primaryimage\"},\"thumbnailUrl\":\"https:\/\/www.actecir.cat\/wp-content\/uploads\/2023\/04\/webinar_airzone_web.jpg\",\"articleSection\":[\"Destacamos\"],\"inLanguage\":\"es\",\"potentialAction\":[{\"@type\":\"CommentAction\",\"name\":\"Comment\",\"target\":[\"https:\/\/www.actecir.cat\/es\/webinar-airzone-para-aerotermia-y-calefaccion\/#respond\"]}]},{\"@type\":\"WebPage\",\"@id\":\"https:\/\/www.actecir.cat\/es\/webinar-airzone-para-aerotermia-y-calefaccion\/\",\"url\":\"https:\/\/www.actecir.cat\/es\/webinar-airzone-para-aerotermia-y-calefaccion\/\",\"name\":\"Webinar Airzone para aerotermia y calefacci\u00f3n - Actecir\",\"isPartOf\":{\"@id\":\"https:\/\/www.actecir.cat\/#website\"},\"primaryImageOfPage\":{\"@id\":\"https:\/\/www.actecir.cat\/es\/webinar-airzone-para-aerotermia-y-calefaccion\/#primaryimage\"},\"image\":{\"@id\":\"https:\/\/www.actecir.cat\/es\/webinar-airzone-para-aerotermia-y-calefaccion\/#primaryimage\"},\"thumbnailUrl\":\"https:\/\/www.actecir.cat\/wp-content\/uploads\/2023\/04\/webinar_airzone_web.jpg\",\"datePublished\":\"2021-02-12T15:22:00+00:00\",\"dateModified\":\"2023-07-07T14:00:10+00:00\",\"breadcrumb\":{\"@id\":\"https:\/\/www.actecir.cat\/es\/webinar-airzone-para-aerotermia-y-calefaccion\/#breadcrumb\"},\"inLanguage\":\"es\",\"potentialAction\":[{\"@type\":\"ReadAction\",\"target\":[\"https:\/\/www.actecir.cat\/es\/webinar-airzone-para-aerotermia-y-calefaccion\/\"]}]},{\"@type\":\"ImageObject\",\"inLanguage\":\"es\",\"@id\":\"https:\/\/www.actecir.cat\/es\/webinar-airzone-para-aerotermia-y-calefaccion\/#primaryimage\",\"url\":\"https:\/\/www.actecir.cat\/wp-content\/uploads\/2023\/04\/webinar_airzone_web.jpg\",\"contentUrl\":\"https:\/\/www.actecir.cat\/wp-content\/uploads\/2023\/04\/webinar_airzone_web.jpg\",\"width\":600,\"height\":400},{\"@type\":\"BreadcrumbList\",\"@id\":\"https:\/\/www.actecir.cat\/es\/webinar-airzone-para-aerotermia-y-calefaccion\/#breadcrumb\",\"itemListElement\":[{\"@type\":\"ListItem\",\"position\":1,\"name\":\"Inici\",\"item\":\"https:\/\/www.actecir.cat\/es\/\"},{\"@type\":\"ListItem\",\"position\":2,\"name\":\"Webinar Airzone para aerotermia y calefacci\u00f3n\"}]},{\"@type\":\"WebSite\",\"@id\":\"https:\/\/www.actecir.cat\/#website\",\"url\":\"https:\/\/www.actecir.cat\/\",\"name\":\"Actecir\",\"description\":\"Associaci\u00f3 Catalana de T\u00e8cnics en Energia, Climatitzaci\u00f3 i Refrigeraci\u00f3\",\"publisher\":{\"@id\":\"https:\/\/www.actecir.cat\/#organization\"},\"potentialAction\":[{\"@type\":\"SearchAction\",\"target\":{\"@type\":\"EntryPoint\",\"urlTemplate\":\"https:\/\/www.actecir.cat\/?s={search_term_string}\"},\"query-input\":{\"@type\":\"PropertyValueSpecification\",\"valueRequired\":true,\"valueName\":\"search_term_string\"}}],\"inLanguage\":\"es\"},{\"@type\":\"Organization\",\"@id\":\"https:\/\/www.actecir.cat\/#organization\",\"name\":\"Actecir\",\"url\":\"https:\/\/www.actecir.cat\/\",\"logo\":{\"@type\":\"ImageObject\",\"inLanguage\":\"es\",\"@id\":\"https:\/\/www.actecir.cat\/#\/schema\/logo\/image\/\",\"url\":\"https:\/\/www.actecir.cat\/wp-content\/uploads\/2023\/04\/cropped-logo_actecir_60_alto.png\",\"contentUrl\":\"https:\/\/www.actecir.cat\/wp-content\/uploads\/2023\/04\/cropped-logo_actecir_60_alto.png\",\"width\":283,\"height\":80,\"caption\":\"Actecir\"},\"image\":{\"@id\":\"https:\/\/www.actecir.cat\/#\/schema\/logo\/image\/\"},\"sameAs\":[\"https:\/\/x.com\/actecir\",\"https:\/\/www.linkedin.com\/company\/actecir\"]},{\"@type\":\"Person\",\"@id\":\"https:\/\/www.actecir.cat\/#\/schema\/person\/42edd02f0b1d55e19444428c5d321413\",\"name\":\"Soporte web\",\"sameAs\":[\"https:\/\/www.actecir.cat\"],\"url\":\"https:\/\/www.actecir.cat\/es\/author\/maensystems\/\"}]}<\/script>\n<!-- \/ Yoast SEO plugin. -->","yoast_head_json":{"title":"Webinar Airzone para aerotermia y calefacci\u00f3n - Actecir","robots":{"index":"index","follow":"follow","max-snippet":"max-snippet:-1","max-image-preview":"max-image-preview:large","max-video-preview":"max-video-preview:-1"},"canonical":"https:\/\/www.actecir.cat\/es\/webinar-airzone-para-aerotermia-y-calefaccion\/","og_locale":"es_ES","og_type":"article","og_title":"Webinar Airzone para aerotermia y calefacci\u00f3n - Actecir","og_description":"Fecha: 18 de febrero a las 16:00 horas","og_url":"https:\/\/www.actecir.cat\/es\/webinar-airzone-para-aerotermia-y-calefaccion\/","og_site_name":"Actecir","article_published_time":"2021-02-12T15:22:00+00:00","article_modified_time":"2023-07-07T14:00:10+00:00","og_image":[{"width":600,"height":400,"url":"https:\/\/www.actecir.cat\/wp-content\/uploads\/2023\/04\/webinar_airzone_web.jpg","type":"image\/jpeg"}],"author":"Soporte web","twitter_card":"summary_large_image","twitter_creator":"@actecir","twitter_site":"@actecir","twitter_misc":{"Escrito por":"Soporte web","Tiempo de lectura":"1 minuto"},"schema":{"@context":"https:\/\/schema.org","@graph":[{"@type":"Article","@id":"https:\/\/www.actecir.cat\/es\/webinar-airzone-para-aerotermia-y-calefaccion\/#article","isPartOf":{"@id":"https:\/\/www.actecir.cat\/es\/webinar-airzone-para-aerotermia-y-calefaccion\/"},"author":{"name":"Soporte web","@id":"https:\/\/www.actecir.cat\/#\/schema\/person\/42edd02f0b1d55e19444428c5d321413"},"headline":"Webinar Airzone para aerotermia y calefacci\u00f3n","datePublished":"2021-02-12T15:22:00+00:00","dateModified":"2023-07-07T14:00:10+00:00","mainEntityOfPage":{"@id":"https:\/\/www.actecir.cat\/es\/webinar-airzone-para-aerotermia-y-calefaccion\/"},"wordCount":129,"commentCount":0,"publisher":{"@id":"https:\/\/www.actecir.cat\/#organization"},"image":{"@id":"https:\/\/www.actecir.cat\/es\/webinar-airzone-para-aerotermia-y-calefaccion\/#primaryimage"},"thumbnailUrl":"https:\/\/www.actecir.cat\/wp-content\/uploads\/2023\/04\/webinar_airzone_web.jpg","articleSection":["Destacamos"],"inLanguage":"es","potentialAction":[{"@type":"CommentAction","name":"Comment","target":["https:\/\/www.actecir.cat\/es\/webinar-airzone-para-aerotermia-y-calefaccion\/#respond"]}]},{"@type":"WebPage","@id":"https:\/\/www.actecir.cat\/es\/webinar-airzone-para-aerotermia-y-calefaccion\/","url":"https:\/\/www.actecir.cat\/es\/webinar-airzone-para-aerotermia-y-calefaccion\/","name":"Webinar Airzone para aerotermia y calefacci\u00f3n - Actecir","isPartOf":{"@id":"https:\/\/www.actecir.cat\/#website"},"primaryImageOfPage":{"@id":"https:\/\/www.actecir.cat\/es\/webinar-airzone-para-aerotermia-y-calefaccion\/#primaryimage"},"image":{"@id":"https:\/\/www.actecir.cat\/es\/webinar-airzone-para-aerotermia-y-calefaccion\/#primaryimage"},"thumbnailUrl":"https:\/\/www.actecir.cat\/wp-content\/uploads\/2023\/04\/webinar_airzone_web.jpg","datePublished":"2021-02-12T15:22:00+00:00","dateModified":"2023-07-07T14:00:10+00:00","breadcrumb":{"@id":"https:\/\/www.actecir.cat\/es\/webinar-airzone-para-aerotermia-y-calefaccion\/#breadcrumb"},"inLanguage":"es","potentialAction":[{"@type":"ReadAction","target":["https:\/\/www.actecir.cat\/es\/webinar-airzone-para-aerotermia-y-calefaccion\/"]}]},{"@type":"ImageObject","inLanguage":"es","@id":"https:\/\/www.actecir.cat\/es\/webinar-airzone-para-aerotermia-y-calefaccion\/#primaryimage","url":"https:\/\/www.actecir.cat\/wp-content\/uploads\/2023\/04\/webinar_airzone_web.jpg","contentUrl":"https:\/\/www.actecir.cat\/wp-content\/uploads\/2023\/04\/webinar_airzone_web.jpg","width":600,"height":400},{"@type":"BreadcrumbList","@id":"https:\/\/www.actecir.cat\/es\/webinar-airzone-para-aerotermia-y-calefaccion\/#breadcrumb","itemListElement":[{"@type":"ListItem","position":1,"name":"Inici","item":"https:\/\/www.actecir.cat\/es\/"},{"@type":"ListItem","position":2,"name":"Webinar Airzone para aerotermia y calefacci\u00f3n"}]},{"@type":"WebSite","@id":"https:\/\/www.actecir.cat\/#website","url":"https:\/\/www.actecir.cat\/","name":"Actecir","description":"Associaci\u00f3 Catalana de T\u00e8cnics en Energia, Climatitzaci\u00f3 i Refrigeraci\u00f3","publisher":{"@id":"https:\/\/www.actecir.cat\/#organization"},"potentialAction":[{"@type":"SearchAction","target":{"@type":"EntryPoint","urlTemplate":"https:\/\/www.actecir.cat\/?s={search_term_string}"},"query-input":{"@type":"PropertyValueSpecification","valueRequired":true,"valueName":"search_term_string"}}],"inLanguage":"es"},{"@type":"Organization","@id":"https:\/\/www.actecir.cat\/#organization","name":"Actecir","url":"https:\/\/www.actecir.cat\/","logo":{"@type":"ImageObject","inLanguage":"es","@id":"https:\/\/www.actecir.cat\/#\/schema\/logo\/image\/","url":"https:\/\/www.actecir.cat\/wp-content\/uploads\/2023\/04\/cropped-logo_actecir_60_alto.png","contentUrl":"https:\/\/www.actecir.cat\/wp-content\/uploads\/2023\/04\/cropped-logo_actecir_60_alto.png","width":283,"height":80,"caption":"Actecir"},"image":{"@id":"https:\/\/www.actecir.cat\/#\/schema\/logo\/image\/"},"sameAs":["https:\/\/x.com\/actecir","https:\/\/www.linkedin.com\/company\/actecir"]},{"@type":"Person","@id":"https:\/\/www.actecir.cat\/#\/schema\/person\/42edd02f0b1d55e19444428c5d321413","name":"Soporte web","sameAs":["https:\/\/www.actecir.cat"],"url":"https:\/\/www.actecir.cat\/es\/author\/maensystems\/"}]}},"_links":{"self":[{"href":"https:\/\/www.actecir.cat\/es\/wp-json\/wp\/v2\/posts\/3706","targetHints":{"allow":["GET"]}}],"collection":[{"href":"https:\/\/www.actecir.cat\/es\/wp-json\/wp\/v2\/posts"}],"about":[{"href":"https:\/\/www.actecir.cat\/es\/wp-json\/wp\/v2\/types\/post"}],"author":[{"embeddable":true,"href":"https:\/\/www.actecir.cat\/es\/wp-json\/wp\/v2\/users\/1"}],"replies":[{"embeddable":true,"href":"https:\/\/www.actecir.cat\/es\/wp-json\/wp\/v2\/comments?post=3706"}],"version-history":[{"count":2,"href":"https:\/\/www.actecir.cat\/es\/wp-json\/wp\/v2\/posts\/3706\/revisions"}],"predecessor-version":[{"id":11434,"href":"https:\/\/www.actecir.cat\/es\/wp-json\/wp\/v2\/posts\/3706\/revisions\/11434"}],"wp:featuredmedia":[{"embeddable":true,"href":"https:\/\/www.actecir.cat\/es\/wp-json\/wp\/v2\/media\/3704"}],"wp:attachment":[{"href":"https:\/\/www.actecir.cat\/es\/wp-json\/wp\/v2\/media?parent=3706"}],"wp:term":[{"taxonomy":"category","embeddable":true,"href":"https:\/\/www.actecir.cat\/es\/wp-json\/wp\/v2\/categories?post=3706"},{"taxonomy":"post_tag","embeddable":true,"href":"https:\/\/www.actecir.cat\/es\/wp-json\/wp\/v2\/tags?post=3706"}],"curies":[{"name":"wp","href":"https:\/\/api.w.org\/{rel}","templated":true}]}}