{"id":3766,"date":"2020-12-10T09:24:00","date_gmt":"2020-12-10T08:24:00","guid":{"rendered":"https:\/\/www.actecir.cat\/?p=3766"},"modified":"2023-04-28T09:26:34","modified_gmt":"2023-04-28T09:26:34","slug":"soluciones-para-la-refrigeracion-con-refrigerantes-de-muy-bajo-pca-con-a2l","status":"publish","type":"post","link":"https:\/\/www.actecir.cat\/es\/soluciones-para-la-refrigeracion-con-refrigerantes-de-muy-bajo-pca-con-a2l\/","title":{"rendered":"Soluciones para la refrigeraci\u00f3n con refrigerantes de muy bajo PCA con A2L"},"content":{"rendered":"\n<p>Fecha: 17 diciembre 18:00 horas<\/p>\n\n\n\n<p>Jornada t\u00e9cnica de aproximadamente 1 hora y 30&nbsp; minutos, m\u00e1s 30 minutos m\u00e1s para ruegos y preguntas.<\/p>\n\n\n\n<p>Informaci\u00f3n y ponentes:<\/p>\n\n\n\n<ul class=\"wp-block-list\">\n<li>NUEVOS GASES REFRIGERANTES A2L\n<ul class=\"wp-block-list\">\n<li>&nbsp;Ponente:&nbsp;<strong>Jose Pedro Garc\u00eda de&nbsp; &#8220;CHEMOURS<\/strong>&#8220;.<br><\/li>\n<\/ul>\n<\/li>\n\n\n\n<li>COMPRESORES SEMIHERM\u00c9TICOS DORIN Y SU GAMA PARA REFRIGERANTES A2L\n<ul class=\"wp-block-list\">\n<li>Ponente:&nbsp;<strong>Vincenzo Isgr\u00f2 y Alberto Salazar de &#8220;DORIN&#8221;.<\/strong><\/li>\n<\/ul>\n<\/li>\n\n\n\n<li>Organizada y Conducida por:&nbsp;&nbsp;<strong>Jos\u00e9 Gallardo&nbsp; de &#8220;SALVADOR ESCODA, S.A.&#8221;<\/strong><\/li>\n<\/ul>\n","protected":false},"excerpt":{"rendered":"<p>Fecha: 17 diciembre 18:00 horas<\/p>\n","protected":false},"author":1,"featured_media":3764,"comment_status":"open","ping_status":"open","sticky":false,"template":"","format":"standard","meta":{"footnotes":""},"categories":[23],"tags":[],"class_list":["post-3766","post","type-post","status-publish","format-standard","has-post-thumbnail","hentry","category-destacamos"],"yoast_head":"<!-- This site is optimized with the Yoast SEO plugin v27.2 - https:\/\/yoast.com\/product\/yoast-seo-wordpress\/ -->\n<title>Soluciones para la refrigeraci\u00f3n con refrigerantes de muy bajo PCA con A2L - Actecir<\/title>\n<meta name=\"robots\" content=\"index, follow, max-snippet:-1, max-image-preview:large, max-video-preview:-1\" \/>\n<link rel=\"canonical\" href=\"https:\/\/www.actecir.cat\/es\/soluciones-para-la-refrigeracion-con-refrigerantes-de-muy-bajo-pca-con-a2l\/\" \/>\n<meta property=\"og:locale\" content=\"es_ES\" \/>\n<meta property=\"og:type\" content=\"article\" \/>\n<meta property=\"og:title\" content=\"Soluciones para la refrigeraci\u00f3n con refrigerantes de muy bajo PCA con A2L - Actecir\" \/>\n<meta property=\"og:description\" content=\"Fecha: 17 diciembre 18:00 horas\" \/>\n<meta property=\"og:url\" content=\"https:\/\/www.actecir.cat\/es\/soluciones-para-la-refrigeracion-con-refrigerantes-de-muy-bajo-pca-con-a2l\/\" \/>\n<meta property=\"og:site_name\" content=\"Actecir\" \/>\n<meta property=\"article:published_time\" content=\"2020-12-10T08:24:00+00:00\" \/>\n<meta property=\"article:modified_time\" content=\"2023-04-28T09:26:34+00:00\" \/>\n<meta property=\"og:image\" content=\"https:\/\/www.actecir.cat\/wp-content\/uploads\/2023\/04\/maqueta_5.png\" \/>\n\t<meta property=\"og:image:width\" content=\"603\" \/>\n\t<meta property=\"og:image:height\" content=\"403\" \/>\n\t<meta property=\"og:image:type\" content=\"image\/png\" \/>\n<meta name=\"author\" content=\"Soporte web\" \/>\n<meta name=\"twitter:card\" content=\"summary_large_image\" \/>\n<meta name=\"twitter:creator\" content=\"@actecir\" \/>\n<meta name=\"twitter:site\" content=\"@actecir\" \/>\n<meta name=\"twitter:label1\" content=\"Escrito por\" \/>\n\t<meta name=\"twitter:data1\" content=\"Soporte web\" \/>\n<script type=\"application\/ld+json\" class=\"yoast-schema-graph\">{\"@context\":\"https:\/\/schema.org\",\"@graph\":[{\"@type\":\"Article\",\"@id\":\"https:\/\/www.actecir.cat\/es\/soluciones-para-la-refrigeracion-con-refrigerantes-de-muy-bajo-pca-con-a2l\/#article\",\"isPartOf\":{\"@id\":\"https:\/\/www.actecir.cat\/es\/soluciones-para-la-refrigeracion-con-refrigerantes-de-muy-bajo-pca-con-a2l\/\"},\"author\":{\"name\":\"Soporte web\",\"@id\":\"https:\/\/www.actecir.cat\/#\/schema\/person\/42edd02f0b1d55e19444428c5d321413\"},\"headline\":\"Soluciones para la refrigeraci\u00f3n con refrigerantes de muy bajo PCA con A2L\",\"datePublished\":\"2020-12-10T08:24:00+00:00\",\"dateModified\":\"2023-04-28T09:26:34+00:00\",\"mainEntityOfPage\":{\"@id\":\"https:\/\/www.actecir.cat\/es\/soluciones-para-la-refrigeracion-con-refrigerantes-de-muy-bajo-pca-con-a2l\/\"},\"wordCount\":88,\"commentCount\":0,\"publisher\":{\"@id\":\"https:\/\/www.actecir.cat\/#organization\"},\"image\":{\"@id\":\"https:\/\/www.actecir.cat\/es\/soluciones-para-la-refrigeracion-con-refrigerantes-de-muy-bajo-pca-con-a2l\/#primaryimage\"},\"thumbnailUrl\":\"https:\/\/www.actecir.cat\/wp-content\/uploads\/2023\/04\/maqueta_5.png\",\"articleSection\":[\"Destacamos\"],\"inLanguage\":\"es\",\"potentialAction\":[{\"@type\":\"CommentAction\",\"name\":\"Comment\",\"target\":[\"https:\/\/www.actecir.cat\/es\/soluciones-para-la-refrigeracion-con-refrigerantes-de-muy-bajo-pca-con-a2l\/#respond\"]}]},{\"@type\":\"WebPage\",\"@id\":\"https:\/\/www.actecir.cat\/es\/soluciones-para-la-refrigeracion-con-refrigerantes-de-muy-bajo-pca-con-a2l\/\",\"url\":\"https:\/\/www.actecir.cat\/es\/soluciones-para-la-refrigeracion-con-refrigerantes-de-muy-bajo-pca-con-a2l\/\",\"name\":\"Soluciones para la refrigeraci\u00f3n con refrigerantes de muy bajo PCA con A2L - Actecir\",\"isPartOf\":{\"@id\":\"https:\/\/www.actecir.cat\/#website\"},\"primaryImageOfPage\":{\"@id\":\"https:\/\/www.actecir.cat\/es\/soluciones-para-la-refrigeracion-con-refrigerantes-de-muy-bajo-pca-con-a2l\/#primaryimage\"},\"image\":{\"@id\":\"https:\/\/www.actecir.cat\/es\/soluciones-para-la-refrigeracion-con-refrigerantes-de-muy-bajo-pca-con-a2l\/#primaryimage\"},\"thumbnailUrl\":\"https:\/\/www.actecir.cat\/wp-content\/uploads\/2023\/04\/maqueta_5.png\",\"datePublished\":\"2020-12-10T08:24:00+00:00\",\"dateModified\":\"2023-04-28T09:26:34+00:00\",\"breadcrumb\":{\"@id\":\"https:\/\/www.actecir.cat\/es\/soluciones-para-la-refrigeracion-con-refrigerantes-de-muy-bajo-pca-con-a2l\/#breadcrumb\"},\"inLanguage\":\"es\",\"potentialAction\":[{\"@type\":\"ReadAction\",\"target\":[\"https:\/\/www.actecir.cat\/es\/soluciones-para-la-refrigeracion-con-refrigerantes-de-muy-bajo-pca-con-a2l\/\"]}]},{\"@type\":\"ImageObject\",\"inLanguage\":\"es\",\"@id\":\"https:\/\/www.actecir.cat\/es\/soluciones-para-la-refrigeracion-con-refrigerantes-de-muy-bajo-pca-con-a2l\/#primaryimage\",\"url\":\"https:\/\/www.actecir.cat\/wp-content\/uploads\/2023\/04\/maqueta_5.png\",\"contentUrl\":\"https:\/\/www.actecir.cat\/wp-content\/uploads\/2023\/04\/maqueta_5.png\",\"width\":603,\"height\":403},{\"@type\":\"BreadcrumbList\",\"@id\":\"https:\/\/www.actecir.cat\/es\/soluciones-para-la-refrigeracion-con-refrigerantes-de-muy-bajo-pca-con-a2l\/#breadcrumb\",\"itemListElement\":[{\"@type\":\"ListItem\",\"position\":1,\"name\":\"Inici\",\"item\":\"https:\/\/www.actecir.cat\/es\/\"},{\"@type\":\"ListItem\",\"position\":2,\"name\":\"Soluciones para la refrigeraci\u00f3n con refrigerantes de muy bajo PCA con A2L\"}]},{\"@type\":\"WebSite\",\"@id\":\"https:\/\/www.actecir.cat\/#website\",\"url\":\"https:\/\/www.actecir.cat\/\",\"name\":\"Actecir\",\"description\":\"Associaci\u00f3 Catalana de T\u00e8cnics en Energia, Climatitzaci\u00f3 i Refrigeraci\u00f3\",\"publisher\":{\"@id\":\"https:\/\/www.actecir.cat\/#organization\"},\"potentialAction\":[{\"@type\":\"SearchAction\",\"target\":{\"@type\":\"EntryPoint\",\"urlTemplate\":\"https:\/\/www.actecir.cat\/?s={search_term_string}\"},\"query-input\":{\"@type\":\"PropertyValueSpecification\",\"valueRequired\":true,\"valueName\":\"search_term_string\"}}],\"inLanguage\":\"es\"},{\"@type\":\"Organization\",\"@id\":\"https:\/\/www.actecir.cat\/#organization\",\"name\":\"Actecir\",\"url\":\"https:\/\/www.actecir.cat\/\",\"logo\":{\"@type\":\"ImageObject\",\"inLanguage\":\"es\",\"@id\":\"https:\/\/www.actecir.cat\/#\/schema\/logo\/image\/\",\"url\":\"https:\/\/www.actecir.cat\/wp-content\/uploads\/2023\/04\/cropped-logo_actecir_60_alto.png\",\"contentUrl\":\"https:\/\/www.actecir.cat\/wp-content\/uploads\/2023\/04\/cropped-logo_actecir_60_alto.png\",\"width\":283,\"height\":80,\"caption\":\"Actecir\"},\"image\":{\"@id\":\"https:\/\/www.actecir.cat\/#\/schema\/logo\/image\/\"},\"sameAs\":[\"https:\/\/x.com\/actecir\",\"https:\/\/www.linkedin.com\/company\/actecir\"]},{\"@type\":\"Person\",\"@id\":\"https:\/\/www.actecir.cat\/#\/schema\/person\/42edd02f0b1d55e19444428c5d321413\",\"name\":\"Soporte web\",\"sameAs\":[\"https:\/\/www.actecir.cat\"],\"url\":\"https:\/\/www.actecir.cat\/es\/author\/maensystems\/\"}]}<\/script>\n<!-- \/ Yoast SEO plugin. -->","yoast_head_json":{"title":"Soluciones para la refrigeraci\u00f3n con refrigerantes de muy bajo PCA con A2L - Actecir","robots":{"index":"index","follow":"follow","max-snippet":"max-snippet:-1","max-image-preview":"max-image-preview:large","max-video-preview":"max-video-preview:-1"},"canonical":"https:\/\/www.actecir.cat\/es\/soluciones-para-la-refrigeracion-con-refrigerantes-de-muy-bajo-pca-con-a2l\/","og_locale":"es_ES","og_type":"article","og_title":"Soluciones para la refrigeraci\u00f3n con refrigerantes de muy bajo PCA con A2L - Actecir","og_description":"Fecha: 17 diciembre 18:00 horas","og_url":"https:\/\/www.actecir.cat\/es\/soluciones-para-la-refrigeracion-con-refrigerantes-de-muy-bajo-pca-con-a2l\/","og_site_name":"Actecir","article_published_time":"2020-12-10T08:24:00+00:00","article_modified_time":"2023-04-28T09:26:34+00:00","og_image":[{"width":603,"height":403,"url":"https:\/\/www.actecir.cat\/wp-content\/uploads\/2023\/04\/maqueta_5.png","type":"image\/png"}],"author":"Soporte web","twitter_card":"summary_large_image","twitter_creator":"@actecir","twitter_site":"@actecir","twitter_misc":{"Escrito por":"Soporte web"},"schema":{"@context":"https:\/\/schema.org","@graph":[{"@type":"Article","@id":"https:\/\/www.actecir.cat\/es\/soluciones-para-la-refrigeracion-con-refrigerantes-de-muy-bajo-pca-con-a2l\/#article","isPartOf":{"@id":"https:\/\/www.actecir.cat\/es\/soluciones-para-la-refrigeracion-con-refrigerantes-de-muy-bajo-pca-con-a2l\/"},"author":{"name":"Soporte web","@id":"https:\/\/www.actecir.cat\/#\/schema\/person\/42edd02f0b1d55e19444428c5d321413"},"headline":"Soluciones para la refrigeraci\u00f3n con refrigerantes de muy bajo PCA con A2L","datePublished":"2020-12-10T08:24:00+00:00","dateModified":"2023-04-28T09:26:34+00:00","mainEntityOfPage":{"@id":"https:\/\/www.actecir.cat\/es\/soluciones-para-la-refrigeracion-con-refrigerantes-de-muy-bajo-pca-con-a2l\/"},"wordCount":88,"commentCount":0,"publisher":{"@id":"https:\/\/www.actecir.cat\/#organization"},"image":{"@id":"https:\/\/www.actecir.cat\/es\/soluciones-para-la-refrigeracion-con-refrigerantes-de-muy-bajo-pca-con-a2l\/#primaryimage"},"thumbnailUrl":"https:\/\/www.actecir.cat\/wp-content\/uploads\/2023\/04\/maqueta_5.png","articleSection":["Destacamos"],"inLanguage":"es","potentialAction":[{"@type":"CommentAction","name":"Comment","target":["https:\/\/www.actecir.cat\/es\/soluciones-para-la-refrigeracion-con-refrigerantes-de-muy-bajo-pca-con-a2l\/#respond"]}]},{"@type":"WebPage","@id":"https:\/\/www.actecir.cat\/es\/soluciones-para-la-refrigeracion-con-refrigerantes-de-muy-bajo-pca-con-a2l\/","url":"https:\/\/www.actecir.cat\/es\/soluciones-para-la-refrigeracion-con-refrigerantes-de-muy-bajo-pca-con-a2l\/","name":"Soluciones para la refrigeraci\u00f3n con refrigerantes de muy bajo PCA con A2L - Actecir","isPartOf":{"@id":"https:\/\/www.actecir.cat\/#website"},"primaryImageOfPage":{"@id":"https:\/\/www.actecir.cat\/es\/soluciones-para-la-refrigeracion-con-refrigerantes-de-muy-bajo-pca-con-a2l\/#primaryimage"},"image":{"@id":"https:\/\/www.actecir.cat\/es\/soluciones-para-la-refrigeracion-con-refrigerantes-de-muy-bajo-pca-con-a2l\/#primaryimage"},"thumbnailUrl":"https:\/\/www.actecir.cat\/wp-content\/uploads\/2023\/04\/maqueta_5.png","datePublished":"2020-12-10T08:24:00+00:00","dateModified":"2023-04-28T09:26:34+00:00","breadcrumb":{"@id":"https:\/\/www.actecir.cat\/es\/soluciones-para-la-refrigeracion-con-refrigerantes-de-muy-bajo-pca-con-a2l\/#breadcrumb"},"inLanguage":"es","potentialAction":[{"@type":"ReadAction","target":["https:\/\/www.actecir.cat\/es\/soluciones-para-la-refrigeracion-con-refrigerantes-de-muy-bajo-pca-con-a2l\/"]}]},{"@type":"ImageObject","inLanguage":"es","@id":"https:\/\/www.actecir.cat\/es\/soluciones-para-la-refrigeracion-con-refrigerantes-de-muy-bajo-pca-con-a2l\/#primaryimage","url":"https:\/\/www.actecir.cat\/wp-content\/uploads\/2023\/04\/maqueta_5.png","contentUrl":"https:\/\/www.actecir.cat\/wp-content\/uploads\/2023\/04\/maqueta_5.png","width":603,"height":403},{"@type":"BreadcrumbList","@id":"https:\/\/www.actecir.cat\/es\/soluciones-para-la-refrigeracion-con-refrigerantes-de-muy-bajo-pca-con-a2l\/#breadcrumb","itemListElement":[{"@type":"ListItem","position":1,"name":"Inici","item":"https:\/\/www.actecir.cat\/es\/"},{"@type":"ListItem","position":2,"name":"Soluciones para la refrigeraci\u00f3n con refrigerantes de muy bajo PCA con A2L"}]},{"@type":"WebSite","@id":"https:\/\/www.actecir.cat\/#website","url":"https:\/\/www.actecir.cat\/","name":"Actecir","description":"Associaci\u00f3 Catalana de T\u00e8cnics en Energia, Climatitzaci\u00f3 i Refrigeraci\u00f3","publisher":{"@id":"https:\/\/www.actecir.cat\/#organization"},"potentialAction":[{"@type":"SearchAction","target":{"@type":"EntryPoint","urlTemplate":"https:\/\/www.actecir.cat\/?s={search_term_string}"},"query-input":{"@type":"PropertyValueSpecification","valueRequired":true,"valueName":"search_term_string"}}],"inLanguage":"es"},{"@type":"Organization","@id":"https:\/\/www.actecir.cat\/#organization","name":"Actecir","url":"https:\/\/www.actecir.cat\/","logo":{"@type":"ImageObject","inLanguage":"es","@id":"https:\/\/www.actecir.cat\/#\/schema\/logo\/image\/","url":"https:\/\/www.actecir.cat\/wp-content\/uploads\/2023\/04\/cropped-logo_actecir_60_alto.png","contentUrl":"https:\/\/www.actecir.cat\/wp-content\/uploads\/2023\/04\/cropped-logo_actecir_60_alto.png","width":283,"height":80,"caption":"Actecir"},"image":{"@id":"https:\/\/www.actecir.cat\/#\/schema\/logo\/image\/"},"sameAs":["https:\/\/x.com\/actecir","https:\/\/www.linkedin.com\/company\/actecir"]},{"@type":"Person","@id":"https:\/\/www.actecir.cat\/#\/schema\/person\/42edd02f0b1d55e19444428c5d321413","name":"Soporte web","sameAs":["https:\/\/www.actecir.cat"],"url":"https:\/\/www.actecir.cat\/es\/author\/maensystems\/"}]}},"_links":{"self":[{"href":"https:\/\/www.actecir.cat\/es\/wp-json\/wp\/v2\/posts\/3766","targetHints":{"allow":["GET"]}}],"collection":[{"href":"https:\/\/www.actecir.cat\/es\/wp-json\/wp\/v2\/posts"}],"about":[{"href":"https:\/\/www.actecir.cat\/es\/wp-json\/wp\/v2\/types\/post"}],"author":[{"embeddable":true,"href":"https:\/\/www.actecir.cat\/es\/wp-json\/wp\/v2\/users\/1"}],"replies":[{"embeddable":true,"href":"https:\/\/www.actecir.cat\/es\/wp-json\/wp\/v2\/comments?post=3766"}],"version-history":[{"count":1,"href":"https:\/\/www.actecir.cat\/es\/wp-json\/wp\/v2\/posts\/3766\/revisions"}],"predecessor-version":[{"id":3767,"href":"https:\/\/www.actecir.cat\/es\/wp-json\/wp\/v2\/posts\/3766\/revisions\/3767"}],"wp:featuredmedia":[{"embeddable":true,"href":"https:\/\/www.actecir.cat\/es\/wp-json\/wp\/v2\/media\/3764"}],"wp:attachment":[{"href":"https:\/\/www.actecir.cat\/es\/wp-json\/wp\/v2\/media?parent=3766"}],"wp:term":[{"taxonomy":"category","embeddable":true,"href":"https:\/\/www.actecir.cat\/es\/wp-json\/wp\/v2\/categories?post=3766"},{"taxonomy":"post_tag","embeddable":true,"href":"https:\/\/www.actecir.cat\/es\/wp-json\/wp\/v2\/tags?post=3766"}],"curies":[{"name":"wp","href":"https:\/\/api.w.org\/{rel}","templated":true}]}}