{"id":3791,"date":"2020-12-02T09:40:00","date_gmt":"2020-12-02T09:40:00","guid":{"rendered":"https:\/\/www.actecir.cat\/?p=3791"},"modified":"2023-04-28T09:42:29","modified_gmt":"2023-04-28T09:42:29","slug":"jornada-nuevo-reglamento-de-instalaciones-frigorificas","status":"publish","type":"post","link":"https:\/\/www.actecir.cat\/es\/jornada-nuevo-reglamento-de-instalaciones-frigorificas\/","title":{"rendered":"Jornada: Nuevo Reglamento de Instalaciones Frigor\u00edficas"},"content":{"rendered":"\n<p>Fecha: 2 diciembre 16:30 horas<\/p>\n\n\n\n<figure class=\"wp-block-table\"><table><tbody><tr><td>Dirigido a:<\/td><td>A cualquier profesional (ingenieros, ingenier\u00edas, inspectores, instaladores, personal administraci\u00f3n&#8230;) que trabaje en el mundo de la refrigeraci\u00f3n (fr\u00edo industrial) y tambi\u00e9n a los titulares de las propias instalaciones. Engloba a todos los posibles sectores<\/td><\/tr><tr><td>Fechas:<\/td><td>2 de diciembre (mi\u00e9rcoles)&nbsp;<\/td><\/tr><tr><td>Horario:<\/td><td>Inicio 16.30 h<\/td><\/tr><tr><td>Duraci\u00f3n:<\/td><td>3 horas<\/td><\/tr><tr><td>Programaci\u00f3n:<\/td><td>16.30 h Presentaci\u00f3n a cargo&nbsp; de Florenci Hern\u00e1ndez (Generalitat de Catalunya)16.45 h Juan Carlos Esteban (Generalitat de Catalunya): Evoluci\u00f3n normativa del nuevo RSIF (RD 552\/2019) y tramitaciones para administraci\u00f3n.&nbsp;17.15&nbsp; h Catalina C\u00e1novas (NIK Ingenieros):&nbsp; RSIF y los titulares de las instalaciones frigor\u00edficas.17.45 h El\u00edas Mart\u00ednez (ACTECIR): puntos relevantes del&nbsp; RD 552\/2019 seg\u00fan instaladores18.15 h \u00c1lvaro D\u00edaz (Bureau Veritas): RSIF RD 552\/2019. Inspecci\u00f3n peri\u00f3dica por el organismo de control18.45 h Ruegos&nbsp; y preguntas<\/td><\/tr><tr><td>Objectius:<\/td><td>Jornada de difusi\u00f3n del nuevo reglamento de seguridad d instalaciones&nbsp;frigor\u00edficas. Dando a conocer a los asistentes los principales puntos del reglamento desde todas las vertientes (de la vertiente de la administraci\u00f3n, de la vertiente de los instaladores, de la vertiente de las ingenier\u00edas y de la vertiente de los organismos de control) tambi\u00e9n se hablar\u00e1 de las obligaciones de los titulares.<\/td><\/tr><\/tbody><\/table><\/figure>\n\n\n\n<p><strong>Link inscripci\u00f3:<\/strong><\/p>\n\n\n\n<figure class=\"wp-block-embed\"><div class=\"wp-block-embed__wrapper\">\nhttps:\/\/www.enginyerstarragona.cat\/agenda\/details\/1607\/1607-jornada-on-line-streaming-nou-reglament-dinst\n<\/div><\/figure>\n","protected":false},"excerpt":{"rendered":"<p>Fecha: 2 diciembre 16:30 horas<\/p>\n","protected":false},"author":1,"featured_media":3789,"comment_status":"open","ping_status":"open","sticky":false,"template":"","format":"standard","meta":{"footnotes":""},"categories":[23],"tags":[],"class_list":["post-3791","post","type-post","status-publish","format-standard","has-post-thumbnail","hentry","category-destacamos"],"yoast_head":"<!-- This site is optimized with the Yoast SEO plugin v27.2 - https:\/\/yoast.com\/product\/yoast-seo-wordpress\/ -->\n<title>Jornada: Nuevo Reglamento de Instalaciones Frigor\u00edficas - Actecir<\/title>\n<meta name=\"robots\" content=\"index, follow, max-snippet:-1, max-image-preview:large, max-video-preview:-1\" \/>\n<link rel=\"canonical\" href=\"https:\/\/www.actecir.cat\/es\/jornada-nuevo-reglamento-de-instalaciones-frigorificas\/\" \/>\n<meta property=\"og:locale\" content=\"es_ES\" \/>\n<meta property=\"og:type\" content=\"article\" \/>\n<meta property=\"og:title\" content=\"Jornada: Nuevo Reglamento de Instalaciones Frigor\u00edficas - Actecir\" \/>\n<meta property=\"og:description\" content=\"Fecha: 2 diciembre 16:30 horas\" \/>\n<meta property=\"og:url\" content=\"https:\/\/www.actecir.cat\/es\/jornada-nuevo-reglamento-de-instalaciones-frigorificas\/\" \/>\n<meta property=\"og:site_name\" content=\"Actecir\" \/>\n<meta property=\"article:published_time\" content=\"2020-12-02T09:40:00+00:00\" \/>\n<meta property=\"article:modified_time\" content=\"2023-04-28T09:42:29+00:00\" \/>\n<meta property=\"og:image\" content=\"https:\/\/www.actecir.cat\/wp-content\/uploads\/2023\/04\/CETIT-Taula-consultiva-web.jpg\" \/>\n\t<meta property=\"og:image:width\" content=\"600\" \/>\n\t<meta property=\"og:image:height\" content=\"400\" \/>\n\t<meta property=\"og:image:type\" content=\"image\/jpeg\" \/>\n<meta name=\"author\" content=\"Soporte web\" \/>\n<meta name=\"twitter:card\" content=\"summary_large_image\" \/>\n<meta name=\"twitter:creator\" content=\"@actecir\" \/>\n<meta name=\"twitter:site\" content=\"@actecir\" \/>\n<meta name=\"twitter:label1\" content=\"Escrito por\" \/>\n\t<meta name=\"twitter:data1\" content=\"Soporte web\" \/>\n\t<meta name=\"twitter:label2\" content=\"Tiempo de lectura\" \/>\n\t<meta name=\"twitter:data2\" content=\"1 minuto\" \/>\n<script type=\"application\/ld+json\" class=\"yoast-schema-graph\">{\"@context\":\"https:\/\/schema.org\",\"@graph\":[{\"@type\":\"Article\",\"@id\":\"https:\/\/www.actecir.cat\/es\/jornada-nuevo-reglamento-de-instalaciones-frigorificas\/#article\",\"isPartOf\":{\"@id\":\"https:\/\/www.actecir.cat\/es\/jornada-nuevo-reglamento-de-instalaciones-frigorificas\/\"},\"author\":{\"name\":\"Soporte web\",\"@id\":\"https:\/\/www.actecir.cat\/#\/schema\/person\/42edd02f0b1d55e19444428c5d321413\"},\"headline\":\"Jornada: Nuevo Reglamento de Instalaciones Frigor\u00edficas\",\"datePublished\":\"2020-12-02T09:40:00+00:00\",\"dateModified\":\"2023-04-28T09:42:29+00:00\",\"mainEntityOfPage\":{\"@id\":\"https:\/\/www.actecir.cat\/es\/jornada-nuevo-reglamento-de-instalaciones-frigorificas\/\"},\"wordCount\":229,\"commentCount\":0,\"publisher\":{\"@id\":\"https:\/\/www.actecir.cat\/#organization\"},\"image\":{\"@id\":\"https:\/\/www.actecir.cat\/es\/jornada-nuevo-reglamento-de-instalaciones-frigorificas\/#primaryimage\"},\"thumbnailUrl\":\"https:\/\/www.actecir.cat\/wp-content\/uploads\/2023\/04\/CETIT-Taula-consultiva-web.jpg\",\"articleSection\":[\"Destacamos\"],\"inLanguage\":\"es\",\"potentialAction\":[{\"@type\":\"CommentAction\",\"name\":\"Comment\",\"target\":[\"https:\/\/www.actecir.cat\/es\/jornada-nuevo-reglamento-de-instalaciones-frigorificas\/#respond\"]}]},{\"@type\":\"WebPage\",\"@id\":\"https:\/\/www.actecir.cat\/es\/jornada-nuevo-reglamento-de-instalaciones-frigorificas\/\",\"url\":\"https:\/\/www.actecir.cat\/es\/jornada-nuevo-reglamento-de-instalaciones-frigorificas\/\",\"name\":\"Jornada: Nuevo Reglamento de Instalaciones Frigor\u00edficas - Actecir\",\"isPartOf\":{\"@id\":\"https:\/\/www.actecir.cat\/#website\"},\"primaryImageOfPage\":{\"@id\":\"https:\/\/www.actecir.cat\/es\/jornada-nuevo-reglamento-de-instalaciones-frigorificas\/#primaryimage\"},\"image\":{\"@id\":\"https:\/\/www.actecir.cat\/es\/jornada-nuevo-reglamento-de-instalaciones-frigorificas\/#primaryimage\"},\"thumbnailUrl\":\"https:\/\/www.actecir.cat\/wp-content\/uploads\/2023\/04\/CETIT-Taula-consultiva-web.jpg\",\"datePublished\":\"2020-12-02T09:40:00+00:00\",\"dateModified\":\"2023-04-28T09:42:29+00:00\",\"breadcrumb\":{\"@id\":\"https:\/\/www.actecir.cat\/es\/jornada-nuevo-reglamento-de-instalaciones-frigorificas\/#breadcrumb\"},\"inLanguage\":\"es\",\"potentialAction\":[{\"@type\":\"ReadAction\",\"target\":[\"https:\/\/www.actecir.cat\/es\/jornada-nuevo-reglamento-de-instalaciones-frigorificas\/\"]}]},{\"@type\":\"ImageObject\",\"inLanguage\":\"es\",\"@id\":\"https:\/\/www.actecir.cat\/es\/jornada-nuevo-reglamento-de-instalaciones-frigorificas\/#primaryimage\",\"url\":\"https:\/\/www.actecir.cat\/wp-content\/uploads\/2023\/04\/CETIT-Taula-consultiva-web.jpg\",\"contentUrl\":\"https:\/\/www.actecir.cat\/wp-content\/uploads\/2023\/04\/CETIT-Taula-consultiva-web.jpg\",\"width\":600,\"height\":400},{\"@type\":\"BreadcrumbList\",\"@id\":\"https:\/\/www.actecir.cat\/es\/jornada-nuevo-reglamento-de-instalaciones-frigorificas\/#breadcrumb\",\"itemListElement\":[{\"@type\":\"ListItem\",\"position\":1,\"name\":\"Inici\",\"item\":\"https:\/\/www.actecir.cat\/es\/\"},{\"@type\":\"ListItem\",\"position\":2,\"name\":\"Jornada: Nuevo Reglamento de Instalaciones Frigor\u00edficas\"}]},{\"@type\":\"WebSite\",\"@id\":\"https:\/\/www.actecir.cat\/#website\",\"url\":\"https:\/\/www.actecir.cat\/\",\"name\":\"Actecir\",\"description\":\"Associaci\u00f3 Catalana de T\u00e8cnics en Energia, Climatitzaci\u00f3 i Refrigeraci\u00f3\",\"publisher\":{\"@id\":\"https:\/\/www.actecir.cat\/#organization\"},\"potentialAction\":[{\"@type\":\"SearchAction\",\"target\":{\"@type\":\"EntryPoint\",\"urlTemplate\":\"https:\/\/www.actecir.cat\/?s={search_term_string}\"},\"query-input\":{\"@type\":\"PropertyValueSpecification\",\"valueRequired\":true,\"valueName\":\"search_term_string\"}}],\"inLanguage\":\"es\"},{\"@type\":\"Organization\",\"@id\":\"https:\/\/www.actecir.cat\/#organization\",\"name\":\"Actecir\",\"url\":\"https:\/\/www.actecir.cat\/\",\"logo\":{\"@type\":\"ImageObject\",\"inLanguage\":\"es\",\"@id\":\"https:\/\/www.actecir.cat\/#\/schema\/logo\/image\/\",\"url\":\"https:\/\/www.actecir.cat\/wp-content\/uploads\/2023\/04\/cropped-logo_actecir_60_alto.png\",\"contentUrl\":\"https:\/\/www.actecir.cat\/wp-content\/uploads\/2023\/04\/cropped-logo_actecir_60_alto.png\",\"width\":283,\"height\":80,\"caption\":\"Actecir\"},\"image\":{\"@id\":\"https:\/\/www.actecir.cat\/#\/schema\/logo\/image\/\"},\"sameAs\":[\"https:\/\/x.com\/actecir\",\"https:\/\/www.linkedin.com\/company\/actecir\"]},{\"@type\":\"Person\",\"@id\":\"https:\/\/www.actecir.cat\/#\/schema\/person\/42edd02f0b1d55e19444428c5d321413\",\"name\":\"Soporte web\",\"sameAs\":[\"https:\/\/www.actecir.cat\"],\"url\":\"https:\/\/www.actecir.cat\/es\/author\/maensystems\/\"}]}<\/script>\n<!-- \/ Yoast SEO plugin. -->","yoast_head_json":{"title":"Jornada: Nuevo Reglamento de Instalaciones Frigor\u00edficas - Actecir","robots":{"index":"index","follow":"follow","max-snippet":"max-snippet:-1","max-image-preview":"max-image-preview:large","max-video-preview":"max-video-preview:-1"},"canonical":"https:\/\/www.actecir.cat\/es\/jornada-nuevo-reglamento-de-instalaciones-frigorificas\/","og_locale":"es_ES","og_type":"article","og_title":"Jornada: Nuevo Reglamento de Instalaciones Frigor\u00edficas - Actecir","og_description":"Fecha: 2 diciembre 16:30 horas","og_url":"https:\/\/www.actecir.cat\/es\/jornada-nuevo-reglamento-de-instalaciones-frigorificas\/","og_site_name":"Actecir","article_published_time":"2020-12-02T09:40:00+00:00","article_modified_time":"2023-04-28T09:42:29+00:00","og_image":[{"width":600,"height":400,"url":"https:\/\/www.actecir.cat\/wp-content\/uploads\/2023\/04\/CETIT-Taula-consultiva-web.jpg","type":"image\/jpeg"}],"author":"Soporte web","twitter_card":"summary_large_image","twitter_creator":"@actecir","twitter_site":"@actecir","twitter_misc":{"Escrito por":"Soporte web","Tiempo de lectura":"1 minuto"},"schema":{"@context":"https:\/\/schema.org","@graph":[{"@type":"Article","@id":"https:\/\/www.actecir.cat\/es\/jornada-nuevo-reglamento-de-instalaciones-frigorificas\/#article","isPartOf":{"@id":"https:\/\/www.actecir.cat\/es\/jornada-nuevo-reglamento-de-instalaciones-frigorificas\/"},"author":{"name":"Soporte web","@id":"https:\/\/www.actecir.cat\/#\/schema\/person\/42edd02f0b1d55e19444428c5d321413"},"headline":"Jornada: Nuevo Reglamento de Instalaciones Frigor\u00edficas","datePublished":"2020-12-02T09:40:00+00:00","dateModified":"2023-04-28T09:42:29+00:00","mainEntityOfPage":{"@id":"https:\/\/www.actecir.cat\/es\/jornada-nuevo-reglamento-de-instalaciones-frigorificas\/"},"wordCount":229,"commentCount":0,"publisher":{"@id":"https:\/\/www.actecir.cat\/#organization"},"image":{"@id":"https:\/\/www.actecir.cat\/es\/jornada-nuevo-reglamento-de-instalaciones-frigorificas\/#primaryimage"},"thumbnailUrl":"https:\/\/www.actecir.cat\/wp-content\/uploads\/2023\/04\/CETIT-Taula-consultiva-web.jpg","articleSection":["Destacamos"],"inLanguage":"es","potentialAction":[{"@type":"CommentAction","name":"Comment","target":["https:\/\/www.actecir.cat\/es\/jornada-nuevo-reglamento-de-instalaciones-frigorificas\/#respond"]}]},{"@type":"WebPage","@id":"https:\/\/www.actecir.cat\/es\/jornada-nuevo-reglamento-de-instalaciones-frigorificas\/","url":"https:\/\/www.actecir.cat\/es\/jornada-nuevo-reglamento-de-instalaciones-frigorificas\/","name":"Jornada: Nuevo Reglamento de Instalaciones Frigor\u00edficas - Actecir","isPartOf":{"@id":"https:\/\/www.actecir.cat\/#website"},"primaryImageOfPage":{"@id":"https:\/\/www.actecir.cat\/es\/jornada-nuevo-reglamento-de-instalaciones-frigorificas\/#primaryimage"},"image":{"@id":"https:\/\/www.actecir.cat\/es\/jornada-nuevo-reglamento-de-instalaciones-frigorificas\/#primaryimage"},"thumbnailUrl":"https:\/\/www.actecir.cat\/wp-content\/uploads\/2023\/04\/CETIT-Taula-consultiva-web.jpg","datePublished":"2020-12-02T09:40:00+00:00","dateModified":"2023-04-28T09:42:29+00:00","breadcrumb":{"@id":"https:\/\/www.actecir.cat\/es\/jornada-nuevo-reglamento-de-instalaciones-frigorificas\/#breadcrumb"},"inLanguage":"es","potentialAction":[{"@type":"ReadAction","target":["https:\/\/www.actecir.cat\/es\/jornada-nuevo-reglamento-de-instalaciones-frigorificas\/"]}]},{"@type":"ImageObject","inLanguage":"es","@id":"https:\/\/www.actecir.cat\/es\/jornada-nuevo-reglamento-de-instalaciones-frigorificas\/#primaryimage","url":"https:\/\/www.actecir.cat\/wp-content\/uploads\/2023\/04\/CETIT-Taula-consultiva-web.jpg","contentUrl":"https:\/\/www.actecir.cat\/wp-content\/uploads\/2023\/04\/CETIT-Taula-consultiva-web.jpg","width":600,"height":400},{"@type":"BreadcrumbList","@id":"https:\/\/www.actecir.cat\/es\/jornada-nuevo-reglamento-de-instalaciones-frigorificas\/#breadcrumb","itemListElement":[{"@type":"ListItem","position":1,"name":"Inici","item":"https:\/\/www.actecir.cat\/es\/"},{"@type":"ListItem","position":2,"name":"Jornada: Nuevo Reglamento de Instalaciones Frigor\u00edficas"}]},{"@type":"WebSite","@id":"https:\/\/www.actecir.cat\/#website","url":"https:\/\/www.actecir.cat\/","name":"Actecir","description":"Associaci\u00f3 Catalana de T\u00e8cnics en Energia, Climatitzaci\u00f3 i Refrigeraci\u00f3","publisher":{"@id":"https:\/\/www.actecir.cat\/#organization"},"potentialAction":[{"@type":"SearchAction","target":{"@type":"EntryPoint","urlTemplate":"https:\/\/www.actecir.cat\/?s={search_term_string}"},"query-input":{"@type":"PropertyValueSpecification","valueRequired":true,"valueName":"search_term_string"}}],"inLanguage":"es"},{"@type":"Organization","@id":"https:\/\/www.actecir.cat\/#organization","name":"Actecir","url":"https:\/\/www.actecir.cat\/","logo":{"@type":"ImageObject","inLanguage":"es","@id":"https:\/\/www.actecir.cat\/#\/schema\/logo\/image\/","url":"https:\/\/www.actecir.cat\/wp-content\/uploads\/2023\/04\/cropped-logo_actecir_60_alto.png","contentUrl":"https:\/\/www.actecir.cat\/wp-content\/uploads\/2023\/04\/cropped-logo_actecir_60_alto.png","width":283,"height":80,"caption":"Actecir"},"image":{"@id":"https:\/\/www.actecir.cat\/#\/schema\/logo\/image\/"},"sameAs":["https:\/\/x.com\/actecir","https:\/\/www.linkedin.com\/company\/actecir"]},{"@type":"Person","@id":"https:\/\/www.actecir.cat\/#\/schema\/person\/42edd02f0b1d55e19444428c5d321413","name":"Soporte web","sameAs":["https:\/\/www.actecir.cat"],"url":"https:\/\/www.actecir.cat\/es\/author\/maensystems\/"}]}},"_links":{"self":[{"href":"https:\/\/www.actecir.cat\/es\/wp-json\/wp\/v2\/posts\/3791","targetHints":{"allow":["GET"]}}],"collection":[{"href":"https:\/\/www.actecir.cat\/es\/wp-json\/wp\/v2\/posts"}],"about":[{"href":"https:\/\/www.actecir.cat\/es\/wp-json\/wp\/v2\/types\/post"}],"author":[{"embeddable":true,"href":"https:\/\/www.actecir.cat\/es\/wp-json\/wp\/v2\/users\/1"}],"replies":[{"embeddable":true,"href":"https:\/\/www.actecir.cat\/es\/wp-json\/wp\/v2\/comments?post=3791"}],"version-history":[{"count":1,"href":"https:\/\/www.actecir.cat\/es\/wp-json\/wp\/v2\/posts\/3791\/revisions"}],"predecessor-version":[{"id":3792,"href":"https:\/\/www.actecir.cat\/es\/wp-json\/wp\/v2\/posts\/3791\/revisions\/3792"}],"wp:featuredmedia":[{"embeddable":true,"href":"https:\/\/www.actecir.cat\/es\/wp-json\/wp\/v2\/media\/3789"}],"wp:attachment":[{"href":"https:\/\/www.actecir.cat\/es\/wp-json\/wp\/v2\/media?parent=3791"}],"wp:term":[{"taxonomy":"category","embeddable":true,"href":"https:\/\/www.actecir.cat\/es\/wp-json\/wp\/v2\/categories?post=3791"},{"taxonomy":"post_tag","embeddable":true,"href":"https:\/\/www.actecir.cat\/es\/wp-json\/wp\/v2\/tags?post=3791"}],"curies":[{"name":"wp","href":"https:\/\/api.w.org\/{rel}","templated":true}]}}