{"id":3810,"date":"2020-11-05T09:49:00","date_gmt":"2020-11-05T08:49:00","guid":{"rendered":"https:\/\/www.actecir.cat\/?p=3810"},"modified":"2023-07-07T16:00:12","modified_gmt":"2023-07-07T14:00:12","slug":"foro-ciudadano-por-la-energia","status":"publish","type":"post","link":"https:\/\/www.actecir.cat\/es\/foro-ciudadano-por-la-energia\/","title":{"rendered":"Foro ciudadano por la energ\u00eda"},"content":{"rendered":"\n<p>Nuevo modelo energ\u00e9tico de Catalu\u00f1a<\/p>\n\n\n\n<p>Fecha: 14.11.2020<\/p>\n\n\n\n<p>Hora: de 10:30h a 13:00h<\/p>\n\n\n\n<p id=\"tw-target-text\">Presentado por Xavi Coral, conoceremos de primera mano la visi\u00f3n de una joven activista por el cambio clim\u00e1tico, la Mar\u00eda Serra, de Friday &#8216;s for Future, y de la meteor\u00f3loga y divulgadora de conociemineto del cambio clim\u00e1tico, M\u00f3nica Usart.<\/p>\n\n\n\n<p>Adem\u00e1s trabajaremos tres mesas redondas simult\u00e1neas en las que los temas principal son:<\/p>\n\n\n\n<ol class=\"wp-block-list\">\n<li>El territorio, pieza clave para la transici\u00f3n energ\u00e9tica<\/li>\n\n\n\n<li>La transformaci\u00f3n sostenible de las ciudades<\/li>\n\n\n\n<li>Dejamos que la transici\u00f3n energ\u00e9tica entre en casa<\/li>\n<\/ol>\n\n\n\n<p>Acc\u00e9s formulari d&#8217;inscripci\u00f3:\u00a0http:\/\/icaen.gencat.cat\/ca\/actualitat\/agenda\/formulari-forum-ciutada-per-lenergia\/<\/p>\n\n\n\n<p>Programa forum:&nbsp;<a href=\"https:\/\/icaen.gencat.cat\/web\/.content\/50_Actualitat\/52_agenda\/arxius\/29102020-Programa-FORUM.pdf\">http:\/\/icaen.gencat.cat\/web\/.content\/50_Actualitat\/52_agenda\/arxius\/29102020-Programa-FORUM.pdf<\/a><\/p>\n","protected":false},"excerpt":{"rendered":"<p>Nuevo modelo energ\u00e9tico de Catalu\u00f1a<\/p>\n","protected":false},"author":1,"featured_media":3808,"comment_status":"open","ping_status":"open","sticky":false,"template":"","format":"standard","meta":{"footnotes":""},"categories":[23],"tags":[],"class_list":["post-3810","post","type-post","status-publish","format-standard","has-post-thumbnail","hentry","category-destacamos"],"yoast_head":"<!-- This site is optimized with the Yoast SEO plugin v27.2 - https:\/\/yoast.com\/product\/yoast-seo-wordpress\/ -->\n<title>Foro ciudadano por la energ\u00eda - Actecir<\/title>\n<meta name=\"robots\" content=\"index, follow, max-snippet:-1, max-image-preview:large, max-video-preview:-1\" \/>\n<link rel=\"canonical\" href=\"https:\/\/www.actecir.cat\/es\/foro-ciudadano-por-la-energia\/\" \/>\n<meta property=\"og:locale\" content=\"es_ES\" \/>\n<meta property=\"og:type\" content=\"article\" \/>\n<meta property=\"og:title\" content=\"Foro ciudadano por la energ\u00eda - Actecir\" \/>\n<meta property=\"og:description\" content=\"Nuevo modelo energ\u00e9tico de Catalu\u00f1a\" \/>\n<meta property=\"og:url\" content=\"https:\/\/www.actecir.cat\/es\/foro-ciudadano-por-la-energia\/\" \/>\n<meta property=\"og:site_name\" content=\"Actecir\" \/>\n<meta property=\"article:published_time\" content=\"2020-11-05T08:49:00+00:00\" \/>\n<meta property=\"article:modified_time\" content=\"2023-07-07T14:00:12+00:00\" \/>\n<meta property=\"og:image\" content=\"https:\/\/www.actecir.cat\/wp-content\/uploads\/2023\/04\/forum_energia.jpg\" \/>\n\t<meta property=\"og:image:width\" content=\"603\" \/>\n\t<meta property=\"og:image:height\" content=\"400\" \/>\n\t<meta property=\"og:image:type\" content=\"image\/jpeg\" \/>\n<meta name=\"author\" content=\"Soporte web\" \/>\n<meta name=\"twitter:card\" content=\"summary_large_image\" \/>\n<meta name=\"twitter:creator\" content=\"@actecir\" \/>\n<meta name=\"twitter:site\" content=\"@actecir\" \/>\n<meta name=\"twitter:label1\" content=\"Escrito por\" \/>\n\t<meta name=\"twitter:data1\" content=\"Soporte web\" \/>\n\t<meta name=\"twitter:label2\" content=\"Tiempo de lectura\" \/>\n\t<meta name=\"twitter:data2\" content=\"1 minuto\" \/>\n<script type=\"application\/ld+json\" class=\"yoast-schema-graph\">{\"@context\":\"https:\/\/schema.org\",\"@graph\":[{\"@type\":\"Article\",\"@id\":\"https:\/\/www.actecir.cat\/es\/foro-ciudadano-por-la-energia\/#article\",\"isPartOf\":{\"@id\":\"https:\/\/www.actecir.cat\/es\/foro-ciudadano-por-la-energia\/\"},\"author\":{\"name\":\"Soporte web\",\"@id\":\"https:\/\/www.actecir.cat\/#\/schema\/person\/42edd02f0b1d55e19444428c5d321413\"},\"headline\":\"Foro ciudadano por la energ\u00eda\",\"datePublished\":\"2020-11-05T08:49:00+00:00\",\"dateModified\":\"2023-07-07T14:00:12+00:00\",\"mainEntityOfPage\":{\"@id\":\"https:\/\/www.actecir.cat\/es\/foro-ciudadano-por-la-energia\/\"},\"wordCount\":133,\"commentCount\":0,\"publisher\":{\"@id\":\"https:\/\/www.actecir.cat\/#organization\"},\"image\":{\"@id\":\"https:\/\/www.actecir.cat\/es\/foro-ciudadano-por-la-energia\/#primaryimage\"},\"thumbnailUrl\":\"https:\/\/www.actecir.cat\/wp-content\/uploads\/2023\/04\/forum_energia.jpg\",\"articleSection\":[\"Destacamos\"],\"inLanguage\":\"es\",\"potentialAction\":[{\"@type\":\"CommentAction\",\"name\":\"Comment\",\"target\":[\"https:\/\/www.actecir.cat\/es\/foro-ciudadano-por-la-energia\/#respond\"]}]},{\"@type\":\"WebPage\",\"@id\":\"https:\/\/www.actecir.cat\/es\/foro-ciudadano-por-la-energia\/\",\"url\":\"https:\/\/www.actecir.cat\/es\/foro-ciudadano-por-la-energia\/\",\"name\":\"Foro ciudadano por la energ\u00eda - Actecir\",\"isPartOf\":{\"@id\":\"https:\/\/www.actecir.cat\/#website\"},\"primaryImageOfPage\":{\"@id\":\"https:\/\/www.actecir.cat\/es\/foro-ciudadano-por-la-energia\/#primaryimage\"},\"image\":{\"@id\":\"https:\/\/www.actecir.cat\/es\/foro-ciudadano-por-la-energia\/#primaryimage\"},\"thumbnailUrl\":\"https:\/\/www.actecir.cat\/wp-content\/uploads\/2023\/04\/forum_energia.jpg\",\"datePublished\":\"2020-11-05T08:49:00+00:00\",\"dateModified\":\"2023-07-07T14:00:12+00:00\",\"breadcrumb\":{\"@id\":\"https:\/\/www.actecir.cat\/es\/foro-ciudadano-por-la-energia\/#breadcrumb\"},\"inLanguage\":\"es\",\"potentialAction\":[{\"@type\":\"ReadAction\",\"target\":[\"https:\/\/www.actecir.cat\/es\/foro-ciudadano-por-la-energia\/\"]}]},{\"@type\":\"ImageObject\",\"inLanguage\":\"es\",\"@id\":\"https:\/\/www.actecir.cat\/es\/foro-ciudadano-por-la-energia\/#primaryimage\",\"url\":\"https:\/\/www.actecir.cat\/wp-content\/uploads\/2023\/04\/forum_energia.jpg\",\"contentUrl\":\"https:\/\/www.actecir.cat\/wp-content\/uploads\/2023\/04\/forum_energia.jpg\",\"width\":603,\"height\":400},{\"@type\":\"BreadcrumbList\",\"@id\":\"https:\/\/www.actecir.cat\/es\/foro-ciudadano-por-la-energia\/#breadcrumb\",\"itemListElement\":[{\"@type\":\"ListItem\",\"position\":1,\"name\":\"Inici\",\"item\":\"https:\/\/www.actecir.cat\/es\/\"},{\"@type\":\"ListItem\",\"position\":2,\"name\":\"Foro ciudadano por la energ\u00eda\"}]},{\"@type\":\"WebSite\",\"@id\":\"https:\/\/www.actecir.cat\/#website\",\"url\":\"https:\/\/www.actecir.cat\/\",\"name\":\"Actecir\",\"description\":\"Associaci\u00f3 Catalana de T\u00e8cnics en Energia, Climatitzaci\u00f3 i Refrigeraci\u00f3\",\"publisher\":{\"@id\":\"https:\/\/www.actecir.cat\/#organization\"},\"potentialAction\":[{\"@type\":\"SearchAction\",\"target\":{\"@type\":\"EntryPoint\",\"urlTemplate\":\"https:\/\/www.actecir.cat\/?s={search_term_string}\"},\"query-input\":{\"@type\":\"PropertyValueSpecification\",\"valueRequired\":true,\"valueName\":\"search_term_string\"}}],\"inLanguage\":\"es\"},{\"@type\":\"Organization\",\"@id\":\"https:\/\/www.actecir.cat\/#organization\",\"name\":\"Actecir\",\"url\":\"https:\/\/www.actecir.cat\/\",\"logo\":{\"@type\":\"ImageObject\",\"inLanguage\":\"es\",\"@id\":\"https:\/\/www.actecir.cat\/#\/schema\/logo\/image\/\",\"url\":\"https:\/\/www.actecir.cat\/wp-content\/uploads\/2023\/04\/cropped-logo_actecir_60_alto.png\",\"contentUrl\":\"https:\/\/www.actecir.cat\/wp-content\/uploads\/2023\/04\/cropped-logo_actecir_60_alto.png\",\"width\":283,\"height\":80,\"caption\":\"Actecir\"},\"image\":{\"@id\":\"https:\/\/www.actecir.cat\/#\/schema\/logo\/image\/\"},\"sameAs\":[\"https:\/\/x.com\/actecir\",\"https:\/\/www.linkedin.com\/company\/actecir\"]},{\"@type\":\"Person\",\"@id\":\"https:\/\/www.actecir.cat\/#\/schema\/person\/42edd02f0b1d55e19444428c5d321413\",\"name\":\"Soporte web\",\"sameAs\":[\"https:\/\/www.actecir.cat\"],\"url\":\"https:\/\/www.actecir.cat\/es\/author\/maensystems\/\"}]}<\/script>\n<!-- \/ Yoast SEO plugin. -->","yoast_head_json":{"title":"Foro ciudadano por la energ\u00eda - Actecir","robots":{"index":"index","follow":"follow","max-snippet":"max-snippet:-1","max-image-preview":"max-image-preview:large","max-video-preview":"max-video-preview:-1"},"canonical":"https:\/\/www.actecir.cat\/es\/foro-ciudadano-por-la-energia\/","og_locale":"es_ES","og_type":"article","og_title":"Foro ciudadano por la energ\u00eda - Actecir","og_description":"Nuevo modelo energ\u00e9tico de Catalu\u00f1a","og_url":"https:\/\/www.actecir.cat\/es\/foro-ciudadano-por-la-energia\/","og_site_name":"Actecir","article_published_time":"2020-11-05T08:49:00+00:00","article_modified_time":"2023-07-07T14:00:12+00:00","og_image":[{"width":603,"height":400,"url":"https:\/\/www.actecir.cat\/wp-content\/uploads\/2023\/04\/forum_energia.jpg","type":"image\/jpeg"}],"author":"Soporte web","twitter_card":"summary_large_image","twitter_creator":"@actecir","twitter_site":"@actecir","twitter_misc":{"Escrito por":"Soporte web","Tiempo de lectura":"1 minuto"},"schema":{"@context":"https:\/\/schema.org","@graph":[{"@type":"Article","@id":"https:\/\/www.actecir.cat\/es\/foro-ciudadano-por-la-energia\/#article","isPartOf":{"@id":"https:\/\/www.actecir.cat\/es\/foro-ciudadano-por-la-energia\/"},"author":{"name":"Soporte web","@id":"https:\/\/www.actecir.cat\/#\/schema\/person\/42edd02f0b1d55e19444428c5d321413"},"headline":"Foro ciudadano por la energ\u00eda","datePublished":"2020-11-05T08:49:00+00:00","dateModified":"2023-07-07T14:00:12+00:00","mainEntityOfPage":{"@id":"https:\/\/www.actecir.cat\/es\/foro-ciudadano-por-la-energia\/"},"wordCount":133,"commentCount":0,"publisher":{"@id":"https:\/\/www.actecir.cat\/#organization"},"image":{"@id":"https:\/\/www.actecir.cat\/es\/foro-ciudadano-por-la-energia\/#primaryimage"},"thumbnailUrl":"https:\/\/www.actecir.cat\/wp-content\/uploads\/2023\/04\/forum_energia.jpg","articleSection":["Destacamos"],"inLanguage":"es","potentialAction":[{"@type":"CommentAction","name":"Comment","target":["https:\/\/www.actecir.cat\/es\/foro-ciudadano-por-la-energia\/#respond"]}]},{"@type":"WebPage","@id":"https:\/\/www.actecir.cat\/es\/foro-ciudadano-por-la-energia\/","url":"https:\/\/www.actecir.cat\/es\/foro-ciudadano-por-la-energia\/","name":"Foro ciudadano por la energ\u00eda - Actecir","isPartOf":{"@id":"https:\/\/www.actecir.cat\/#website"},"primaryImageOfPage":{"@id":"https:\/\/www.actecir.cat\/es\/foro-ciudadano-por-la-energia\/#primaryimage"},"image":{"@id":"https:\/\/www.actecir.cat\/es\/foro-ciudadano-por-la-energia\/#primaryimage"},"thumbnailUrl":"https:\/\/www.actecir.cat\/wp-content\/uploads\/2023\/04\/forum_energia.jpg","datePublished":"2020-11-05T08:49:00+00:00","dateModified":"2023-07-07T14:00:12+00:00","breadcrumb":{"@id":"https:\/\/www.actecir.cat\/es\/foro-ciudadano-por-la-energia\/#breadcrumb"},"inLanguage":"es","potentialAction":[{"@type":"ReadAction","target":["https:\/\/www.actecir.cat\/es\/foro-ciudadano-por-la-energia\/"]}]},{"@type":"ImageObject","inLanguage":"es","@id":"https:\/\/www.actecir.cat\/es\/foro-ciudadano-por-la-energia\/#primaryimage","url":"https:\/\/www.actecir.cat\/wp-content\/uploads\/2023\/04\/forum_energia.jpg","contentUrl":"https:\/\/www.actecir.cat\/wp-content\/uploads\/2023\/04\/forum_energia.jpg","width":603,"height":400},{"@type":"BreadcrumbList","@id":"https:\/\/www.actecir.cat\/es\/foro-ciudadano-por-la-energia\/#breadcrumb","itemListElement":[{"@type":"ListItem","position":1,"name":"Inici","item":"https:\/\/www.actecir.cat\/es\/"},{"@type":"ListItem","position":2,"name":"Foro ciudadano por la energ\u00eda"}]},{"@type":"WebSite","@id":"https:\/\/www.actecir.cat\/#website","url":"https:\/\/www.actecir.cat\/","name":"Actecir","description":"Associaci\u00f3 Catalana de T\u00e8cnics en Energia, Climatitzaci\u00f3 i Refrigeraci\u00f3","publisher":{"@id":"https:\/\/www.actecir.cat\/#organization"},"potentialAction":[{"@type":"SearchAction","target":{"@type":"EntryPoint","urlTemplate":"https:\/\/www.actecir.cat\/?s={search_term_string}"},"query-input":{"@type":"PropertyValueSpecification","valueRequired":true,"valueName":"search_term_string"}}],"inLanguage":"es"},{"@type":"Organization","@id":"https:\/\/www.actecir.cat\/#organization","name":"Actecir","url":"https:\/\/www.actecir.cat\/","logo":{"@type":"ImageObject","inLanguage":"es","@id":"https:\/\/www.actecir.cat\/#\/schema\/logo\/image\/","url":"https:\/\/www.actecir.cat\/wp-content\/uploads\/2023\/04\/cropped-logo_actecir_60_alto.png","contentUrl":"https:\/\/www.actecir.cat\/wp-content\/uploads\/2023\/04\/cropped-logo_actecir_60_alto.png","width":283,"height":80,"caption":"Actecir"},"image":{"@id":"https:\/\/www.actecir.cat\/#\/schema\/logo\/image\/"},"sameAs":["https:\/\/x.com\/actecir","https:\/\/www.linkedin.com\/company\/actecir"]},{"@type":"Person","@id":"https:\/\/www.actecir.cat\/#\/schema\/person\/42edd02f0b1d55e19444428c5d321413","name":"Soporte web","sameAs":["https:\/\/www.actecir.cat"],"url":"https:\/\/www.actecir.cat\/es\/author\/maensystems\/"}]}},"_links":{"self":[{"href":"https:\/\/www.actecir.cat\/es\/wp-json\/wp\/v2\/posts\/3810","targetHints":{"allow":["GET"]}}],"collection":[{"href":"https:\/\/www.actecir.cat\/es\/wp-json\/wp\/v2\/posts"}],"about":[{"href":"https:\/\/www.actecir.cat\/es\/wp-json\/wp\/v2\/types\/post"}],"author":[{"embeddable":true,"href":"https:\/\/www.actecir.cat\/es\/wp-json\/wp\/v2\/users\/1"}],"replies":[{"embeddable":true,"href":"https:\/\/www.actecir.cat\/es\/wp-json\/wp\/v2\/comments?post=3810"}],"version-history":[{"count":2,"href":"https:\/\/www.actecir.cat\/es\/wp-json\/wp\/v2\/posts\/3810\/revisions"}],"predecessor-version":[{"id":11445,"href":"https:\/\/www.actecir.cat\/es\/wp-json\/wp\/v2\/posts\/3810\/revisions\/11445"}],"wp:featuredmedia":[{"embeddable":true,"href":"https:\/\/www.actecir.cat\/es\/wp-json\/wp\/v2\/media\/3808"}],"wp:attachment":[{"href":"https:\/\/www.actecir.cat\/es\/wp-json\/wp\/v2\/media?parent=3810"}],"wp:term":[{"taxonomy":"category","embeddable":true,"href":"https:\/\/www.actecir.cat\/es\/wp-json\/wp\/v2\/categories?post=3810"},{"taxonomy":"post_tag","embeddable":true,"href":"https:\/\/www.actecir.cat\/es\/wp-json\/wp\/v2\/tags?post=3810"}],"curies":[{"name":"wp","href":"https:\/\/api.w.org\/{rel}","templated":true}]}}