{"id":3830,"date":"2020-10-04T10:07:00","date_gmt":"2020-10-04T08:07:00","guid":{"rendered":"https:\/\/www.actecir.cat\/?p=3830"},"modified":"2023-07-07T13:07:06","modified_gmt":"2023-07-07T11:07:06","slug":"curso-actecir-aefyt-instalaciones-frigorificas-de-co2","status":"publish","type":"post","link":"https:\/\/www.actecir.cat\/es\/curso-actecir-aefyt-instalaciones-frigorificas-de-co2\/","title":{"rendered":"CURSO ACTECIR &#8211; AEFYT: Instalaciones frigor\u00edficas de CO2"},"content":{"rendered":"\n<p>Organizado por ACTECIR y AEFYT<\/p>\n\n\n\n<figure class=\"wp-block-image\"><img decoding=\"async\" src=\"https:\/\/www.actecir.cat\/wp-content\/uploads\/2023\/07\/curs-co2-cat_postpuesto.jpg\" alt=\"curs co2 cat postpuesto\"\/><\/figure>\n\n\n\n<p><strong>&nbsp;&nbsp;OBJETIVO<\/strong><\/p>\n\n\n\n<p>Se analizar\u00e1 el funcionamiento de las instalaciones frigor\u00edficas estableciendo las bases para el c\u00e1lculo de los componentes, dise\u00f1o y construcci\u00f3n de instalaciones frigor\u00edficas de amon\u00edaco; haciendo especial hincapi\u00e9 en las caracter\u00edsticas particulares que deben reunir respecto a la seguridad, facilidad de mantenimiento y eficiencia energ\u00e9tica.&nbsp;<\/p>\n\n\n\n<p><strong>&nbsp;PROGRAMA<\/strong><\/p>\n\n\n\n<ul class=\"wp-block-list\">\n<li><strong><em>Introducci\u00f3n al anh\u00eddrido carb\u00f3nico.<\/em><\/strong><\/li>\n\n\n\n<li><em><strong>Co<sub>2<\/sub>&nbsp;y el agua. Aceite y CO<sub>2<\/sub>. Recuperaci\u00f3n de aceite. Almacenamiento del CO<sub>2<\/sub>.<\/strong><\/em><\/li>\n\n\n\n<li><strong><em>Seguridad.<\/em><\/strong><\/li>\n\n\n\n<li><strong><em>Sistemas.&nbsp;<\/em><\/strong><strong><em>Ciclo transcr\u00edtico. Presi\u00f3n descarga \u00f3ptima.<\/em><\/strong><\/li>\n\n\n\n<li><strong><em>Ciclo subcr\u00edtico.<\/em><\/strong><\/li>\n\n\n\n<li><strong><em>&nbsp;<\/em><\/strong><strong>Equipos.<\/strong><\/li>\n\n\n\n<li><strong><em>Tuber\u00eda y Valvuler\u00eda.<\/em><\/strong><\/li>\n\n\n\n<li><strong><em>Circu\u00edtos.<\/em><\/strong><\/li>\n\n\n\n<li><strong><em>Montaje y mantenimiento.<\/em><\/strong><\/li>\n\n\n\n<li><strong><em>Eficiencia Energ\u00e9tica.<\/em><\/strong><\/li>\n\n\n\n<li><strong><em>Casos pr\u00e1cticos<\/em><\/strong>&nbsp;<\/li>\n<\/ul>\n\n\n\n<p><strong>&nbsp;MATR\u00cdCULA<\/strong><\/p>\n\n\n\n<ul class=\"wp-block-list\">\n<li>Precio por inscripci\u00f3n de personal de Empresa Asociada a ACTECIR o AEFYT: 500,00 \u20ac (IVA incluido)<\/li>\n\n\n\n<li>Precio por inscripci\u00f3n de personal de Empresa NO Asociada a ACTECIR o AEFYT: 700,00 \u20ac (IVA incluido)&nbsp;<\/li>\n<\/ul>\n\n\n\n<p><strong>&nbsp;INSCRIPCI\u00d3N<\/strong><\/p>\n\n\n\n<p>El n\u00famero de plazas es limitado y la admisi\u00f3n tendr\u00e1 lugar por riguroso orden de recepci\u00f3n de solicitudes.<\/p>\n\n\n\n<p>\u00c9sta se realizar\u00e1 rellenando la ficha adjunta y remiti\u00e9ndola por correo electr\u00f3nico a la Sede de ACTECIR o de AEFYT, acompa\u00f1ando el comprobante bancario de haber abonado o transferido, en concepto de reserva (el 20% del importe de la inscripci\u00f3n)<\/p>\n\n\n\n<ul class=\"wp-block-list\">\n<li>\n<ul class=\"wp-block-list\">\n<li><strong>Cuenta AEFYT<\/strong>&nbsp;:&nbsp; &nbsp; ES19 2038-1007-00-6001191439<\/li>\n\n\n\n<li><strong>Cuenta ACTECIR<\/strong>:&nbsp;ES1500810110660001638972<\/li>\n<\/ul>\n<\/li>\n<\/ul>\n\n\n\n<p>El pago total de la inscripci\u00f3n podr\u00e1 realizarse al efectuar la reserva y en cualquier caso deber\u00e1 formalizarse remitiendo antes del 8 de Noviembre e de 2020 el comprobante de pago a la antes mencionada cuentade AEFYT.<\/p>\n\n\n\n<p>Hasta 5 d\u00edas antes, AEFYT se reserva el derecho de modificar la fecha de celebraci\u00f3n del curso on-line oanularlo, en ambos casos se dar\u00e1 la opci\u00f3n de aplicar la cantidad abonada a los futuros cursos.<\/p>\n\n\n\n<p>Cualquier cancelaci\u00f3n de la reserva del curso on-linedeber\u00e1 hacerse por escrito. La cancelaci\u00f3n despu\u00e9s del 8 de Noviembre de 2020 hasta 5 d\u00edas antes de la celebraci\u00f3n del curso, conllevar\u00e1 la p\u00e9rdida del 20% de la reserva efectuada. Las cancelaciones que se produzcan una vez iniciado el Curso no dar\u00e1 lugar a ning\u00fan tipo de reembolso.<\/p>\n","protected":false},"excerpt":{"rendered":"<p>Organizado por ACTECIR y AEFYT<\/p>\n","protected":false},"author":1,"featured_media":3831,"comment_status":"open","ping_status":"open","sticky":false,"template":"","format":"standard","meta":{"footnotes":""},"categories":[23],"tags":[],"class_list":["post-3830","post","type-post","status-publish","format-standard","has-post-thumbnail","hentry","category-destacamos"],"yoast_head":"<!-- This site is optimized with the Yoast SEO plugin v27.2 - https:\/\/yoast.com\/product\/yoast-seo-wordpress\/ -->\n<title>CURSO ACTECIR - AEFYT: Instalaciones frigor\u00edficas de CO2 - Actecir<\/title>\n<meta name=\"robots\" content=\"index, follow, max-snippet:-1, max-image-preview:large, max-video-preview:-1\" \/>\n<link rel=\"canonical\" href=\"https:\/\/www.actecir.cat\/es\/curso-actecir-aefyt-instalaciones-frigorificas-de-co2\/\" \/>\n<meta property=\"og:locale\" content=\"es_ES\" \/>\n<meta property=\"og:type\" content=\"article\" \/>\n<meta property=\"og:title\" content=\"CURSO ACTECIR - AEFYT: Instalaciones frigor\u00edficas de CO2 - Actecir\" \/>\n<meta property=\"og:description\" content=\"Organizado por ACTECIR y AEFYT\" \/>\n<meta property=\"og:url\" content=\"https:\/\/www.actecir.cat\/es\/curso-actecir-aefyt-instalaciones-frigorificas-de-co2\/\" \/>\n<meta property=\"og:site_name\" content=\"Actecir\" \/>\n<meta property=\"article:published_time\" content=\"2020-10-04T08:07:00+00:00\" \/>\n<meta property=\"article:modified_time\" content=\"2023-07-07T11:07:06+00:00\" \/>\n<meta property=\"og:image\" content=\"https:\/\/www.actecir.cat\/wp-content\/uploads\/2023\/04\/curs-co2-castellano_sin-fechas.jpg\" \/>\n\t<meta property=\"og:image:width\" content=\"585\" \/>\n\t<meta property=\"og:image:height\" content=\"396\" \/>\n\t<meta property=\"og:image:type\" content=\"image\/jpeg\" \/>\n<meta name=\"author\" content=\"Soporte web\" \/>\n<meta name=\"twitter:card\" content=\"summary_large_image\" \/>\n<meta name=\"twitter:creator\" content=\"@actecir\" \/>\n<meta name=\"twitter:site\" content=\"@actecir\" \/>\n<meta name=\"twitter:label1\" content=\"Escrito por\" \/>\n\t<meta name=\"twitter:data1\" content=\"Soporte web\" \/>\n\t<meta name=\"twitter:label2\" content=\"Tiempo de lectura\" \/>\n\t<meta name=\"twitter:data2\" content=\"2 minutos\" \/>\n<script type=\"application\/ld+json\" class=\"yoast-schema-graph\">{\"@context\":\"https:\/\/schema.org\",\"@graph\":[{\"@type\":\"Article\",\"@id\":\"https:\/\/www.actecir.cat\/es\/curso-actecir-aefyt-instalaciones-frigorificas-de-co2\/#article\",\"isPartOf\":{\"@id\":\"https:\/\/www.actecir.cat\/es\/curso-actecir-aefyt-instalaciones-frigorificas-de-co2\/\"},\"author\":{\"name\":\"Soporte web\",\"@id\":\"https:\/\/www.actecir.cat\/#\/schema\/person\/42edd02f0b1d55e19444428c5d321413\"},\"headline\":\"CURSO ACTECIR &#8211; AEFYT: Instalaciones frigor\u00edficas de CO2\",\"datePublished\":\"2020-10-04T08:07:00+00:00\",\"dateModified\":\"2023-07-07T11:07:06+00:00\",\"mainEntityOfPage\":{\"@id\":\"https:\/\/www.actecir.cat\/es\/curso-actecir-aefyt-instalaciones-frigorificas-de-co2\/\"},\"wordCount\":374,\"commentCount\":0,\"publisher\":{\"@id\":\"https:\/\/www.actecir.cat\/#organization\"},\"image\":{\"@id\":\"https:\/\/www.actecir.cat\/es\/curso-actecir-aefyt-instalaciones-frigorificas-de-co2\/#primaryimage\"},\"thumbnailUrl\":\"https:\/\/www.actecir.cat\/wp-content\/uploads\/2023\/04\/curs-co2-castellano_sin-fechas.jpg\",\"articleSection\":[\"Destacamos\"],\"inLanguage\":\"es\",\"potentialAction\":[{\"@type\":\"CommentAction\",\"name\":\"Comment\",\"target\":[\"https:\/\/www.actecir.cat\/es\/curso-actecir-aefyt-instalaciones-frigorificas-de-co2\/#respond\"]}]},{\"@type\":\"WebPage\",\"@id\":\"https:\/\/www.actecir.cat\/es\/curso-actecir-aefyt-instalaciones-frigorificas-de-co2\/\",\"url\":\"https:\/\/www.actecir.cat\/es\/curso-actecir-aefyt-instalaciones-frigorificas-de-co2\/\",\"name\":\"CURSO ACTECIR - AEFYT: Instalaciones frigor\u00edficas de CO2 - Actecir\",\"isPartOf\":{\"@id\":\"https:\/\/www.actecir.cat\/#website\"},\"primaryImageOfPage\":{\"@id\":\"https:\/\/www.actecir.cat\/es\/curso-actecir-aefyt-instalaciones-frigorificas-de-co2\/#primaryimage\"},\"image\":{\"@id\":\"https:\/\/www.actecir.cat\/es\/curso-actecir-aefyt-instalaciones-frigorificas-de-co2\/#primaryimage\"},\"thumbnailUrl\":\"https:\/\/www.actecir.cat\/wp-content\/uploads\/2023\/04\/curs-co2-castellano_sin-fechas.jpg\",\"datePublished\":\"2020-10-04T08:07:00+00:00\",\"dateModified\":\"2023-07-07T11:07:06+00:00\",\"breadcrumb\":{\"@id\":\"https:\/\/www.actecir.cat\/es\/curso-actecir-aefyt-instalaciones-frigorificas-de-co2\/#breadcrumb\"},\"inLanguage\":\"es\",\"potentialAction\":[{\"@type\":\"ReadAction\",\"target\":[\"https:\/\/www.actecir.cat\/es\/curso-actecir-aefyt-instalaciones-frigorificas-de-co2\/\"]}]},{\"@type\":\"ImageObject\",\"inLanguage\":\"es\",\"@id\":\"https:\/\/www.actecir.cat\/es\/curso-actecir-aefyt-instalaciones-frigorificas-de-co2\/#primaryimage\",\"url\":\"https:\/\/www.actecir.cat\/wp-content\/uploads\/2023\/04\/curs-co2-castellano_sin-fechas.jpg\",\"contentUrl\":\"https:\/\/www.actecir.cat\/wp-content\/uploads\/2023\/04\/curs-co2-castellano_sin-fechas.jpg\",\"width\":585,\"height\":396},{\"@type\":\"BreadcrumbList\",\"@id\":\"https:\/\/www.actecir.cat\/es\/curso-actecir-aefyt-instalaciones-frigorificas-de-co2\/#breadcrumb\",\"itemListElement\":[{\"@type\":\"ListItem\",\"position\":1,\"name\":\"Inici\",\"item\":\"https:\/\/www.actecir.cat\/es\/\"},{\"@type\":\"ListItem\",\"position\":2,\"name\":\"CURSO ACTECIR &#8211; AEFYT: Instalaciones frigor\u00edficas de CO2\"}]},{\"@type\":\"WebSite\",\"@id\":\"https:\/\/www.actecir.cat\/#website\",\"url\":\"https:\/\/www.actecir.cat\/\",\"name\":\"Actecir\",\"description\":\"Associaci\u00f3 Catalana de T\u00e8cnics en Energia, Climatitzaci\u00f3 i Refrigeraci\u00f3\",\"publisher\":{\"@id\":\"https:\/\/www.actecir.cat\/#organization\"},\"potentialAction\":[{\"@type\":\"SearchAction\",\"target\":{\"@type\":\"EntryPoint\",\"urlTemplate\":\"https:\/\/www.actecir.cat\/?s={search_term_string}\"},\"query-input\":{\"@type\":\"PropertyValueSpecification\",\"valueRequired\":true,\"valueName\":\"search_term_string\"}}],\"inLanguage\":\"es\"},{\"@type\":\"Organization\",\"@id\":\"https:\/\/www.actecir.cat\/#organization\",\"name\":\"Actecir\",\"url\":\"https:\/\/www.actecir.cat\/\",\"logo\":{\"@type\":\"ImageObject\",\"inLanguage\":\"es\",\"@id\":\"https:\/\/www.actecir.cat\/#\/schema\/logo\/image\/\",\"url\":\"https:\/\/www.actecir.cat\/wp-content\/uploads\/2023\/04\/cropped-logo_actecir_60_alto.png\",\"contentUrl\":\"https:\/\/www.actecir.cat\/wp-content\/uploads\/2023\/04\/cropped-logo_actecir_60_alto.png\",\"width\":283,\"height\":80,\"caption\":\"Actecir\"},\"image\":{\"@id\":\"https:\/\/www.actecir.cat\/#\/schema\/logo\/image\/\"},\"sameAs\":[\"https:\/\/x.com\/actecir\",\"https:\/\/www.linkedin.com\/company\/actecir\"]},{\"@type\":\"Person\",\"@id\":\"https:\/\/www.actecir.cat\/#\/schema\/person\/42edd02f0b1d55e19444428c5d321413\",\"name\":\"Soporte web\",\"sameAs\":[\"https:\/\/www.actecir.cat\"],\"url\":\"https:\/\/www.actecir.cat\/es\/author\/maensystems\/\"}]}<\/script>\n<!-- \/ Yoast SEO plugin. -->","yoast_head_json":{"title":"CURSO ACTECIR - AEFYT: Instalaciones frigor\u00edficas de CO2 - Actecir","robots":{"index":"index","follow":"follow","max-snippet":"max-snippet:-1","max-image-preview":"max-image-preview:large","max-video-preview":"max-video-preview:-1"},"canonical":"https:\/\/www.actecir.cat\/es\/curso-actecir-aefyt-instalaciones-frigorificas-de-co2\/","og_locale":"es_ES","og_type":"article","og_title":"CURSO ACTECIR - AEFYT: Instalaciones frigor\u00edficas de CO2 - Actecir","og_description":"Organizado por ACTECIR y AEFYT","og_url":"https:\/\/www.actecir.cat\/es\/curso-actecir-aefyt-instalaciones-frigorificas-de-co2\/","og_site_name":"Actecir","article_published_time":"2020-10-04T08:07:00+00:00","article_modified_time":"2023-07-07T11:07:06+00:00","og_image":[{"width":585,"height":396,"url":"https:\/\/www.actecir.cat\/wp-content\/uploads\/2023\/04\/curs-co2-castellano_sin-fechas.jpg","type":"image\/jpeg"}],"author":"Soporte web","twitter_card":"summary_large_image","twitter_creator":"@actecir","twitter_site":"@actecir","twitter_misc":{"Escrito por":"Soporte web","Tiempo de lectura":"2 minutos"},"schema":{"@context":"https:\/\/schema.org","@graph":[{"@type":"Article","@id":"https:\/\/www.actecir.cat\/es\/curso-actecir-aefyt-instalaciones-frigorificas-de-co2\/#article","isPartOf":{"@id":"https:\/\/www.actecir.cat\/es\/curso-actecir-aefyt-instalaciones-frigorificas-de-co2\/"},"author":{"name":"Soporte web","@id":"https:\/\/www.actecir.cat\/#\/schema\/person\/42edd02f0b1d55e19444428c5d321413"},"headline":"CURSO ACTECIR &#8211; AEFYT: Instalaciones frigor\u00edficas de CO2","datePublished":"2020-10-04T08:07:00+00:00","dateModified":"2023-07-07T11:07:06+00:00","mainEntityOfPage":{"@id":"https:\/\/www.actecir.cat\/es\/curso-actecir-aefyt-instalaciones-frigorificas-de-co2\/"},"wordCount":374,"commentCount":0,"publisher":{"@id":"https:\/\/www.actecir.cat\/#organization"},"image":{"@id":"https:\/\/www.actecir.cat\/es\/curso-actecir-aefyt-instalaciones-frigorificas-de-co2\/#primaryimage"},"thumbnailUrl":"https:\/\/www.actecir.cat\/wp-content\/uploads\/2023\/04\/curs-co2-castellano_sin-fechas.jpg","articleSection":["Destacamos"],"inLanguage":"es","potentialAction":[{"@type":"CommentAction","name":"Comment","target":["https:\/\/www.actecir.cat\/es\/curso-actecir-aefyt-instalaciones-frigorificas-de-co2\/#respond"]}]},{"@type":"WebPage","@id":"https:\/\/www.actecir.cat\/es\/curso-actecir-aefyt-instalaciones-frigorificas-de-co2\/","url":"https:\/\/www.actecir.cat\/es\/curso-actecir-aefyt-instalaciones-frigorificas-de-co2\/","name":"CURSO ACTECIR - AEFYT: Instalaciones frigor\u00edficas de CO2 - Actecir","isPartOf":{"@id":"https:\/\/www.actecir.cat\/#website"},"primaryImageOfPage":{"@id":"https:\/\/www.actecir.cat\/es\/curso-actecir-aefyt-instalaciones-frigorificas-de-co2\/#primaryimage"},"image":{"@id":"https:\/\/www.actecir.cat\/es\/curso-actecir-aefyt-instalaciones-frigorificas-de-co2\/#primaryimage"},"thumbnailUrl":"https:\/\/www.actecir.cat\/wp-content\/uploads\/2023\/04\/curs-co2-castellano_sin-fechas.jpg","datePublished":"2020-10-04T08:07:00+00:00","dateModified":"2023-07-07T11:07:06+00:00","breadcrumb":{"@id":"https:\/\/www.actecir.cat\/es\/curso-actecir-aefyt-instalaciones-frigorificas-de-co2\/#breadcrumb"},"inLanguage":"es","potentialAction":[{"@type":"ReadAction","target":["https:\/\/www.actecir.cat\/es\/curso-actecir-aefyt-instalaciones-frigorificas-de-co2\/"]}]},{"@type":"ImageObject","inLanguage":"es","@id":"https:\/\/www.actecir.cat\/es\/curso-actecir-aefyt-instalaciones-frigorificas-de-co2\/#primaryimage","url":"https:\/\/www.actecir.cat\/wp-content\/uploads\/2023\/04\/curs-co2-castellano_sin-fechas.jpg","contentUrl":"https:\/\/www.actecir.cat\/wp-content\/uploads\/2023\/04\/curs-co2-castellano_sin-fechas.jpg","width":585,"height":396},{"@type":"BreadcrumbList","@id":"https:\/\/www.actecir.cat\/es\/curso-actecir-aefyt-instalaciones-frigorificas-de-co2\/#breadcrumb","itemListElement":[{"@type":"ListItem","position":1,"name":"Inici","item":"https:\/\/www.actecir.cat\/es\/"},{"@type":"ListItem","position":2,"name":"CURSO ACTECIR &#8211; AEFYT: Instalaciones frigor\u00edficas de CO2"}]},{"@type":"WebSite","@id":"https:\/\/www.actecir.cat\/#website","url":"https:\/\/www.actecir.cat\/","name":"Actecir","description":"Associaci\u00f3 Catalana de T\u00e8cnics en Energia, Climatitzaci\u00f3 i Refrigeraci\u00f3","publisher":{"@id":"https:\/\/www.actecir.cat\/#organization"},"potentialAction":[{"@type":"SearchAction","target":{"@type":"EntryPoint","urlTemplate":"https:\/\/www.actecir.cat\/?s={search_term_string}"},"query-input":{"@type":"PropertyValueSpecification","valueRequired":true,"valueName":"search_term_string"}}],"inLanguage":"es"},{"@type":"Organization","@id":"https:\/\/www.actecir.cat\/#organization","name":"Actecir","url":"https:\/\/www.actecir.cat\/","logo":{"@type":"ImageObject","inLanguage":"es","@id":"https:\/\/www.actecir.cat\/#\/schema\/logo\/image\/","url":"https:\/\/www.actecir.cat\/wp-content\/uploads\/2023\/04\/cropped-logo_actecir_60_alto.png","contentUrl":"https:\/\/www.actecir.cat\/wp-content\/uploads\/2023\/04\/cropped-logo_actecir_60_alto.png","width":283,"height":80,"caption":"Actecir"},"image":{"@id":"https:\/\/www.actecir.cat\/#\/schema\/logo\/image\/"},"sameAs":["https:\/\/x.com\/actecir","https:\/\/www.linkedin.com\/company\/actecir"]},{"@type":"Person","@id":"https:\/\/www.actecir.cat\/#\/schema\/person\/42edd02f0b1d55e19444428c5d321413","name":"Soporte web","sameAs":["https:\/\/www.actecir.cat"],"url":"https:\/\/www.actecir.cat\/es\/author\/maensystems\/"}]}},"_links":{"self":[{"href":"https:\/\/www.actecir.cat\/es\/wp-json\/wp\/v2\/posts\/3830","targetHints":{"allow":["GET"]}}],"collection":[{"href":"https:\/\/www.actecir.cat\/es\/wp-json\/wp\/v2\/posts"}],"about":[{"href":"https:\/\/www.actecir.cat\/es\/wp-json\/wp\/v2\/types\/post"}],"author":[{"embeddable":true,"href":"https:\/\/www.actecir.cat\/es\/wp-json\/wp\/v2\/users\/1"}],"replies":[{"embeddable":true,"href":"https:\/\/www.actecir.cat\/es\/wp-json\/wp\/v2\/comments?post=3830"}],"version-history":[{"count":2,"href":"https:\/\/www.actecir.cat\/es\/wp-json\/wp\/v2\/posts\/3830\/revisions"}],"predecessor-version":[{"id":10932,"href":"https:\/\/www.actecir.cat\/es\/wp-json\/wp\/v2\/posts\/3830\/revisions\/10932"}],"wp:featuredmedia":[{"embeddable":true,"href":"https:\/\/www.actecir.cat\/es\/wp-json\/wp\/v2\/media\/3831"}],"wp:attachment":[{"href":"https:\/\/www.actecir.cat\/es\/wp-json\/wp\/v2\/media?parent=3830"}],"wp:term":[{"taxonomy":"category","embeddable":true,"href":"https:\/\/www.actecir.cat\/es\/wp-json\/wp\/v2\/categories?post=3830"},{"taxonomy":"post_tag","embeddable":true,"href":"https:\/\/www.actecir.cat\/es\/wp-json\/wp\/v2\/tags?post=3830"}],"curies":[{"name":"wp","href":"https:\/\/api.w.org\/{rel}","templated":true}]}}